{"id":392790,"date":"2026-04-28T09:01:45","date_gmt":"2026-04-28T12:01:45","guid":{"rendered":"https:\/\/www.notibras.com\/site\/?p=392790"},"modified":"2026-04-28T09:01:45","modified_gmt":"2026-04-28T12:01:45","slug":"aumento-da-temperatura-traz-doencas-junto","status":"publish","type":"post","link":"https:\/\/www.notibras.com\/site\/aumento-da-temperatura-traz-doencas-junto\/","title":{"rendered":"Aumento da temperatura traz doen\u00e7as junto"},"content":{"rendered":"<p>O calor sempre fez parte da rotina no Nordeste, mas nos \u00faltimos anos ele tem ultrapassado limites hist\u00f3ricos e come\u00e7ado a impactar diretamente a sa\u00fade da popula\u00e7\u00e3o. Em diversas cidades, o aumento das temperaturas tem sido associado ao crescimento de casos de desidrata\u00e7\u00e3o, problemas respirat\u00f3rios e at\u00e9 complica\u00e7\u00f5es cardiovasculares.<\/p>\n<p>Unidades de sa\u00fade relatam uma maior procura por atendimento durante per\u00edodos de calor intenso, especialmente entre idosos e crian\u00e7as, que s\u00e3o mais vulner\u00e1veis. Sintomas como tontura, fadiga, press\u00e3o baixa e dificuldade para respirar t\u00eam se tornado mais comuns, principalmente em dias seguidos de temperaturas elevadas.<\/p>\n<p>Al\u00e9m disso, o calor excessivo afeta a qualidade do sono e o bem-estar geral, prejudicando a produtividade e aumentando o estresse. Em \u00e1reas urbanas, o problema se agrava por conta do chamado \u201cefeito ilha de calor\u201d, onde o concreto e o asfalto ret\u00eam ainda mais temperatura, tornando o ambiente ainda mais abafado.<\/p>\n<p>Especialistas apontam que esse cen\u00e1rio est\u00e1 diretamente ligado \u00e0s mudan\u00e7as clim\u00e1ticas, que intensificam ondas de calor e tornam esses epis\u00f3dios mais frequentes e duradouros. A falta de \u00e1reas verdes e o crescimento urbano desordenado tamb\u00e9m contribuem para o agravamento da situa\u00e7\u00e3o.<\/p>\n<p>Para reduzir os impactos, medidas simples como aumento da hidrata\u00e7\u00e3o, uso de roupas leves e evitar exposi\u00e7\u00e3o ao sol nos hor\u00e1rios mais quentes s\u00e3o recomendadas. No entanto, especialistas refor\u00e7am que solu\u00e7\u00f5es mais amplas, como planejamento urbano e pol\u00edticas p\u00fablicas, s\u00e3o essenciais para enfrentar o problema a longo prazo.<\/p>\n<p>O calor no Nordeste j\u00e1 n\u00e3o \u00e9 apenas uma caracter\u00edstica da regi\u00e3o \u2014 tornou-se um desafio de sa\u00fade p\u00fablica que exige aten\u00e7\u00e3o imediata.<\/p>\n","protected":false},"excerpt":{"rendered":"<p>O calor sempre fez parte da rotina no Nordeste, mas nos \u00faltimos anos ele tem ultrapassado limites hist\u00f3ricos e come\u00e7ado a impactar diretamente a sa\u00fade da popula\u00e7\u00e3o. Em diversas cidades, o aumento das temperaturas tem sido associado ao crescimento de casos de desidrata\u00e7\u00e3o, problemas respirat\u00f3rios e at\u00e9 complica\u00e7\u00f5es cardiovasculares. Unidades de sa\u00fade relatam uma maior [&hellip;]<\/p>\n","protected":false},"author":2,"featured_media":392791,"comment_status":"closed","ping_status":"closed","sticky":false,"template":"","format":"standard","meta":{"_acf_changed":false,"footnotes":""},"categories":[165],"tags":[],"class_list":["post-392790","post","type-post","status-publish","format-standard","has-post-thumbnail","hentry","category-nordeste"],"acf":[],"yoast_head":"<!-- This site is optimized with the Yoast SEO plugin v27.2 - https:\/\/yoast.com\/product\/yoast-seo-wordpress\/ -->\n<title>Aumento da temperatura traz doen\u00e7as junto - Notibras<\/title>\n<meta name=\"robots\" content=\"index, follow, max-snippet:-1, max-image-preview:large, max-video-preview:-1\" \/>\n<link rel=\"canonical\" href=\"https:\/\/www.notibras.com\/site\/aumento-da-temperatura-traz-doencas-junto\/\" \/>\n<meta property=\"og:locale\" content=\"pt_BR\" \/>\n<meta property=\"og:type\" content=\"article\" \/>\n<meta property=\"og:title\" content=\"Aumento da temperatura traz doen\u00e7as junto - Notibras\" \/>\n<meta property=\"og:description\" content=\"O calor sempre fez parte da rotina no Nordeste, mas nos \u00faltimos anos ele tem ultrapassado limites hist\u00f3ricos e come\u00e7ado a impactar diretamente a sa\u00fade da popula\u00e7\u00e3o. Em diversas cidades, o aumento das temperaturas tem sido associado ao crescimento de casos de desidrata\u00e7\u00e3o, problemas respirat\u00f3rios e at\u00e9 complica\u00e7\u00f5es cardiovasculares. Unidades de sa\u00fade relatam uma maior [&hellip;]\" \/>\n<meta property=\"og:url\" content=\"https:\/\/www.notibras.com\/site\/aumento-da-temperatura-traz-doencas-junto\/\" \/>\n<meta property=\"og:site_name\" content=\"Notibras\" \/>\n<meta property=\"article:publisher\" content=\"https:\/\/www.facebook.com\/notibras\/\" \/>\n<meta property=\"article:published_time\" content=\"2026-04-28T12:01:45+00:00\" \/>\n<meta property=\"og:image\" content=\"https:\/\/www.notibras.com\/site\/wp-content\/uploads\/2026\/04\/cce316e7-8465-4c0b-bc68-3a805965cebd.jpg\" \/>\n\t<meta property=\"og:image:width\" content=\"1536\" \/>\n\t<meta property=\"og:image:height\" content=\"1024\" \/>\n\t<meta property=\"og:image:type\" content=\"image\/jpeg\" \/>\n<meta name=\"author\" content=\"Reda\u00e7\u00e3o\" \/>\n<meta name=\"twitter:card\" content=\"summary_large_image\" \/>\n<meta name=\"twitter:creator\" content=\"@Notibras\" \/>\n<meta name=\"twitter:site\" content=\"@Notibras\" \/>\n<meta name=\"twitter:label1\" content=\"Escrito por\" \/>\n\t<meta name=\"twitter:data1\" content=\"Reda\u00e7\u00e3o\" \/>\n\t<meta name=\"twitter:label2\" content=\"Est. tempo de leitura\" \/>\n\t<meta name=\"twitter:data2\" content=\"2 minutos\" \/>\n<script type=\"application\/ld+json\" class=\"yoast-schema-graph\">{\"@context\":\"https:\/\/schema.org\",\"@graph\":[{\"@type\":\"Article\",\"@id\":\"https:\/\/www.notibras.com\/site\/aumento-da-temperatura-traz-doencas-junto\/#article\",\"isPartOf\":{\"@id\":\"https:\/\/www.notibras.com\/site\/aumento-da-temperatura-traz-doencas-junto\/\"},\"author\":{\"name\":\"Reda\u00e7\u00e3o\",\"@id\":\"https:\/\/www.notibras.com\/site\/#\/schema\/person\/36ab0979449956132d3e5b517ea76ac8\"},\"headline\":\"Aumento da temperatura traz doen\u00e7as junto\",\"datePublished\":\"2026-04-28T12:01:45+00:00\",\"mainEntityOfPage\":{\"@id\":\"https:\/\/www.notibras.com\/site\/aumento-da-temperatura-traz-doencas-junto\/\"},\"wordCount\":300,\"publisher\":{\"@id\":\"https:\/\/www.notibras.com\/site\/#organization\"},\"image\":{\"@id\":\"https:\/\/www.notibras.com\/site\/aumento-da-temperatura-traz-doencas-junto\/#primaryimage\"},\"thumbnailUrl\":\"https:\/\/www.notibras.com\/site\/wp-content\/uploads\/2026\/04\/cce316e7-8465-4c0b-bc68-3a805965cebd.jpg\",\"articleSection\":[\"Nordeste\"],\"inLanguage\":\"pt-BR\"},{\"@type\":\"WebPage\",\"@id\":\"https:\/\/www.notibras.com\/site\/aumento-da-temperatura-traz-doencas-junto\/\",\"url\":\"https:\/\/www.notibras.com\/site\/aumento-da-temperatura-traz-doencas-junto\/\",\"name\":\"Aumento da temperatura traz doen\u00e7as junto - Notibras\",\"isPartOf\":{\"@id\":\"https:\/\/www.notibras.com\/site\/#website\"},\"primaryImageOfPage\":{\"@id\":\"https:\/\/www.notibras.com\/site\/aumento-da-temperatura-traz-doencas-junto\/#primaryimage\"},\"image\":{\"@id\":\"https:\/\/www.notibras.com\/site\/aumento-da-temperatura-traz-doencas-junto\/#primaryimage\"},\"thumbnailUrl\":\"https:\/\/www.notibras.com\/site\/wp-content\/uploads\/2026\/04\/cce316e7-8465-4c0b-bc68-3a805965cebd.jpg\",\"datePublished\":\"2026-04-28T12:01:45+00:00\",\"breadcrumb\":{\"@id\":\"https:\/\/www.notibras.com\/site\/aumento-da-temperatura-traz-doencas-junto\/#breadcrumb\"},\"inLanguage\":\"pt-BR\",\"potentialAction\":[{\"@type\":\"ReadAction\",\"target\":[\"https:\/\/www.notibras.com\/site\/aumento-da-temperatura-traz-doencas-junto\/\"]}]},{\"@type\":\"ImageObject\",\"inLanguage\":\"pt-BR\",\"@id\":\"https:\/\/www.notibras.com\/site\/aumento-da-temperatura-traz-doencas-junto\/#primaryimage\",\"url\":\"https:\/\/www.notibras.com\/site\/wp-content\/uploads\/2026\/04\/cce316e7-8465-4c0b-bc68-3a805965cebd.jpg\",\"contentUrl\":\"https:\/\/www.notibras.com\/site\/wp-content\/uploads\/2026\/04\/cce316e7-8465-4c0b-bc68-3a805965cebd.jpg\",\"width\":1536,\"height\":1024},{\"@type\":\"BreadcrumbList\",\"@id\":\"https:\/\/www.notibras.com\/site\/aumento-da-temperatura-traz-doencas-junto\/#breadcrumb\",\"itemListElement\":[{\"@type\":\"ListItem\",\"position\":1,\"name\":\"In\u00edcio\",\"item\":\"https:\/\/www.notibras.com\/site\/\"},{\"@type\":\"ListItem\",\"position\":2,\"name\":\"Aumento da temperatura traz doen\u00e7as junto\"}]},{\"@type\":\"WebSite\",\"@id\":\"https:\/\/www.notibras.com\/site\/#website\",\"url\":\"https:\/\/www.notibras.com\/site\/\",\"name\":\"Notibras\",\"description\":\"Not\u00edcias de Bras\u00edlia, do Brasil e do Mundo\",\"publisher\":{\"@id\":\"https:\/\/www.notibras.com\/site\/#organization\"},\"potentialAction\":[{\"@type\":\"SearchAction\",\"target\":{\"@type\":\"EntryPoint\",\"urlTemplate\":\"https:\/\/www.notibras.com\/site\/?s={search_term_string}\"},\"query-input\":{\"@type\":\"PropertyValueSpecification\",\"valueRequired\":true,\"valueName\":\"search_term_string\"}}],\"inLanguage\":\"pt-BR\"},{\"@type\":\"Organization\",\"@id\":\"https:\/\/www.notibras.com\/site\/#organization\",\"name\":\"Grupo Notibras de Comunica\u00e7\u00e3o\",\"url\":\"https:\/\/www.notibras.com\/site\/\",\"logo\":{\"@type\":\"ImageObject\",\"inLanguage\":\"pt-BR\",\"@id\":\"https:\/\/www.notibras.com\/site\/#\/schema\/logo\/image\/\",\"url\":\"https:\/\/www.notibras.com\/site\/wp-content\/uploads\/2023\/01\/notibras23.png\",\"contentUrl\":\"https:\/\/www.notibras.com\/site\/wp-content\/uploads\/2023\/01\/notibras23.png\",\"width\":350,\"height\":87,\"caption\":\"Grupo Notibras de Comunica\u00e7\u00e3o\"},\"image\":{\"@id\":\"https:\/\/www.notibras.com\/site\/#\/schema\/logo\/image\/\"},\"sameAs\":[\"https:\/\/www.facebook.com\/notibras\/\",\"https:\/\/x.com\/Notibras\",\"https:\/\/www.instagram.com\/notibras\/\"]},{\"@type\":\"Person\",\"@id\":\"https:\/\/www.notibras.com\/site\/#\/schema\/person\/36ab0979449956132d3e5b517ea76ac8\",\"name\":\"Reda\u00e7\u00e3o\",\"image\":{\"@type\":\"ImageObject\",\"inLanguage\":\"pt-BR\",\"@id\":\"https:\/\/secure.gravatar.com\/avatar\/e0a867bdedb85fd243eadf09663511f96fc81e0720a4a42581f334ad4303aa6b?s=96&d=mm&r=g\",\"url\":\"https:\/\/secure.gravatar.com\/avatar\/e0a867bdedb85fd243eadf09663511f96fc81e0720a4a42581f334ad4303aa6b?s=96&d=mm&r=g\",\"contentUrl\":\"https:\/\/secure.gravatar.com\/avatar\/e0a867bdedb85fd243eadf09663511f96fc81e0720a4a42581f334ad4303aa6b?s=96&d=mm&r=g\",\"caption\":\"Reda\u00e7\u00e3o\"}}]}<\/script>\n<!-- \/ Yoast SEO plugin. -->","yoast_head_json":{"title":"Aumento da temperatura traz doen\u00e7as junto - Notibras","robots":{"index":"index","follow":"follow","max-snippet":"max-snippet:-1","max-image-preview":"max-image-preview:large","max-video-preview":"max-video-preview:-1"},"canonical":"https:\/\/www.notibras.com\/site\/aumento-da-temperatura-traz-doencas-junto\/","og_locale":"pt_BR","og_type":"article","og_title":"Aumento da temperatura traz doen\u00e7as junto - Notibras","og_description":"O calor sempre fez parte da rotina no Nordeste, mas nos \u00faltimos anos ele tem ultrapassado limites hist\u00f3ricos e come\u00e7ado a impactar diretamente a sa\u00fade da popula\u00e7\u00e3o. Em diversas cidades, o aumento das temperaturas tem sido associado ao crescimento de casos de desidrata\u00e7\u00e3o, problemas respirat\u00f3rios e at\u00e9 complica\u00e7\u00f5es cardiovasculares. Unidades de sa\u00fade relatam uma maior [&hellip;]","og_url":"https:\/\/www.notibras.com\/site\/aumento-da-temperatura-traz-doencas-junto\/","og_site_name":"Notibras","article_publisher":"https:\/\/www.facebook.com\/notibras\/","article_published_time":"2026-04-28T12:01:45+00:00","og_image":[{"width":1536,"height":1024,"url":"https:\/\/www.notibras.com\/site\/wp-content\/uploads\/2026\/04\/cce316e7-8465-4c0b-bc68-3a805965cebd.jpg","type":"image\/jpeg"}],"author":"Reda\u00e7\u00e3o","twitter_card":"summary_large_image","twitter_creator":"@Notibras","twitter_site":"@Notibras","twitter_misc":{"Escrito por":"Reda\u00e7\u00e3o","Est. tempo de leitura":"2 minutos"},"schema":{"@context":"https:\/\/schema.org","@graph":[{"@type":"Article","@id":"https:\/\/www.notibras.com\/site\/aumento-da-temperatura-traz-doencas-junto\/#article","isPartOf":{"@id":"https:\/\/www.notibras.com\/site\/aumento-da-temperatura-traz-doencas-junto\/"},"author":{"name":"Reda\u00e7\u00e3o","@id":"https:\/\/www.notibras.com\/site\/#\/schema\/person\/36ab0979449956132d3e5b517ea76ac8"},"headline":"Aumento da temperatura traz doen\u00e7as junto","datePublished":"2026-04-28T12:01:45+00:00","mainEntityOfPage":{"@id":"https:\/\/www.notibras.com\/site\/aumento-da-temperatura-traz-doencas-junto\/"},"wordCount":300,"publisher":{"@id":"https:\/\/www.notibras.com\/site\/#organization"},"image":{"@id":"https:\/\/www.notibras.com\/site\/aumento-da-temperatura-traz-doencas-junto\/#primaryimage"},"thumbnailUrl":"https:\/\/www.notibras.com\/site\/wp-content\/uploads\/2026\/04\/cce316e7-8465-4c0b-bc68-3a805965cebd.jpg","articleSection":["Nordeste"],"inLanguage":"pt-BR"},{"@type":"WebPage","@id":"https:\/\/www.notibras.com\/site\/aumento-da-temperatura-traz-doencas-junto\/","url":"https:\/\/www.notibras.com\/site\/aumento-da-temperatura-traz-doencas-junto\/","name":"Aumento da temperatura traz doen\u00e7as junto - Notibras","isPartOf":{"@id":"https:\/\/www.notibras.com\/site\/#website"},"primaryImageOfPage":{"@id":"https:\/\/www.notibras.com\/site\/aumento-da-temperatura-traz-doencas-junto\/#primaryimage"},"image":{"@id":"https:\/\/www.notibras.com\/site\/aumento-da-temperatura-traz-doencas-junto\/#primaryimage"},"thumbnailUrl":"https:\/\/www.notibras.com\/site\/wp-content\/uploads\/2026\/04\/cce316e7-8465-4c0b-bc68-3a805965cebd.jpg","datePublished":"2026-04-28T12:01:45+00:00","breadcrumb":{"@id":"https:\/\/www.notibras.com\/site\/aumento-da-temperatura-traz-doencas-junto\/#breadcrumb"},"inLanguage":"pt-BR","potentialAction":[{"@type":"ReadAction","target":["https:\/\/www.notibras.com\/site\/aumento-da-temperatura-traz-doencas-junto\/"]}]},{"@type":"ImageObject","inLanguage":"pt-BR","@id":"https:\/\/www.notibras.com\/site\/aumento-da-temperatura-traz-doencas-junto\/#primaryimage","url":"https:\/\/www.notibras.com\/site\/wp-content\/uploads\/2026\/04\/cce316e7-8465-4c0b-bc68-3a805965cebd.jpg","contentUrl":"https:\/\/www.notibras.com\/site\/wp-content\/uploads\/2026\/04\/cce316e7-8465-4c0b-bc68-3a805965cebd.jpg","width":1536,"height":1024},{"@type":"BreadcrumbList","@id":"https:\/\/www.notibras.com\/site\/aumento-da-temperatura-traz-doencas-junto\/#breadcrumb","itemListElement":[{"@type":"ListItem","position":1,"name":"In\u00edcio","item":"https:\/\/www.notibras.com\/site\/"},{"@type":"ListItem","position":2,"name":"Aumento da temperatura traz doen\u00e7as junto"}]},{"@type":"WebSite","@id":"https:\/\/www.notibras.com\/site\/#website","url":"https:\/\/www.notibras.com\/site\/","name":"Notibras","description":"Not\u00edcias de Bras\u00edlia, do Brasil e do Mundo","publisher":{"@id":"https:\/\/www.notibras.com\/site\/#organization"},"potentialAction":[{"@type":"SearchAction","target":{"@type":"EntryPoint","urlTemplate":"https:\/\/www.notibras.com\/site\/?s={search_term_string}"},"query-input":{"@type":"PropertyValueSpecification","valueRequired":true,"valueName":"search_term_string"}}],"inLanguage":"pt-BR"},{"@type":"Organization","@id":"https:\/\/www.notibras.com\/site\/#organization","name":"Grupo Notibras de Comunica\u00e7\u00e3o","url":"https:\/\/www.notibras.com\/site\/","logo":{"@type":"ImageObject","inLanguage":"pt-BR","@id":"https:\/\/www.notibras.com\/site\/#\/schema\/logo\/image\/","url":"https:\/\/www.notibras.com\/site\/wp-content\/uploads\/2023\/01\/notibras23.png","contentUrl":"https:\/\/www.notibras.com\/site\/wp-content\/uploads\/2023\/01\/notibras23.png","width":350,"height":87,"caption":"Grupo Notibras de Comunica\u00e7\u00e3o"},"image":{"@id":"https:\/\/www.notibras.com\/site\/#\/schema\/logo\/image\/"},"sameAs":["https:\/\/www.facebook.com\/notibras\/","https:\/\/x.com\/Notibras","https:\/\/www.instagram.com\/notibras\/"]},{"@type":"Person","@id":"https:\/\/www.notibras.com\/site\/#\/schema\/person\/36ab0979449956132d3e5b517ea76ac8","name":"Reda\u00e7\u00e3o","image":{"@type":"ImageObject","inLanguage":"pt-BR","@id":"https:\/\/secure.gravatar.com\/avatar\/e0a867bdedb85fd243eadf09663511f96fc81e0720a4a42581f334ad4303aa6b?s=96&d=mm&r=g","url":"https:\/\/secure.gravatar.com\/avatar\/e0a867bdedb85fd243eadf09663511f96fc81e0720a4a42581f334ad4303aa6b?s=96&d=mm&r=g","contentUrl":"https:\/\/secure.gravatar.com\/avatar\/e0a867bdedb85fd243eadf09663511f96fc81e0720a4a42581f334ad4303aa6b?s=96&d=mm&r=g","caption":"Reda\u00e7\u00e3o"}}]}},"amp_enabled":true,"_links":{"self":[{"href":"https:\/\/www.notibras.com\/site\/wp-json\/wp\/v2\/posts\/392790","targetHints":{"allow":["GET"]}}],"collection":[{"href":"https:\/\/www.notibras.com\/site\/wp-json\/wp\/v2\/posts"}],"about":[{"href":"https:\/\/www.notibras.com\/site\/wp-json\/wp\/v2\/types\/post"}],"author":[{"embeddable":true,"href":"https:\/\/www.notibras.com\/site\/wp-json\/wp\/v2\/users\/2"}],"replies":[{"embeddable":true,"href":"https:\/\/www.notibras.com\/site\/wp-json\/wp\/v2\/comments?post=392790"}],"version-history":[{"count":1,"href":"https:\/\/www.notibras.com\/site\/wp-json\/wp\/v2\/posts\/392790\/revisions"}],"predecessor-version":[{"id":392792,"href":"https:\/\/www.notibras.com\/site\/wp-json\/wp\/v2\/posts\/392790\/revisions\/392792"}],"wp:featuredmedia":[{"embeddable":true,"href":"https:\/\/www.notibras.com\/site\/wp-json\/wp\/v2\/media\/392791"}],"wp:attachment":[{"href":"https:\/\/www.notibras.com\/site\/wp-json\/wp\/v2\/media?parent=392790"}],"wp:term":[{"taxonomy":"category","embeddable":true,"href":"https:\/\/www.notibras.com\/site\/wp-json\/wp\/v2\/categories?post=392790"},{"taxonomy":"post_tag","embeddable":true,"href":"https:\/\/www.notibras.com\/site\/wp-json\/wp\/v2\/tags?post=392790"}],"curies":[{"name":"wp","href":"https:\/\/api.w.org\/{rel}","templated":true}]}}