{"id":392793,"date":"2026-04-28T00:03:43","date_gmt":"2026-04-28T03:03:43","guid":{"rendered":"https:\/\/www.notibras.com\/site\/?p=392793"},"modified":"2026-04-28T09:05:45","modified_gmt":"2026-04-28T12:05:45","slug":"corrida-ao-litio-no-nordeste-traz-riquezas-ou-riscos","status":"publish","type":"post","link":"https:\/\/www.notibras.com\/site\/corrida-ao-litio-no-nordeste-traz-riquezas-ou-riscos\/","title":{"rendered":"Corrida ao l\u00edtio no Nordeste traz riquezas ou riscos?"},"content":{"rendered":"<p>Uma nova disputa silenciosa come\u00e7a a ganhar for\u00e7a no Nordeste brasileiro: a busca pelo l\u00edtio, mineral essencial para a produ\u00e7\u00e3o de baterias de celulares, carros el\u00e9tricos e tecnologias modernas. Com o crescimento da demanda mundial por energia limpa, regi\u00f5es antes pouco exploradas passam a atrair a aten\u00e7\u00e3o de empresas e investidores.<\/p>\n<p>Estados como Bahia e Cear\u00e1 j\u00e1 registram movimenta\u00e7\u00f5es relacionadas \u00e0 pesquisa e explora\u00e7\u00e3o do mineral. O l\u00edtio, considerado estrat\u00e9gico para o futuro energ\u00e9tico global, coloca o Nordeste no mapa de uma nova economia \u2014 mais tecnol\u00f3gica, mas tamb\u00e9m cercada de incertezas.<\/p>\n<p>Para as comunidades locais, a promessa \u00e9 de desenvolvimento, gera\u00e7\u00e3o de empregos e crescimento econ\u00f4mico. No entanto, especialistas alertam para os poss\u00edveis impactos ambientais. A extra\u00e7\u00e3o do l\u00edtio pode afetar o solo, consumir grandes volumes de \u00e1gua e alterar o equil\u00edbrio de \u00e1reas j\u00e1 vulner\u00e1veis, especialmente no semi\u00e1rido.<\/p>\n<p>Al\u00e9m disso, h\u00e1 o risco de repeti\u00e7\u00e3o de um velho problema: a explora\u00e7\u00e3o de recursos naturais sem retorno proporcional para a popula\u00e7\u00e3o local. Sem fiscaliza\u00e7\u00e3o adequada e pol\u00edticas p\u00fablicas eficientes, a riqueza gerada pode n\u00e3o se traduzir em melhoria real na qualidade de vida das comunidades.<\/p>\n<p>Por outro lado, quando bem planejada, a atividade pode representar uma oportunidade hist\u00f3rica. Investimentos em tecnologia, infraestrutura e capacita\u00e7\u00e3o podem transformar a realidade de regi\u00f5es inteiras, inserindo o Nordeste em um mercado global em expans\u00e3o.<\/p>\n<p>Entre promessas e preocupa\u00e7\u00f5es, a corrida pelo l\u00edtio revela um dilema atual: como aproveitar uma riqueza estrat\u00e9gica sem comprometer o meio ambiente e o futuro das pr\u00f3ximas gera\u00e7\u00f5es.<\/p>\n","protected":false},"excerpt":{"rendered":"<p>Uma nova disputa silenciosa come\u00e7a a ganhar for\u00e7a no Nordeste brasileiro: a busca pelo l\u00edtio, mineral essencial para a produ\u00e7\u00e3o de baterias de celulares, carros el\u00e9tricos e tecnologias modernas. Com o crescimento da demanda mundial por energia limpa, regi\u00f5es antes pouco exploradas passam a atrair a aten\u00e7\u00e3o de empresas e investidores. Estados como Bahia e [&hellip;]<\/p>\n","protected":false},"author":2,"featured_media":392794,"comment_status":"closed","ping_status":"closed","sticky":false,"template":"","format":"standard","meta":{"_acf_changed":false,"footnotes":""},"categories":[165],"tags":[],"class_list":["post-392793","post","type-post","status-publish","format-standard","has-post-thumbnail","hentry","category-nordeste"],"acf":[],"yoast_head":"<!-- This site is optimized with the Yoast SEO plugin v27.2 - https:\/\/yoast.com\/product\/yoast-seo-wordpress\/ -->\n<title>Corrida ao l\u00edtio no Nordeste traz riquezas ou riscos? - Notibras<\/title>\n<meta name=\"robots\" content=\"index, follow, max-snippet:-1, max-image-preview:large, max-video-preview:-1\" \/>\n<link rel=\"canonical\" href=\"https:\/\/www.notibras.com\/site\/corrida-ao-litio-no-nordeste-traz-riquezas-ou-riscos\/\" \/>\n<meta property=\"og:locale\" content=\"pt_BR\" \/>\n<meta property=\"og:type\" content=\"article\" \/>\n<meta property=\"og:title\" content=\"Corrida ao l\u00edtio no Nordeste traz riquezas ou riscos? - Notibras\" \/>\n<meta property=\"og:description\" content=\"Uma nova disputa silenciosa come\u00e7a a ganhar for\u00e7a no Nordeste brasileiro: a busca pelo l\u00edtio, mineral essencial para a produ\u00e7\u00e3o de baterias de celulares, carros el\u00e9tricos e tecnologias modernas. Com o crescimento da demanda mundial por energia limpa, regi\u00f5es antes pouco exploradas passam a atrair a aten\u00e7\u00e3o de empresas e investidores. Estados como Bahia e [&hellip;]\" \/>\n<meta property=\"og:url\" content=\"https:\/\/www.notibras.com\/site\/corrida-ao-litio-no-nordeste-traz-riquezas-ou-riscos\/\" \/>\n<meta property=\"og:site_name\" content=\"Notibras\" \/>\n<meta property=\"article:publisher\" content=\"https:\/\/www.facebook.com\/notibras\/\" \/>\n<meta property=\"article:published_time\" content=\"2026-04-28T03:03:43+00:00\" \/>\n<meta property=\"article:modified_time\" content=\"2026-04-28T12:05:45+00:00\" \/>\n<meta property=\"og:image\" content=\"https:\/\/www.notibras.com\/site\/wp-content\/uploads\/2026\/04\/c2980de9-f919-43d3-a2a9-00762a1bbbd2.jpg\" \/>\n\t<meta property=\"og:image:width\" content=\"1536\" \/>\n\t<meta property=\"og:image:height\" content=\"1024\" \/>\n\t<meta property=\"og:image:type\" content=\"image\/jpeg\" \/>\n<meta name=\"author\" content=\"Reda\u00e7\u00e3o\" \/>\n<meta name=\"twitter:card\" content=\"summary_large_image\" \/>\n<meta name=\"twitter:creator\" content=\"@Notibras\" \/>\n<meta name=\"twitter:site\" content=\"@Notibras\" \/>\n<meta name=\"twitter:label1\" content=\"Escrito por\" \/>\n\t<meta name=\"twitter:data1\" content=\"Reda\u00e7\u00e3o\" \/>\n\t<meta name=\"twitter:label2\" content=\"Est. tempo de leitura\" \/>\n\t<meta name=\"twitter:data2\" content=\"2 minutos\" \/>\n<script type=\"application\/ld+json\" class=\"yoast-schema-graph\">{\"@context\":\"https:\/\/schema.org\",\"@graph\":[{\"@type\":\"Article\",\"@id\":\"https:\/\/www.notibras.com\/site\/corrida-ao-litio-no-nordeste-traz-riquezas-ou-riscos\/#article\",\"isPartOf\":{\"@id\":\"https:\/\/www.notibras.com\/site\/corrida-ao-litio-no-nordeste-traz-riquezas-ou-riscos\/\"},\"author\":{\"name\":\"Reda\u00e7\u00e3o\",\"@id\":\"https:\/\/www.notibras.com\/site\/#\/schema\/person\/36ab0979449956132d3e5b517ea76ac8\"},\"headline\":\"Corrida ao l\u00edtio no Nordeste traz riquezas ou riscos?\",\"datePublished\":\"2026-04-28T03:03:43+00:00\",\"dateModified\":\"2026-04-28T12:05:45+00:00\",\"mainEntityOfPage\":{\"@id\":\"https:\/\/www.notibras.com\/site\/corrida-ao-litio-no-nordeste-traz-riquezas-ou-riscos\/\"},\"wordCount\":295,\"publisher\":{\"@id\":\"https:\/\/www.notibras.com\/site\/#organization\"},\"image\":{\"@id\":\"https:\/\/www.notibras.com\/site\/corrida-ao-litio-no-nordeste-traz-riquezas-ou-riscos\/#primaryimage\"},\"thumbnailUrl\":\"https:\/\/www.notibras.com\/site\/wp-content\/uploads\/2026\/04\/c2980de9-f919-43d3-a2a9-00762a1bbbd2.jpg\",\"articleSection\":[\"Nordeste\"],\"inLanguage\":\"pt-BR\"},{\"@type\":\"WebPage\",\"@id\":\"https:\/\/www.notibras.com\/site\/corrida-ao-litio-no-nordeste-traz-riquezas-ou-riscos\/\",\"url\":\"https:\/\/www.notibras.com\/site\/corrida-ao-litio-no-nordeste-traz-riquezas-ou-riscos\/\",\"name\":\"Corrida ao l\u00edtio no Nordeste traz riquezas ou riscos? - Notibras\",\"isPartOf\":{\"@id\":\"https:\/\/www.notibras.com\/site\/#website\"},\"primaryImageOfPage\":{\"@id\":\"https:\/\/www.notibras.com\/site\/corrida-ao-litio-no-nordeste-traz-riquezas-ou-riscos\/#primaryimage\"},\"image\":{\"@id\":\"https:\/\/www.notibras.com\/site\/corrida-ao-litio-no-nordeste-traz-riquezas-ou-riscos\/#primaryimage\"},\"thumbnailUrl\":\"https:\/\/www.notibras.com\/site\/wp-content\/uploads\/2026\/04\/c2980de9-f919-43d3-a2a9-00762a1bbbd2.jpg\",\"datePublished\":\"2026-04-28T03:03:43+00:00\",\"dateModified\":\"2026-04-28T12:05:45+00:00\",\"breadcrumb\":{\"@id\":\"https:\/\/www.notibras.com\/site\/corrida-ao-litio-no-nordeste-traz-riquezas-ou-riscos\/#breadcrumb\"},\"inLanguage\":\"pt-BR\",\"potentialAction\":[{\"@type\":\"ReadAction\",\"target\":[\"https:\/\/www.notibras.com\/site\/corrida-ao-litio-no-nordeste-traz-riquezas-ou-riscos\/\"]}]},{\"@type\":\"ImageObject\",\"inLanguage\":\"pt-BR\",\"@id\":\"https:\/\/www.notibras.com\/site\/corrida-ao-litio-no-nordeste-traz-riquezas-ou-riscos\/#primaryimage\",\"url\":\"https:\/\/www.notibras.com\/site\/wp-content\/uploads\/2026\/04\/c2980de9-f919-43d3-a2a9-00762a1bbbd2.jpg\",\"contentUrl\":\"https:\/\/www.notibras.com\/site\/wp-content\/uploads\/2026\/04\/c2980de9-f919-43d3-a2a9-00762a1bbbd2.jpg\",\"width\":1536,\"height\":1024},{\"@type\":\"BreadcrumbList\",\"@id\":\"https:\/\/www.notibras.com\/site\/corrida-ao-litio-no-nordeste-traz-riquezas-ou-riscos\/#breadcrumb\",\"itemListElement\":[{\"@type\":\"ListItem\",\"position\":1,\"name\":\"In\u00edcio\",\"item\":\"https:\/\/www.notibras.com\/site\/\"},{\"@type\":\"ListItem\",\"position\":2,\"name\":\"Corrida ao l\u00edtio no Nordeste traz riquezas ou riscos?\"}]},{\"@type\":\"WebSite\",\"@id\":\"https:\/\/www.notibras.com\/site\/#website\",\"url\":\"https:\/\/www.notibras.com\/site\/\",\"name\":\"Notibras\",\"description\":\"Not\u00edcias de Bras\u00edlia, do Brasil e do Mundo\",\"publisher\":{\"@id\":\"https:\/\/www.notibras.com\/site\/#organization\"},\"potentialAction\":[{\"@type\":\"SearchAction\",\"target\":{\"@type\":\"EntryPoint\",\"urlTemplate\":\"https:\/\/www.notibras.com\/site\/?s={search_term_string}\"},\"query-input\":{\"@type\":\"PropertyValueSpecification\",\"valueRequired\":true,\"valueName\":\"search_term_string\"}}],\"inLanguage\":\"pt-BR\"},{\"@type\":\"Organization\",\"@id\":\"https:\/\/www.notibras.com\/site\/#organization\",\"name\":\"Grupo Notibras de Comunica\u00e7\u00e3o\",\"url\":\"https:\/\/www.notibras.com\/site\/\",\"logo\":{\"@type\":\"ImageObject\",\"inLanguage\":\"pt-BR\",\"@id\":\"https:\/\/www.notibras.com\/site\/#\/schema\/logo\/image\/\",\"url\":\"https:\/\/www.notibras.com\/site\/wp-content\/uploads\/2023\/01\/notibras23.png\",\"contentUrl\":\"https:\/\/www.notibras.com\/site\/wp-content\/uploads\/2023\/01\/notibras23.png\",\"width\":350,\"height\":87,\"caption\":\"Grupo Notibras de Comunica\u00e7\u00e3o\"},\"image\":{\"@id\":\"https:\/\/www.notibras.com\/site\/#\/schema\/logo\/image\/\"},\"sameAs\":[\"https:\/\/www.facebook.com\/notibras\/\",\"https:\/\/x.com\/Notibras\",\"https:\/\/www.instagram.com\/notibras\/\"]},{\"@type\":\"Person\",\"@id\":\"https:\/\/www.notibras.com\/site\/#\/schema\/person\/36ab0979449956132d3e5b517ea76ac8\",\"name\":\"Reda\u00e7\u00e3o\",\"image\":{\"@type\":\"ImageObject\",\"inLanguage\":\"pt-BR\",\"@id\":\"https:\/\/secure.gravatar.com\/avatar\/e0a867bdedb85fd243eadf09663511f96fc81e0720a4a42581f334ad4303aa6b?s=96&d=mm&r=g\",\"url\":\"https:\/\/secure.gravatar.com\/avatar\/e0a867bdedb85fd243eadf09663511f96fc81e0720a4a42581f334ad4303aa6b?s=96&d=mm&r=g\",\"contentUrl\":\"https:\/\/secure.gravatar.com\/avatar\/e0a867bdedb85fd243eadf09663511f96fc81e0720a4a42581f334ad4303aa6b?s=96&d=mm&r=g\",\"caption\":\"Reda\u00e7\u00e3o\"}}]}<\/script>\n<!-- \/ Yoast SEO plugin. -->","yoast_head_json":{"title":"Corrida ao l\u00edtio no Nordeste traz riquezas ou riscos? - Notibras","robots":{"index":"index","follow":"follow","max-snippet":"max-snippet:-1","max-image-preview":"max-image-preview:large","max-video-preview":"max-video-preview:-1"},"canonical":"https:\/\/www.notibras.com\/site\/corrida-ao-litio-no-nordeste-traz-riquezas-ou-riscos\/","og_locale":"pt_BR","og_type":"article","og_title":"Corrida ao l\u00edtio no Nordeste traz riquezas ou riscos? - Notibras","og_description":"Uma nova disputa silenciosa come\u00e7a a ganhar for\u00e7a no Nordeste brasileiro: a busca pelo l\u00edtio, mineral essencial para a produ\u00e7\u00e3o de baterias de celulares, carros el\u00e9tricos e tecnologias modernas. Com o crescimento da demanda mundial por energia limpa, regi\u00f5es antes pouco exploradas passam a atrair a aten\u00e7\u00e3o de empresas e investidores. Estados como Bahia e [&hellip;]","og_url":"https:\/\/www.notibras.com\/site\/corrida-ao-litio-no-nordeste-traz-riquezas-ou-riscos\/","og_site_name":"Notibras","article_publisher":"https:\/\/www.facebook.com\/notibras\/","article_published_time":"2026-04-28T03:03:43+00:00","article_modified_time":"2026-04-28T12:05:45+00:00","og_image":[{"width":1536,"height":1024,"url":"https:\/\/www.notibras.com\/site\/wp-content\/uploads\/2026\/04\/c2980de9-f919-43d3-a2a9-00762a1bbbd2.jpg","type":"image\/jpeg"}],"author":"Reda\u00e7\u00e3o","twitter_card":"summary_large_image","twitter_creator":"@Notibras","twitter_site":"@Notibras","twitter_misc":{"Escrito por":"Reda\u00e7\u00e3o","Est. tempo de leitura":"2 minutos"},"schema":{"@context":"https:\/\/schema.org","@graph":[{"@type":"Article","@id":"https:\/\/www.notibras.com\/site\/corrida-ao-litio-no-nordeste-traz-riquezas-ou-riscos\/#article","isPartOf":{"@id":"https:\/\/www.notibras.com\/site\/corrida-ao-litio-no-nordeste-traz-riquezas-ou-riscos\/"},"author":{"name":"Reda\u00e7\u00e3o","@id":"https:\/\/www.notibras.com\/site\/#\/schema\/person\/36ab0979449956132d3e5b517ea76ac8"},"headline":"Corrida ao l\u00edtio no Nordeste traz riquezas ou riscos?","datePublished":"2026-04-28T03:03:43+00:00","dateModified":"2026-04-28T12:05:45+00:00","mainEntityOfPage":{"@id":"https:\/\/www.notibras.com\/site\/corrida-ao-litio-no-nordeste-traz-riquezas-ou-riscos\/"},"wordCount":295,"publisher":{"@id":"https:\/\/www.notibras.com\/site\/#organization"},"image":{"@id":"https:\/\/www.notibras.com\/site\/corrida-ao-litio-no-nordeste-traz-riquezas-ou-riscos\/#primaryimage"},"thumbnailUrl":"https:\/\/www.notibras.com\/site\/wp-content\/uploads\/2026\/04\/c2980de9-f919-43d3-a2a9-00762a1bbbd2.jpg","articleSection":["Nordeste"],"inLanguage":"pt-BR"},{"@type":"WebPage","@id":"https:\/\/www.notibras.com\/site\/corrida-ao-litio-no-nordeste-traz-riquezas-ou-riscos\/","url":"https:\/\/www.notibras.com\/site\/corrida-ao-litio-no-nordeste-traz-riquezas-ou-riscos\/","name":"Corrida ao l\u00edtio no Nordeste traz riquezas ou riscos? - Notibras","isPartOf":{"@id":"https:\/\/www.notibras.com\/site\/#website"},"primaryImageOfPage":{"@id":"https:\/\/www.notibras.com\/site\/corrida-ao-litio-no-nordeste-traz-riquezas-ou-riscos\/#primaryimage"},"image":{"@id":"https:\/\/www.notibras.com\/site\/corrida-ao-litio-no-nordeste-traz-riquezas-ou-riscos\/#primaryimage"},"thumbnailUrl":"https:\/\/www.notibras.com\/site\/wp-content\/uploads\/2026\/04\/c2980de9-f919-43d3-a2a9-00762a1bbbd2.jpg","datePublished":"2026-04-28T03:03:43+00:00","dateModified":"2026-04-28T12:05:45+00:00","breadcrumb":{"@id":"https:\/\/www.notibras.com\/site\/corrida-ao-litio-no-nordeste-traz-riquezas-ou-riscos\/#breadcrumb"},"inLanguage":"pt-BR","potentialAction":[{"@type":"ReadAction","target":["https:\/\/www.notibras.com\/site\/corrida-ao-litio-no-nordeste-traz-riquezas-ou-riscos\/"]}]},{"@type":"ImageObject","inLanguage":"pt-BR","@id":"https:\/\/www.notibras.com\/site\/corrida-ao-litio-no-nordeste-traz-riquezas-ou-riscos\/#primaryimage","url":"https:\/\/www.notibras.com\/site\/wp-content\/uploads\/2026\/04\/c2980de9-f919-43d3-a2a9-00762a1bbbd2.jpg","contentUrl":"https:\/\/www.notibras.com\/site\/wp-content\/uploads\/2026\/04\/c2980de9-f919-43d3-a2a9-00762a1bbbd2.jpg","width":1536,"height":1024},{"@type":"BreadcrumbList","@id":"https:\/\/www.notibras.com\/site\/corrida-ao-litio-no-nordeste-traz-riquezas-ou-riscos\/#breadcrumb","itemListElement":[{"@type":"ListItem","position":1,"name":"In\u00edcio","item":"https:\/\/www.notibras.com\/site\/"},{"@type":"ListItem","position":2,"name":"Corrida ao l\u00edtio no Nordeste traz riquezas ou riscos?"}]},{"@type":"WebSite","@id":"https:\/\/www.notibras.com\/site\/#website","url":"https:\/\/www.notibras.com\/site\/","name":"Notibras","description":"Not\u00edcias de Bras\u00edlia, do Brasil e do Mundo","publisher":{"@id":"https:\/\/www.notibras.com\/site\/#organization"},"potentialAction":[{"@type":"SearchAction","target":{"@type":"EntryPoint","urlTemplate":"https:\/\/www.notibras.com\/site\/?s={search_term_string}"},"query-input":{"@type":"PropertyValueSpecification","valueRequired":true,"valueName":"search_term_string"}}],"inLanguage":"pt-BR"},{"@type":"Organization","@id":"https:\/\/www.notibras.com\/site\/#organization","name":"Grupo Notibras de Comunica\u00e7\u00e3o","url":"https:\/\/www.notibras.com\/site\/","logo":{"@type":"ImageObject","inLanguage":"pt-BR","@id":"https:\/\/www.notibras.com\/site\/#\/schema\/logo\/image\/","url":"https:\/\/www.notibras.com\/site\/wp-content\/uploads\/2023\/01\/notibras23.png","contentUrl":"https:\/\/www.notibras.com\/site\/wp-content\/uploads\/2023\/01\/notibras23.png","width":350,"height":87,"caption":"Grupo Notibras de Comunica\u00e7\u00e3o"},"image":{"@id":"https:\/\/www.notibras.com\/site\/#\/schema\/logo\/image\/"},"sameAs":["https:\/\/www.facebook.com\/notibras\/","https:\/\/x.com\/Notibras","https:\/\/www.instagram.com\/notibras\/"]},{"@type":"Person","@id":"https:\/\/www.notibras.com\/site\/#\/schema\/person\/36ab0979449956132d3e5b517ea76ac8","name":"Reda\u00e7\u00e3o","image":{"@type":"ImageObject","inLanguage":"pt-BR","@id":"https:\/\/secure.gravatar.com\/avatar\/e0a867bdedb85fd243eadf09663511f96fc81e0720a4a42581f334ad4303aa6b?s=96&d=mm&r=g","url":"https:\/\/secure.gravatar.com\/avatar\/e0a867bdedb85fd243eadf09663511f96fc81e0720a4a42581f334ad4303aa6b?s=96&d=mm&r=g","contentUrl":"https:\/\/secure.gravatar.com\/avatar\/e0a867bdedb85fd243eadf09663511f96fc81e0720a4a42581f334ad4303aa6b?s=96&d=mm&r=g","caption":"Reda\u00e7\u00e3o"}}]}},"amp_enabled":true,"_links":{"self":[{"href":"https:\/\/www.notibras.com\/site\/wp-json\/wp\/v2\/posts\/392793","targetHints":{"allow":["GET"]}}],"collection":[{"href":"https:\/\/www.notibras.com\/site\/wp-json\/wp\/v2\/posts"}],"about":[{"href":"https:\/\/www.notibras.com\/site\/wp-json\/wp\/v2\/types\/post"}],"author":[{"embeddable":true,"href":"https:\/\/www.notibras.com\/site\/wp-json\/wp\/v2\/users\/2"}],"replies":[{"embeddable":true,"href":"https:\/\/www.notibras.com\/site\/wp-json\/wp\/v2\/comments?post=392793"}],"version-history":[{"count":1,"href":"https:\/\/www.notibras.com\/site\/wp-json\/wp\/v2\/posts\/392793\/revisions"}],"predecessor-version":[{"id":392795,"href":"https:\/\/www.notibras.com\/site\/wp-json\/wp\/v2\/posts\/392793\/revisions\/392795"}],"wp:featuredmedia":[{"embeddable":true,"href":"https:\/\/www.notibras.com\/site\/wp-json\/wp\/v2\/media\/392794"}],"wp:attachment":[{"href":"https:\/\/www.notibras.com\/site\/wp-json\/wp\/v2\/media?parent=392793"}],"wp:term":[{"taxonomy":"category","embeddable":true,"href":"https:\/\/www.notibras.com\/site\/wp-json\/wp\/v2\/categories?post=392793"},{"taxonomy":"post_tag","embeddable":true,"href":"https:\/\/www.notibras.com\/site\/wp-json\/wp\/v2\/tags?post=392793"}],"curies":[{"name":"wp","href":"https:\/\/api.w.org\/{rel}","templated":true}]}}