{"id":392800,"date":"2026-04-29T00:15:24","date_gmt":"2026-04-29T03:15:24","guid":{"rendered":"https:\/\/www.notibras.com\/site\/?p=392800"},"modified":"2026-04-28T09:37:16","modified_gmt":"2026-04-28T12:37:16","slug":"o-jardineiro-do-palacio","status":"publish","type":"post","link":"https:\/\/www.notibras.com\/site\/o-jardineiro-do-palacio\/","title":{"rendered":"O jardineiro do pal\u00e1cio"},"content":{"rendered":"<p>Todo dia, antes do sol acordar os guardas e os assessores, ele j\u00e1 est\u00e1 l\u00e1. Chap\u00e9u de palha desbotado, tesoura de poda na cinta, luvas gastas que conhecem melhor as plantas do que as m\u00e3os de presidentes. Chama-se Seu Manoel, ou Seu Z\u00e9, ou simplesmente &#8220;o jardineiro&#8221; \u2014 nome que dura mais que os mandatos.<\/p>\n<p>O Pal\u00e1cio \u2014 seja Planalto ou Alvorada, pouco importa \u2014 \u00e9 de concreto curvo, vidro e discurso. Mas o jardim \u00e9 dele. Ele chegou quando a cidade ainda cheirava a terra fresca e Niemeyer ainda desenhava no papel.<\/p>\n<p>Plantou as primeiras ip\u00eas que hoje tingem o c\u00e9u de amarelo, as quaresmeiras que explodem roxo na \u00e9poca certa, os canteiros de flores que formam mosaicos vivos sob as janelas onde se decidem destinos nacionais.<\/p>\n<p>Enquanto l\u00e1 dentro se discute crise, or\u00e7amento, alian\u00e7as, ele conversa com as ra\u00edzes. &#8220;Cresce devagar, menina&#8221;, diz \u00e0 muda de pau-brasil que teima em demorar pra firmar. &#8220;O tempo \u00e9 teu aliado.&#8221; Ele sabe: uma \u00e1rvore n\u00e3o se apressa com decreto nem com pronunciamento. Ela espera a chuva, o sol, o sil\u00eancio.<\/p>\n<p>De manh\u00e3 cedo, quando o orvalho ainda segura as p\u00e9talas, ele passa pela piscina espelhada da Alvorada, onde as emas passeiam como se fossem donas do lugar. Corrige uma poda torta, arranca erva daninha que ousou nascer entre as pedras japonesas \u2014 heran\u00e7a daquele jardineiro nip\u00f4nico que veio ajudar no come\u00e7o. Ele ri sozinho: &#8220;Estrangeiro plantou, brasileiro cuida.&#8221; E cuida mesmo, com a mesma delicadeza que usaria num quintal de sub\u00farbio.<\/p>\n<p>\u00c0s vezes, um presidente passa. Acena de longe, ou para pra foto com a flor aberta na m\u00e3o. &#8220;Bonito o jardim, hein?&#8221;, diz o figur\u00e3o. Seu Manoel responde com um sorriso educado: &#8220;\u00c9 a terra que faz, excel\u00eancia. Eu s\u00f3 ajudo.&#8221; Ele n\u00e3o conta que passou a noite vigiando uma geada fina que amea\u00e7ava as orqu\u00eddeas, nem que conversou com as plantas sobre a seca que vem vindo.<\/p>\n<p>Presidente tem agenda; planta tem ciclo.<\/p>\n<p>No fim do dia, quando o sol cai atr\u00e1s da serra e o Pal\u00e1cio acende suas luzes como um navio ancorado no planalto, ele senta num banco escondido. Olha o horizonte de concreto e verde misturados. Pensa nos presidentes que vieram e foram \u2014 uns deixaram saudade, outros s\u00f3 marcas na grama pisada. Ele fica. As flores florescem e murcham no seu tempo.<\/p>\n<p>Ele poda, replanta, rega. A vida continua verde.<\/p>\n<p>Porque o poder muda de m\u00e3os a cada quatro anos, mas o jardim obedece a leis mais antigas: a da raiz que busca \u00e1gua no fundo, da semente que rompe a casca no escuro, da paci\u00eancia que vence qualquer discurso. E enquanto o Brasil discute o futuro em salas refrigeradas, l\u00e1 fora, num canteiro discreto, uma nova brota\u00e7\u00e3o desponta \u2014 teimosa, silenciosa, inevit\u00e1vel.<\/p>\n<p>Seu Manoel guarda a tesoura, tira o chap\u00e9u, acena pro c\u00e9u que escurece.<\/p>\n<p>&#8220;Boa noite, meninas. Amanh\u00e3 a gente continua.&#8221;<\/p>\n<p>E o jardim, fiel, espera o novo dia \u2014 como sempre esperou.<\/p>\n","protected":false},"excerpt":{"rendered":"<p>Todo dia, antes do sol acordar os guardas e os assessores, ele j\u00e1 est\u00e1 l\u00e1. Chap\u00e9u de palha desbotado, tesoura de poda na cinta, luvas gastas que conhecem melhor as plantas do que as m\u00e3os de presidentes. Chama-se Seu Manoel, ou Seu Z\u00e9, ou simplesmente &#8220;o jardineiro&#8221; \u2014 nome que dura mais que os mandatos. [&hellip;]<\/p>\n","protected":false},"author":21,"featured_media":392802,"comment_status":"closed","ping_status":"closed","sticky":false,"template":"","format":"standard","meta":{"_acf_changed":false,"footnotes":""},"categories":[234],"tags":[],"class_list":["post-392800","post","type-post","status-publish","format-standard","has-post-thumbnail","hentry","category-cafe-literario"],"acf":[],"yoast_head":"<!-- This site is optimized with the Yoast SEO plugin v27.2 - https:\/\/yoast.com\/product\/yoast-seo-wordpress\/ -->\n<title>O jardineiro do pal\u00e1cio - Notibras<\/title>\n<meta name=\"robots\" content=\"index, follow, max-snippet:-1, max-image-preview:large, max-video-preview:-1\" \/>\n<link rel=\"canonical\" href=\"https:\/\/www.notibras.com\/site\/o-jardineiro-do-palacio\/\" \/>\n<meta property=\"og:locale\" content=\"pt_BR\" \/>\n<meta property=\"og:type\" content=\"article\" \/>\n<meta property=\"og:title\" content=\"O jardineiro do pal\u00e1cio - Notibras\" \/>\n<meta property=\"og:description\" content=\"Todo dia, antes do sol acordar os guardas e os assessores, ele j\u00e1 est\u00e1 l\u00e1. Chap\u00e9u de palha desbotado, tesoura de poda na cinta, luvas gastas que conhecem melhor as plantas do que as m\u00e3os de presidentes. Chama-se Seu Manoel, ou Seu Z\u00e9, ou simplesmente &#8220;o jardineiro&#8221; \u2014 nome que dura mais que os mandatos. [&hellip;]\" \/>\n<meta property=\"og:url\" content=\"https:\/\/www.notibras.com\/site\/o-jardineiro-do-palacio\/\" \/>\n<meta property=\"og:site_name\" content=\"Notibras\" \/>\n<meta property=\"article:publisher\" content=\"https:\/\/www.facebook.com\/notibras\/\" \/>\n<meta property=\"article:published_time\" content=\"2026-04-29T03:15:24+00:00\" \/>\n<meta property=\"og:image\" content=\"https:\/\/www.notibras.com\/site\/wp-content\/uploads\/2026\/04\/WhatsApp-Image-2026-04-28-at-09.34.35.jpeg\" \/>\n\t<meta property=\"og:image:width\" content=\"1280\" \/>\n\t<meta property=\"og:image:height\" content=\"755\" \/>\n\t<meta property=\"og:image:type\" content=\"image\/jpeg\" \/>\n<meta name=\"author\" content=\"Eduardo Mart\u00ednez\" \/>\n<meta name=\"twitter:card\" content=\"summary_large_image\" \/>\n<meta name=\"twitter:creator\" content=\"@Notibras\" \/>\n<meta name=\"twitter:site\" content=\"@Notibras\" \/>\n<meta name=\"twitter:label1\" content=\"Escrito por\" \/>\n\t<meta name=\"twitter:data1\" content=\"Eduardo Mart\u00ednez\" \/>\n\t<meta name=\"twitter:label2\" content=\"Est. tempo de leitura\" \/>\n\t<meta name=\"twitter:data2\" content=\"3 minutos\" \/>\n<script type=\"application\/ld+json\" class=\"yoast-schema-graph\">{\"@context\":\"https:\/\/schema.org\",\"@graph\":[{\"@type\":\"Article\",\"@id\":\"https:\/\/www.notibras.com\/site\/o-jardineiro-do-palacio\/#article\",\"isPartOf\":{\"@id\":\"https:\/\/www.notibras.com\/site\/o-jardineiro-do-palacio\/\"},\"author\":{\"name\":\"Eduardo Mart\u00ednez\",\"@id\":\"https:\/\/www.notibras.com\/site\/#\/schema\/person\/5b7fabf2aedc3ada2105f03b22b4d3dd\"},\"headline\":\"O jardineiro do pal\u00e1cio\",\"datePublished\":\"2026-04-29T03:15:24+00:00\",\"mainEntityOfPage\":{\"@id\":\"https:\/\/www.notibras.com\/site\/o-jardineiro-do-palacio\/\"},\"wordCount\":513,\"publisher\":{\"@id\":\"https:\/\/www.notibras.com\/site\/#organization\"},\"image\":{\"@id\":\"https:\/\/www.notibras.com\/site\/o-jardineiro-do-palacio\/#primaryimage\"},\"thumbnailUrl\":\"https:\/\/www.notibras.com\/site\/wp-content\/uploads\/2026\/04\/WhatsApp-Image-2026-04-28-at-09.34.35.jpeg\",\"articleSection\":[\"Caf\u00e9 Liter\u00e1rio\"],\"inLanguage\":\"pt-BR\"},{\"@type\":\"WebPage\",\"@id\":\"https:\/\/www.notibras.com\/site\/o-jardineiro-do-palacio\/\",\"url\":\"https:\/\/www.notibras.com\/site\/o-jardineiro-do-palacio\/\",\"name\":\"O jardineiro do pal\u00e1cio - Notibras\",\"isPartOf\":{\"@id\":\"https:\/\/www.notibras.com\/site\/#website\"},\"primaryImageOfPage\":{\"@id\":\"https:\/\/www.notibras.com\/site\/o-jardineiro-do-palacio\/#primaryimage\"},\"image\":{\"@id\":\"https:\/\/www.notibras.com\/site\/o-jardineiro-do-palacio\/#primaryimage\"},\"thumbnailUrl\":\"https:\/\/www.notibras.com\/site\/wp-content\/uploads\/2026\/04\/WhatsApp-Image-2026-04-28-at-09.34.35.jpeg\",\"datePublished\":\"2026-04-29T03:15:24+00:00\",\"breadcrumb\":{\"@id\":\"https:\/\/www.notibras.com\/site\/o-jardineiro-do-palacio\/#breadcrumb\"},\"inLanguage\":\"pt-BR\",\"potentialAction\":[{\"@type\":\"ReadAction\",\"target\":[\"https:\/\/www.notibras.com\/site\/o-jardineiro-do-palacio\/\"]}]},{\"@type\":\"ImageObject\",\"inLanguage\":\"pt-BR\",\"@id\":\"https:\/\/www.notibras.com\/site\/o-jardineiro-do-palacio\/#primaryimage\",\"url\":\"https:\/\/www.notibras.com\/site\/wp-content\/uploads\/2026\/04\/WhatsApp-Image-2026-04-28-at-09.34.35.jpeg\",\"contentUrl\":\"https:\/\/www.notibras.com\/site\/wp-content\/uploads\/2026\/04\/WhatsApp-Image-2026-04-28-at-09.34.35.jpeg\",\"width\":1280,\"height\":755},{\"@type\":\"BreadcrumbList\",\"@id\":\"https:\/\/www.notibras.com\/site\/o-jardineiro-do-palacio\/#breadcrumb\",\"itemListElement\":[{\"@type\":\"ListItem\",\"position\":1,\"name\":\"In\u00edcio\",\"item\":\"https:\/\/www.notibras.com\/site\/\"},{\"@type\":\"ListItem\",\"position\":2,\"name\":\"O jardineiro do pal\u00e1cio\"}]},{\"@type\":\"WebSite\",\"@id\":\"https:\/\/www.notibras.com\/site\/#website\",\"url\":\"https:\/\/www.notibras.com\/site\/\",\"name\":\"Notibras\",\"description\":\"Not\u00edcias de Bras\u00edlia, do Brasil e do Mundo\",\"publisher\":{\"@id\":\"https:\/\/www.notibras.com\/site\/#organization\"},\"potentialAction\":[{\"@type\":\"SearchAction\",\"target\":{\"@type\":\"EntryPoint\",\"urlTemplate\":\"https:\/\/www.notibras.com\/site\/?s={search_term_string}\"},\"query-input\":{\"@type\":\"PropertyValueSpecification\",\"valueRequired\":true,\"valueName\":\"search_term_string\"}}],\"inLanguage\":\"pt-BR\"},{\"@type\":\"Organization\",\"@id\":\"https:\/\/www.notibras.com\/site\/#organization\",\"name\":\"Grupo Notibras de Comunica\u00e7\u00e3o\",\"url\":\"https:\/\/www.notibras.com\/site\/\",\"logo\":{\"@type\":\"ImageObject\",\"inLanguage\":\"pt-BR\",\"@id\":\"https:\/\/www.notibras.com\/site\/#\/schema\/logo\/image\/\",\"url\":\"https:\/\/www.notibras.com\/site\/wp-content\/uploads\/2023\/01\/notibras23.png\",\"contentUrl\":\"https:\/\/www.notibras.com\/site\/wp-content\/uploads\/2023\/01\/notibras23.png\",\"width\":350,\"height\":87,\"caption\":\"Grupo Notibras de Comunica\u00e7\u00e3o\"},\"image\":{\"@id\":\"https:\/\/www.notibras.com\/site\/#\/schema\/logo\/image\/\"},\"sameAs\":[\"https:\/\/www.facebook.com\/notibras\/\",\"https:\/\/x.com\/Notibras\",\"https:\/\/www.instagram.com\/notibras\/\"]},{\"@type\":\"Person\",\"@id\":\"https:\/\/www.notibras.com\/site\/#\/schema\/person\/5b7fabf2aedc3ada2105f03b22b4d3dd\",\"name\":\"Eduardo Mart\u00ednez\",\"image\":{\"@type\":\"ImageObject\",\"inLanguage\":\"pt-BR\",\"@id\":\"https:\/\/secure.gravatar.com\/avatar\/7902f906289926289cbcda644b5197c796b893c6ffd7b9a536a42d290f7704a0?s=96&d=mm&r=g\",\"url\":\"https:\/\/secure.gravatar.com\/avatar\/7902f906289926289cbcda644b5197c796b893c6ffd7b9a536a42d290f7704a0?s=96&d=mm&r=g\",\"contentUrl\":\"https:\/\/secure.gravatar.com\/avatar\/7902f906289926289cbcda644b5197c796b893c6ffd7b9a536a42d290f7704a0?s=96&d=mm&r=g\",\"caption\":\"Eduardo Mart\u00ednez\"}}]}<\/script>\n<!-- \/ Yoast SEO plugin. -->","yoast_head_json":{"title":"O jardineiro do pal\u00e1cio - Notibras","robots":{"index":"index","follow":"follow","max-snippet":"max-snippet:-1","max-image-preview":"max-image-preview:large","max-video-preview":"max-video-preview:-1"},"canonical":"https:\/\/www.notibras.com\/site\/o-jardineiro-do-palacio\/","og_locale":"pt_BR","og_type":"article","og_title":"O jardineiro do pal\u00e1cio - Notibras","og_description":"Todo dia, antes do sol acordar os guardas e os assessores, ele j\u00e1 est\u00e1 l\u00e1. Chap\u00e9u de palha desbotado, tesoura de poda na cinta, luvas gastas que conhecem melhor as plantas do que as m\u00e3os de presidentes. Chama-se Seu Manoel, ou Seu Z\u00e9, ou simplesmente &#8220;o jardineiro&#8221; \u2014 nome que dura mais que os mandatos. [&hellip;]","og_url":"https:\/\/www.notibras.com\/site\/o-jardineiro-do-palacio\/","og_site_name":"Notibras","article_publisher":"https:\/\/www.facebook.com\/notibras\/","article_published_time":"2026-04-29T03:15:24+00:00","og_image":[{"width":1280,"height":755,"url":"https:\/\/www.notibras.com\/site\/wp-content\/uploads\/2026\/04\/WhatsApp-Image-2026-04-28-at-09.34.35.jpeg","type":"image\/jpeg"}],"author":"Eduardo Mart\u00ednez","twitter_card":"summary_large_image","twitter_creator":"@Notibras","twitter_site":"@Notibras","twitter_misc":{"Escrito por":"Eduardo Mart\u00ednez","Est. tempo de leitura":"3 minutos"},"schema":{"@context":"https:\/\/schema.org","@graph":[{"@type":"Article","@id":"https:\/\/www.notibras.com\/site\/o-jardineiro-do-palacio\/#article","isPartOf":{"@id":"https:\/\/www.notibras.com\/site\/o-jardineiro-do-palacio\/"},"author":{"name":"Eduardo Mart\u00ednez","@id":"https:\/\/www.notibras.com\/site\/#\/schema\/person\/5b7fabf2aedc3ada2105f03b22b4d3dd"},"headline":"O jardineiro do pal\u00e1cio","datePublished":"2026-04-29T03:15:24+00:00","mainEntityOfPage":{"@id":"https:\/\/www.notibras.com\/site\/o-jardineiro-do-palacio\/"},"wordCount":513,"publisher":{"@id":"https:\/\/www.notibras.com\/site\/#organization"},"image":{"@id":"https:\/\/www.notibras.com\/site\/o-jardineiro-do-palacio\/#primaryimage"},"thumbnailUrl":"https:\/\/www.notibras.com\/site\/wp-content\/uploads\/2026\/04\/WhatsApp-Image-2026-04-28-at-09.34.35.jpeg","articleSection":["Caf\u00e9 Liter\u00e1rio"],"inLanguage":"pt-BR"},{"@type":"WebPage","@id":"https:\/\/www.notibras.com\/site\/o-jardineiro-do-palacio\/","url":"https:\/\/www.notibras.com\/site\/o-jardineiro-do-palacio\/","name":"O jardineiro do pal\u00e1cio - Notibras","isPartOf":{"@id":"https:\/\/www.notibras.com\/site\/#website"},"primaryImageOfPage":{"@id":"https:\/\/www.notibras.com\/site\/o-jardineiro-do-palacio\/#primaryimage"},"image":{"@id":"https:\/\/www.notibras.com\/site\/o-jardineiro-do-palacio\/#primaryimage"},"thumbnailUrl":"https:\/\/www.notibras.com\/site\/wp-content\/uploads\/2026\/04\/WhatsApp-Image-2026-04-28-at-09.34.35.jpeg","datePublished":"2026-04-29T03:15:24+00:00","breadcrumb":{"@id":"https:\/\/www.notibras.com\/site\/o-jardineiro-do-palacio\/#breadcrumb"},"inLanguage":"pt-BR","potentialAction":[{"@type":"ReadAction","target":["https:\/\/www.notibras.com\/site\/o-jardineiro-do-palacio\/"]}]},{"@type":"ImageObject","inLanguage":"pt-BR","@id":"https:\/\/www.notibras.com\/site\/o-jardineiro-do-palacio\/#primaryimage","url":"https:\/\/www.notibras.com\/site\/wp-content\/uploads\/2026\/04\/WhatsApp-Image-2026-04-28-at-09.34.35.jpeg","contentUrl":"https:\/\/www.notibras.com\/site\/wp-content\/uploads\/2026\/04\/WhatsApp-Image-2026-04-28-at-09.34.35.jpeg","width":1280,"height":755},{"@type":"BreadcrumbList","@id":"https:\/\/www.notibras.com\/site\/o-jardineiro-do-palacio\/#breadcrumb","itemListElement":[{"@type":"ListItem","position":1,"name":"In\u00edcio","item":"https:\/\/www.notibras.com\/site\/"},{"@type":"ListItem","position":2,"name":"O jardineiro do pal\u00e1cio"}]},{"@type":"WebSite","@id":"https:\/\/www.notibras.com\/site\/#website","url":"https:\/\/www.notibras.com\/site\/","name":"Notibras","description":"Not\u00edcias de Bras\u00edlia, do Brasil e do Mundo","publisher":{"@id":"https:\/\/www.notibras.com\/site\/#organization"},"potentialAction":[{"@type":"SearchAction","target":{"@type":"EntryPoint","urlTemplate":"https:\/\/www.notibras.com\/site\/?s={search_term_string}"},"query-input":{"@type":"PropertyValueSpecification","valueRequired":true,"valueName":"search_term_string"}}],"inLanguage":"pt-BR"},{"@type":"Organization","@id":"https:\/\/www.notibras.com\/site\/#organization","name":"Grupo Notibras de Comunica\u00e7\u00e3o","url":"https:\/\/www.notibras.com\/site\/","logo":{"@type":"ImageObject","inLanguage":"pt-BR","@id":"https:\/\/www.notibras.com\/site\/#\/schema\/logo\/image\/","url":"https:\/\/www.notibras.com\/site\/wp-content\/uploads\/2023\/01\/notibras23.png","contentUrl":"https:\/\/www.notibras.com\/site\/wp-content\/uploads\/2023\/01\/notibras23.png","width":350,"height":87,"caption":"Grupo Notibras de Comunica\u00e7\u00e3o"},"image":{"@id":"https:\/\/www.notibras.com\/site\/#\/schema\/logo\/image\/"},"sameAs":["https:\/\/www.facebook.com\/notibras\/","https:\/\/x.com\/Notibras","https:\/\/www.instagram.com\/notibras\/"]},{"@type":"Person","@id":"https:\/\/www.notibras.com\/site\/#\/schema\/person\/5b7fabf2aedc3ada2105f03b22b4d3dd","name":"Eduardo Mart\u00ednez","image":{"@type":"ImageObject","inLanguage":"pt-BR","@id":"https:\/\/secure.gravatar.com\/avatar\/7902f906289926289cbcda644b5197c796b893c6ffd7b9a536a42d290f7704a0?s=96&d=mm&r=g","url":"https:\/\/secure.gravatar.com\/avatar\/7902f906289926289cbcda644b5197c796b893c6ffd7b9a536a42d290f7704a0?s=96&d=mm&r=g","contentUrl":"https:\/\/secure.gravatar.com\/avatar\/7902f906289926289cbcda644b5197c796b893c6ffd7b9a536a42d290f7704a0?s=96&d=mm&r=g","caption":"Eduardo Mart\u00ednez"}}]}},"amp_enabled":true,"_links":{"self":[{"href":"https:\/\/www.notibras.com\/site\/wp-json\/wp\/v2\/posts\/392800","targetHints":{"allow":["GET"]}}],"collection":[{"href":"https:\/\/www.notibras.com\/site\/wp-json\/wp\/v2\/posts"}],"about":[{"href":"https:\/\/www.notibras.com\/site\/wp-json\/wp\/v2\/types\/post"}],"author":[{"embeddable":true,"href":"https:\/\/www.notibras.com\/site\/wp-json\/wp\/v2\/users\/21"}],"replies":[{"embeddable":true,"href":"https:\/\/www.notibras.com\/site\/wp-json\/wp\/v2\/comments?post=392800"}],"version-history":[{"count":2,"href":"https:\/\/www.notibras.com\/site\/wp-json\/wp\/v2\/posts\/392800\/revisions"}],"predecessor-version":[{"id":392803,"href":"https:\/\/www.notibras.com\/site\/wp-json\/wp\/v2\/posts\/392800\/revisions\/392803"}],"wp:featuredmedia":[{"embeddable":true,"href":"https:\/\/www.notibras.com\/site\/wp-json\/wp\/v2\/media\/392802"}],"wp:attachment":[{"href":"https:\/\/www.notibras.com\/site\/wp-json\/wp\/v2\/media?parent=392800"}],"wp:term":[{"taxonomy":"category","embeddable":true,"href":"https:\/\/www.notibras.com\/site\/wp-json\/wp\/v2\/categories?post=392800"},{"taxonomy":"post_tag","embeddable":true,"href":"https:\/\/www.notibras.com\/site\/wp-json\/wp\/v2\/tags?post=392800"}],"curies":[{"name":"wp","href":"https:\/\/api.w.org\/{rel}","templated":true}]}}