{"id":392804,"date":"2026-04-29T00:00:48","date_gmt":"2026-04-29T03:00:48","guid":{"rendered":"https:\/\/www.notibras.com\/site\/?p=392804"},"modified":"2026-04-28T10:01:16","modified_gmt":"2026-04-28T13:01:16","slug":"ela-e-o-jacare","status":"publish","type":"post","link":"https:\/\/www.notibras.com\/site\/ela-e-o-jacare\/","title":{"rendered":"Ela e o jacar\u00e9"},"content":{"rendered":"<p>Estava conversando com uma amiga do Face quando ela falou, \u201cEstou olhando pra um jacar\u00e9\u201d. Brinquei que jacar\u00e9 come gente e ela observou, \u201cos jacar\u00e9s daqui s\u00e3o iguais aos carinhas da cidade, n\u00e3o comem ningu\u00e9m\u201d. Na hora, me veio a ideia para um conto er\u00f3tico \u2013 na verdade, uma f\u00e1bula er\u00f3tica \u2013, mas, em vez de escrever eu mesmo, sugeri que a gente fizesse a quatro m\u00e3os. Ela topou. O resultado foi o texto que voc\u00eas v\u00e3o ler a seguir.<\/p>\n<p>Ela abriu a porta e viu um jacar\u00e9. Os dois se olharam e o bicho recuou, deu meia volta e foi embora. \u201cAqui em Campo Grande, capital de Mato Grosso do Sul, os jacar\u00e9s s\u00e3o iguais aos homens, n\u00e3o comem ningu\u00e9m\u201d, pensou com um sorriso. Achou a ideia divertida e postou a frase, mandando-a para alguns amigos. Kkks, cora\u00e7\u00f5es e beijinhos, e ela foi cuidar de suas coisas, esquecendo o epis\u00f3dio.<\/p>\n<p>S\u00f3 que a provoca\u00e7\u00e3ozinha chegou ao conhecimento de alguns machos da cidade. E tamb\u00e9m \u2013 n\u00e3o me perguntem como \u2013 dos jacar\u00e9s de Campo Grande.<\/p>\n<p>&#8211; Vou comer essa maluca \u2013 disse o jacar\u00e9 chefe da patota. \u2013 Ela esqueceu que est\u00e1 cercada de feras?<\/p>\n<p>&#8211; Vou comer essa doida, t\u00e1 ligado? \u2013 disse o l\u00edder de um grupo de bad boys locais. \u2013 Ela t\u00e1 arranjando treta com n\u00f3is? A gente \u00e9 fera!<\/p>\n<p>Mais tarde, sentada na grama diante de sua casa, ela olha na dire\u00e7\u00e3o do laguinho e v\u00ea alguns rapazes se exercitando, sem camisa. \u201cUns gatos, mas s\u00e3o uns babacas\u201d, pensa. Ela ali, pronta, s\u00f3 esperando que algum mais ousado se aproxime, e nada&#8230; Em sua mente passam mil e uma ideias pecaminosas que com certeza nunca se far\u00e3o reais, j\u00e1 que os carinhas, muitos deles, pelo menos, parecem gostar da mesma fruta que ela.<\/p>\n<p>Morrendo de tes\u00e3o, come\u00e7ou a tocar-se, os olhos fechados. Quando os abriu, avistou um enorme jacar\u00e9, a uns 6 metros. N\u00e3o parecia t\u00edmido como o anterior; avan\u00e7ava decidido, os dentes \u00e0 mostra como num sorriso atrevido, complemento das palavras \u201cVou te comer, gostosa\u201d.<\/p>\n<p>Ela levantou-se com um pulo e saiu correndo em dire\u00e7\u00e3o aos rapazes junto da lagoa, perseguida pela fera. Lan\u00e7ou-se nos bra\u00e7os do mais pr\u00f3ximo e, arquejante, procurou avisar:<\/p>\n<p>&#8211; Ja&#8230;ja&#8230;<\/p>\n<p>-J\u00e1 t\u00e1 com tes\u00e3o, n\u00e9, vadia? \u2013 cortou o rapaz, colando o corpo no dela. \u2013 T\u00f4 ligado. Eu tamb\u00e9m, sente como t\u00f4 no ponto! \u2013 Olhou-a com aten\u00e7\u00e3o e franziu o rosto. \u2013 Tu n\u00e3o \u00e9 a doida que falou que os machos daqui n\u00e3o comiam ningu\u00e9m? Prometi a meus mano que ia te arrega\u00e7ar. Pra tu aprender! \u2013 Deu-lhe um tapa no rosto que a fez tremer nas bases, colocou-a de joelhos diante dele e ordenou:<\/p>\n<p>&#8211; Capricha no oral. Se morder te cubro de porrada!<\/p>\n<p>Apavorada e com a boca cheia, ela n\u00e3o teve condi\u00e7\u00f5es de falar mais nada. O chefe dos bad boys foi a \u00fanica v\u00edtima do jacar\u00e9, que o cortou ao meio com uma dentada e mergulhou na lagoa com a parte inferior do corpo do carinha. Ela fugiu correndo para longe dali. E nunca, nunca mais falou ou escreveu que os jacar\u00e9s de Campo Grande s\u00e3o bichinhos inofensivos, ador\u00e1veis, umas mo\u00e7as. Vai que eles leem seus posts?<\/p>\n","protected":false},"excerpt":{"rendered":"<p>Estava conversando com uma amiga do Face quando ela falou, \u201cEstou olhando pra um jacar\u00e9\u201d. Brinquei que jacar\u00e9 come gente e ela observou, \u201cos jacar\u00e9s daqui s\u00e3o iguais aos carinhas da cidade, n\u00e3o comem ningu\u00e9m\u201d. Na hora, me veio a ideia para um conto er\u00f3tico \u2013 na verdade, uma f\u00e1bula er\u00f3tica \u2013, mas, em vez [&hellip;]<\/p>\n","protected":false},"author":21,"featured_media":392805,"comment_status":"closed","ping_status":"closed","sticky":false,"template":"","format":"standard","meta":{"_acf_changed":false,"footnotes":""},"categories":[234],"tags":[],"class_list":["post-392804","post","type-post","status-publish","format-standard","has-post-thumbnail","hentry","category-cafe-literario"],"acf":[],"yoast_head":"<!-- This site is optimized with the Yoast SEO plugin v27.2 - https:\/\/yoast.com\/product\/yoast-seo-wordpress\/ -->\n<title>Ela e o jacar\u00e9 - Notibras<\/title>\n<meta name=\"robots\" content=\"index, follow, max-snippet:-1, max-image-preview:large, max-video-preview:-1\" \/>\n<link rel=\"canonical\" href=\"https:\/\/www.notibras.com\/site\/ela-e-o-jacare\/\" \/>\n<meta property=\"og:locale\" content=\"pt_BR\" \/>\n<meta property=\"og:type\" content=\"article\" \/>\n<meta property=\"og:title\" content=\"Ela e o jacar\u00e9 - Notibras\" \/>\n<meta property=\"og:description\" content=\"Estava conversando com uma amiga do Face quando ela falou, \u201cEstou olhando pra um jacar\u00e9\u201d. Brinquei que jacar\u00e9 come gente e ela observou, \u201cos jacar\u00e9s daqui s\u00e3o iguais aos carinhas da cidade, n\u00e3o comem ningu\u00e9m\u201d. Na hora, me veio a ideia para um conto er\u00f3tico \u2013 na verdade, uma f\u00e1bula er\u00f3tica \u2013, mas, em vez [&hellip;]\" \/>\n<meta property=\"og:url\" content=\"https:\/\/www.notibras.com\/site\/ela-e-o-jacare\/\" \/>\n<meta property=\"og:site_name\" content=\"Notibras\" \/>\n<meta property=\"article:publisher\" content=\"https:\/\/www.facebook.com\/notibras\/\" \/>\n<meta property=\"article:published_time\" content=\"2026-04-29T03:00:48+00:00\" \/>\n<meta property=\"og:image\" content=\"https:\/\/www.notibras.com\/site\/wp-content\/uploads\/2026\/04\/WhatsApp-Image-2026-04-28-at-10.00.07.jpeg\" \/>\n\t<meta property=\"og:image:width\" content=\"1105\" \/>\n\t<meta property=\"og:image:height\" content=\"768\" \/>\n\t<meta property=\"og:image:type\" content=\"image\/jpeg\" \/>\n<meta name=\"author\" content=\"Eduardo Mart\u00ednez\" \/>\n<meta name=\"twitter:card\" content=\"summary_large_image\" \/>\n<meta name=\"twitter:creator\" content=\"@Notibras\" \/>\n<meta name=\"twitter:site\" content=\"@Notibras\" \/>\n<meta name=\"twitter:label1\" content=\"Escrito por\" \/>\n\t<meta name=\"twitter:data1\" content=\"Eduardo Mart\u00ednez\" \/>\n\t<meta name=\"twitter:label2\" content=\"Est. tempo de leitura\" \/>\n\t<meta name=\"twitter:data2\" content=\"4 minutos\" \/>\n<script type=\"application\/ld+json\" class=\"yoast-schema-graph\">{\"@context\":\"https:\/\/schema.org\",\"@graph\":[{\"@type\":\"Article\",\"@id\":\"https:\/\/www.notibras.com\/site\/ela-e-o-jacare\/#article\",\"isPartOf\":{\"@id\":\"https:\/\/www.notibras.com\/site\/ela-e-o-jacare\/\"},\"author\":{\"name\":\"Eduardo Mart\u00ednez\",\"@id\":\"https:\/\/www.notibras.com\/site\/#\/schema\/person\/5b7fabf2aedc3ada2105f03b22b4d3dd\"},\"headline\":\"Ela e o jacar\u00e9\",\"datePublished\":\"2026-04-29T03:00:48+00:00\",\"mainEntityOfPage\":{\"@id\":\"https:\/\/www.notibras.com\/site\/ela-e-o-jacare\/\"},\"wordCount\":572,\"publisher\":{\"@id\":\"https:\/\/www.notibras.com\/site\/#organization\"},\"image\":{\"@id\":\"https:\/\/www.notibras.com\/site\/ela-e-o-jacare\/#primaryimage\"},\"thumbnailUrl\":\"https:\/\/www.notibras.com\/site\/wp-content\/uploads\/2026\/04\/WhatsApp-Image-2026-04-28-at-10.00.07.jpeg\",\"articleSection\":[\"Caf\u00e9 Liter\u00e1rio\"],\"inLanguage\":\"pt-BR\"},{\"@type\":\"WebPage\",\"@id\":\"https:\/\/www.notibras.com\/site\/ela-e-o-jacare\/\",\"url\":\"https:\/\/www.notibras.com\/site\/ela-e-o-jacare\/\",\"name\":\"Ela e o jacar\u00e9 - Notibras\",\"isPartOf\":{\"@id\":\"https:\/\/www.notibras.com\/site\/#website\"},\"primaryImageOfPage\":{\"@id\":\"https:\/\/www.notibras.com\/site\/ela-e-o-jacare\/#primaryimage\"},\"image\":{\"@id\":\"https:\/\/www.notibras.com\/site\/ela-e-o-jacare\/#primaryimage\"},\"thumbnailUrl\":\"https:\/\/www.notibras.com\/site\/wp-content\/uploads\/2026\/04\/WhatsApp-Image-2026-04-28-at-10.00.07.jpeg\",\"datePublished\":\"2026-04-29T03:00:48+00:00\",\"breadcrumb\":{\"@id\":\"https:\/\/www.notibras.com\/site\/ela-e-o-jacare\/#breadcrumb\"},\"inLanguage\":\"pt-BR\",\"potentialAction\":[{\"@type\":\"ReadAction\",\"target\":[\"https:\/\/www.notibras.com\/site\/ela-e-o-jacare\/\"]}]},{\"@type\":\"ImageObject\",\"inLanguage\":\"pt-BR\",\"@id\":\"https:\/\/www.notibras.com\/site\/ela-e-o-jacare\/#primaryimage\",\"url\":\"https:\/\/www.notibras.com\/site\/wp-content\/uploads\/2026\/04\/WhatsApp-Image-2026-04-28-at-10.00.07.jpeg\",\"contentUrl\":\"https:\/\/www.notibras.com\/site\/wp-content\/uploads\/2026\/04\/WhatsApp-Image-2026-04-28-at-10.00.07.jpeg\",\"width\":1105,\"height\":768},{\"@type\":\"BreadcrumbList\",\"@id\":\"https:\/\/www.notibras.com\/site\/ela-e-o-jacare\/#breadcrumb\",\"itemListElement\":[{\"@type\":\"ListItem\",\"position\":1,\"name\":\"In\u00edcio\",\"item\":\"https:\/\/www.notibras.com\/site\/\"},{\"@type\":\"ListItem\",\"position\":2,\"name\":\"Ela e o jacar\u00e9\"}]},{\"@type\":\"WebSite\",\"@id\":\"https:\/\/www.notibras.com\/site\/#website\",\"url\":\"https:\/\/www.notibras.com\/site\/\",\"name\":\"Notibras\",\"description\":\"Not\u00edcias de Bras\u00edlia, do Brasil e do Mundo\",\"publisher\":{\"@id\":\"https:\/\/www.notibras.com\/site\/#organization\"},\"potentialAction\":[{\"@type\":\"SearchAction\",\"target\":{\"@type\":\"EntryPoint\",\"urlTemplate\":\"https:\/\/www.notibras.com\/site\/?s={search_term_string}\"},\"query-input\":{\"@type\":\"PropertyValueSpecification\",\"valueRequired\":true,\"valueName\":\"search_term_string\"}}],\"inLanguage\":\"pt-BR\"},{\"@type\":\"Organization\",\"@id\":\"https:\/\/www.notibras.com\/site\/#organization\",\"name\":\"Grupo Notibras de Comunica\u00e7\u00e3o\",\"url\":\"https:\/\/www.notibras.com\/site\/\",\"logo\":{\"@type\":\"ImageObject\",\"inLanguage\":\"pt-BR\",\"@id\":\"https:\/\/www.notibras.com\/site\/#\/schema\/logo\/image\/\",\"url\":\"https:\/\/www.notibras.com\/site\/wp-content\/uploads\/2023\/01\/notibras23.png\",\"contentUrl\":\"https:\/\/www.notibras.com\/site\/wp-content\/uploads\/2023\/01\/notibras23.png\",\"width\":350,\"height\":87,\"caption\":\"Grupo Notibras de Comunica\u00e7\u00e3o\"},\"image\":{\"@id\":\"https:\/\/www.notibras.com\/site\/#\/schema\/logo\/image\/\"},\"sameAs\":[\"https:\/\/www.facebook.com\/notibras\/\",\"https:\/\/x.com\/Notibras\",\"https:\/\/www.instagram.com\/notibras\/\"]},{\"@type\":\"Person\",\"@id\":\"https:\/\/www.notibras.com\/site\/#\/schema\/person\/5b7fabf2aedc3ada2105f03b22b4d3dd\",\"name\":\"Eduardo Mart\u00ednez\",\"image\":{\"@type\":\"ImageObject\",\"inLanguage\":\"pt-BR\",\"@id\":\"https:\/\/secure.gravatar.com\/avatar\/7902f906289926289cbcda644b5197c796b893c6ffd7b9a536a42d290f7704a0?s=96&d=mm&r=g\",\"url\":\"https:\/\/secure.gravatar.com\/avatar\/7902f906289926289cbcda644b5197c796b893c6ffd7b9a536a42d290f7704a0?s=96&d=mm&r=g\",\"contentUrl\":\"https:\/\/secure.gravatar.com\/avatar\/7902f906289926289cbcda644b5197c796b893c6ffd7b9a536a42d290f7704a0?s=96&d=mm&r=g\",\"caption\":\"Eduardo Mart\u00ednez\"}}]}<\/script>\n<!-- \/ Yoast SEO plugin. -->","yoast_head_json":{"title":"Ela e o jacar\u00e9 - Notibras","robots":{"index":"index","follow":"follow","max-snippet":"max-snippet:-1","max-image-preview":"max-image-preview:large","max-video-preview":"max-video-preview:-1"},"canonical":"https:\/\/www.notibras.com\/site\/ela-e-o-jacare\/","og_locale":"pt_BR","og_type":"article","og_title":"Ela e o jacar\u00e9 - Notibras","og_description":"Estava conversando com uma amiga do Face quando ela falou, \u201cEstou olhando pra um jacar\u00e9\u201d. Brinquei que jacar\u00e9 come gente e ela observou, \u201cos jacar\u00e9s daqui s\u00e3o iguais aos carinhas da cidade, n\u00e3o comem ningu\u00e9m\u201d. Na hora, me veio a ideia para um conto er\u00f3tico \u2013 na verdade, uma f\u00e1bula er\u00f3tica \u2013, mas, em vez [&hellip;]","og_url":"https:\/\/www.notibras.com\/site\/ela-e-o-jacare\/","og_site_name":"Notibras","article_publisher":"https:\/\/www.facebook.com\/notibras\/","article_published_time":"2026-04-29T03:00:48+00:00","og_image":[{"width":1105,"height":768,"url":"https:\/\/www.notibras.com\/site\/wp-content\/uploads\/2026\/04\/WhatsApp-Image-2026-04-28-at-10.00.07.jpeg","type":"image\/jpeg"}],"author":"Eduardo Mart\u00ednez","twitter_card":"summary_large_image","twitter_creator":"@Notibras","twitter_site":"@Notibras","twitter_misc":{"Escrito por":"Eduardo Mart\u00ednez","Est. tempo de leitura":"4 minutos"},"schema":{"@context":"https:\/\/schema.org","@graph":[{"@type":"Article","@id":"https:\/\/www.notibras.com\/site\/ela-e-o-jacare\/#article","isPartOf":{"@id":"https:\/\/www.notibras.com\/site\/ela-e-o-jacare\/"},"author":{"name":"Eduardo Mart\u00ednez","@id":"https:\/\/www.notibras.com\/site\/#\/schema\/person\/5b7fabf2aedc3ada2105f03b22b4d3dd"},"headline":"Ela e o jacar\u00e9","datePublished":"2026-04-29T03:00:48+00:00","mainEntityOfPage":{"@id":"https:\/\/www.notibras.com\/site\/ela-e-o-jacare\/"},"wordCount":572,"publisher":{"@id":"https:\/\/www.notibras.com\/site\/#organization"},"image":{"@id":"https:\/\/www.notibras.com\/site\/ela-e-o-jacare\/#primaryimage"},"thumbnailUrl":"https:\/\/www.notibras.com\/site\/wp-content\/uploads\/2026\/04\/WhatsApp-Image-2026-04-28-at-10.00.07.jpeg","articleSection":["Caf\u00e9 Liter\u00e1rio"],"inLanguage":"pt-BR"},{"@type":"WebPage","@id":"https:\/\/www.notibras.com\/site\/ela-e-o-jacare\/","url":"https:\/\/www.notibras.com\/site\/ela-e-o-jacare\/","name":"Ela e o jacar\u00e9 - Notibras","isPartOf":{"@id":"https:\/\/www.notibras.com\/site\/#website"},"primaryImageOfPage":{"@id":"https:\/\/www.notibras.com\/site\/ela-e-o-jacare\/#primaryimage"},"image":{"@id":"https:\/\/www.notibras.com\/site\/ela-e-o-jacare\/#primaryimage"},"thumbnailUrl":"https:\/\/www.notibras.com\/site\/wp-content\/uploads\/2026\/04\/WhatsApp-Image-2026-04-28-at-10.00.07.jpeg","datePublished":"2026-04-29T03:00:48+00:00","breadcrumb":{"@id":"https:\/\/www.notibras.com\/site\/ela-e-o-jacare\/#breadcrumb"},"inLanguage":"pt-BR","potentialAction":[{"@type":"ReadAction","target":["https:\/\/www.notibras.com\/site\/ela-e-o-jacare\/"]}]},{"@type":"ImageObject","inLanguage":"pt-BR","@id":"https:\/\/www.notibras.com\/site\/ela-e-o-jacare\/#primaryimage","url":"https:\/\/www.notibras.com\/site\/wp-content\/uploads\/2026\/04\/WhatsApp-Image-2026-04-28-at-10.00.07.jpeg","contentUrl":"https:\/\/www.notibras.com\/site\/wp-content\/uploads\/2026\/04\/WhatsApp-Image-2026-04-28-at-10.00.07.jpeg","width":1105,"height":768},{"@type":"BreadcrumbList","@id":"https:\/\/www.notibras.com\/site\/ela-e-o-jacare\/#breadcrumb","itemListElement":[{"@type":"ListItem","position":1,"name":"In\u00edcio","item":"https:\/\/www.notibras.com\/site\/"},{"@type":"ListItem","position":2,"name":"Ela e o jacar\u00e9"}]},{"@type":"WebSite","@id":"https:\/\/www.notibras.com\/site\/#website","url":"https:\/\/www.notibras.com\/site\/","name":"Notibras","description":"Not\u00edcias de Bras\u00edlia, do Brasil e do Mundo","publisher":{"@id":"https:\/\/www.notibras.com\/site\/#organization"},"potentialAction":[{"@type":"SearchAction","target":{"@type":"EntryPoint","urlTemplate":"https:\/\/www.notibras.com\/site\/?s={search_term_string}"},"query-input":{"@type":"PropertyValueSpecification","valueRequired":true,"valueName":"search_term_string"}}],"inLanguage":"pt-BR"},{"@type":"Organization","@id":"https:\/\/www.notibras.com\/site\/#organization","name":"Grupo Notibras de Comunica\u00e7\u00e3o","url":"https:\/\/www.notibras.com\/site\/","logo":{"@type":"ImageObject","inLanguage":"pt-BR","@id":"https:\/\/www.notibras.com\/site\/#\/schema\/logo\/image\/","url":"https:\/\/www.notibras.com\/site\/wp-content\/uploads\/2023\/01\/notibras23.png","contentUrl":"https:\/\/www.notibras.com\/site\/wp-content\/uploads\/2023\/01\/notibras23.png","width":350,"height":87,"caption":"Grupo Notibras de Comunica\u00e7\u00e3o"},"image":{"@id":"https:\/\/www.notibras.com\/site\/#\/schema\/logo\/image\/"},"sameAs":["https:\/\/www.facebook.com\/notibras\/","https:\/\/x.com\/Notibras","https:\/\/www.instagram.com\/notibras\/"]},{"@type":"Person","@id":"https:\/\/www.notibras.com\/site\/#\/schema\/person\/5b7fabf2aedc3ada2105f03b22b4d3dd","name":"Eduardo Mart\u00ednez","image":{"@type":"ImageObject","inLanguage":"pt-BR","@id":"https:\/\/secure.gravatar.com\/avatar\/7902f906289926289cbcda644b5197c796b893c6ffd7b9a536a42d290f7704a0?s=96&d=mm&r=g","url":"https:\/\/secure.gravatar.com\/avatar\/7902f906289926289cbcda644b5197c796b893c6ffd7b9a536a42d290f7704a0?s=96&d=mm&r=g","contentUrl":"https:\/\/secure.gravatar.com\/avatar\/7902f906289926289cbcda644b5197c796b893c6ffd7b9a536a42d290f7704a0?s=96&d=mm&r=g","caption":"Eduardo Mart\u00ednez"}}]}},"amp_enabled":true,"_links":{"self":[{"href":"https:\/\/www.notibras.com\/site\/wp-json\/wp\/v2\/posts\/392804","targetHints":{"allow":["GET"]}}],"collection":[{"href":"https:\/\/www.notibras.com\/site\/wp-json\/wp\/v2\/posts"}],"about":[{"href":"https:\/\/www.notibras.com\/site\/wp-json\/wp\/v2\/types\/post"}],"author":[{"embeddable":true,"href":"https:\/\/www.notibras.com\/site\/wp-json\/wp\/v2\/users\/21"}],"replies":[{"embeddable":true,"href":"https:\/\/www.notibras.com\/site\/wp-json\/wp\/v2\/comments?post=392804"}],"version-history":[{"count":2,"href":"https:\/\/www.notibras.com\/site\/wp-json\/wp\/v2\/posts\/392804\/revisions"}],"predecessor-version":[{"id":392807,"href":"https:\/\/www.notibras.com\/site\/wp-json\/wp\/v2\/posts\/392804\/revisions\/392807"}],"wp:featuredmedia":[{"embeddable":true,"href":"https:\/\/www.notibras.com\/site\/wp-json\/wp\/v2\/media\/392805"}],"wp:attachment":[{"href":"https:\/\/www.notibras.com\/site\/wp-json\/wp\/v2\/media?parent=392804"}],"wp:term":[{"taxonomy":"category","embeddable":true,"href":"https:\/\/www.notibras.com\/site\/wp-json\/wp\/v2\/categories?post=392804"},{"taxonomy":"post_tag","embeddable":true,"href":"https:\/\/www.notibras.com\/site\/wp-json\/wp\/v2\/tags?post=392804"}],"curies":[{"name":"wp","href":"https:\/\/api.w.org\/{rel}","templated":true}]}}