{"id":392808,"date":"2026-04-30T01:15:55","date_gmt":"2026-04-30T04:15:55","guid":{"rendered":"https:\/\/www.notibras.com\/site\/?p=392808"},"modified":"2026-04-28T11:04:47","modified_gmt":"2026-04-28T14:04:47","slug":"o-homem-nu-o-fantasma-e-o-mal-estar-na-civilizacao","status":"publish","type":"post","link":"https:\/\/www.notibras.com\/site\/o-homem-nu-o-fantasma-e-o-mal-estar-na-civilizacao\/","title":{"rendered":"O homem nu, o fantasma e o mal-estar na civiliza\u00e7\u00e3o"},"content":{"rendered":"<p>Vou compartilhar uma hist\u00f3ria em que, a exemplo de outras j\u00e1 brilhantemente narradas pelo meu amigo escritor Plinio Pav\u00e3o, &#8220;n\u00e3o existem motivos para duvidar da veracidade da narrativa ou da idoneidade de quem me contou&#8221;.<\/p>\n<p>Estava eu a trabalho em uma comunidade metropolitana da grande S\u00e3o Paulo, quando avistei no centro da cidade a &#8220;Adega Puro Vinho&#8221;.<br \/>\nNa condi\u00e7\u00e3o de inveterado apreciador de vinhos &#8211; como quase todos os ga\u00fachos &#8211; n\u00e3o resisti e entrei para conferir as delicias do simp\u00e1tico lugar.<\/p>\n<p>Ent\u00e3o conheci o seu Oleg\u00e1rio, propriet\u00e1rio do estabelecimento, um senhor que j\u00e1 devia andar l\u00e1 pelos seus oitenta outonos.<\/p>\n<p>Conversa vai, conversa vem, entre coment\u00e1rios sobre as preciosidades vin\u00edcolas expostas nas prateleiras, ele fez uma observa\u00e7\u00e3o po\u00e9tica\/filos\u00f3fica que me chamou a aten\u00e7\u00e3o:<\/p>\n<p>\u2014O vinho \u00e9 a literatura em forma de l\u00edquido!<\/p>\n<p>Ent\u00e3o perguntei a ele:<\/p>\n<p>\u2014 O senhor gosta de ler?<\/p>\n<p>Sorrindo com condescend\u00eancia, ele respondeu:<\/p>\n<p>\u2014 Certamente, li mais livros do que todas as ta\u00e7as de vinho que o amigo j\u00e1 degustou!<\/p>\n<p>Sorrindo de volta, expliquei a ele que eu era escritor nas minhas horas vagas e tinha acabado de publicar um livro de contos:<\/p>\n<p>&#8220;A felicidade e os ris\u00edveis amores de todos n\u00f3s&#8221;.<\/p>\n<p>\u2014 Gostaria muito de lhe oferecer um exemplar autografado, falei, j\u00e1 abrindo a minha pasta de trabalho.<\/p>\n<p>Surpreso, seu Oleg\u00e1rio respondeu gentilmente:<\/p>\n<p>\u2014 Ser\u00e1 uma honra ler o seu livro, meu filho, o t\u00edtulo \u00e9 por demais interessante e promete muitas emo\u00e7\u00f5es.<\/p>\n<p>Ap\u00f3s entregar o livro com a dedicat\u00f3ria, ele perguntou:<\/p>\n<p>\u2014 Em retribui\u00e7\u00e3o a sua gentileza, voc\u00ea gostaria de ouvir uma hist\u00f3ria surreal (mas ver\u00eddica) para integrar o seu pr\u00f3ximo livro?<\/p>\n<p>Maravilhado, repliquei:<\/p>\n<p>\u2014 Com certeza, seu Oleg\u00e1rio, o que mais aprecio \u00e9 ouvir hist\u00f3rias que inspirem bons contos para os meus leitores!<\/p>\n<p>Ent\u00e3o, ele serviu duas ta\u00e7as de uma garrafa de vinho tinto tirada do alto da prateleira, convidou-me para sentar e falou:<\/p>\n<p>\u2014 Esse \u00e9 s\u00f3 para os amigos!<\/p>\n<p>Ap\u00f3s brindarmos ao vinho e \u00e0 literatura, seu Oleg\u00e1rio advertiu:<\/p>\n<p>\u2014 Essa hist\u00f3ria aconteceu na d\u00e9cada dos anos 1970, naturalmente, os nomes dos personagens s\u00e3o fict\u00edcios para prote\u00e7\u00e3o de alguns dos envolvidos que ainda s\u00e3o vivos e moram nesta comunidade.<\/p>\n<p>\u2014 Naturalmente, posso gravar para n\u00e3o perder nenhum detalhe?<\/p>\n<p>\u2014 Pode, s\u00f3 pe\u00e7o a gentileza de n\u00e3o me interromper, pois assim eu perderia o ritmo da narrativa.<\/p>\n<p>\u2014 Claro, seu Oleg\u00e1rio!<\/p>\n<p>Ent\u00e3o, como que tomado por uma magia astral, ele come\u00e7ou o causo:<\/p>\n<p>O senhor K, meu amigo, era professor de portugu\u00eas da mais prestigiada escola da cidade.<\/p>\n<p>Homem circunspecto, solteiro por op\u00e7\u00e3o, reservado, tranquilo e respeitador, morava em uma pens\u00e3o familiar desde que chegou \u00e0 cidade.<\/p>\n<p>N\u00e3o obstante, ele teve uma fraqueza: desenvolveu uma paix\u00e3o plat\u00f4nica dilacerante pela diretora da escola, professora Naomi, uma nissei muito bem aquinhoada f\u00edsica e intelectualmente.<\/p>\n<p>Ela percebia os inadvertidos olhares ardentes que ele lan\u00e7ava na sua dire\u00e7\u00e3o quando estavam juntos na sala dos professores, assim como a voz embargada dele quando se falavam, mas fingia nada notar, tratando-o t\u00e3o natural e profissionalmente quanto aos outros professores.<\/p>\n<p>Naomi era casada h\u00e1 dois anos com Setembrino, motorista de caminh\u00e3o. Dizem que foi uma paix\u00e3o avassaladora que superou as acentuadas diferen\u00e7as entre eles, mas que, naquele momento, n\u00e3o vivia os seus melhores dias. Ele andava frio e distante com ela, parecendo ter perdido o ardor do primeiro ano da uni\u00e3o conjugal.<\/p>\n<p>Em uma sexta-feira, no fim do turno da noite, ela chamou K para a sua sala e falou, carinhosamente:<\/p>\n<p>\u2014 Professor K, ser\u00e1 que voc\u00ea poderia me deixar em casa hoje? Meu carro est\u00e1 na oficina e tive que vir de t\u00e1xi para a escola. J\u00e1 que moramos no mesmo bairro, pensei que talvez isso n\u00e3o seja um inc\u00f4modo para voc\u00ea&#8230;<\/p>\n<p>Embasbacado e radiante, K parecia n\u00e3o acreditar naquela inesperada ventura.<\/p>\n<p>\u2014 Claro, claro, diretora Naomi! Ser\u00e1 um imenso prazer!<\/p>\n<p>O percurso de meia hora ao lado de Naomi no carro pareceu uma eternidade e, ao mesmo tempo, um instante de puro \u00eaxtase para o apaixonado K.<\/p>\n<p>J\u00e1 em frente da casa da bela passageira, ele ouviu aquilo que habitava os seus sonhos h\u00e1 muito tempo:<\/p>\n<p>\u2014 Aceita um convite para um caf\u00e9? \u00c9 o m\u00ednimo que posso fazer para retribuir a sua gentileza.<\/p>\n<p>Sem acreditar naquele doce convite, o atrapalhado K tentou articular qualquer coisa parecida com uma preocupa\u00e7\u00e3o:<\/p>\n<p>\u2014 Eu adoraria, mas n\u00e3o sei se isso seria adequado&#8230; quer dizer, seu marido&#8230; n\u00e3o quero causar problemas!<\/p>\n<p>\u2014 Ah, o Bino s\u00f3 volta amanh\u00e3 depois do meio-dia, foi levar uma carga para Curitiba.<\/p>\n<p>\u2014 Bem, se a diretora insiste&#8230;<\/p>\n<p>\u2014 Me chame de Naomi, caro K!<\/p>\n<p>Ap\u00f3s os dois beberem o caf\u00e9 rapidamente preparado por Naomi, ela aproximou-se dele com um olhar de tigresa, sentou-se no seu colo, abra\u00e7ou-o e falou com voz melosa, mas incisiva:<\/p>\n<p>\u2014 K, eu sei que voc\u00ea \u00e9 apaixonado por mim&#8230; e hoje estou precisando de voc\u00ea!<\/p>\n<p>A seguir, K viajou deliciosamente pela gal\u00e1xia e, depois dessa extasiante jornada nas estrelas, acordou \u00e0s oito da manh\u00e3 com os gritos de Naomi:<\/p>\n<p>\u2014 K, acorda! O Bino acabou de estacionar o caminh\u00e3o na frente da casa! Sai j\u00e1 pela janela!<\/p>\n<p>Aturdido e desnorteado, K teve apenas o reflexo de pegar os \u00f3culos antes de obedecer \u00e0 desesperada ordem da sua amada.<\/p>\n<p>Ainda em estado de choque, ele s\u00f3 percebeu que estava inteiramente nu quando pulou o muro e deu de cara com duas beatas que se dirigiam \u00e0 igreja do bairro. Os gritos das mulheres fizeram com que corresse atabalhoadamente pela rua, afastando-se ainda mais das suas cal\u00e7as.<\/p>\n<p>Dentro da casa, Naomi enfiou apressadamente em uma gaveta da c\u00f4moda as vestes e outros objetos deixados pelo colega.<\/p>\n<p>\u2014 Bino, que surpresa! Chegou mais cedo hoje?<\/p>\n<p>\u2014 Pois \u00e9, mulher&#8230;nem sei por que, essa manh\u00e3 a estrada estava livre e desimpedida!<\/p>\n<p>Traduzindo: \u2014 Doralice, minha amante, n\u00e3o aceitou mais as minhas desculpas para n\u00e3o me separar de voc\u00ea e casar com ela, ent\u00e3o me expulsou da casa dela antes mesmo do caf\u00e9.<\/p>\n<p>Sentindo que o para\u00edso visitado h\u00e1 poucas horas tinha se transformado em um inferno, K n\u00e3o mais raciocinava, apenas fugia dos olhares espantados e gritos que a sua louca e desnuda corrida provocava.<\/p>\n<p>Ao mesmo tempo em que acelerava o seu sprint, o homem nu colocava uma m\u00e3o no rosto e a outra nas partes baixas a fim de precariamente tentar ocultar a identidade e cobrir a intimidade.<\/p>\n<p>Intuitivamente, ele virava esquinas e esgueirava-se atr\u00e1s de \u00e1rvores na tentativa de despistar a crescente multid\u00e3o de curiosos que j\u00e1 o perseguia.<br \/>\nEsbaforido, sentiu um calafrio de alto a baixo quando ouviu sirenes de viaturas policiais chegarem cada vez mais perto.<\/p>\n<p>Ent\u00e3o, em desespero de causa, decidiu saltar o muro mais pr\u00f3ximo e invadir o p\u00e1tio de uma resid\u00eancia.<\/p>\n<p>Deu de cara com uma dona de casa que estava estendendo as roupas no varal e, de imediato, com os estridentes gritos da pobre senhora. Em um ato-reflexo, o infeliz K passou a m\u00e3o em um len\u00e7ol branco e correu para o muro que dava acesso \u00e0 rua de tr\u00e1s da casa, enquanto a moradora vilipendiada continuava gritando a plenos pulm\u00f5es:<\/p>\n<p>\u2014 Socorro, um tarado! Ele tentou me atacar!<\/p>\n<p>Ganhando a outra rua e vendo uma guarita de vigia na cal\u00e7ada \u2014 que para a sua sorte estava vazia \u2014 K teve uma ilumina\u00e7\u00e3o: meteu-se no interior da cabine, agachou-se e se cobriu com o len\u00e7ol, deixando o resto nas m\u00e3os dos deuses.<\/p>\n<p>Logo ouviu o barulho dos gritos da multid\u00e3o e das sirenes policiais virando para o logradouro e passando em frente \u00e0 guarita.<\/p>\n<p>O cora\u00e7\u00e3o de K pareceu saltar da boca quando escutou passos de algu\u00e9m se aproximando e o som da portinhola da cabine se abrir.<\/p>\n<p>\u2014 N\u00e3o tem ningu\u00e9m aqui, s\u00f3 um len\u00e7ol cobrindo uma cadeira, falou a voz, afastando-se.<\/p>\n<p>Ent\u00e3o, ele conseguiu respirar. Ainda tenso, por\u00e9m mais aliviado, pensou:<\/p>\n<p>\u2014 Vou ficar entocado aqui at\u00e9 o cair da noite. No escurinho vai ser mais f\u00e1cil chegar despercebido \u00e0 pens\u00e3o.<\/p>\n<p>Planejando usar o len\u00e7ol como cobertura para a sua nudez, come\u00e7ou a fazer dois furos no tecido com um garfo que encontrou no interior da guarita.<\/p>\n<p>Seguindo o plano, logo ap\u00f3s o sol se p\u00f4r, K envergou o len\u00e7ol e, cuidadosamente, olhou para todos os lados.<\/p>\n<p>Verificando que o terreno estava livre, caminhou o mais r\u00e1pido que podia, sempre parando atr\u00e1s de \u00e1rvores e postes para se ocultar de olhares de mun\u00edcipes que por ventura estivessem na \u00e1rea.<\/p>\n<p>N\u00e3o obstante, um morador de um pr\u00e9dio viu o vulto branco e, j\u00e1 sabedor da ca\u00e7a ao tarado nu, fotografou os seus movimentos furtivos. Fot\u00f3grafo amador, telefonou para um jornal e para uma emissora de TV da capital oferecendo as fotos.<\/p>\n<p>Como seria de se esperar, a not\u00edcia de um homem nu correndo pelas ruas dominou a pauta na cidade, logo chegando com for\u00e7a \u00e0s reda\u00e7\u00f5es e m\u00eddias de toda a regi\u00e3o, inclusive da capital dos paulistanos.<\/p>\n<p>\u2014 Ser\u00e1 uma pegadinha do Malandro?<\/p>\n<p>\u2014 Um case publicit\u00e1rio para o lan\u00e7amento de algum produto, talvez uma nova marca de cueca?<\/p>\n<p>\u2014 Um ataque dos comunistas contra a fam\u00edlia e a religi\u00e3o?<\/p>\n<p>\u2014 Um hippie saudosista tentando reviver os anos 60?<\/p>\n<p>\u2014 Haveria alguma rela\u00e7\u00e3o do tarado com o fantasma que foi fotografado rondando a cidade durante a noite?<\/p>\n<p>\u2014 Talvez uma alma penada que voltou para se vingar de alguma injusti\u00e7a sofrida em vida quando estava nu?<\/p>\n<p>Nas m\u00eddias mais sofisticadas, especialistas da ampla tem\u00e1tica em tela (psic\u00f3logos, soci\u00f3logos, fil\u00f3sofos, ocultistas) foram chamados para tentar elucidar as motiva\u00e7\u00f5es do homem nu, bem como a poss\u00edvel rela\u00e7\u00e3o do mesmo com o suposto fantasma fotografado \u00e0 noite.<\/p>\n<p>\u2014 Professor, ent\u00e3o o senhor acredita que isso possa ser uma manifesta\u00e7\u00e3o libert\u00e1ria, um grito de protesto frente \u00e0s regras castradoras e \u00e0s proibi\u00e7\u00f5es da civiliza\u00e7\u00e3o?<\/p>\n<p>\u2014 Sem d\u00favida, M\u00e1rcia! Freud j\u00e1 demonstrou que o conflito entre as regras sociais e as puls\u00f5es primitivas do homem se tornou a principal causa dos dist\u00farbios psicol\u00f3gicos e das frustra\u00e7\u00f5es humanas do nosso tempo.<\/p>\n<p>\u2014 E qual seria o objetivo mais \u00edntimo do homem nu atrav\u00e9s dessa corrida p\u00fablica desnuda, professor?<\/p>\n<p>\u2014 Acredito que o homem nu est\u00e1 nos dizendo que a verdadeira ess\u00eancia da felicidade somente ser\u00e1 alcan\u00e7ada quando todos estiverem despidos das suas m\u00e1scaras, das suas armaduras e tamb\u00e9m das roupas que nos afastam da natureza. Todos nus, inclusive voc\u00ea e eu!<\/p>\n<p>Nesse momento, consta que a entrevistadora arregalou os olhos e, imediatamente depois de um close na sua face ruborizada, a entrevista deu lugar aos comerciais do patrocinador, no caso, o chuveiro Corona.<\/p>\n<p>J\u00e1 em outras rodas mais voltadas ao ocultismo e \u00e0 religiosidade, analisava-se o fen\u00f4meno tendo como centro a apari\u00e7\u00e3o noturna do fantasma ap\u00f3s a corrida matutina do homem nu:<\/p>\n<p>\u2014 Com certeza, ele retornou durante o dia para complementar alguma miss\u00e3o pessoal importante que ficou pela metade e, depois, novamente desencarnou \u00e0 noite.<\/p>\n<p>Em meio \u00e0 efervesc\u00eancia dos debates entre os mun\u00edcipes e nos meios midi\u00e1ticos, milagrosamente, K conseguiu chegar \u00e0 pens\u00e3o onde residia sem ser interceptado ou questionado. Ladinamente, entrou pela janela do seu quarto que dava para um terreno baldio.<\/p>\n<p>\u2014 Bendita janela que nunca consegui travar direito, pensou, agradecido \u00e0 falta de cuidados com o im\u00f3vel por parte da dona da pens\u00e3o.<\/p>\n<p>De pronto, colocou o len\u00e7ol furado no roupeiro, tomou um banho demorado e uma ta\u00e7a de vinho, mergulhando em seguida na cama. Logo apagou e sonhou a noite inteira com Naomi.<\/p>\n<p>No dia seguinte ao se encontrarem na escola, K e Naomi olharam-se com um misto de culpa, al\u00edvio e doce cumplicidade.<\/p>\n<p>Com os olhos brilhando e um tom de voz afrodis\u00edaco, a diretora falou:<\/p>\n<p>\u2014 Professor K, a sua palestra sobre literatura latino-americana come\u00e7a em quinze minutos!<\/p>\n<p>\u2014 E assim chegamos ao fim da hist\u00f3ria, meu amigo! Gostou?<\/p>\n<p>\u2014 Puxa, adorei, seu Oleg\u00e1rio, sensacional! Mas j\u00e1 acabou?<\/p>\n<p>\u2014 Isso \u00e9 tudo que eu posso contar!<\/p>\n<p>\u2014 Entendo, \u00e9 que eu gostaria de saber como evoluiu o caso entre o professor K e a diretora Naomi&#8230;<\/p>\n<p>\u2014 Sei, mas deixo isso para a sua imagina\u00e7\u00e3o, caso o amigo decida escrever essa hist\u00f3ria. Obrigado pelo livro e por escutar esse velho recluso.<\/p>\n<p>Levantei, peguei os litros de vinho que havia comprado, abracei seu Oleg\u00e1rio e falei:<\/p>\n<p>\u2014 Agrade\u00e7o de cora\u00e7\u00e3o os vinhos, a hist\u00f3ria e a sua preciosa amizade, seu Oleg\u00e1rio! Considere-me um amigo e um fregu\u00eas permanente do seu estabelecimento.<\/p>\n<p>Quando eu sa\u00eda da adega, cruzei na porta com uma senhora de fei\u00e7\u00f5es orientais.<\/p>\n<p>Curioso, perguntei sobre ela para dois idosos fregueses do estabelecimento que conversavam na cal\u00e7ada.<\/p>\n<p>\u2014 \u00c9 a dona Midori, foi diretora da maior escola da cidade at\u00e9 se aposentar.<\/p>\n<p>\u2014 Foi colega do Oleg\u00e1rio, ele tamb\u00e9m foi professor nessa escola.<\/p>\n<p>\u2014 Hum&#8230; e eles s\u00e3o amigos ou algo mais?<\/p>\n<p>Os dois riram, e um deles falou:<\/p>\n<p>\u2014 Ele sempre foi solteiro e ela se separou do marido logo depois da hist\u00f3ria do fantasma pelad\u00e3o que assombrou a cidade h\u00e1 muitos anos.<\/p>\n<p>\u2014Eles nunca se casaram e moram separados, mas s\u00e3o como unha e carne!<\/p>\n<p>\u2014 Uma \u00faltima curiosidade, voc\u00eas sabem o sobrenome do seu Oleg\u00e1rio?<\/p>\n<p>\u2014 \u00c9 Kaminski, respondeu um dos meus interlocutores.<\/p>\n<p>Agradeci a prosa e, sorrindo, pensei:<\/p>\n<p>\u2014 Que hist\u00f3ria, vou escrev\u00ea-la tomando um desses vinhos maravilhosos&#8230; e, \u00e9 claro, vou omitir a cidade e tamb\u00e9m dar nomes fict\u00edcios aos personagens e \u00e0 adega. Seu segredo continuar\u00e1 seguro, amigo Oleg\u00e1rio!<\/p>\n<p><strong>\u2026\u2026\u2026\u2026\u2026\u2026\u2026\u2026\u2026\u2026\u2026\u2026\u2026\u2026<\/strong><\/p>\n<p><strong>Compre aqui o livro\u00a0<em>A felicidade e os ris\u00edveis amores de todos n\u00f3s:<\/em><\/strong><\/p>\n<p><strong>.<a href=\"https:\/\/www.estantevirtual.com.br\/livro\/a-felicidade-e-os-risiveis-amores-de-todos-nos-O4P-6970-000\">https:\/\/www.estantevirtual.com.br\/livro\/a-felicidade-e-os-risiveis-amores-de-todos-nos-O4P-6970-000<\/a><\/strong><\/p>\n","protected":false},"excerpt":{"rendered":"<p>Vou compartilhar uma hist\u00f3ria em que, a exemplo de outras j\u00e1 brilhantemente narradas pelo meu amigo escritor Plinio Pav\u00e3o, &#8220;n\u00e3o existem motivos para duvidar da veracidade da narrativa ou da idoneidade de quem me contou&#8221;. Estava eu a trabalho em uma comunidade metropolitana da grande S\u00e3o Paulo, quando avistei no centro da cidade a &#8220;Adega [&hellip;]<\/p>\n","protected":false},"author":21,"featured_media":392809,"comment_status":"closed","ping_status":"closed","sticky":false,"template":"","format":"standard","meta":{"_acf_changed":false,"footnotes":""},"categories":[234],"tags":[],"class_list":["post-392808","post","type-post","status-publish","format-standard","has-post-thumbnail","hentry","category-cafe-literario"],"acf":[],"yoast_head":"<!-- This site is optimized with the Yoast SEO plugin v27.2 - https:\/\/yoast.com\/product\/yoast-seo-wordpress\/ -->\n<title>O homem nu, o fantasma e o mal-estar na civiliza\u00e7\u00e3o - Notibras<\/title>\n<meta name=\"robots\" content=\"index, follow, max-snippet:-1, max-image-preview:large, max-video-preview:-1\" \/>\n<link rel=\"canonical\" href=\"https:\/\/www.notibras.com\/site\/o-homem-nu-o-fantasma-e-o-mal-estar-na-civilizacao\/\" \/>\n<meta property=\"og:locale\" content=\"pt_BR\" \/>\n<meta property=\"og:type\" content=\"article\" \/>\n<meta property=\"og:title\" content=\"O homem nu, o fantasma e o mal-estar na civiliza\u00e7\u00e3o - Notibras\" \/>\n<meta property=\"og:description\" content=\"Vou compartilhar uma hist\u00f3ria em que, a exemplo de outras j\u00e1 brilhantemente narradas pelo meu amigo escritor Plinio Pav\u00e3o, &#8220;n\u00e3o existem motivos para duvidar da veracidade da narrativa ou da idoneidade de quem me contou&#8221;. Estava eu a trabalho em uma comunidade metropolitana da grande S\u00e3o Paulo, quando avistei no centro da cidade a &#8220;Adega [&hellip;]\" \/>\n<meta property=\"og:url\" content=\"https:\/\/www.notibras.com\/site\/o-homem-nu-o-fantasma-e-o-mal-estar-na-civilizacao\/\" \/>\n<meta property=\"og:site_name\" content=\"Notibras\" \/>\n<meta property=\"article:publisher\" content=\"https:\/\/www.facebook.com\/notibras\/\" \/>\n<meta property=\"article:published_time\" content=\"2026-04-30T04:15:55+00:00\" \/>\n<meta property=\"og:image\" content=\"https:\/\/www.notibras.com\/site\/wp-content\/uploads\/2026\/04\/WhatsApp-Image-2026-04-28-at-10.59.25.jpeg\" \/>\n\t<meta property=\"og:image:width\" content=\"1277\" \/>\n\t<meta property=\"og:image:height\" content=\"768\" \/>\n\t<meta property=\"og:image:type\" content=\"image\/jpeg\" \/>\n<meta name=\"author\" content=\"Eduardo Mart\u00ednez\" \/>\n<meta name=\"twitter:card\" content=\"summary_large_image\" \/>\n<meta name=\"twitter:creator\" content=\"@Notibras\" \/>\n<meta name=\"twitter:site\" content=\"@Notibras\" \/>\n<meta name=\"twitter:label1\" content=\"Escrito por\" \/>\n\t<meta name=\"twitter:data1\" content=\"Eduardo Mart\u00ednez\" \/>\n\t<meta name=\"twitter:label2\" content=\"Est. tempo de leitura\" \/>\n\t<meta name=\"twitter:data2\" content=\"13 minutos\" \/>\n<script type=\"application\/ld+json\" class=\"yoast-schema-graph\">{\"@context\":\"https:\/\/schema.org\",\"@graph\":[{\"@type\":\"Article\",\"@id\":\"https:\/\/www.notibras.com\/site\/o-homem-nu-o-fantasma-e-o-mal-estar-na-civilizacao\/#article\",\"isPartOf\":{\"@id\":\"https:\/\/www.notibras.com\/site\/o-homem-nu-o-fantasma-e-o-mal-estar-na-civilizacao\/\"},\"author\":{\"name\":\"Eduardo Mart\u00ednez\",\"@id\":\"https:\/\/www.notibras.com\/site\/#\/schema\/person\/5b7fabf2aedc3ada2105f03b22b4d3dd\"},\"headline\":\"O homem nu, o fantasma e o mal-estar na civiliza\u00e7\u00e3o\",\"datePublished\":\"2026-04-30T04:15:55+00:00\",\"mainEntityOfPage\":{\"@id\":\"https:\/\/www.notibras.com\/site\/o-homem-nu-o-fantasma-e-o-mal-estar-na-civilizacao\/\"},\"wordCount\":2370,\"publisher\":{\"@id\":\"https:\/\/www.notibras.com\/site\/#organization\"},\"image\":{\"@id\":\"https:\/\/www.notibras.com\/site\/o-homem-nu-o-fantasma-e-o-mal-estar-na-civilizacao\/#primaryimage\"},\"thumbnailUrl\":\"https:\/\/www.notibras.com\/site\/wp-content\/uploads\/2026\/04\/WhatsApp-Image-2026-04-28-at-10.59.25.jpeg\",\"articleSection\":[\"Caf\u00e9 Liter\u00e1rio\"],\"inLanguage\":\"pt-BR\"},{\"@type\":\"WebPage\",\"@id\":\"https:\/\/www.notibras.com\/site\/o-homem-nu-o-fantasma-e-o-mal-estar-na-civilizacao\/\",\"url\":\"https:\/\/www.notibras.com\/site\/o-homem-nu-o-fantasma-e-o-mal-estar-na-civilizacao\/\",\"name\":\"O homem nu, o fantasma e o mal-estar na civiliza\u00e7\u00e3o - Notibras\",\"isPartOf\":{\"@id\":\"https:\/\/www.notibras.com\/site\/#website\"},\"primaryImageOfPage\":{\"@id\":\"https:\/\/www.notibras.com\/site\/o-homem-nu-o-fantasma-e-o-mal-estar-na-civilizacao\/#primaryimage\"},\"image\":{\"@id\":\"https:\/\/www.notibras.com\/site\/o-homem-nu-o-fantasma-e-o-mal-estar-na-civilizacao\/#primaryimage\"},\"thumbnailUrl\":\"https:\/\/www.notibras.com\/site\/wp-content\/uploads\/2026\/04\/WhatsApp-Image-2026-04-28-at-10.59.25.jpeg\",\"datePublished\":\"2026-04-30T04:15:55+00:00\",\"breadcrumb\":{\"@id\":\"https:\/\/www.notibras.com\/site\/o-homem-nu-o-fantasma-e-o-mal-estar-na-civilizacao\/#breadcrumb\"},\"inLanguage\":\"pt-BR\",\"potentialAction\":[{\"@type\":\"ReadAction\",\"target\":[\"https:\/\/www.notibras.com\/site\/o-homem-nu-o-fantasma-e-o-mal-estar-na-civilizacao\/\"]}]},{\"@type\":\"ImageObject\",\"inLanguage\":\"pt-BR\",\"@id\":\"https:\/\/www.notibras.com\/site\/o-homem-nu-o-fantasma-e-o-mal-estar-na-civilizacao\/#primaryimage\",\"url\":\"https:\/\/www.notibras.com\/site\/wp-content\/uploads\/2026\/04\/WhatsApp-Image-2026-04-28-at-10.59.25.jpeg\",\"contentUrl\":\"https:\/\/www.notibras.com\/site\/wp-content\/uploads\/2026\/04\/WhatsApp-Image-2026-04-28-at-10.59.25.jpeg\",\"width\":1277,\"height\":768},{\"@type\":\"BreadcrumbList\",\"@id\":\"https:\/\/www.notibras.com\/site\/o-homem-nu-o-fantasma-e-o-mal-estar-na-civilizacao\/#breadcrumb\",\"itemListElement\":[{\"@type\":\"ListItem\",\"position\":1,\"name\":\"In\u00edcio\",\"item\":\"https:\/\/www.notibras.com\/site\/\"},{\"@type\":\"ListItem\",\"position\":2,\"name\":\"O homem nu, o fantasma e o mal-estar na civiliza\u00e7\u00e3o\"}]},{\"@type\":\"WebSite\",\"@id\":\"https:\/\/www.notibras.com\/site\/#website\",\"url\":\"https:\/\/www.notibras.com\/site\/\",\"name\":\"Notibras\",\"description\":\"Not\u00edcias de Bras\u00edlia, do Brasil e do Mundo\",\"publisher\":{\"@id\":\"https:\/\/www.notibras.com\/site\/#organization\"},\"potentialAction\":[{\"@type\":\"SearchAction\",\"target\":{\"@type\":\"EntryPoint\",\"urlTemplate\":\"https:\/\/www.notibras.com\/site\/?s={search_term_string}\"},\"query-input\":{\"@type\":\"PropertyValueSpecification\",\"valueRequired\":true,\"valueName\":\"search_term_string\"}}],\"inLanguage\":\"pt-BR\"},{\"@type\":\"Organization\",\"@id\":\"https:\/\/www.notibras.com\/site\/#organization\",\"name\":\"Grupo Notibras de Comunica\u00e7\u00e3o\",\"url\":\"https:\/\/www.notibras.com\/site\/\",\"logo\":{\"@type\":\"ImageObject\",\"inLanguage\":\"pt-BR\",\"@id\":\"https:\/\/www.notibras.com\/site\/#\/schema\/logo\/image\/\",\"url\":\"https:\/\/www.notibras.com\/site\/wp-content\/uploads\/2023\/01\/notibras23.png\",\"contentUrl\":\"https:\/\/www.notibras.com\/site\/wp-content\/uploads\/2023\/01\/notibras23.png\",\"width\":350,\"height\":87,\"caption\":\"Grupo Notibras de Comunica\u00e7\u00e3o\"},\"image\":{\"@id\":\"https:\/\/www.notibras.com\/site\/#\/schema\/logo\/image\/\"},\"sameAs\":[\"https:\/\/www.facebook.com\/notibras\/\",\"https:\/\/x.com\/Notibras\",\"https:\/\/www.instagram.com\/notibras\/\"]},{\"@type\":\"Person\",\"@id\":\"https:\/\/www.notibras.com\/site\/#\/schema\/person\/5b7fabf2aedc3ada2105f03b22b4d3dd\",\"name\":\"Eduardo Mart\u00ednez\",\"image\":{\"@type\":\"ImageObject\",\"inLanguage\":\"pt-BR\",\"@id\":\"https:\/\/secure.gravatar.com\/avatar\/7902f906289926289cbcda644b5197c796b893c6ffd7b9a536a42d290f7704a0?s=96&d=mm&r=g\",\"url\":\"https:\/\/secure.gravatar.com\/avatar\/7902f906289926289cbcda644b5197c796b893c6ffd7b9a536a42d290f7704a0?s=96&d=mm&r=g\",\"contentUrl\":\"https:\/\/secure.gravatar.com\/avatar\/7902f906289926289cbcda644b5197c796b893c6ffd7b9a536a42d290f7704a0?s=96&d=mm&r=g\",\"caption\":\"Eduardo Mart\u00ednez\"}}]}<\/script>\n<!-- \/ Yoast SEO plugin. -->","yoast_head_json":{"title":"O homem nu, o fantasma e o mal-estar na civiliza\u00e7\u00e3o - Notibras","robots":{"index":"index","follow":"follow","max-snippet":"max-snippet:-1","max-image-preview":"max-image-preview:large","max-video-preview":"max-video-preview:-1"},"canonical":"https:\/\/www.notibras.com\/site\/o-homem-nu-o-fantasma-e-o-mal-estar-na-civilizacao\/","og_locale":"pt_BR","og_type":"article","og_title":"O homem nu, o fantasma e o mal-estar na civiliza\u00e7\u00e3o - Notibras","og_description":"Vou compartilhar uma hist\u00f3ria em que, a exemplo de outras j\u00e1 brilhantemente narradas pelo meu amigo escritor Plinio Pav\u00e3o, &#8220;n\u00e3o existem motivos para duvidar da veracidade da narrativa ou da idoneidade de quem me contou&#8221;. Estava eu a trabalho em uma comunidade metropolitana da grande S\u00e3o Paulo, quando avistei no centro da cidade a &#8220;Adega [&hellip;]","og_url":"https:\/\/www.notibras.com\/site\/o-homem-nu-o-fantasma-e-o-mal-estar-na-civilizacao\/","og_site_name":"Notibras","article_publisher":"https:\/\/www.facebook.com\/notibras\/","article_published_time":"2026-04-30T04:15:55+00:00","og_image":[{"width":1277,"height":768,"url":"https:\/\/www.notibras.com\/site\/wp-content\/uploads\/2026\/04\/WhatsApp-Image-2026-04-28-at-10.59.25.jpeg","type":"image\/jpeg"}],"author":"Eduardo Mart\u00ednez","twitter_card":"summary_large_image","twitter_creator":"@Notibras","twitter_site":"@Notibras","twitter_misc":{"Escrito por":"Eduardo Mart\u00ednez","Est. tempo de leitura":"13 minutos"},"schema":{"@context":"https:\/\/schema.org","@graph":[{"@type":"Article","@id":"https:\/\/www.notibras.com\/site\/o-homem-nu-o-fantasma-e-o-mal-estar-na-civilizacao\/#article","isPartOf":{"@id":"https:\/\/www.notibras.com\/site\/o-homem-nu-o-fantasma-e-o-mal-estar-na-civilizacao\/"},"author":{"name":"Eduardo Mart\u00ednez","@id":"https:\/\/www.notibras.com\/site\/#\/schema\/person\/5b7fabf2aedc3ada2105f03b22b4d3dd"},"headline":"O homem nu, o fantasma e o mal-estar na civiliza\u00e7\u00e3o","datePublished":"2026-04-30T04:15:55+00:00","mainEntityOfPage":{"@id":"https:\/\/www.notibras.com\/site\/o-homem-nu-o-fantasma-e-o-mal-estar-na-civilizacao\/"},"wordCount":2370,"publisher":{"@id":"https:\/\/www.notibras.com\/site\/#organization"},"image":{"@id":"https:\/\/www.notibras.com\/site\/o-homem-nu-o-fantasma-e-o-mal-estar-na-civilizacao\/#primaryimage"},"thumbnailUrl":"https:\/\/www.notibras.com\/site\/wp-content\/uploads\/2026\/04\/WhatsApp-Image-2026-04-28-at-10.59.25.jpeg","articleSection":["Caf\u00e9 Liter\u00e1rio"],"inLanguage":"pt-BR"},{"@type":"WebPage","@id":"https:\/\/www.notibras.com\/site\/o-homem-nu-o-fantasma-e-o-mal-estar-na-civilizacao\/","url":"https:\/\/www.notibras.com\/site\/o-homem-nu-o-fantasma-e-o-mal-estar-na-civilizacao\/","name":"O homem nu, o fantasma e o mal-estar na civiliza\u00e7\u00e3o - Notibras","isPartOf":{"@id":"https:\/\/www.notibras.com\/site\/#website"},"primaryImageOfPage":{"@id":"https:\/\/www.notibras.com\/site\/o-homem-nu-o-fantasma-e-o-mal-estar-na-civilizacao\/#primaryimage"},"image":{"@id":"https:\/\/www.notibras.com\/site\/o-homem-nu-o-fantasma-e-o-mal-estar-na-civilizacao\/#primaryimage"},"thumbnailUrl":"https:\/\/www.notibras.com\/site\/wp-content\/uploads\/2026\/04\/WhatsApp-Image-2026-04-28-at-10.59.25.jpeg","datePublished":"2026-04-30T04:15:55+00:00","breadcrumb":{"@id":"https:\/\/www.notibras.com\/site\/o-homem-nu-o-fantasma-e-o-mal-estar-na-civilizacao\/#breadcrumb"},"inLanguage":"pt-BR","potentialAction":[{"@type":"ReadAction","target":["https:\/\/www.notibras.com\/site\/o-homem-nu-o-fantasma-e-o-mal-estar-na-civilizacao\/"]}]},{"@type":"ImageObject","inLanguage":"pt-BR","@id":"https:\/\/www.notibras.com\/site\/o-homem-nu-o-fantasma-e-o-mal-estar-na-civilizacao\/#primaryimage","url":"https:\/\/www.notibras.com\/site\/wp-content\/uploads\/2026\/04\/WhatsApp-Image-2026-04-28-at-10.59.25.jpeg","contentUrl":"https:\/\/www.notibras.com\/site\/wp-content\/uploads\/2026\/04\/WhatsApp-Image-2026-04-28-at-10.59.25.jpeg","width":1277,"height":768},{"@type":"BreadcrumbList","@id":"https:\/\/www.notibras.com\/site\/o-homem-nu-o-fantasma-e-o-mal-estar-na-civilizacao\/#breadcrumb","itemListElement":[{"@type":"ListItem","position":1,"name":"In\u00edcio","item":"https:\/\/www.notibras.com\/site\/"},{"@type":"ListItem","position":2,"name":"O homem nu, o fantasma e o mal-estar na civiliza\u00e7\u00e3o"}]},{"@type":"WebSite","@id":"https:\/\/www.notibras.com\/site\/#website","url":"https:\/\/www.notibras.com\/site\/","name":"Notibras","description":"Not\u00edcias de Bras\u00edlia, do Brasil e do Mundo","publisher":{"@id":"https:\/\/www.notibras.com\/site\/#organization"},"potentialAction":[{"@type":"SearchAction","target":{"@type":"EntryPoint","urlTemplate":"https:\/\/www.notibras.com\/site\/?s={search_term_string}"},"query-input":{"@type":"PropertyValueSpecification","valueRequired":true,"valueName":"search_term_string"}}],"inLanguage":"pt-BR"},{"@type":"Organization","@id":"https:\/\/www.notibras.com\/site\/#organization","name":"Grupo Notibras de Comunica\u00e7\u00e3o","url":"https:\/\/www.notibras.com\/site\/","logo":{"@type":"ImageObject","inLanguage":"pt-BR","@id":"https:\/\/www.notibras.com\/site\/#\/schema\/logo\/image\/","url":"https:\/\/www.notibras.com\/site\/wp-content\/uploads\/2023\/01\/notibras23.png","contentUrl":"https:\/\/www.notibras.com\/site\/wp-content\/uploads\/2023\/01\/notibras23.png","width":350,"height":87,"caption":"Grupo Notibras de Comunica\u00e7\u00e3o"},"image":{"@id":"https:\/\/www.notibras.com\/site\/#\/schema\/logo\/image\/"},"sameAs":["https:\/\/www.facebook.com\/notibras\/","https:\/\/x.com\/Notibras","https:\/\/www.instagram.com\/notibras\/"]},{"@type":"Person","@id":"https:\/\/www.notibras.com\/site\/#\/schema\/person\/5b7fabf2aedc3ada2105f03b22b4d3dd","name":"Eduardo Mart\u00ednez","image":{"@type":"ImageObject","inLanguage":"pt-BR","@id":"https:\/\/secure.gravatar.com\/avatar\/7902f906289926289cbcda644b5197c796b893c6ffd7b9a536a42d290f7704a0?s=96&d=mm&r=g","url":"https:\/\/secure.gravatar.com\/avatar\/7902f906289926289cbcda644b5197c796b893c6ffd7b9a536a42d290f7704a0?s=96&d=mm&r=g","contentUrl":"https:\/\/secure.gravatar.com\/avatar\/7902f906289926289cbcda644b5197c796b893c6ffd7b9a536a42d290f7704a0?s=96&d=mm&r=g","caption":"Eduardo Mart\u00ednez"}}]}},"amp_enabled":true,"_links":{"self":[{"href":"https:\/\/www.notibras.com\/site\/wp-json\/wp\/v2\/posts\/392808","targetHints":{"allow":["GET"]}}],"collection":[{"href":"https:\/\/www.notibras.com\/site\/wp-json\/wp\/v2\/posts"}],"about":[{"href":"https:\/\/www.notibras.com\/site\/wp-json\/wp\/v2\/types\/post"}],"author":[{"embeddable":true,"href":"https:\/\/www.notibras.com\/site\/wp-json\/wp\/v2\/users\/21"}],"replies":[{"embeddable":true,"href":"https:\/\/www.notibras.com\/site\/wp-json\/wp\/v2\/comments?post=392808"}],"version-history":[{"count":2,"href":"https:\/\/www.notibras.com\/site\/wp-json\/wp\/v2\/posts\/392808\/revisions"}],"predecessor-version":[{"id":392811,"href":"https:\/\/www.notibras.com\/site\/wp-json\/wp\/v2\/posts\/392808\/revisions\/392811"}],"wp:featuredmedia":[{"embeddable":true,"href":"https:\/\/www.notibras.com\/site\/wp-json\/wp\/v2\/media\/392809"}],"wp:attachment":[{"href":"https:\/\/www.notibras.com\/site\/wp-json\/wp\/v2\/media?parent=392808"}],"wp:term":[{"taxonomy":"category","embeddable":true,"href":"https:\/\/www.notibras.com\/site\/wp-json\/wp\/v2\/categories?post=392808"},{"taxonomy":"post_tag","embeddable":true,"href":"https:\/\/www.notibras.com\/site\/wp-json\/wp\/v2\/tags?post=392808"}],"curies":[{"name":"wp","href":"https:\/\/api.w.org\/{rel}","templated":true}]}}