{"id":392822,"date":"2026-04-29T01:00:02","date_gmt":"2026-04-29T04:00:02","guid":{"rendered":"https:\/\/www.notibras.com\/site\/?p=392822"},"modified":"2026-04-28T14:42:54","modified_gmt":"2026-04-28T17:42:54","slug":"cores-de-almodovar-cores-de-frida-kahlo","status":"publish","type":"post","link":"https:\/\/www.notibras.com\/site\/cores-de-almodovar-cores-de-frida-kahlo\/","title":{"rendered":"Cores de Almod\u00f3var. Cores de Frida Kahlo"},"content":{"rendered":"<p>Ao apagar das luzes, silencio<br \/>\nDa tela para o quadro<br \/>\nGanho vida em outros mundos<\/p>\n<p>Sonhos em IA<br \/>\nou realidade paralela?<br \/>\n\u00c0 um simples toque de Morpheus<br \/>\nUno-versos e me desafio<\/p>\n<p>Na fase REM: adentro, com prazer,<br \/>\numa pintura<br \/>\n&#8220;O que h\u00e1 no backstage?&#8221;, me pergunto<\/p>\n<p>Mas por tr\u00e1s da tela<br \/>\nUm mundo n\u00e3o muito diferente do nosso<br \/>\nCom outras personas<br \/>\n<strong>E cores que nem sei o nome*<\/strong><\/p>\n<p style=\"text-align: center;\"><strong>(&#8220;Cores de Almod\u00f3var<\/strong><br \/>\n<strong>Cores de Frida Kahlo&#8221;)<\/strong><\/p>\n<p style=\"text-align: left;\">Aqui encontro, tesouros imortais<br \/>\nE n\u00e3o s\u00f3 ao fim do arco-\u00edris<br \/>\nSinfonia serena e perene<br \/>\nAo TODO, uma dan\u00e7a sem palavras &amp; ru\u00eddo<\/p>\n<p>Que presente!<\/p>\n<p>E no desenrolar das cenas e cap\u00edtulos<br \/>\nUma realidade mais flu\u00edda<br \/>\nQue nenhuma IA, ainda, poderia prever<\/p>\n<p><strong>&#8230;&#8230;&#8230;&#8230;&#8230;..<\/strong><\/p>\n<p><strong>*Versos de Adriana Calcanhotto, em &#8220;Esquadros&#8221;.<\/strong><\/p>\n","protected":false},"excerpt":{"rendered":"<p>Ao apagar das luzes, silencio Da tela para o quadro Ganho vida em outros mundos Sonhos em IA ou realidade paralela? \u00c0 um simples toque de Morpheus Uno-versos e me desafio Na fase REM: adentro, com prazer, uma pintura &#8220;O que h\u00e1 no backstage?&#8221;, me pergunto Mas por tr\u00e1s da tela Um mundo n\u00e3o muito [&hellip;]<\/p>\n","protected":false},"author":21,"featured_media":392823,"comment_status":"closed","ping_status":"closed","sticky":false,"template":"","format":"standard","meta":{"_acf_changed":false,"footnotes":""},"categories":[234],"tags":[],"class_list":["post-392822","post","type-post","status-publish","format-standard","has-post-thumbnail","hentry","category-cafe-literario"],"acf":[],"yoast_head":"<!-- This site is optimized with the Yoast SEO plugin v27.2 - https:\/\/yoast.com\/product\/yoast-seo-wordpress\/ -->\n<title>Cores de Almod\u00f3var. Cores de Frida Kahlo - Notibras<\/title>\n<meta name=\"robots\" content=\"index, follow, max-snippet:-1, max-image-preview:large, max-video-preview:-1\" \/>\n<link rel=\"canonical\" href=\"https:\/\/www.notibras.com\/site\/cores-de-almodovar-cores-de-frida-kahlo\/\" \/>\n<meta property=\"og:locale\" content=\"pt_BR\" \/>\n<meta property=\"og:type\" content=\"article\" \/>\n<meta property=\"og:title\" content=\"Cores de Almod\u00f3var. Cores de Frida Kahlo - Notibras\" \/>\n<meta property=\"og:description\" content=\"Ao apagar das luzes, silencio Da tela para o quadro Ganho vida em outros mundos Sonhos em IA ou realidade paralela? \u00c0 um simples toque de Morpheus Uno-versos e me desafio Na fase REM: adentro, com prazer, uma pintura &#8220;O que h\u00e1 no backstage?&#8221;, me pergunto Mas por tr\u00e1s da tela Um mundo n\u00e3o muito [&hellip;]\" \/>\n<meta property=\"og:url\" content=\"https:\/\/www.notibras.com\/site\/cores-de-almodovar-cores-de-frida-kahlo\/\" \/>\n<meta property=\"og:site_name\" content=\"Notibras\" \/>\n<meta property=\"article:publisher\" content=\"https:\/\/www.facebook.com\/notibras\/\" \/>\n<meta property=\"article:published_time\" content=\"2026-04-29T04:00:02+00:00\" \/>\n<meta property=\"og:image\" content=\"https:\/\/www.notibras.com\/site\/wp-content\/uploads\/2026\/04\/WhatsApp-Image-2026-04-28-at-14.36.45.jpeg\" \/>\n\t<meta property=\"og:image:width\" content=\"1280\" \/>\n\t<meta property=\"og:image:height\" content=\"750\" \/>\n\t<meta property=\"og:image:type\" content=\"image\/jpeg\" \/>\n<meta name=\"author\" content=\"Eduardo Mart\u00ednez\" \/>\n<meta name=\"twitter:card\" content=\"summary_large_image\" \/>\n<meta name=\"twitter:creator\" content=\"@Notibras\" \/>\n<meta name=\"twitter:site\" content=\"@Notibras\" \/>\n<meta name=\"twitter:label1\" content=\"Escrito por\" \/>\n\t<meta name=\"twitter:data1\" content=\"Eduardo Mart\u00ednez\" \/>\n\t<meta name=\"twitter:label2\" content=\"Est. tempo de leitura\" \/>\n\t<meta name=\"twitter:data2\" content=\"1 minuto\" \/>\n<script type=\"application\/ld+json\" class=\"yoast-schema-graph\">{\"@context\":\"https:\/\/schema.org\",\"@graph\":[{\"@type\":\"Article\",\"@id\":\"https:\/\/www.notibras.com\/site\/cores-de-almodovar-cores-de-frida-kahlo\/#article\",\"isPartOf\":{\"@id\":\"https:\/\/www.notibras.com\/site\/cores-de-almodovar-cores-de-frida-kahlo\/\"},\"author\":{\"name\":\"Eduardo Mart\u00ednez\",\"@id\":\"https:\/\/www.notibras.com\/site\/#\/schema\/person\/5b7fabf2aedc3ada2105f03b22b4d3dd\"},\"headline\":\"Cores de Almod\u00f3var. Cores de Frida Kahlo\",\"datePublished\":\"2026-04-29T04:00:02+00:00\",\"mainEntityOfPage\":{\"@id\":\"https:\/\/www.notibras.com\/site\/cores-de-almodovar-cores-de-frida-kahlo\/\"},\"wordCount\":139,\"publisher\":{\"@id\":\"https:\/\/www.notibras.com\/site\/#organization\"},\"image\":{\"@id\":\"https:\/\/www.notibras.com\/site\/cores-de-almodovar-cores-de-frida-kahlo\/#primaryimage\"},\"thumbnailUrl\":\"https:\/\/www.notibras.com\/site\/wp-content\/uploads\/2026\/04\/WhatsApp-Image-2026-04-28-at-14.36.45.jpeg\",\"articleSection\":[\"Caf\u00e9 Liter\u00e1rio\"],\"inLanguage\":\"pt-BR\"},{\"@type\":\"WebPage\",\"@id\":\"https:\/\/www.notibras.com\/site\/cores-de-almodovar-cores-de-frida-kahlo\/\",\"url\":\"https:\/\/www.notibras.com\/site\/cores-de-almodovar-cores-de-frida-kahlo\/\",\"name\":\"Cores de Almod\u00f3var. Cores de Frida Kahlo - Notibras\",\"isPartOf\":{\"@id\":\"https:\/\/www.notibras.com\/site\/#website\"},\"primaryImageOfPage\":{\"@id\":\"https:\/\/www.notibras.com\/site\/cores-de-almodovar-cores-de-frida-kahlo\/#primaryimage\"},\"image\":{\"@id\":\"https:\/\/www.notibras.com\/site\/cores-de-almodovar-cores-de-frida-kahlo\/#primaryimage\"},\"thumbnailUrl\":\"https:\/\/www.notibras.com\/site\/wp-content\/uploads\/2026\/04\/WhatsApp-Image-2026-04-28-at-14.36.45.jpeg\",\"datePublished\":\"2026-04-29T04:00:02+00:00\",\"breadcrumb\":{\"@id\":\"https:\/\/www.notibras.com\/site\/cores-de-almodovar-cores-de-frida-kahlo\/#breadcrumb\"},\"inLanguage\":\"pt-BR\",\"potentialAction\":[{\"@type\":\"ReadAction\",\"target\":[\"https:\/\/www.notibras.com\/site\/cores-de-almodovar-cores-de-frida-kahlo\/\"]}]},{\"@type\":\"ImageObject\",\"inLanguage\":\"pt-BR\",\"@id\":\"https:\/\/www.notibras.com\/site\/cores-de-almodovar-cores-de-frida-kahlo\/#primaryimage\",\"url\":\"https:\/\/www.notibras.com\/site\/wp-content\/uploads\/2026\/04\/WhatsApp-Image-2026-04-28-at-14.36.45.jpeg\",\"contentUrl\":\"https:\/\/www.notibras.com\/site\/wp-content\/uploads\/2026\/04\/WhatsApp-Image-2026-04-28-at-14.36.45.jpeg\",\"width\":1280,\"height\":750},{\"@type\":\"BreadcrumbList\",\"@id\":\"https:\/\/www.notibras.com\/site\/cores-de-almodovar-cores-de-frida-kahlo\/#breadcrumb\",\"itemListElement\":[{\"@type\":\"ListItem\",\"position\":1,\"name\":\"In\u00edcio\",\"item\":\"https:\/\/www.notibras.com\/site\/\"},{\"@type\":\"ListItem\",\"position\":2,\"name\":\"Cores de Almod\u00f3var. Cores de Frida Kahlo\"}]},{\"@type\":\"WebSite\",\"@id\":\"https:\/\/www.notibras.com\/site\/#website\",\"url\":\"https:\/\/www.notibras.com\/site\/\",\"name\":\"Notibras\",\"description\":\"Not\u00edcias de Bras\u00edlia, do Brasil e do Mundo\",\"publisher\":{\"@id\":\"https:\/\/www.notibras.com\/site\/#organization\"},\"potentialAction\":[{\"@type\":\"SearchAction\",\"target\":{\"@type\":\"EntryPoint\",\"urlTemplate\":\"https:\/\/www.notibras.com\/site\/?s={search_term_string}\"},\"query-input\":{\"@type\":\"PropertyValueSpecification\",\"valueRequired\":true,\"valueName\":\"search_term_string\"}}],\"inLanguage\":\"pt-BR\"},{\"@type\":\"Organization\",\"@id\":\"https:\/\/www.notibras.com\/site\/#organization\",\"name\":\"Grupo Notibras de Comunica\u00e7\u00e3o\",\"url\":\"https:\/\/www.notibras.com\/site\/\",\"logo\":{\"@type\":\"ImageObject\",\"inLanguage\":\"pt-BR\",\"@id\":\"https:\/\/www.notibras.com\/site\/#\/schema\/logo\/image\/\",\"url\":\"https:\/\/www.notibras.com\/site\/wp-content\/uploads\/2023\/01\/notibras23.png\",\"contentUrl\":\"https:\/\/www.notibras.com\/site\/wp-content\/uploads\/2023\/01\/notibras23.png\",\"width\":350,\"height\":87,\"caption\":\"Grupo Notibras de Comunica\u00e7\u00e3o\"},\"image\":{\"@id\":\"https:\/\/www.notibras.com\/site\/#\/schema\/logo\/image\/\"},\"sameAs\":[\"https:\/\/www.facebook.com\/notibras\/\",\"https:\/\/x.com\/Notibras\",\"https:\/\/www.instagram.com\/notibras\/\"]},{\"@type\":\"Person\",\"@id\":\"https:\/\/www.notibras.com\/site\/#\/schema\/person\/5b7fabf2aedc3ada2105f03b22b4d3dd\",\"name\":\"Eduardo Mart\u00ednez\",\"image\":{\"@type\":\"ImageObject\",\"inLanguage\":\"pt-BR\",\"@id\":\"https:\/\/secure.gravatar.com\/avatar\/7902f906289926289cbcda644b5197c796b893c6ffd7b9a536a42d290f7704a0?s=96&d=mm&r=g\",\"url\":\"https:\/\/secure.gravatar.com\/avatar\/7902f906289926289cbcda644b5197c796b893c6ffd7b9a536a42d290f7704a0?s=96&d=mm&r=g\",\"contentUrl\":\"https:\/\/secure.gravatar.com\/avatar\/7902f906289926289cbcda644b5197c796b893c6ffd7b9a536a42d290f7704a0?s=96&d=mm&r=g\",\"caption\":\"Eduardo Mart\u00ednez\"}}]}<\/script>\n<!-- \/ Yoast SEO plugin. -->","yoast_head_json":{"title":"Cores de Almod\u00f3var. Cores de Frida Kahlo - Notibras","robots":{"index":"index","follow":"follow","max-snippet":"max-snippet:-1","max-image-preview":"max-image-preview:large","max-video-preview":"max-video-preview:-1"},"canonical":"https:\/\/www.notibras.com\/site\/cores-de-almodovar-cores-de-frida-kahlo\/","og_locale":"pt_BR","og_type":"article","og_title":"Cores de Almod\u00f3var. Cores de Frida Kahlo - Notibras","og_description":"Ao apagar das luzes, silencio Da tela para o quadro Ganho vida em outros mundos Sonhos em IA ou realidade paralela? \u00c0 um simples toque de Morpheus Uno-versos e me desafio Na fase REM: adentro, com prazer, uma pintura &#8220;O que h\u00e1 no backstage?&#8221;, me pergunto Mas por tr\u00e1s da tela Um mundo n\u00e3o muito [&hellip;]","og_url":"https:\/\/www.notibras.com\/site\/cores-de-almodovar-cores-de-frida-kahlo\/","og_site_name":"Notibras","article_publisher":"https:\/\/www.facebook.com\/notibras\/","article_published_time":"2026-04-29T04:00:02+00:00","og_image":[{"width":1280,"height":750,"url":"https:\/\/www.notibras.com\/site\/wp-content\/uploads\/2026\/04\/WhatsApp-Image-2026-04-28-at-14.36.45.jpeg","type":"image\/jpeg"}],"author":"Eduardo Mart\u00ednez","twitter_card":"summary_large_image","twitter_creator":"@Notibras","twitter_site":"@Notibras","twitter_misc":{"Escrito por":"Eduardo Mart\u00ednez","Est. tempo de leitura":"1 minuto"},"schema":{"@context":"https:\/\/schema.org","@graph":[{"@type":"Article","@id":"https:\/\/www.notibras.com\/site\/cores-de-almodovar-cores-de-frida-kahlo\/#article","isPartOf":{"@id":"https:\/\/www.notibras.com\/site\/cores-de-almodovar-cores-de-frida-kahlo\/"},"author":{"name":"Eduardo Mart\u00ednez","@id":"https:\/\/www.notibras.com\/site\/#\/schema\/person\/5b7fabf2aedc3ada2105f03b22b4d3dd"},"headline":"Cores de Almod\u00f3var. Cores de Frida Kahlo","datePublished":"2026-04-29T04:00:02+00:00","mainEntityOfPage":{"@id":"https:\/\/www.notibras.com\/site\/cores-de-almodovar-cores-de-frida-kahlo\/"},"wordCount":139,"publisher":{"@id":"https:\/\/www.notibras.com\/site\/#organization"},"image":{"@id":"https:\/\/www.notibras.com\/site\/cores-de-almodovar-cores-de-frida-kahlo\/#primaryimage"},"thumbnailUrl":"https:\/\/www.notibras.com\/site\/wp-content\/uploads\/2026\/04\/WhatsApp-Image-2026-04-28-at-14.36.45.jpeg","articleSection":["Caf\u00e9 Liter\u00e1rio"],"inLanguage":"pt-BR"},{"@type":"WebPage","@id":"https:\/\/www.notibras.com\/site\/cores-de-almodovar-cores-de-frida-kahlo\/","url":"https:\/\/www.notibras.com\/site\/cores-de-almodovar-cores-de-frida-kahlo\/","name":"Cores de Almod\u00f3var. Cores de Frida Kahlo - Notibras","isPartOf":{"@id":"https:\/\/www.notibras.com\/site\/#website"},"primaryImageOfPage":{"@id":"https:\/\/www.notibras.com\/site\/cores-de-almodovar-cores-de-frida-kahlo\/#primaryimage"},"image":{"@id":"https:\/\/www.notibras.com\/site\/cores-de-almodovar-cores-de-frida-kahlo\/#primaryimage"},"thumbnailUrl":"https:\/\/www.notibras.com\/site\/wp-content\/uploads\/2026\/04\/WhatsApp-Image-2026-04-28-at-14.36.45.jpeg","datePublished":"2026-04-29T04:00:02+00:00","breadcrumb":{"@id":"https:\/\/www.notibras.com\/site\/cores-de-almodovar-cores-de-frida-kahlo\/#breadcrumb"},"inLanguage":"pt-BR","potentialAction":[{"@type":"ReadAction","target":["https:\/\/www.notibras.com\/site\/cores-de-almodovar-cores-de-frida-kahlo\/"]}]},{"@type":"ImageObject","inLanguage":"pt-BR","@id":"https:\/\/www.notibras.com\/site\/cores-de-almodovar-cores-de-frida-kahlo\/#primaryimage","url":"https:\/\/www.notibras.com\/site\/wp-content\/uploads\/2026\/04\/WhatsApp-Image-2026-04-28-at-14.36.45.jpeg","contentUrl":"https:\/\/www.notibras.com\/site\/wp-content\/uploads\/2026\/04\/WhatsApp-Image-2026-04-28-at-14.36.45.jpeg","width":1280,"height":750},{"@type":"BreadcrumbList","@id":"https:\/\/www.notibras.com\/site\/cores-de-almodovar-cores-de-frida-kahlo\/#breadcrumb","itemListElement":[{"@type":"ListItem","position":1,"name":"In\u00edcio","item":"https:\/\/www.notibras.com\/site\/"},{"@type":"ListItem","position":2,"name":"Cores de Almod\u00f3var. Cores de Frida Kahlo"}]},{"@type":"WebSite","@id":"https:\/\/www.notibras.com\/site\/#website","url":"https:\/\/www.notibras.com\/site\/","name":"Notibras","description":"Not\u00edcias de Bras\u00edlia, do Brasil e do Mundo","publisher":{"@id":"https:\/\/www.notibras.com\/site\/#organization"},"potentialAction":[{"@type":"SearchAction","target":{"@type":"EntryPoint","urlTemplate":"https:\/\/www.notibras.com\/site\/?s={search_term_string}"},"query-input":{"@type":"PropertyValueSpecification","valueRequired":true,"valueName":"search_term_string"}}],"inLanguage":"pt-BR"},{"@type":"Organization","@id":"https:\/\/www.notibras.com\/site\/#organization","name":"Grupo Notibras de Comunica\u00e7\u00e3o","url":"https:\/\/www.notibras.com\/site\/","logo":{"@type":"ImageObject","inLanguage":"pt-BR","@id":"https:\/\/www.notibras.com\/site\/#\/schema\/logo\/image\/","url":"https:\/\/www.notibras.com\/site\/wp-content\/uploads\/2023\/01\/notibras23.png","contentUrl":"https:\/\/www.notibras.com\/site\/wp-content\/uploads\/2023\/01\/notibras23.png","width":350,"height":87,"caption":"Grupo Notibras de Comunica\u00e7\u00e3o"},"image":{"@id":"https:\/\/www.notibras.com\/site\/#\/schema\/logo\/image\/"},"sameAs":["https:\/\/www.facebook.com\/notibras\/","https:\/\/x.com\/Notibras","https:\/\/www.instagram.com\/notibras\/"]},{"@type":"Person","@id":"https:\/\/www.notibras.com\/site\/#\/schema\/person\/5b7fabf2aedc3ada2105f03b22b4d3dd","name":"Eduardo Mart\u00ednez","image":{"@type":"ImageObject","inLanguage":"pt-BR","@id":"https:\/\/secure.gravatar.com\/avatar\/7902f906289926289cbcda644b5197c796b893c6ffd7b9a536a42d290f7704a0?s=96&d=mm&r=g","url":"https:\/\/secure.gravatar.com\/avatar\/7902f906289926289cbcda644b5197c796b893c6ffd7b9a536a42d290f7704a0?s=96&d=mm&r=g","contentUrl":"https:\/\/secure.gravatar.com\/avatar\/7902f906289926289cbcda644b5197c796b893c6ffd7b9a536a42d290f7704a0?s=96&d=mm&r=g","caption":"Eduardo Mart\u00ednez"}}]}},"amp_enabled":true,"_links":{"self":[{"href":"https:\/\/www.notibras.com\/site\/wp-json\/wp\/v2\/posts\/392822","targetHints":{"allow":["GET"]}}],"collection":[{"href":"https:\/\/www.notibras.com\/site\/wp-json\/wp\/v2\/posts"}],"about":[{"href":"https:\/\/www.notibras.com\/site\/wp-json\/wp\/v2\/types\/post"}],"author":[{"embeddable":true,"href":"https:\/\/www.notibras.com\/site\/wp-json\/wp\/v2\/users\/21"}],"replies":[{"embeddable":true,"href":"https:\/\/www.notibras.com\/site\/wp-json\/wp\/v2\/comments?post=392822"}],"version-history":[{"count":3,"href":"https:\/\/www.notibras.com\/site\/wp-json\/wp\/v2\/posts\/392822\/revisions"}],"predecessor-version":[{"id":392826,"href":"https:\/\/www.notibras.com\/site\/wp-json\/wp\/v2\/posts\/392822\/revisions\/392826"}],"wp:featuredmedia":[{"embeddable":true,"href":"https:\/\/www.notibras.com\/site\/wp-json\/wp\/v2\/media\/392823"}],"wp:attachment":[{"href":"https:\/\/www.notibras.com\/site\/wp-json\/wp\/v2\/media?parent=392822"}],"wp:term":[{"taxonomy":"category","embeddable":true,"href":"https:\/\/www.notibras.com\/site\/wp-json\/wp\/v2\/categories?post=392822"},{"taxonomy":"post_tag","embeddable":true,"href":"https:\/\/www.notibras.com\/site\/wp-json\/wp\/v2\/tags?post=392822"}],"curies":[{"name":"wp","href":"https:\/\/api.w.org\/{rel}","templated":true}]}}