{"id":392827,"date":"2026-04-29T00:30:16","date_gmt":"2026-04-29T03:30:16","guid":{"rendered":"https:\/\/www.notibras.com\/site\/?p=392827"},"modified":"2026-04-28T14:58:30","modified_gmt":"2026-04-28T17:58:30","slug":"sonetos","status":"publish","type":"post","link":"https:\/\/www.notibras.com\/site\/sonetos\/","title":{"rendered":"Sonetos"},"content":{"rendered":"<p>I<\/p>\n<p>Para cantar de Amor tenros cuidados,<br \/>\nTomo entre v\u00f3s, \u00f3 montes, o instrumento,<br \/>\nOuvi pois o meu f\u00fanebre lamento;<br \/>\nSe \u00e9 que de compaix\u00e3o sois animados:<\/p>\n<p>J\u00e1 v\u00f3s vistes que aos ecos magoados<br \/>\nDo Tr\u00e1cio Orfeu parava o mesmo vento;<br \/>\nDa lira de Anfi\u00e3o ao doce acento<br \/>\nSe viram os rochedos abalados.<\/p>\n<p>Bem sei, que de outros G\u00eanios o destino,<br \/>\nPara cingir de Apolo a verde rama,<br \/>\nLhes influiu na lira estro divino;<\/p>\n<p>O canto, pois, que a minha voz derrama,<br \/>\nPorque ao menos o entoa um Peregrino,<br \/>\nSe faz digno entre v\u00f3s tamb\u00e9m de fama.<\/p>\n<p>IV<\/p>\n<p>Sou Pastor; n\u00e3o te nego; os meus montados<br \/>\nS\u00e3o esses, que a\u00ed v\u00eas; vivo contente<br \/>\nAo trazer entre a relva florescente<br \/>\nA doce companhia dos meus gados;<\/p>\n<p>Ali me ouvem os troncos namorados,<br \/>\nEm que se transformou a antiga gente;<br \/>\nQualquer deles o seu estrago sente;<br \/>\nComo eu sinto tamb\u00e9m os meus cuidados.<\/p>\n<p>V\u00f3s, \u00f3 troncos (lhes digo), que algum dia<br \/>\nFirmes vos contemplastes, e seguros<br \/>\nNos bra\u00e7os de uma bela companhia;<\/p>\n<p>Consolai-vos comigo, \u00f3 troncos duros;<br \/>\nQue eu alegre algum tempo assim me via;<br \/>\nE hoje os tratos de Amor choro perjuros.<\/p>\n<p>VII<\/p>\n<p>Onde estou! Este s\u00edtio desconhe\u00e7o:<br \/>\nQuem fez t\u00e3o diferente aquele prado!<br \/>\nTudo outra natureza tem tomado;<br \/>\nE em contempl\u00e1-lo t\u00edmido esmore\u00e7o.<\/p>\n<p>Uma fonte aqui houve; eu n\u00e3o me esque\u00e7o<br \/>\nDe estar a ela um dia reclinado:<br \/>\nAli em vale um monte est\u00e1 mudado:<br \/>\nQuanto pode dos anos o progresso!<\/p>\n<p>\u00c1rvores aqui vi t\u00e3o florescentes,<br \/>\nQue faziam perp\u00e9tua a primavera:<br \/>\nNem troncos vejo agora decadentes.<\/p>\n<p>Eu me engano: a regi\u00e3o esta n\u00e3o era:<br \/>\nMas que venho a estranhar, se est\u00e3o presentes,<br \/>\nMeus males, com que tudo degenera!<\/p>\n<p>VIII<\/p>\n<p>Este \u00e9 o rio, a montanha \u00e9 esta,<br \/>\nEstes os troncos, estes os rochedos;<br \/>\nS\u00e3o estes inda os mesmos arvoredos;<br \/>\nEsta \u00e9 a mesma r\u00fastica floresta.<\/p>\n<p>Tudo cheio de horror se manifesta,<br \/>\nRio, montanha, troncos, e penedos;<br \/>\nQue de amor nos suav\u00edssimos enredos<br \/>\nFoi cena alegre, e urna \u00e9 j\u00e1 funesta.<\/p>\n<p>Oh qu\u00e3o lembrado estou de haver subido<br \/>\nAquele monte, e \u00e0s vezes, que baixando<br \/>\nDeixei do pranto o vale umedecido!<\/p>\n<p>Tudo me est\u00e1 a mem\u00f3ria retratando;<br \/>\nQue da mesma saudade o infame ru\u00eddo<br \/>\nVem as mortas esp\u00e9cies despertando.<\/p>\n<p>XX<\/p>\n<p>Ai de mim! como estou t\u00e3o descuidado!<br \/>\nComo do meu rebanho assim me esque\u00e7o,<br \/>\nQue vendo-o tresmalhar no mato espesso,<br \/>\nEm lugar de o tornar, fico pasmado!<\/p>\n<p>Ou\u00e7o o rumor, que faz desaforado<br \/>\nO lobo nos redis; ou\u00e7o o sucesso<br \/>\nDa ovelha, do Pastor; e desconhe\u00e7o<br \/>\nN\u00e3o menos do que ao dono, o mesmo gado;<\/p>\n<p>Da fonte dos meus olhos nunca enxuta<br \/>\nA corrente fatal, fico indeciso,<br \/>\nAo ver quanto em meu dano se executa.<\/p>\n<p>Um pouco apenas meu pesar suavizo,<br \/>\nQuando nas serras o meu mal se escuta<br \/>\nQue triste al\u00edvio! ah infeliz Dalizo!<\/p>\n<p><strong>&#8230;&#8230;&#8230;&#8230;&#8230;&#8230;&#8230;&#8230;..<\/strong><\/p>\n<p><strong>Cl\u00e1udio Manuel da Costa, advogado, magistrado e poeta, nasceu na Vila do Ribeir\u00e3o do Carmo, hoje Mariana, MG, em 5 de junho de 1729, e faleceu em Ouro Preto, MG, a 4 de julho de 1789. \u00c9 o patrono da cadeira n. 8, por escolha do fundador Alberto de Oliveira.<\/strong><\/p>\n","protected":false},"excerpt":{"rendered":"<p>I Para cantar de Amor tenros cuidados, Tomo entre v\u00f3s, \u00f3 montes, o instrumento, Ouvi pois o meu f\u00fanebre lamento; Se \u00e9 que de compaix\u00e3o sois animados: J\u00e1 v\u00f3s vistes que aos ecos magoados Do Tr\u00e1cio Orfeu parava o mesmo vento; Da lira de Anfi\u00e3o ao doce acento Se viram os rochedos abalados. Bem sei, [&hellip;]<\/p>\n","protected":false},"author":21,"featured_media":392828,"comment_status":"closed","ping_status":"closed","sticky":false,"template":"","format":"standard","meta":{"_acf_changed":false,"footnotes":""},"categories":[234],"tags":[],"class_list":["post-392827","post","type-post","status-publish","format-standard","has-post-thumbnail","hentry","category-cafe-literario"],"acf":[],"yoast_head":"<!-- This site is optimized with the Yoast SEO plugin v27.2 - https:\/\/yoast.com\/product\/yoast-seo-wordpress\/ -->\n<title>Sonetos - Notibras<\/title>\n<meta name=\"robots\" content=\"index, follow, max-snippet:-1, max-image-preview:large, max-video-preview:-1\" \/>\n<link rel=\"canonical\" href=\"https:\/\/www.notibras.com\/site\/sonetos\/\" \/>\n<meta property=\"og:locale\" content=\"pt_BR\" \/>\n<meta property=\"og:type\" content=\"article\" \/>\n<meta property=\"og:title\" content=\"Sonetos - Notibras\" \/>\n<meta property=\"og:description\" content=\"I Para cantar de Amor tenros cuidados, Tomo entre v\u00f3s, \u00f3 montes, o instrumento, Ouvi pois o meu f\u00fanebre lamento; Se \u00e9 que de compaix\u00e3o sois animados: J\u00e1 v\u00f3s vistes que aos ecos magoados Do Tr\u00e1cio Orfeu parava o mesmo vento; Da lira de Anfi\u00e3o ao doce acento Se viram os rochedos abalados. Bem sei, [&hellip;]\" \/>\n<meta property=\"og:url\" content=\"https:\/\/www.notibras.com\/site\/sonetos\/\" \/>\n<meta property=\"og:site_name\" content=\"Notibras\" \/>\n<meta property=\"article:publisher\" content=\"https:\/\/www.facebook.com\/notibras\/\" \/>\n<meta property=\"article:published_time\" content=\"2026-04-29T03:30:16+00:00\" \/>\n<meta property=\"og:image\" content=\"https:\/\/www.notibras.com\/site\/wp-content\/uploads\/2026\/04\/WhatsApp-Image-2026-04-28-at-14.57.20.jpeg\" \/>\n\t<meta property=\"og:image:width\" content=\"1280\" \/>\n\t<meta property=\"og:image:height\" content=\"748\" \/>\n\t<meta property=\"og:image:type\" content=\"image\/jpeg\" \/>\n<meta name=\"author\" content=\"Eduardo Mart\u00ednez\" \/>\n<meta name=\"twitter:card\" content=\"summary_large_image\" \/>\n<meta name=\"twitter:creator\" content=\"@Notibras\" \/>\n<meta name=\"twitter:site\" content=\"@Notibras\" \/>\n<meta name=\"twitter:label1\" content=\"Escrito por\" \/>\n\t<meta name=\"twitter:data1\" content=\"Eduardo Mart\u00ednez\" \/>\n\t<meta name=\"twitter:label2\" content=\"Est. tempo de leitura\" \/>\n\t<meta name=\"twitter:data2\" content=\"4 minutos\" \/>\n<script type=\"application\/ld+json\" class=\"yoast-schema-graph\">{\"@context\":\"https:\/\/schema.org\",\"@graph\":[{\"@type\":\"Article\",\"@id\":\"https:\/\/www.notibras.com\/site\/sonetos\/#article\",\"isPartOf\":{\"@id\":\"https:\/\/www.notibras.com\/site\/sonetos\/\"},\"author\":{\"name\":\"Eduardo Mart\u00ednez\",\"@id\":\"https:\/\/www.notibras.com\/site\/#\/schema\/person\/5b7fabf2aedc3ada2105f03b22b4d3dd\"},\"headline\":\"Sonetos\",\"datePublished\":\"2026-04-29T03:30:16+00:00\",\"mainEntityOfPage\":{\"@id\":\"https:\/\/www.notibras.com\/site\/sonetos\/\"},\"wordCount\":545,\"publisher\":{\"@id\":\"https:\/\/www.notibras.com\/site\/#organization\"},\"image\":{\"@id\":\"https:\/\/www.notibras.com\/site\/sonetos\/#primaryimage\"},\"thumbnailUrl\":\"https:\/\/www.notibras.com\/site\/wp-content\/uploads\/2026\/04\/WhatsApp-Image-2026-04-28-at-14.57.20.jpeg\",\"articleSection\":[\"Caf\u00e9 Liter\u00e1rio\"],\"inLanguage\":\"pt-BR\"},{\"@type\":\"WebPage\",\"@id\":\"https:\/\/www.notibras.com\/site\/sonetos\/\",\"url\":\"https:\/\/www.notibras.com\/site\/sonetos\/\",\"name\":\"Sonetos - Notibras\",\"isPartOf\":{\"@id\":\"https:\/\/www.notibras.com\/site\/#website\"},\"primaryImageOfPage\":{\"@id\":\"https:\/\/www.notibras.com\/site\/sonetos\/#primaryimage\"},\"image\":{\"@id\":\"https:\/\/www.notibras.com\/site\/sonetos\/#primaryimage\"},\"thumbnailUrl\":\"https:\/\/www.notibras.com\/site\/wp-content\/uploads\/2026\/04\/WhatsApp-Image-2026-04-28-at-14.57.20.jpeg\",\"datePublished\":\"2026-04-29T03:30:16+00:00\",\"breadcrumb\":{\"@id\":\"https:\/\/www.notibras.com\/site\/sonetos\/#breadcrumb\"},\"inLanguage\":\"pt-BR\",\"potentialAction\":[{\"@type\":\"ReadAction\",\"target\":[\"https:\/\/www.notibras.com\/site\/sonetos\/\"]}]},{\"@type\":\"ImageObject\",\"inLanguage\":\"pt-BR\",\"@id\":\"https:\/\/www.notibras.com\/site\/sonetos\/#primaryimage\",\"url\":\"https:\/\/www.notibras.com\/site\/wp-content\/uploads\/2026\/04\/WhatsApp-Image-2026-04-28-at-14.57.20.jpeg\",\"contentUrl\":\"https:\/\/www.notibras.com\/site\/wp-content\/uploads\/2026\/04\/WhatsApp-Image-2026-04-28-at-14.57.20.jpeg\",\"width\":1280,\"height\":748},{\"@type\":\"BreadcrumbList\",\"@id\":\"https:\/\/www.notibras.com\/site\/sonetos\/#breadcrumb\",\"itemListElement\":[{\"@type\":\"ListItem\",\"position\":1,\"name\":\"In\u00edcio\",\"item\":\"https:\/\/www.notibras.com\/site\/\"},{\"@type\":\"ListItem\",\"position\":2,\"name\":\"Sonetos\"}]},{\"@type\":\"WebSite\",\"@id\":\"https:\/\/www.notibras.com\/site\/#website\",\"url\":\"https:\/\/www.notibras.com\/site\/\",\"name\":\"Notibras\",\"description\":\"Not\u00edcias de Bras\u00edlia, do Brasil e do Mundo\",\"publisher\":{\"@id\":\"https:\/\/www.notibras.com\/site\/#organization\"},\"potentialAction\":[{\"@type\":\"SearchAction\",\"target\":{\"@type\":\"EntryPoint\",\"urlTemplate\":\"https:\/\/www.notibras.com\/site\/?s={search_term_string}\"},\"query-input\":{\"@type\":\"PropertyValueSpecification\",\"valueRequired\":true,\"valueName\":\"search_term_string\"}}],\"inLanguage\":\"pt-BR\"},{\"@type\":\"Organization\",\"@id\":\"https:\/\/www.notibras.com\/site\/#organization\",\"name\":\"Grupo Notibras de Comunica\u00e7\u00e3o\",\"url\":\"https:\/\/www.notibras.com\/site\/\",\"logo\":{\"@type\":\"ImageObject\",\"inLanguage\":\"pt-BR\",\"@id\":\"https:\/\/www.notibras.com\/site\/#\/schema\/logo\/image\/\",\"url\":\"https:\/\/www.notibras.com\/site\/wp-content\/uploads\/2023\/01\/notibras23.png\",\"contentUrl\":\"https:\/\/www.notibras.com\/site\/wp-content\/uploads\/2023\/01\/notibras23.png\",\"width\":350,\"height\":87,\"caption\":\"Grupo Notibras de Comunica\u00e7\u00e3o\"},\"image\":{\"@id\":\"https:\/\/www.notibras.com\/site\/#\/schema\/logo\/image\/\"},\"sameAs\":[\"https:\/\/www.facebook.com\/notibras\/\",\"https:\/\/x.com\/Notibras\",\"https:\/\/www.instagram.com\/notibras\/\"]},{\"@type\":\"Person\",\"@id\":\"https:\/\/www.notibras.com\/site\/#\/schema\/person\/5b7fabf2aedc3ada2105f03b22b4d3dd\",\"name\":\"Eduardo Mart\u00ednez\",\"image\":{\"@type\":\"ImageObject\",\"inLanguage\":\"pt-BR\",\"@id\":\"https:\/\/secure.gravatar.com\/avatar\/7902f906289926289cbcda644b5197c796b893c6ffd7b9a536a42d290f7704a0?s=96&d=mm&r=g\",\"url\":\"https:\/\/secure.gravatar.com\/avatar\/7902f906289926289cbcda644b5197c796b893c6ffd7b9a536a42d290f7704a0?s=96&d=mm&r=g\",\"contentUrl\":\"https:\/\/secure.gravatar.com\/avatar\/7902f906289926289cbcda644b5197c796b893c6ffd7b9a536a42d290f7704a0?s=96&d=mm&r=g\",\"caption\":\"Eduardo Mart\u00ednez\"}}]}<\/script>\n<!-- \/ Yoast SEO plugin. -->","yoast_head_json":{"title":"Sonetos - Notibras","robots":{"index":"index","follow":"follow","max-snippet":"max-snippet:-1","max-image-preview":"max-image-preview:large","max-video-preview":"max-video-preview:-1"},"canonical":"https:\/\/www.notibras.com\/site\/sonetos\/","og_locale":"pt_BR","og_type":"article","og_title":"Sonetos - Notibras","og_description":"I Para cantar de Amor tenros cuidados, Tomo entre v\u00f3s, \u00f3 montes, o instrumento, Ouvi pois o meu f\u00fanebre lamento; Se \u00e9 que de compaix\u00e3o sois animados: J\u00e1 v\u00f3s vistes que aos ecos magoados Do Tr\u00e1cio Orfeu parava o mesmo vento; Da lira de Anfi\u00e3o ao doce acento Se viram os rochedos abalados. Bem sei, [&hellip;]","og_url":"https:\/\/www.notibras.com\/site\/sonetos\/","og_site_name":"Notibras","article_publisher":"https:\/\/www.facebook.com\/notibras\/","article_published_time":"2026-04-29T03:30:16+00:00","og_image":[{"width":1280,"height":748,"url":"https:\/\/www.notibras.com\/site\/wp-content\/uploads\/2026\/04\/WhatsApp-Image-2026-04-28-at-14.57.20.jpeg","type":"image\/jpeg"}],"author":"Eduardo Mart\u00ednez","twitter_card":"summary_large_image","twitter_creator":"@Notibras","twitter_site":"@Notibras","twitter_misc":{"Escrito por":"Eduardo Mart\u00ednez","Est. tempo de leitura":"4 minutos"},"schema":{"@context":"https:\/\/schema.org","@graph":[{"@type":"Article","@id":"https:\/\/www.notibras.com\/site\/sonetos\/#article","isPartOf":{"@id":"https:\/\/www.notibras.com\/site\/sonetos\/"},"author":{"name":"Eduardo Mart\u00ednez","@id":"https:\/\/www.notibras.com\/site\/#\/schema\/person\/5b7fabf2aedc3ada2105f03b22b4d3dd"},"headline":"Sonetos","datePublished":"2026-04-29T03:30:16+00:00","mainEntityOfPage":{"@id":"https:\/\/www.notibras.com\/site\/sonetos\/"},"wordCount":545,"publisher":{"@id":"https:\/\/www.notibras.com\/site\/#organization"},"image":{"@id":"https:\/\/www.notibras.com\/site\/sonetos\/#primaryimage"},"thumbnailUrl":"https:\/\/www.notibras.com\/site\/wp-content\/uploads\/2026\/04\/WhatsApp-Image-2026-04-28-at-14.57.20.jpeg","articleSection":["Caf\u00e9 Liter\u00e1rio"],"inLanguage":"pt-BR"},{"@type":"WebPage","@id":"https:\/\/www.notibras.com\/site\/sonetos\/","url":"https:\/\/www.notibras.com\/site\/sonetos\/","name":"Sonetos - Notibras","isPartOf":{"@id":"https:\/\/www.notibras.com\/site\/#website"},"primaryImageOfPage":{"@id":"https:\/\/www.notibras.com\/site\/sonetos\/#primaryimage"},"image":{"@id":"https:\/\/www.notibras.com\/site\/sonetos\/#primaryimage"},"thumbnailUrl":"https:\/\/www.notibras.com\/site\/wp-content\/uploads\/2026\/04\/WhatsApp-Image-2026-04-28-at-14.57.20.jpeg","datePublished":"2026-04-29T03:30:16+00:00","breadcrumb":{"@id":"https:\/\/www.notibras.com\/site\/sonetos\/#breadcrumb"},"inLanguage":"pt-BR","potentialAction":[{"@type":"ReadAction","target":["https:\/\/www.notibras.com\/site\/sonetos\/"]}]},{"@type":"ImageObject","inLanguage":"pt-BR","@id":"https:\/\/www.notibras.com\/site\/sonetos\/#primaryimage","url":"https:\/\/www.notibras.com\/site\/wp-content\/uploads\/2026\/04\/WhatsApp-Image-2026-04-28-at-14.57.20.jpeg","contentUrl":"https:\/\/www.notibras.com\/site\/wp-content\/uploads\/2026\/04\/WhatsApp-Image-2026-04-28-at-14.57.20.jpeg","width":1280,"height":748},{"@type":"BreadcrumbList","@id":"https:\/\/www.notibras.com\/site\/sonetos\/#breadcrumb","itemListElement":[{"@type":"ListItem","position":1,"name":"In\u00edcio","item":"https:\/\/www.notibras.com\/site\/"},{"@type":"ListItem","position":2,"name":"Sonetos"}]},{"@type":"WebSite","@id":"https:\/\/www.notibras.com\/site\/#website","url":"https:\/\/www.notibras.com\/site\/","name":"Notibras","description":"Not\u00edcias de Bras\u00edlia, do Brasil e do Mundo","publisher":{"@id":"https:\/\/www.notibras.com\/site\/#organization"},"potentialAction":[{"@type":"SearchAction","target":{"@type":"EntryPoint","urlTemplate":"https:\/\/www.notibras.com\/site\/?s={search_term_string}"},"query-input":{"@type":"PropertyValueSpecification","valueRequired":true,"valueName":"search_term_string"}}],"inLanguage":"pt-BR"},{"@type":"Organization","@id":"https:\/\/www.notibras.com\/site\/#organization","name":"Grupo Notibras de Comunica\u00e7\u00e3o","url":"https:\/\/www.notibras.com\/site\/","logo":{"@type":"ImageObject","inLanguage":"pt-BR","@id":"https:\/\/www.notibras.com\/site\/#\/schema\/logo\/image\/","url":"https:\/\/www.notibras.com\/site\/wp-content\/uploads\/2023\/01\/notibras23.png","contentUrl":"https:\/\/www.notibras.com\/site\/wp-content\/uploads\/2023\/01\/notibras23.png","width":350,"height":87,"caption":"Grupo Notibras de Comunica\u00e7\u00e3o"},"image":{"@id":"https:\/\/www.notibras.com\/site\/#\/schema\/logo\/image\/"},"sameAs":["https:\/\/www.facebook.com\/notibras\/","https:\/\/x.com\/Notibras","https:\/\/www.instagram.com\/notibras\/"]},{"@type":"Person","@id":"https:\/\/www.notibras.com\/site\/#\/schema\/person\/5b7fabf2aedc3ada2105f03b22b4d3dd","name":"Eduardo Mart\u00ednez","image":{"@type":"ImageObject","inLanguage":"pt-BR","@id":"https:\/\/secure.gravatar.com\/avatar\/7902f906289926289cbcda644b5197c796b893c6ffd7b9a536a42d290f7704a0?s=96&d=mm&r=g","url":"https:\/\/secure.gravatar.com\/avatar\/7902f906289926289cbcda644b5197c796b893c6ffd7b9a536a42d290f7704a0?s=96&d=mm&r=g","contentUrl":"https:\/\/secure.gravatar.com\/avatar\/7902f906289926289cbcda644b5197c796b893c6ffd7b9a536a42d290f7704a0?s=96&d=mm&r=g","caption":"Eduardo Mart\u00ednez"}}]}},"amp_enabled":true,"_links":{"self":[{"href":"https:\/\/www.notibras.com\/site\/wp-json\/wp\/v2\/posts\/392827","targetHints":{"allow":["GET"]}}],"collection":[{"href":"https:\/\/www.notibras.com\/site\/wp-json\/wp\/v2\/posts"}],"about":[{"href":"https:\/\/www.notibras.com\/site\/wp-json\/wp\/v2\/types\/post"}],"author":[{"embeddable":true,"href":"https:\/\/www.notibras.com\/site\/wp-json\/wp\/v2\/users\/21"}],"replies":[{"embeddable":true,"href":"https:\/\/www.notibras.com\/site\/wp-json\/wp\/v2\/comments?post=392827"}],"version-history":[{"count":2,"href":"https:\/\/www.notibras.com\/site\/wp-json\/wp\/v2\/posts\/392827\/revisions"}],"predecessor-version":[{"id":392830,"href":"https:\/\/www.notibras.com\/site\/wp-json\/wp\/v2\/posts\/392827\/revisions\/392830"}],"wp:featuredmedia":[{"embeddable":true,"href":"https:\/\/www.notibras.com\/site\/wp-json\/wp\/v2\/media\/392828"}],"wp:attachment":[{"href":"https:\/\/www.notibras.com\/site\/wp-json\/wp\/v2\/media?parent=392827"}],"wp:term":[{"taxonomy":"category","embeddable":true,"href":"https:\/\/www.notibras.com\/site\/wp-json\/wp\/v2\/categories?post=392827"},{"taxonomy":"post_tag","embeddable":true,"href":"https:\/\/www.notibras.com\/site\/wp-json\/wp\/v2\/tags?post=392827"}],"curies":[{"name":"wp","href":"https:\/\/api.w.org\/{rel}","templated":true}]}}