{"id":392836,"date":"2026-04-29T01:00:58","date_gmt":"2026-04-29T04:00:58","guid":{"rendered":"https:\/\/www.notibras.com\/site\/?p=392836"},"modified":"2026-04-28T15:59:50","modified_gmt":"2026-04-28T18:59:50","slug":"justica-marca-audiencia-de-ex-piloto-reu-por-morte-de-adolescente","status":"publish","type":"post","link":"https:\/\/www.notibras.com\/site\/justica-marca-audiencia-de-ex-piloto-reu-por-morte-de-adolescente\/","title":{"rendered":"Justi\u00e7a marca audi\u00eancia de ex-piloto r\u00e9u por morte de adolescente"},"content":{"rendered":"<p>A Justi\u00e7a do Distrito Federal definiu, nesta segunda-feira (27), a data para o in\u00edcio de uma das fases mais decisivas do processo envolvendo o ex-piloto Pedro Turra. O r\u00e9u responde pelo crime de homic\u00eddio doloso ap\u00f3s um epis\u00f3dio de viol\u00eancia que chocou a capital federal no in\u00edcio deste ano.<\/p>\n<p>O agendamento fixa a audi\u00eancia de instru\u00e7\u00e3o e julgamento para o dia 25 de maio, com in\u00edcio previsto para as 9h. O encontro jur\u00eddico ocorrer\u00e1 no Plen\u00e1rio do J\u00fari do Tribunal de Justi\u00e7a, onde ser\u00e3o reunidos os principais elementos para o andamento da a\u00e7\u00e3o penal.<\/p>\n<p>Pedro Turra encontra-se sob cust\u00f3dia do Estado desde o dia 2 de fevereiro, quando sua pris\u00e3o foi efetuada. A deten\u00e7\u00e3o ocorreu poucos dias ap\u00f3s o incidente que vitimou o jovem Rodrigo Castanheira, de apenas 16 anos, em circunst\u00e2ncias que ainda mobilizam a opini\u00e3o p\u00fablica.<\/p>\n<p>O caso teve origem em 23 de janeiro, data em que Turra agrediu o adolescente. A gravidade dos ferimentos foi tamanha que Rodrigo precisou ser hospitalizado imediatamente, permanecendo em estado grav\u00edssimo por mais de duas semanas antes de seu falecimento.<\/p>\n<p>Ap\u00f3s lutar pela vida durante 16 dias em uma unidade de sa\u00fade, o jovem n\u00e3o resistiu \u00e0s complica\u00e7\u00f5es causadas pelas agress\u00f5es. O \u00f3bito de Rodrigo Castanheira provocou uma reviravolta jur\u00eddica imediata na tipifica\u00e7\u00e3o do crime investigado pelas autoridades.<\/p>\n<p>Inicialmente, a conduta de Pedro Turra era apurada sob a \u00f3tica de les\u00e3o corporal grav\u00edssima. Entretanto, com a confirma\u00e7\u00e3o da morte da v\u00edtima, o Minist\u00e9rio P\u00fablico reclassificou a acusa\u00e7\u00e3o para homic\u00eddio doloso, quando h\u00e1 inten\u00e7\u00e3o de matar ou assume-se o risco.<\/p>\n<p>A audi\u00eancia marcada para maio representa a fase de produ\u00e7\u00e3o de provas. Durante o ato processual, o magistrado respons\u00e1vel ouvir\u00e1 atentamente os depoimentos das partes envolvidas, al\u00e9m de colher relatos de testemunhas e pareceres de peritos t\u00e9cnicos.<\/p>\n<p>Este momento \u00e9 crucial para o convencimento do juiz, pois \u00e9 quando os fatos s\u00e3o detalhados sob o crivo do contradit\u00f3rio. Somente ap\u00f3s o encerramento desses debates \u00e9 que o magistrado poder\u00e1 proferir sua decis\u00e3o final sobre o destino do r\u00e9u.<\/p>\n<p>A senten\u00e7a n\u00e3o precisa ser necessariamente anunciada no mesmo dia. Segundo as normas processuais, o juiz tem a prerrogativa de divulgar sua decis\u00e3o durante a pr\u00f3pria audi\u00eancia ou reservar um prazo de at\u00e9 30 dias para a publica\u00e7\u00e3o do veredito.<\/p>\n<p>Al\u00e9m da puni\u00e7\u00e3o na esfera criminal, o ex-piloto enfrenta pedidos de repara\u00e7\u00e3o financeira. O Minist\u00e9rio P\u00fablico solicitou que ele seja condenado a pagar uma indeniza\u00e7\u00e3o de R$ 400 mil \u00e0 fam\u00edlia de Rodrigo por danos morais.<\/p>\n<p>O cronograma judicial do caso tem avan\u00e7ado desde fevereiro, quando o MP apresentou formalmente a den\u00fancia. O Tribunal de Justi\u00e7a aceitou a pe\u00e7a acusat\u00f3ria dois dias depois, tornando Turra r\u00e9u e dando in\u00edcio oficial \u00e0 busca por justi\u00e7a.<\/p>\n<p>At\u00e9 o momento, a defesa do ex-piloto limita-se a informar que est\u00e1 em fase de prepara\u00e7\u00e3o. Os advogados afirmam que est\u00e3o levantando todos os elementos e provas necess\u00e1rios que ser\u00e3o apresentados diante do juiz durante a sess\u00e3o agendada para maio.<\/p>\n","protected":false},"excerpt":{"rendered":"<p>A Justi\u00e7a do Distrito Federal definiu, nesta segunda-feira (27), a data para o in\u00edcio de uma das fases mais decisivas do processo envolvendo o ex-piloto Pedro Turra. O r\u00e9u responde pelo crime de homic\u00eddio doloso ap\u00f3s um epis\u00f3dio de viol\u00eancia que chocou a capital federal no in\u00edcio deste ano. O agendamento fixa a audi\u00eancia de [&hellip;]<\/p>\n","protected":false},"author":21,"featured_media":392837,"comment_status":"closed","ping_status":"closed","sticky":false,"template":"","format":"standard","meta":{"_acf_changed":false,"footnotes":""},"categories":[161],"tags":[],"class_list":["post-392836","post","type-post","status-publish","format-standard","has-post-thumbnail","hentry","category-quadradinho-em-foco"],"acf":[],"yoast_head":"<!-- This site is optimized with the Yoast SEO plugin v27.2 - https:\/\/yoast.com\/product\/yoast-seo-wordpress\/ -->\n<title>Justi\u00e7a marca audi\u00eancia de ex-piloto r\u00e9u por morte de adolescente - Notibras<\/title>\n<meta name=\"robots\" content=\"index, follow, max-snippet:-1, max-image-preview:large, max-video-preview:-1\" \/>\n<link rel=\"canonical\" href=\"https:\/\/www.notibras.com\/site\/justica-marca-audiencia-de-ex-piloto-reu-por-morte-de-adolescente\/\" \/>\n<meta property=\"og:locale\" content=\"pt_BR\" \/>\n<meta property=\"og:type\" content=\"article\" \/>\n<meta property=\"og:title\" content=\"Justi\u00e7a marca audi\u00eancia de ex-piloto r\u00e9u por morte de adolescente - Notibras\" \/>\n<meta property=\"og:description\" content=\"A Justi\u00e7a do Distrito Federal definiu, nesta segunda-feira (27), a data para o in\u00edcio de uma das fases mais decisivas do processo envolvendo o ex-piloto Pedro Turra. O r\u00e9u responde pelo crime de homic\u00eddio doloso ap\u00f3s um epis\u00f3dio de viol\u00eancia que chocou a capital federal no in\u00edcio deste ano. O agendamento fixa a audi\u00eancia de [&hellip;]\" \/>\n<meta property=\"og:url\" content=\"https:\/\/www.notibras.com\/site\/justica-marca-audiencia-de-ex-piloto-reu-por-morte-de-adolescente\/\" \/>\n<meta property=\"og:site_name\" content=\"Notibras\" \/>\n<meta property=\"article:publisher\" content=\"https:\/\/www.facebook.com\/notibras\/\" \/>\n<meta property=\"article:published_time\" content=\"2026-04-29T04:00:58+00:00\" \/>\n<meta property=\"og:image\" content=\"https:\/\/www.notibras.com\/site\/wp-content\/uploads\/2026\/04\/WhatsApp-Image-2026-04-28-at-15.57.14.jpeg\" \/>\n\t<meta property=\"og:image:width\" content=\"984\" \/>\n\t<meta property=\"og:image:height\" content=\"554\" \/>\n\t<meta property=\"og:image:type\" content=\"image\/jpeg\" \/>\n<meta name=\"author\" content=\"Eduardo Mart\u00ednez\" \/>\n<meta name=\"twitter:card\" content=\"summary_large_image\" \/>\n<meta name=\"twitter:creator\" content=\"@Notibras\" \/>\n<meta name=\"twitter:site\" content=\"@Notibras\" \/>\n<meta name=\"twitter:label1\" content=\"Escrito por\" \/>\n\t<meta name=\"twitter:data1\" content=\"Eduardo Mart\u00ednez\" \/>\n\t<meta name=\"twitter:label2\" content=\"Est. tempo de leitura\" \/>\n\t<meta name=\"twitter:data2\" content=\"3 minutos\" \/>\n<script type=\"application\/ld+json\" class=\"yoast-schema-graph\">{\"@context\":\"https:\/\/schema.org\",\"@graph\":[{\"@type\":\"Article\",\"@id\":\"https:\/\/www.notibras.com\/site\/justica-marca-audiencia-de-ex-piloto-reu-por-morte-de-adolescente\/#article\",\"isPartOf\":{\"@id\":\"https:\/\/www.notibras.com\/site\/justica-marca-audiencia-de-ex-piloto-reu-por-morte-de-adolescente\/\"},\"author\":{\"name\":\"Eduardo Mart\u00ednez\",\"@id\":\"https:\/\/www.notibras.com\/site\/#\/schema\/person\/5b7fabf2aedc3ada2105f03b22b4d3dd\"},\"headline\":\"Justi\u00e7a marca audi\u00eancia de ex-piloto r\u00e9u por morte de adolescente\",\"datePublished\":\"2026-04-29T04:00:58+00:00\",\"mainEntityOfPage\":{\"@id\":\"https:\/\/www.notibras.com\/site\/justica-marca-audiencia-de-ex-piloto-reu-por-morte-de-adolescente\/\"},\"wordCount\":566,\"publisher\":{\"@id\":\"https:\/\/www.notibras.com\/site\/#organization\"},\"image\":{\"@id\":\"https:\/\/www.notibras.com\/site\/justica-marca-audiencia-de-ex-piloto-reu-por-morte-de-adolescente\/#primaryimage\"},\"thumbnailUrl\":\"https:\/\/www.notibras.com\/site\/wp-content\/uploads\/2026\/04\/WhatsApp-Image-2026-04-28-at-15.57.14.jpeg\",\"articleSection\":[\"Quadradinho em Foco\"],\"inLanguage\":\"pt-BR\"},{\"@type\":\"WebPage\",\"@id\":\"https:\/\/www.notibras.com\/site\/justica-marca-audiencia-de-ex-piloto-reu-por-morte-de-adolescente\/\",\"url\":\"https:\/\/www.notibras.com\/site\/justica-marca-audiencia-de-ex-piloto-reu-por-morte-de-adolescente\/\",\"name\":\"Justi\u00e7a marca audi\u00eancia de ex-piloto r\u00e9u por morte de adolescente - Notibras\",\"isPartOf\":{\"@id\":\"https:\/\/www.notibras.com\/site\/#website\"},\"primaryImageOfPage\":{\"@id\":\"https:\/\/www.notibras.com\/site\/justica-marca-audiencia-de-ex-piloto-reu-por-morte-de-adolescente\/#primaryimage\"},\"image\":{\"@id\":\"https:\/\/www.notibras.com\/site\/justica-marca-audiencia-de-ex-piloto-reu-por-morte-de-adolescente\/#primaryimage\"},\"thumbnailUrl\":\"https:\/\/www.notibras.com\/site\/wp-content\/uploads\/2026\/04\/WhatsApp-Image-2026-04-28-at-15.57.14.jpeg\",\"datePublished\":\"2026-04-29T04:00:58+00:00\",\"breadcrumb\":{\"@id\":\"https:\/\/www.notibras.com\/site\/justica-marca-audiencia-de-ex-piloto-reu-por-morte-de-adolescente\/#breadcrumb\"},\"inLanguage\":\"pt-BR\",\"potentialAction\":[{\"@type\":\"ReadAction\",\"target\":[\"https:\/\/www.notibras.com\/site\/justica-marca-audiencia-de-ex-piloto-reu-por-morte-de-adolescente\/\"]}]},{\"@type\":\"ImageObject\",\"inLanguage\":\"pt-BR\",\"@id\":\"https:\/\/www.notibras.com\/site\/justica-marca-audiencia-de-ex-piloto-reu-por-morte-de-adolescente\/#primaryimage\",\"url\":\"https:\/\/www.notibras.com\/site\/wp-content\/uploads\/2026\/04\/WhatsApp-Image-2026-04-28-at-15.57.14.jpeg\",\"contentUrl\":\"https:\/\/www.notibras.com\/site\/wp-content\/uploads\/2026\/04\/WhatsApp-Image-2026-04-28-at-15.57.14.jpeg\",\"width\":984,\"height\":554},{\"@type\":\"BreadcrumbList\",\"@id\":\"https:\/\/www.notibras.com\/site\/justica-marca-audiencia-de-ex-piloto-reu-por-morte-de-adolescente\/#breadcrumb\",\"itemListElement\":[{\"@type\":\"ListItem\",\"position\":1,\"name\":\"In\u00edcio\",\"item\":\"https:\/\/www.notibras.com\/site\/\"},{\"@type\":\"ListItem\",\"position\":2,\"name\":\"Justi\u00e7a marca audi\u00eancia de ex-piloto r\u00e9u por morte de adolescente\"}]},{\"@type\":\"WebSite\",\"@id\":\"https:\/\/www.notibras.com\/site\/#website\",\"url\":\"https:\/\/www.notibras.com\/site\/\",\"name\":\"Notibras\",\"description\":\"Not\u00edcias de Bras\u00edlia, do Brasil e do Mundo\",\"publisher\":{\"@id\":\"https:\/\/www.notibras.com\/site\/#organization\"},\"potentialAction\":[{\"@type\":\"SearchAction\",\"target\":{\"@type\":\"EntryPoint\",\"urlTemplate\":\"https:\/\/www.notibras.com\/site\/?s={search_term_string}\"},\"query-input\":{\"@type\":\"PropertyValueSpecification\",\"valueRequired\":true,\"valueName\":\"search_term_string\"}}],\"inLanguage\":\"pt-BR\"},{\"@type\":\"Organization\",\"@id\":\"https:\/\/www.notibras.com\/site\/#organization\",\"name\":\"Grupo Notibras de Comunica\u00e7\u00e3o\",\"url\":\"https:\/\/www.notibras.com\/site\/\",\"logo\":{\"@type\":\"ImageObject\",\"inLanguage\":\"pt-BR\",\"@id\":\"https:\/\/www.notibras.com\/site\/#\/schema\/logo\/image\/\",\"url\":\"https:\/\/www.notibras.com\/site\/wp-content\/uploads\/2023\/01\/notibras23.png\",\"contentUrl\":\"https:\/\/www.notibras.com\/site\/wp-content\/uploads\/2023\/01\/notibras23.png\",\"width\":350,\"height\":87,\"caption\":\"Grupo Notibras de Comunica\u00e7\u00e3o\"},\"image\":{\"@id\":\"https:\/\/www.notibras.com\/site\/#\/schema\/logo\/image\/\"},\"sameAs\":[\"https:\/\/www.facebook.com\/notibras\/\",\"https:\/\/x.com\/Notibras\",\"https:\/\/www.instagram.com\/notibras\/\"]},{\"@type\":\"Person\",\"@id\":\"https:\/\/www.notibras.com\/site\/#\/schema\/person\/5b7fabf2aedc3ada2105f03b22b4d3dd\",\"name\":\"Eduardo Mart\u00ednez\",\"image\":{\"@type\":\"ImageObject\",\"inLanguage\":\"pt-BR\",\"@id\":\"https:\/\/secure.gravatar.com\/avatar\/7902f906289926289cbcda644b5197c796b893c6ffd7b9a536a42d290f7704a0?s=96&d=mm&r=g\",\"url\":\"https:\/\/secure.gravatar.com\/avatar\/7902f906289926289cbcda644b5197c796b893c6ffd7b9a536a42d290f7704a0?s=96&d=mm&r=g\",\"contentUrl\":\"https:\/\/secure.gravatar.com\/avatar\/7902f906289926289cbcda644b5197c796b893c6ffd7b9a536a42d290f7704a0?s=96&d=mm&r=g\",\"caption\":\"Eduardo Mart\u00ednez\"}}]}<\/script>\n<!-- \/ Yoast SEO plugin. -->","yoast_head_json":{"title":"Justi\u00e7a marca audi\u00eancia de ex-piloto r\u00e9u por morte de adolescente - Notibras","robots":{"index":"index","follow":"follow","max-snippet":"max-snippet:-1","max-image-preview":"max-image-preview:large","max-video-preview":"max-video-preview:-1"},"canonical":"https:\/\/www.notibras.com\/site\/justica-marca-audiencia-de-ex-piloto-reu-por-morte-de-adolescente\/","og_locale":"pt_BR","og_type":"article","og_title":"Justi\u00e7a marca audi\u00eancia de ex-piloto r\u00e9u por morte de adolescente - Notibras","og_description":"A Justi\u00e7a do Distrito Federal definiu, nesta segunda-feira (27), a data para o in\u00edcio de uma das fases mais decisivas do processo envolvendo o ex-piloto Pedro Turra. O r\u00e9u responde pelo crime de homic\u00eddio doloso ap\u00f3s um epis\u00f3dio de viol\u00eancia que chocou a capital federal no in\u00edcio deste ano. O agendamento fixa a audi\u00eancia de [&hellip;]","og_url":"https:\/\/www.notibras.com\/site\/justica-marca-audiencia-de-ex-piloto-reu-por-morte-de-adolescente\/","og_site_name":"Notibras","article_publisher":"https:\/\/www.facebook.com\/notibras\/","article_published_time":"2026-04-29T04:00:58+00:00","og_image":[{"width":984,"height":554,"url":"https:\/\/www.notibras.com\/site\/wp-content\/uploads\/2026\/04\/WhatsApp-Image-2026-04-28-at-15.57.14.jpeg","type":"image\/jpeg"}],"author":"Eduardo Mart\u00ednez","twitter_card":"summary_large_image","twitter_creator":"@Notibras","twitter_site":"@Notibras","twitter_misc":{"Escrito por":"Eduardo Mart\u00ednez","Est. tempo de leitura":"3 minutos"},"schema":{"@context":"https:\/\/schema.org","@graph":[{"@type":"Article","@id":"https:\/\/www.notibras.com\/site\/justica-marca-audiencia-de-ex-piloto-reu-por-morte-de-adolescente\/#article","isPartOf":{"@id":"https:\/\/www.notibras.com\/site\/justica-marca-audiencia-de-ex-piloto-reu-por-morte-de-adolescente\/"},"author":{"name":"Eduardo Mart\u00ednez","@id":"https:\/\/www.notibras.com\/site\/#\/schema\/person\/5b7fabf2aedc3ada2105f03b22b4d3dd"},"headline":"Justi\u00e7a marca audi\u00eancia de ex-piloto r\u00e9u por morte de adolescente","datePublished":"2026-04-29T04:00:58+00:00","mainEntityOfPage":{"@id":"https:\/\/www.notibras.com\/site\/justica-marca-audiencia-de-ex-piloto-reu-por-morte-de-adolescente\/"},"wordCount":566,"publisher":{"@id":"https:\/\/www.notibras.com\/site\/#organization"},"image":{"@id":"https:\/\/www.notibras.com\/site\/justica-marca-audiencia-de-ex-piloto-reu-por-morte-de-adolescente\/#primaryimage"},"thumbnailUrl":"https:\/\/www.notibras.com\/site\/wp-content\/uploads\/2026\/04\/WhatsApp-Image-2026-04-28-at-15.57.14.jpeg","articleSection":["Quadradinho em Foco"],"inLanguage":"pt-BR"},{"@type":"WebPage","@id":"https:\/\/www.notibras.com\/site\/justica-marca-audiencia-de-ex-piloto-reu-por-morte-de-adolescente\/","url":"https:\/\/www.notibras.com\/site\/justica-marca-audiencia-de-ex-piloto-reu-por-morte-de-adolescente\/","name":"Justi\u00e7a marca audi\u00eancia de ex-piloto r\u00e9u por morte de adolescente - Notibras","isPartOf":{"@id":"https:\/\/www.notibras.com\/site\/#website"},"primaryImageOfPage":{"@id":"https:\/\/www.notibras.com\/site\/justica-marca-audiencia-de-ex-piloto-reu-por-morte-de-adolescente\/#primaryimage"},"image":{"@id":"https:\/\/www.notibras.com\/site\/justica-marca-audiencia-de-ex-piloto-reu-por-morte-de-adolescente\/#primaryimage"},"thumbnailUrl":"https:\/\/www.notibras.com\/site\/wp-content\/uploads\/2026\/04\/WhatsApp-Image-2026-04-28-at-15.57.14.jpeg","datePublished":"2026-04-29T04:00:58+00:00","breadcrumb":{"@id":"https:\/\/www.notibras.com\/site\/justica-marca-audiencia-de-ex-piloto-reu-por-morte-de-adolescente\/#breadcrumb"},"inLanguage":"pt-BR","potentialAction":[{"@type":"ReadAction","target":["https:\/\/www.notibras.com\/site\/justica-marca-audiencia-de-ex-piloto-reu-por-morte-de-adolescente\/"]}]},{"@type":"ImageObject","inLanguage":"pt-BR","@id":"https:\/\/www.notibras.com\/site\/justica-marca-audiencia-de-ex-piloto-reu-por-morte-de-adolescente\/#primaryimage","url":"https:\/\/www.notibras.com\/site\/wp-content\/uploads\/2026\/04\/WhatsApp-Image-2026-04-28-at-15.57.14.jpeg","contentUrl":"https:\/\/www.notibras.com\/site\/wp-content\/uploads\/2026\/04\/WhatsApp-Image-2026-04-28-at-15.57.14.jpeg","width":984,"height":554},{"@type":"BreadcrumbList","@id":"https:\/\/www.notibras.com\/site\/justica-marca-audiencia-de-ex-piloto-reu-por-morte-de-adolescente\/#breadcrumb","itemListElement":[{"@type":"ListItem","position":1,"name":"In\u00edcio","item":"https:\/\/www.notibras.com\/site\/"},{"@type":"ListItem","position":2,"name":"Justi\u00e7a marca audi\u00eancia de ex-piloto r\u00e9u por morte de adolescente"}]},{"@type":"WebSite","@id":"https:\/\/www.notibras.com\/site\/#website","url":"https:\/\/www.notibras.com\/site\/","name":"Notibras","description":"Not\u00edcias de Bras\u00edlia, do Brasil e do Mundo","publisher":{"@id":"https:\/\/www.notibras.com\/site\/#organization"},"potentialAction":[{"@type":"SearchAction","target":{"@type":"EntryPoint","urlTemplate":"https:\/\/www.notibras.com\/site\/?s={search_term_string}"},"query-input":{"@type":"PropertyValueSpecification","valueRequired":true,"valueName":"search_term_string"}}],"inLanguage":"pt-BR"},{"@type":"Organization","@id":"https:\/\/www.notibras.com\/site\/#organization","name":"Grupo Notibras de Comunica\u00e7\u00e3o","url":"https:\/\/www.notibras.com\/site\/","logo":{"@type":"ImageObject","inLanguage":"pt-BR","@id":"https:\/\/www.notibras.com\/site\/#\/schema\/logo\/image\/","url":"https:\/\/www.notibras.com\/site\/wp-content\/uploads\/2023\/01\/notibras23.png","contentUrl":"https:\/\/www.notibras.com\/site\/wp-content\/uploads\/2023\/01\/notibras23.png","width":350,"height":87,"caption":"Grupo Notibras de Comunica\u00e7\u00e3o"},"image":{"@id":"https:\/\/www.notibras.com\/site\/#\/schema\/logo\/image\/"},"sameAs":["https:\/\/www.facebook.com\/notibras\/","https:\/\/x.com\/Notibras","https:\/\/www.instagram.com\/notibras\/"]},{"@type":"Person","@id":"https:\/\/www.notibras.com\/site\/#\/schema\/person\/5b7fabf2aedc3ada2105f03b22b4d3dd","name":"Eduardo Mart\u00ednez","image":{"@type":"ImageObject","inLanguage":"pt-BR","@id":"https:\/\/secure.gravatar.com\/avatar\/7902f906289926289cbcda644b5197c796b893c6ffd7b9a536a42d290f7704a0?s=96&d=mm&r=g","url":"https:\/\/secure.gravatar.com\/avatar\/7902f906289926289cbcda644b5197c796b893c6ffd7b9a536a42d290f7704a0?s=96&d=mm&r=g","contentUrl":"https:\/\/secure.gravatar.com\/avatar\/7902f906289926289cbcda644b5197c796b893c6ffd7b9a536a42d290f7704a0?s=96&d=mm&r=g","caption":"Eduardo Mart\u00ednez"}}]}},"amp_enabled":true,"_links":{"self":[{"href":"https:\/\/www.notibras.com\/site\/wp-json\/wp\/v2\/posts\/392836","targetHints":{"allow":["GET"]}}],"collection":[{"href":"https:\/\/www.notibras.com\/site\/wp-json\/wp\/v2\/posts"}],"about":[{"href":"https:\/\/www.notibras.com\/site\/wp-json\/wp\/v2\/types\/post"}],"author":[{"embeddable":true,"href":"https:\/\/www.notibras.com\/site\/wp-json\/wp\/v2\/users\/21"}],"replies":[{"embeddable":true,"href":"https:\/\/www.notibras.com\/site\/wp-json\/wp\/v2\/comments?post=392836"}],"version-history":[{"count":2,"href":"https:\/\/www.notibras.com\/site\/wp-json\/wp\/v2\/posts\/392836\/revisions"}],"predecessor-version":[{"id":392839,"href":"https:\/\/www.notibras.com\/site\/wp-json\/wp\/v2\/posts\/392836\/revisions\/392839"}],"wp:featuredmedia":[{"embeddable":true,"href":"https:\/\/www.notibras.com\/site\/wp-json\/wp\/v2\/media\/392837"}],"wp:attachment":[{"href":"https:\/\/www.notibras.com\/site\/wp-json\/wp\/v2\/media?parent=392836"}],"wp:term":[{"taxonomy":"category","embeddable":true,"href":"https:\/\/www.notibras.com\/site\/wp-json\/wp\/v2\/categories?post=392836"},{"taxonomy":"post_tag","embeddable":true,"href":"https:\/\/www.notibras.com\/site\/wp-json\/wp\/v2\/tags?post=392836"}],"curies":[{"name":"wp","href":"https:\/\/api.w.org\/{rel}","templated":true}]}}