{"id":392843,"date":"2026-05-02T02:00:57","date_gmt":"2026-05-02T05:00:57","guid":{"rendered":"https:\/\/www.notibras.com\/site\/?p=392843"},"modified":"2026-04-28T16:56:50","modified_gmt":"2026-04-28T19:56:50","slug":"o-peso-de-decidir-por-si","status":"publish","type":"post","link":"https:\/\/www.notibras.com\/site\/o-peso-de-decidir-por-si\/","title":{"rendered":"O peso de decidir por si"},"content":{"rendered":"<p>H\u00e1 um momento na vida em que n\u00e3o podemos mais culpar ningu\u00e9m.<\/p>\n<p>Nem os pais. Nem a sociedade. Nem o acaso.<\/p>\n<p>Existe um ponto em que a responsabilidade se desloca e passa a ser nossa.<\/p>\n<p>A filosofia existencialista de Jean-Paul Sartre \u00e9 inc\u00f4moda exatamente por isso: somos respons\u00e1veis pelas nossas escolhas, inclusive quando escolhemos n\u00e3o escolher.<\/p>\n<p>Isso pesa.<\/p>\n<p>Decidir por si exige assumir riscos, lidar com consequ\u00eancias, sustentar erros.<\/p>\n<p>Mas tamb\u00e9m \u00e9 o que nos constitui como sujeitos.<\/p>\n<p>N\u00e3o h\u00e1 liberdade sem responsabilidade. E n\u00e3o h\u00e1 responsabilidade sem algum grau de ang\u00fastia.<\/p>\n","protected":false},"excerpt":{"rendered":"<p>H\u00e1 um momento na vida em que n\u00e3o podemos mais culpar ningu\u00e9m. Nem os pais. Nem a sociedade. Nem o acaso. Existe um ponto em que a responsabilidade se desloca e passa a ser nossa. A filosofia existencialista de Jean-Paul Sartre \u00e9 inc\u00f4moda exatamente por isso: somos respons\u00e1veis pelas nossas escolhas, inclusive quando escolhemos n\u00e3o [&hellip;]<\/p>\n","protected":false},"author":21,"featured_media":392844,"comment_status":"closed","ping_status":"closed","sticky":false,"template":"","format":"standard","meta":{"_acf_changed":false,"footnotes":""},"categories":[236],"tags":[],"class_list":["post-392843","post","type-post","status-publish","format-standard","has-post-thumbnail","hentry","category-ponto-de-vista"],"acf":[],"_links":{"self":[{"href":"https:\/\/www.notibras.com\/site\/wp-json\/wp\/v2\/posts\/392843","targetHints":{"allow":["GET"]}}],"collection":[{"href":"https:\/\/www.notibras.com\/site\/wp-json\/wp\/v2\/posts"}],"about":[{"href":"https:\/\/www.notibras.com\/site\/wp-json\/wp\/v2\/types\/post"}],"author":[{"embeddable":true,"href":"https:\/\/www.notibras.com\/site\/wp-json\/wp\/v2\/users\/21"}],"replies":[{"embeddable":true,"href":"https:\/\/www.notibras.com\/site\/wp-json\/wp\/v2\/comments?post=392843"}],"version-history":[{"count":2,"href":"https:\/\/www.notibras.com\/site\/wp-json\/wp\/v2\/posts\/392843\/revisions"}],"predecessor-version":[{"id":392846,"href":"https:\/\/www.notibras.com\/site\/wp-json\/wp\/v2\/posts\/392843\/revisions\/392846"}],"wp:featuredmedia":[{"embeddable":true,"href":"https:\/\/www.notibras.com\/site\/wp-json\/wp\/v2\/media\/392844"}],"wp:attachment":[{"href":"https:\/\/www.notibras.com\/site\/wp-json\/wp\/v2\/media?parent=392843"}],"wp:term":[{"taxonomy":"category","embeddable":true,"href":"https:\/\/www.notibras.com\/site\/wp-json\/wp\/v2\/categories?post=392843"},{"taxonomy":"post_tag","embeddable":true,"href":"https:\/\/www.notibras.com\/site\/wp-json\/wp\/v2\/tags?post=392843"}],"curies":[{"name":"wp","href":"https:\/\/api.w.org\/{rel}","templated":true}]}}