{"id":392847,"date":"2026-05-03T02:15:51","date_gmt":"2026-05-03T05:15:51","guid":{"rendered":"https:\/\/www.notibras.com\/site\/?p=392847"},"modified":"2026-04-28T17:02:22","modified_gmt":"2026-04-28T20:02:22","slug":"o-dia-em-que-voce-percebe-que-cesceu","status":"publish","type":"post","link":"https:\/\/www.notibras.com\/site\/o-dia-em-que-voce-percebe-que-cesceu\/","title":{"rendered":"O dia em que voc\u00ea percebe que cesceu"},"content":{"rendered":"<p>Crescer n\u00e3o acontece de uma vez.<\/p>\n<p>N\u00e3o h\u00e1 um marco exato, uma data espec\u00edfica, um ritual claro.<\/p>\n<p>Mas h\u00e1 momentos em que algo muda.<\/p>\n<p>Quando voc\u00ea resolve um problema sozinho.<\/p>\n<p>Quando voc\u00ea se escolhe em vez de escolher algu\u00e9m.<\/p>\n<p>Quando voc\u00ea entende que algumas coisas n\u00e3o t\u00eam solu\u00e7\u00e3o.<\/p>\n<p>Giddens fala da constru\u00e7\u00e3o reflexiva do eu na modernidade a identidade n\u00e3o \u00e9 dada, ela \u00e9 constru\u00edda ao longo do tempo.<\/p>\n<p>E crescer talvez seja exatamente isso: perceber que voc\u00ea est\u00e1 se construindo e que ningu\u00e9m far\u00e1 isso por voc\u00ea.<\/p>\n","protected":false},"excerpt":{"rendered":"<p>Crescer n\u00e3o acontece de uma vez. N\u00e3o h\u00e1 um marco exato, uma data espec\u00edfica, um ritual claro. Mas h\u00e1 momentos em que algo muda. Quando voc\u00ea resolve um problema sozinho. Quando voc\u00ea se escolhe em vez de escolher algu\u00e9m. Quando voc\u00ea entende que algumas coisas n\u00e3o t\u00eam solu\u00e7\u00e3o. Giddens fala da constru\u00e7\u00e3o reflexiva do eu [&hellip;]<\/p>\n","protected":false},"author":21,"featured_media":392848,"comment_status":"closed","ping_status":"closed","sticky":false,"template":"","format":"standard","meta":{"_acf_changed":false,"footnotes":""},"categories":[236],"tags":[],"class_list":["post-392847","post","type-post","status-publish","format-standard","has-post-thumbnail","hentry","category-ponto-de-vista"],"acf":[],"_links":{"self":[{"href":"https:\/\/www.notibras.com\/site\/wp-json\/wp\/v2\/posts\/392847","targetHints":{"allow":["GET"]}}],"collection":[{"href":"https:\/\/www.notibras.com\/site\/wp-json\/wp\/v2\/posts"}],"about":[{"href":"https:\/\/www.notibras.com\/site\/wp-json\/wp\/v2\/types\/post"}],"author":[{"embeddable":true,"href":"https:\/\/www.notibras.com\/site\/wp-json\/wp\/v2\/users\/21"}],"replies":[{"embeddable":true,"href":"https:\/\/www.notibras.com\/site\/wp-json\/wp\/v2\/comments?post=392847"}],"version-history":[{"count":2,"href":"https:\/\/www.notibras.com\/site\/wp-json\/wp\/v2\/posts\/392847\/revisions"}],"predecessor-version":[{"id":392850,"href":"https:\/\/www.notibras.com\/site\/wp-json\/wp\/v2\/posts\/392847\/revisions\/392850"}],"wp:featuredmedia":[{"embeddable":true,"href":"https:\/\/www.notibras.com\/site\/wp-json\/wp\/v2\/media\/392848"}],"wp:attachment":[{"href":"https:\/\/www.notibras.com\/site\/wp-json\/wp\/v2\/media?parent=392847"}],"wp:term":[{"taxonomy":"category","embeddable":true,"href":"https:\/\/www.notibras.com\/site\/wp-json\/wp\/v2\/categories?post=392847"},{"taxonomy":"post_tag","embeddable":true,"href":"https:\/\/www.notibras.com\/site\/wp-json\/wp\/v2\/tags?post=392847"}],"curies":[{"name":"wp","href":"https:\/\/api.w.org\/{rel}","templated":true}]}}