{"id":392872,"date":"2026-04-29T02:15:08","date_gmt":"2026-04-29T05:15:08","guid":{"rendered":"https:\/\/www.notibras.com\/site\/?p=392872"},"modified":"2026-04-28T20:13:39","modified_gmt":"2026-04-28T23:13:39","slug":"o-enlace-que-movimenta-jantares-discretos-da-capital","status":"publish","type":"post","link":"https:\/\/www.notibras.com\/site\/o-enlace-que-movimenta-jantares-discretos-da-capital\/","title":{"rendered":"O enlace que movimenta jantares discretos da capital"},"content":{"rendered":"<p>Em uma Bras\u00edlia que, por vezes, mais se assemelha a uma corte vitoriana do que \u00e0 capital de uma rep\u00fablica moderna, novos enredos come\u00e7am a circular entre sal\u00f5es, gabinetes e jantares discretos. Fala-se, com um certo deleite t\u00edpico das altas rodas, de uma uni\u00e3o improv\u00e1vel, quase um arranjo entre supostos advers\u00e1rios pol\u00edticos, desses que, \u00e0 luz do dia, ocupariam trincheiras distintas, mas que, sob a penumbra elegante da noite, parecem compartilhar mais do que diverg\u00eancias.<\/p>\n<p>Ele, figura conhecida por respirar os ares das mais altas inst\u00e2ncias, transita com naturalidade entre decis\u00f5es que moldam o pa\u00eds e conversas que moldam destinos. Dizem que aprecia passear por outras cortes, especialmente al\u00e9m-mar, e que, de tanto viajar a Portugal, por vezes retorna com um leve sotaque lusitano, como se trouxesse na bagagem n\u00e3o apenas compromissos. Ela, de postura firme e olhar atento \u00e0 sociedade, construiu sua reputa\u00e7\u00e3o como algu\u00e9m profundamente comprometida com as causas trabalhistas.<\/p>\n<p>E assim, entre ta\u00e7as erguidas e cochichos bem calculados, as noites da cidade andam mais agitadas. Restaurantes e encontros reservados tornaram-se palco frequente para a presen\u00e7a desse novo casal, que parece ignorar, ou talvez desafiar, as fronteiras que antes os separavam. Em uma corte onde nada passa despercebido, o romance segue como um dos assuntos mais comentados, envolto naquele v\u00e9u de mist\u00e9rio que s\u00f3 as hist\u00f3rias mais saborosas conseguem sustentar.<\/p>\n","protected":false},"excerpt":{"rendered":"<p>Em uma Bras\u00edlia que, por vezes, mais se assemelha a uma corte vitoriana do que \u00e0 capital de uma rep\u00fablica moderna, novos enredos come\u00e7am a circular entre sal\u00f5es, gabinetes e jantares discretos. Fala-se, com um certo deleite t\u00edpico das altas rodas, de uma uni\u00e3o improv\u00e1vel, quase um arranjo entre supostos advers\u00e1rios pol\u00edticos, desses que, \u00e0 [&hellip;]<\/p>\n","protected":false},"author":21,"featured_media":392873,"comment_status":"closed","ping_status":"closed","sticky":false,"template":"","format":"standard","meta":{"_acf_changed":false,"footnotes":""},"categories":[235],"tags":[],"class_list":["post-392872","post","type-post","status-publish","format-standard","has-post-thumbnail","hentry","category-dona-irene"],"acf":[],"yoast_head":"<!-- This site is optimized with the Yoast SEO plugin v27.2 - https:\/\/yoast.com\/product\/yoast-seo-wordpress\/ -->\n<title>O enlace que movimenta jantares discretos da capital - Notibras<\/title>\n<meta name=\"robots\" content=\"index, follow, max-snippet:-1, max-image-preview:large, max-video-preview:-1\" \/>\n<link rel=\"canonical\" href=\"https:\/\/www.notibras.com\/site\/o-enlace-que-movimenta-jantares-discretos-da-capital\/\" \/>\n<meta property=\"og:locale\" content=\"pt_BR\" \/>\n<meta property=\"og:type\" content=\"article\" \/>\n<meta property=\"og:title\" content=\"O enlace que movimenta jantares discretos da capital - Notibras\" \/>\n<meta property=\"og:description\" content=\"Em uma Bras\u00edlia que, por vezes, mais se assemelha a uma corte vitoriana do que \u00e0 capital de uma rep\u00fablica moderna, novos enredos come\u00e7am a circular entre sal\u00f5es, gabinetes e jantares discretos. Fala-se, com um certo deleite t\u00edpico das altas rodas, de uma uni\u00e3o improv\u00e1vel, quase um arranjo entre supostos advers\u00e1rios pol\u00edticos, desses que, \u00e0 [&hellip;]\" \/>\n<meta property=\"og:url\" content=\"https:\/\/www.notibras.com\/site\/o-enlace-que-movimenta-jantares-discretos-da-capital\/\" \/>\n<meta property=\"og:site_name\" content=\"Notibras\" \/>\n<meta property=\"article:publisher\" content=\"https:\/\/www.facebook.com\/notibras\/\" \/>\n<meta property=\"article:published_time\" content=\"2026-04-29T05:15:08+00:00\" \/>\n<meta property=\"og:image\" content=\"https:\/\/www.notibras.com\/site\/wp-content\/uploads\/2026\/04\/WhatsApp-Image-2026-04-28-at-20.01.01.jpeg\" \/>\n\t<meta property=\"og:image:width\" content=\"1536\" \/>\n\t<meta property=\"og:image:height\" content=\"1024\" \/>\n\t<meta property=\"og:image:type\" content=\"image\/jpeg\" \/>\n<meta name=\"author\" content=\"Eduardo Mart\u00ednez\" \/>\n<meta name=\"twitter:card\" content=\"summary_large_image\" \/>\n<meta name=\"twitter:creator\" content=\"@Notibras\" \/>\n<meta name=\"twitter:site\" content=\"@Notibras\" \/>\n<meta name=\"twitter:label1\" content=\"Escrito por\" \/>\n\t<meta name=\"twitter:data1\" content=\"Eduardo Mart\u00ednez\" \/>\n\t<meta name=\"twitter:label2\" content=\"Est. tempo de leitura\" \/>\n\t<meta name=\"twitter:data2\" content=\"2 minutos\" \/>\n<script type=\"application\/ld+json\" class=\"yoast-schema-graph\">{\"@context\":\"https:\/\/schema.org\",\"@graph\":[{\"@type\":\"Article\",\"@id\":\"https:\/\/www.notibras.com\/site\/o-enlace-que-movimenta-jantares-discretos-da-capital\/#article\",\"isPartOf\":{\"@id\":\"https:\/\/www.notibras.com\/site\/o-enlace-que-movimenta-jantares-discretos-da-capital\/\"},\"author\":{\"name\":\"Eduardo Mart\u00ednez\",\"@id\":\"https:\/\/www.notibras.com\/site\/#\/schema\/person\/5b7fabf2aedc3ada2105f03b22b4d3dd\"},\"headline\":\"O enlace que movimenta jantares discretos da capital\",\"datePublished\":\"2026-04-29T05:15:08+00:00\",\"mainEntityOfPage\":{\"@id\":\"https:\/\/www.notibras.com\/site\/o-enlace-que-movimenta-jantares-discretos-da-capital\/\"},\"wordCount\":249,\"publisher\":{\"@id\":\"https:\/\/www.notibras.com\/site\/#organization\"},\"image\":{\"@id\":\"https:\/\/www.notibras.com\/site\/o-enlace-que-movimenta-jantares-discretos-da-capital\/#primaryimage\"},\"thumbnailUrl\":\"https:\/\/www.notibras.com\/site\/wp-content\/uploads\/2026\/04\/WhatsApp-Image-2026-04-28-at-20.01.01.jpeg\",\"articleSection\":[\"Dona Irene\"],\"inLanguage\":\"pt-BR\"},{\"@type\":\"WebPage\",\"@id\":\"https:\/\/www.notibras.com\/site\/o-enlace-que-movimenta-jantares-discretos-da-capital\/\",\"url\":\"https:\/\/www.notibras.com\/site\/o-enlace-que-movimenta-jantares-discretos-da-capital\/\",\"name\":\"O enlace que movimenta jantares discretos da capital - Notibras\",\"isPartOf\":{\"@id\":\"https:\/\/www.notibras.com\/site\/#website\"},\"primaryImageOfPage\":{\"@id\":\"https:\/\/www.notibras.com\/site\/o-enlace-que-movimenta-jantares-discretos-da-capital\/#primaryimage\"},\"image\":{\"@id\":\"https:\/\/www.notibras.com\/site\/o-enlace-que-movimenta-jantares-discretos-da-capital\/#primaryimage\"},\"thumbnailUrl\":\"https:\/\/www.notibras.com\/site\/wp-content\/uploads\/2026\/04\/WhatsApp-Image-2026-04-28-at-20.01.01.jpeg\",\"datePublished\":\"2026-04-29T05:15:08+00:00\",\"breadcrumb\":{\"@id\":\"https:\/\/www.notibras.com\/site\/o-enlace-que-movimenta-jantares-discretos-da-capital\/#breadcrumb\"},\"inLanguage\":\"pt-BR\",\"potentialAction\":[{\"@type\":\"ReadAction\",\"target\":[\"https:\/\/www.notibras.com\/site\/o-enlace-que-movimenta-jantares-discretos-da-capital\/\"]}]},{\"@type\":\"ImageObject\",\"inLanguage\":\"pt-BR\",\"@id\":\"https:\/\/www.notibras.com\/site\/o-enlace-que-movimenta-jantares-discretos-da-capital\/#primaryimage\",\"url\":\"https:\/\/www.notibras.com\/site\/wp-content\/uploads\/2026\/04\/WhatsApp-Image-2026-04-28-at-20.01.01.jpeg\",\"contentUrl\":\"https:\/\/www.notibras.com\/site\/wp-content\/uploads\/2026\/04\/WhatsApp-Image-2026-04-28-at-20.01.01.jpeg\",\"width\":1536,\"height\":1024},{\"@type\":\"BreadcrumbList\",\"@id\":\"https:\/\/www.notibras.com\/site\/o-enlace-que-movimenta-jantares-discretos-da-capital\/#breadcrumb\",\"itemListElement\":[{\"@type\":\"ListItem\",\"position\":1,\"name\":\"In\u00edcio\",\"item\":\"https:\/\/www.notibras.com\/site\/\"},{\"@type\":\"ListItem\",\"position\":2,\"name\":\"O enlace que movimenta jantares discretos da capital\"}]},{\"@type\":\"WebSite\",\"@id\":\"https:\/\/www.notibras.com\/site\/#website\",\"url\":\"https:\/\/www.notibras.com\/site\/\",\"name\":\"Notibras\",\"description\":\"Not\u00edcias de Bras\u00edlia, do Brasil e do Mundo\",\"publisher\":{\"@id\":\"https:\/\/www.notibras.com\/site\/#organization\"},\"potentialAction\":[{\"@type\":\"SearchAction\",\"target\":{\"@type\":\"EntryPoint\",\"urlTemplate\":\"https:\/\/www.notibras.com\/site\/?s={search_term_string}\"},\"query-input\":{\"@type\":\"PropertyValueSpecification\",\"valueRequired\":true,\"valueName\":\"search_term_string\"}}],\"inLanguage\":\"pt-BR\"},{\"@type\":\"Organization\",\"@id\":\"https:\/\/www.notibras.com\/site\/#organization\",\"name\":\"Grupo Notibras de Comunica\u00e7\u00e3o\",\"url\":\"https:\/\/www.notibras.com\/site\/\",\"logo\":{\"@type\":\"ImageObject\",\"inLanguage\":\"pt-BR\",\"@id\":\"https:\/\/www.notibras.com\/site\/#\/schema\/logo\/image\/\",\"url\":\"https:\/\/www.notibras.com\/site\/wp-content\/uploads\/2023\/01\/notibras23.png\",\"contentUrl\":\"https:\/\/www.notibras.com\/site\/wp-content\/uploads\/2023\/01\/notibras23.png\",\"width\":350,\"height\":87,\"caption\":\"Grupo Notibras de Comunica\u00e7\u00e3o\"},\"image\":{\"@id\":\"https:\/\/www.notibras.com\/site\/#\/schema\/logo\/image\/\"},\"sameAs\":[\"https:\/\/www.facebook.com\/notibras\/\",\"https:\/\/x.com\/Notibras\",\"https:\/\/www.instagram.com\/notibras\/\"]},{\"@type\":\"Person\",\"@id\":\"https:\/\/www.notibras.com\/site\/#\/schema\/person\/5b7fabf2aedc3ada2105f03b22b4d3dd\",\"name\":\"Eduardo Mart\u00ednez\",\"image\":{\"@type\":\"ImageObject\",\"inLanguage\":\"pt-BR\",\"@id\":\"https:\/\/secure.gravatar.com\/avatar\/7902f906289926289cbcda644b5197c796b893c6ffd7b9a536a42d290f7704a0?s=96&d=mm&r=g\",\"url\":\"https:\/\/secure.gravatar.com\/avatar\/7902f906289926289cbcda644b5197c796b893c6ffd7b9a536a42d290f7704a0?s=96&d=mm&r=g\",\"contentUrl\":\"https:\/\/secure.gravatar.com\/avatar\/7902f906289926289cbcda644b5197c796b893c6ffd7b9a536a42d290f7704a0?s=96&d=mm&r=g\",\"caption\":\"Eduardo Mart\u00ednez\"}}]}<\/script>\n<!-- \/ Yoast SEO plugin. -->","yoast_head_json":{"title":"O enlace que movimenta jantares discretos da capital - Notibras","robots":{"index":"index","follow":"follow","max-snippet":"max-snippet:-1","max-image-preview":"max-image-preview:large","max-video-preview":"max-video-preview:-1"},"canonical":"https:\/\/www.notibras.com\/site\/o-enlace-que-movimenta-jantares-discretos-da-capital\/","og_locale":"pt_BR","og_type":"article","og_title":"O enlace que movimenta jantares discretos da capital - Notibras","og_description":"Em uma Bras\u00edlia que, por vezes, mais se assemelha a uma corte vitoriana do que \u00e0 capital de uma rep\u00fablica moderna, novos enredos come\u00e7am a circular entre sal\u00f5es, gabinetes e jantares discretos. Fala-se, com um certo deleite t\u00edpico das altas rodas, de uma uni\u00e3o improv\u00e1vel, quase um arranjo entre supostos advers\u00e1rios pol\u00edticos, desses que, \u00e0 [&hellip;]","og_url":"https:\/\/www.notibras.com\/site\/o-enlace-que-movimenta-jantares-discretos-da-capital\/","og_site_name":"Notibras","article_publisher":"https:\/\/www.facebook.com\/notibras\/","article_published_time":"2026-04-29T05:15:08+00:00","og_image":[{"width":1536,"height":1024,"url":"https:\/\/www.notibras.com\/site\/wp-content\/uploads\/2026\/04\/WhatsApp-Image-2026-04-28-at-20.01.01.jpeg","type":"image\/jpeg"}],"author":"Eduardo Mart\u00ednez","twitter_card":"summary_large_image","twitter_creator":"@Notibras","twitter_site":"@Notibras","twitter_misc":{"Escrito por":"Eduardo Mart\u00ednez","Est. tempo de leitura":"2 minutos"},"schema":{"@context":"https:\/\/schema.org","@graph":[{"@type":"Article","@id":"https:\/\/www.notibras.com\/site\/o-enlace-que-movimenta-jantares-discretos-da-capital\/#article","isPartOf":{"@id":"https:\/\/www.notibras.com\/site\/o-enlace-que-movimenta-jantares-discretos-da-capital\/"},"author":{"name":"Eduardo Mart\u00ednez","@id":"https:\/\/www.notibras.com\/site\/#\/schema\/person\/5b7fabf2aedc3ada2105f03b22b4d3dd"},"headline":"O enlace que movimenta jantares discretos da capital","datePublished":"2026-04-29T05:15:08+00:00","mainEntityOfPage":{"@id":"https:\/\/www.notibras.com\/site\/o-enlace-que-movimenta-jantares-discretos-da-capital\/"},"wordCount":249,"publisher":{"@id":"https:\/\/www.notibras.com\/site\/#organization"},"image":{"@id":"https:\/\/www.notibras.com\/site\/o-enlace-que-movimenta-jantares-discretos-da-capital\/#primaryimage"},"thumbnailUrl":"https:\/\/www.notibras.com\/site\/wp-content\/uploads\/2026\/04\/WhatsApp-Image-2026-04-28-at-20.01.01.jpeg","articleSection":["Dona Irene"],"inLanguage":"pt-BR"},{"@type":"WebPage","@id":"https:\/\/www.notibras.com\/site\/o-enlace-que-movimenta-jantares-discretos-da-capital\/","url":"https:\/\/www.notibras.com\/site\/o-enlace-que-movimenta-jantares-discretos-da-capital\/","name":"O enlace que movimenta jantares discretos da capital - Notibras","isPartOf":{"@id":"https:\/\/www.notibras.com\/site\/#website"},"primaryImageOfPage":{"@id":"https:\/\/www.notibras.com\/site\/o-enlace-que-movimenta-jantares-discretos-da-capital\/#primaryimage"},"image":{"@id":"https:\/\/www.notibras.com\/site\/o-enlace-que-movimenta-jantares-discretos-da-capital\/#primaryimage"},"thumbnailUrl":"https:\/\/www.notibras.com\/site\/wp-content\/uploads\/2026\/04\/WhatsApp-Image-2026-04-28-at-20.01.01.jpeg","datePublished":"2026-04-29T05:15:08+00:00","breadcrumb":{"@id":"https:\/\/www.notibras.com\/site\/o-enlace-que-movimenta-jantares-discretos-da-capital\/#breadcrumb"},"inLanguage":"pt-BR","potentialAction":[{"@type":"ReadAction","target":["https:\/\/www.notibras.com\/site\/o-enlace-que-movimenta-jantares-discretos-da-capital\/"]}]},{"@type":"ImageObject","inLanguage":"pt-BR","@id":"https:\/\/www.notibras.com\/site\/o-enlace-que-movimenta-jantares-discretos-da-capital\/#primaryimage","url":"https:\/\/www.notibras.com\/site\/wp-content\/uploads\/2026\/04\/WhatsApp-Image-2026-04-28-at-20.01.01.jpeg","contentUrl":"https:\/\/www.notibras.com\/site\/wp-content\/uploads\/2026\/04\/WhatsApp-Image-2026-04-28-at-20.01.01.jpeg","width":1536,"height":1024},{"@type":"BreadcrumbList","@id":"https:\/\/www.notibras.com\/site\/o-enlace-que-movimenta-jantares-discretos-da-capital\/#breadcrumb","itemListElement":[{"@type":"ListItem","position":1,"name":"In\u00edcio","item":"https:\/\/www.notibras.com\/site\/"},{"@type":"ListItem","position":2,"name":"O enlace que movimenta jantares discretos da capital"}]},{"@type":"WebSite","@id":"https:\/\/www.notibras.com\/site\/#website","url":"https:\/\/www.notibras.com\/site\/","name":"Notibras","description":"Not\u00edcias de Bras\u00edlia, do Brasil e do Mundo","publisher":{"@id":"https:\/\/www.notibras.com\/site\/#organization"},"potentialAction":[{"@type":"SearchAction","target":{"@type":"EntryPoint","urlTemplate":"https:\/\/www.notibras.com\/site\/?s={search_term_string}"},"query-input":{"@type":"PropertyValueSpecification","valueRequired":true,"valueName":"search_term_string"}}],"inLanguage":"pt-BR"},{"@type":"Organization","@id":"https:\/\/www.notibras.com\/site\/#organization","name":"Grupo Notibras de Comunica\u00e7\u00e3o","url":"https:\/\/www.notibras.com\/site\/","logo":{"@type":"ImageObject","inLanguage":"pt-BR","@id":"https:\/\/www.notibras.com\/site\/#\/schema\/logo\/image\/","url":"https:\/\/www.notibras.com\/site\/wp-content\/uploads\/2023\/01\/notibras23.png","contentUrl":"https:\/\/www.notibras.com\/site\/wp-content\/uploads\/2023\/01\/notibras23.png","width":350,"height":87,"caption":"Grupo Notibras de Comunica\u00e7\u00e3o"},"image":{"@id":"https:\/\/www.notibras.com\/site\/#\/schema\/logo\/image\/"},"sameAs":["https:\/\/www.facebook.com\/notibras\/","https:\/\/x.com\/Notibras","https:\/\/www.instagram.com\/notibras\/"]},{"@type":"Person","@id":"https:\/\/www.notibras.com\/site\/#\/schema\/person\/5b7fabf2aedc3ada2105f03b22b4d3dd","name":"Eduardo Mart\u00ednez","image":{"@type":"ImageObject","inLanguage":"pt-BR","@id":"https:\/\/secure.gravatar.com\/avatar\/7902f906289926289cbcda644b5197c796b893c6ffd7b9a536a42d290f7704a0?s=96&d=mm&r=g","url":"https:\/\/secure.gravatar.com\/avatar\/7902f906289926289cbcda644b5197c796b893c6ffd7b9a536a42d290f7704a0?s=96&d=mm&r=g","contentUrl":"https:\/\/secure.gravatar.com\/avatar\/7902f906289926289cbcda644b5197c796b893c6ffd7b9a536a42d290f7704a0?s=96&d=mm&r=g","caption":"Eduardo Mart\u00ednez"}}]}},"amp_enabled":true,"_links":{"self":[{"href":"https:\/\/www.notibras.com\/site\/wp-json\/wp\/v2\/posts\/392872","targetHints":{"allow":["GET"]}}],"collection":[{"href":"https:\/\/www.notibras.com\/site\/wp-json\/wp\/v2\/posts"}],"about":[{"href":"https:\/\/www.notibras.com\/site\/wp-json\/wp\/v2\/types\/post"}],"author":[{"embeddable":true,"href":"https:\/\/www.notibras.com\/site\/wp-json\/wp\/v2\/users\/21"}],"replies":[{"embeddable":true,"href":"https:\/\/www.notibras.com\/site\/wp-json\/wp\/v2\/comments?post=392872"}],"version-history":[{"count":2,"href":"https:\/\/www.notibras.com\/site\/wp-json\/wp\/v2\/posts\/392872\/revisions"}],"predecessor-version":[{"id":392875,"href":"https:\/\/www.notibras.com\/site\/wp-json\/wp\/v2\/posts\/392872\/revisions\/392875"}],"wp:featuredmedia":[{"embeddable":true,"href":"https:\/\/www.notibras.com\/site\/wp-json\/wp\/v2\/media\/392873"}],"wp:attachment":[{"href":"https:\/\/www.notibras.com\/site\/wp-json\/wp\/v2\/media?parent=392872"}],"wp:term":[{"taxonomy":"category","embeddable":true,"href":"https:\/\/www.notibras.com\/site\/wp-json\/wp\/v2\/categories?post=392872"},{"taxonomy":"post_tag","embeddable":true,"href":"https:\/\/www.notibras.com\/site\/wp-json\/wp\/v2\/tags?post=392872"}],"curies":[{"name":"wp","href":"https:\/\/api.w.org\/{rel}","templated":true}]}}