{"id":392876,"date":"2026-04-29T00:30:10","date_gmt":"2026-04-29T03:30:10","guid":{"rendered":"https:\/\/www.notibras.com\/site\/?p=392876"},"modified":"2026-04-28T20:29:28","modified_gmt":"2026-04-28T23:29:28","slug":"filhotes-de-golden-retriever-iniciam-jornada-como-futuros-caes-guia","status":"publish","type":"post","link":"https:\/\/www.notibras.com\/site\/filhotes-de-golden-retriever-iniciam-jornada-como-futuros-caes-guia\/","title":{"rendered":"Filhotes de golden retriever iniciam jornada como futuros c\u00e3es-guia"},"content":{"rendered":"<p>O Corpo de Bombeiros Militar do Distrito Federal (CBMDF) apresentou oito novos \u201caspirantes\u201d muito especiais esta semana: Duda, Delta, Dacota, Dora, Dom, Dante, Draco e Dexter \u2014 filhotes da ra\u00e7a golden retriever que poder\u00e3o, no futuro, se tornar c\u00e3es-guia. Este dia 29, a \u00faltima quarta-feira de abril, marca o Dia Internacional do C\u00e3o-Guia e refor\u00e7a a import\u00e2ncia desses animais, que contribuem diretamente para a inclus\u00e3o social e melhoria da qualidade de vida de pessoas com defici\u00eancia visual.<\/p>\n<p>A \u201cninhada D\u201d nasceu no Centro de Treinamento de C\u00e3es do CBMDF, a partir de um cruzamento entre c\u00e3es com familiaridade para o trabalho. Os nomes seguem uma log\u00edstica de controle: como \u00e9 a quarta ninhada, todos come\u00e7am com a quarta letra do alfabeto. S\u00e3o quatro f\u00eameas e quatro machos, filhos da cadela \u00c1quila e do c\u00e3o Fred. Nos pr\u00f3ximos meses, eles ser\u00e3o encaminhados para fam\u00edlias socializadoras volunt\u00e1rias, respons\u00e1veis por uma etapa essencial do processo de forma\u00e7\u00e3o.<\/p>\n<p><strong>As fam\u00edlias socializadoras<\/strong><\/p>\n<p>O processo seletivo para participar do projeto com a socializa\u00e7\u00e3o dos filhotes avalia o ambiente e o comprometimento de todos os integrantes da casa. Entre as fam\u00edlias socializadoras do programa est\u00e1 a da servidora p\u00fablica Roseliza Honda, 51, que mora no Lago Norte e cuida do pastor alem\u00e3o Argos, que est\u00e1 para completar 8 meses de idade.<\/p>\n<p>Roseliza explica que o processo de socializa\u00e7\u00e3o come\u00e7a ap\u00f3s o ciclo vacinal e exige exposi\u00e7\u00e3o gradual a diferentes est\u00edmulos, sempre respeitando o tempo do animal. A rotina inclui passeios em ambientes variados, com aten\u00e7\u00e3o especial a locais movimentados, sons e intera\u00e7\u00f5es com pessoas. \u201cO papel da fam\u00edlia \u00e9 justamente esse: socializar. Levar para todos os ambientes poss\u00edveis, fazer ele viver diferentes situa\u00e7\u00f5es. A gente vai aos poucos, leva em hor\u00e1rios mais tranquilos no come\u00e7o, adapta no metr\u00f4, shopping, consult\u00f3rios e ele vai evoluindo\u201d, relata.<\/p>\n<p>Apesar do avan\u00e7o na aceita\u00e7\u00e3o dos c\u00e3es-guia, a servidora aponta que ainda h\u00e1 desafios relacionados ao desconhecimento ou discrimina\u00e7\u00e3o da popula\u00e7\u00e3o sobre o papel desses animais. Situa\u00e7\u00f5es envolvendo outros tutores de pets e questionamentos sobre o acesso a estabelecimentos ainda s\u00e3o comuns, ainda que haja identifica\u00e7\u00e3o \u2014 tanto dos tutores do projeto, com crach\u00e1, quanto do animal de servi\u00e7o, com o len\u00e7o \u2014 al\u00e9m da prote\u00e7\u00e3o pela norma 11.126\/05, regulamentada pelo Decreto 5.904\/2006, conhecida como a Lei do C\u00e3o-guia, que assegura o direito de ingressar e permanecer com o animal nos ve\u00edculos e nos estabelecimentos p\u00fablicos e privados de uso coletivo.<\/p>\n<p>Mas o ponto principal ressaltado por Roseliza \u00e9 o suporte oferecido pelo Corpo de Bombeiros durante todo o per\u00edodo de socializa\u00e7\u00e3o, com equipes que fornecem orienta\u00e7\u00e3o, acompanhamento t\u00e9cnico e custeio de despesas como alimenta\u00e7\u00e3o do animal e cuidados veterin\u00e1rios, o que contribui para a ades\u00e3o das fam\u00edlias.<\/p>\n<p>A tutora tempor\u00e1ria afirma que o maior receio de quem pensa em participar do projeto ainda \u00e9 o apego ao animal. No entanto, para ela, a experi\u00eancia \u00e9 encarada de forma positiva. \u201cEu sempre falo: \u00e9 como filho, a gente cria para o mundo. Vai doer quando ele for embora, claro, mas \u00e9 uma dor boa. Voc\u00ea sabe que preparou ele para ajudar algu\u00e9m que realmente precisa e eles v\u00e3o fazer uma diferen\u00e7a muito grande na vida da pessoa\u201d, completa.<\/p>\n<p><strong>Treinamento<\/strong><\/p>\n<p>Segundo o major Jo\u00e3o Gilberto Silva Cavalcanti, \u00e0 frente do projeto no CBMDF, a a\u00e7\u00e3o j\u00e1 apresenta resultados e deve ampliar o n\u00famero de atendimentos nos pr\u00f3ximos meses. Ele afirma que atualmente h\u00e1 14 c\u00e3es em socializa\u00e7\u00e3o com fam\u00edlias e dez deles retornam em junho para a fase de treinamento.<\/p>\n<p>\u201cDesde o retorno do projeto, em agosto de 2025, j\u00e1 entregamos dois c\u00e3es: o Bento e o Tom, que chegaram adultos por meio de doa\u00e7\u00e3o, com um ano de idade. Ap\u00f3s treinamento e adapta\u00e7\u00e3o com os usu\u00e1rios, hoje conduzem pessoas com defici\u00eancia visual aqui no DF. A metodologia canadense que utilizamos permite que o c\u00e3o fa\u00e7a qualquer percurso que o usu\u00e1rio precise, com uma adapta\u00e7\u00e3o de cerca de 40 dias entre o c\u00e3o e o novo tutor\u201d, explica o militar.<\/p>\n<p>Os c\u00e3es permanecem com as fam\u00edlias socializadoras de 10 meses a um ano. Durante esse per\u00edodo, os animais convivem em ambiente dom\u00e9stico, onde desenvolvem comportamentos b\u00e1sicos de socializa\u00e7\u00e3o, adapta\u00e7\u00e3o a diferentes est\u00edmulos e obedi\u00eancia. Ap\u00f3s esse per\u00edodo, retornam ao centro de treinamento, onde passam cerca de oito meses em prepara\u00e7\u00e3o t\u00e9cnica espec\u00edfica para atuar como c\u00e3es-guia, com atividades que v\u00e3o desde a obedi\u00eancia b\u00e1sica at\u00e9 a condu\u00e7\u00e3o em ambientes externos, lidando com obst\u00e1culos e situa\u00e7\u00f5es do cotidiano.<\/p>\n<p>A metodologia aplicada, de origem canadense, foi aprendida por militares em interc\u00e2mbio internacional e permite que os c\u00e3es sejam treinados para fazer qualquer trajeto necess\u00e1rio. Com a inaugura\u00e7\u00e3o do Centro de Treinamento de C\u00e3es, o servi\u00e7o ocupa um patamar de refer\u00eancia nacional na forma\u00e7\u00e3o de c\u00e3es de assist\u00eancia, em um espa\u00e7o que j\u00e1 prepara os animais para auxiliar pessoas com Transtorno do Espectro Autista (TEA) e deficientes visuais, al\u00e9m de promover a inclus\u00e3o social e o bem-estar animal.<\/p>\n<p>Os animais formados no CBMDF s\u00e3o destinados com base em uma lista de espera e, ap\u00f3s a entrega, a responsabilidade pelos cuidados com o animal passa a ser do usu\u00e1rio, embora a equipe mantenha um acompanhamento.<\/p>\n","protected":false},"excerpt":{"rendered":"<p>O Corpo de Bombeiros Militar do Distrito Federal (CBMDF) apresentou oito novos \u201caspirantes\u201d muito especiais esta semana: Duda, Delta, Dacota, Dora, Dom, Dante, Draco e Dexter \u2014 filhotes da ra\u00e7a golden retriever que poder\u00e3o, no futuro, se tornar c\u00e3es-guia. Este dia 29, a \u00faltima quarta-feira de abril, marca o Dia Internacional do C\u00e3o-Guia e refor\u00e7a [&hellip;]<\/p>\n","protected":false},"author":21,"featured_media":392877,"comment_status":"closed","ping_status":"closed","sticky":false,"template":"","format":"standard","meta":{"_acf_changed":false,"footnotes":""},"categories":[161],"tags":[],"class_list":["post-392876","post","type-post","status-publish","format-standard","has-post-thumbnail","hentry","category-quadradinho-em-foco"],"acf":[],"yoast_head":"<!-- This site is optimized with the Yoast SEO plugin v27.2 - https:\/\/yoast.com\/product\/yoast-seo-wordpress\/ -->\n<title>Filhotes de golden retriever iniciam jornada como futuros c\u00e3es-guia - Notibras<\/title>\n<meta name=\"robots\" content=\"index, follow, max-snippet:-1, max-image-preview:large, max-video-preview:-1\" \/>\n<link rel=\"canonical\" href=\"https:\/\/www.notibras.com\/site\/filhotes-de-golden-retriever-iniciam-jornada-como-futuros-caes-guia\/\" \/>\n<meta property=\"og:locale\" content=\"pt_BR\" \/>\n<meta property=\"og:type\" content=\"article\" \/>\n<meta property=\"og:title\" content=\"Filhotes de golden retriever iniciam jornada como futuros c\u00e3es-guia - Notibras\" \/>\n<meta property=\"og:description\" content=\"O Corpo de Bombeiros Militar do Distrito Federal (CBMDF) apresentou oito novos \u201caspirantes\u201d muito especiais esta semana: Duda, Delta, Dacota, Dora, Dom, Dante, Draco e Dexter \u2014 filhotes da ra\u00e7a golden retriever que poder\u00e3o, no futuro, se tornar c\u00e3es-guia. Este dia 29, a \u00faltima quarta-feira de abril, marca o Dia Internacional do C\u00e3o-Guia e refor\u00e7a [&hellip;]\" \/>\n<meta property=\"og:url\" content=\"https:\/\/www.notibras.com\/site\/filhotes-de-golden-retriever-iniciam-jornada-como-futuros-caes-guia\/\" \/>\n<meta property=\"og:site_name\" content=\"Notibras\" \/>\n<meta property=\"article:publisher\" content=\"https:\/\/www.facebook.com\/notibras\/\" \/>\n<meta property=\"article:published_time\" content=\"2026-04-29T03:30:10+00:00\" \/>\n<meta property=\"og:image\" content=\"https:\/\/www.notibras.com\/site\/wp-content\/uploads\/2026\/04\/Dentro-4-27.jpg\" \/>\n\t<meta property=\"og:image:width\" content=\"2240\" \/>\n\t<meta property=\"og:image:height\" content=\"1493\" \/>\n\t<meta property=\"og:image:type\" content=\"image\/jpeg\" \/>\n<meta name=\"author\" content=\"Eduardo Mart\u00ednez\" \/>\n<meta name=\"twitter:card\" content=\"summary_large_image\" \/>\n<meta name=\"twitter:creator\" content=\"@Notibras\" \/>\n<meta name=\"twitter:site\" content=\"@Notibras\" \/>\n<meta name=\"twitter:label1\" content=\"Escrito por\" \/>\n\t<meta name=\"twitter:data1\" content=\"Eduardo Mart\u00ednez\" \/>\n\t<meta name=\"twitter:label2\" content=\"Est. tempo de leitura\" \/>\n\t<meta name=\"twitter:data2\" content=\"5 minutos\" \/>\n<script type=\"application\/ld+json\" class=\"yoast-schema-graph\">{\"@context\":\"https:\/\/schema.org\",\"@graph\":[{\"@type\":\"Article\",\"@id\":\"https:\/\/www.notibras.com\/site\/filhotes-de-golden-retriever-iniciam-jornada-como-futuros-caes-guia\/#article\",\"isPartOf\":{\"@id\":\"https:\/\/www.notibras.com\/site\/filhotes-de-golden-retriever-iniciam-jornada-como-futuros-caes-guia\/\"},\"author\":{\"name\":\"Eduardo Mart\u00ednez\",\"@id\":\"https:\/\/www.notibras.com\/site\/#\/schema\/person\/5b7fabf2aedc3ada2105f03b22b4d3dd\"},\"headline\":\"Filhotes de golden retriever iniciam jornada como futuros c\u00e3es-guia\",\"datePublished\":\"2026-04-29T03:30:10+00:00\",\"mainEntityOfPage\":{\"@id\":\"https:\/\/www.notibras.com\/site\/filhotes-de-golden-retriever-iniciam-jornada-como-futuros-caes-guia\/\"},\"wordCount\":960,\"publisher\":{\"@id\":\"https:\/\/www.notibras.com\/site\/#organization\"},\"image\":{\"@id\":\"https:\/\/www.notibras.com\/site\/filhotes-de-golden-retriever-iniciam-jornada-como-futuros-caes-guia\/#primaryimage\"},\"thumbnailUrl\":\"https:\/\/www.notibras.com\/site\/wp-content\/uploads\/2026\/04\/Dentro-4-27.jpg\",\"articleSection\":[\"Quadradinho em Foco\"],\"inLanguage\":\"pt-BR\"},{\"@type\":\"WebPage\",\"@id\":\"https:\/\/www.notibras.com\/site\/filhotes-de-golden-retriever-iniciam-jornada-como-futuros-caes-guia\/\",\"url\":\"https:\/\/www.notibras.com\/site\/filhotes-de-golden-retriever-iniciam-jornada-como-futuros-caes-guia\/\",\"name\":\"Filhotes de golden retriever iniciam jornada como futuros c\u00e3es-guia - Notibras\",\"isPartOf\":{\"@id\":\"https:\/\/www.notibras.com\/site\/#website\"},\"primaryImageOfPage\":{\"@id\":\"https:\/\/www.notibras.com\/site\/filhotes-de-golden-retriever-iniciam-jornada-como-futuros-caes-guia\/#primaryimage\"},\"image\":{\"@id\":\"https:\/\/www.notibras.com\/site\/filhotes-de-golden-retriever-iniciam-jornada-como-futuros-caes-guia\/#primaryimage\"},\"thumbnailUrl\":\"https:\/\/www.notibras.com\/site\/wp-content\/uploads\/2026\/04\/Dentro-4-27.jpg\",\"datePublished\":\"2026-04-29T03:30:10+00:00\",\"breadcrumb\":{\"@id\":\"https:\/\/www.notibras.com\/site\/filhotes-de-golden-retriever-iniciam-jornada-como-futuros-caes-guia\/#breadcrumb\"},\"inLanguage\":\"pt-BR\",\"potentialAction\":[{\"@type\":\"ReadAction\",\"target\":[\"https:\/\/www.notibras.com\/site\/filhotes-de-golden-retriever-iniciam-jornada-como-futuros-caes-guia\/\"]}]},{\"@type\":\"ImageObject\",\"inLanguage\":\"pt-BR\",\"@id\":\"https:\/\/www.notibras.com\/site\/filhotes-de-golden-retriever-iniciam-jornada-como-futuros-caes-guia\/#primaryimage\",\"url\":\"https:\/\/www.notibras.com\/site\/wp-content\/uploads\/2026\/04\/Dentro-4-27.jpg\",\"contentUrl\":\"https:\/\/www.notibras.com\/site\/wp-content\/uploads\/2026\/04\/Dentro-4-27.jpg\",\"width\":2240,\"height\":1493},{\"@type\":\"BreadcrumbList\",\"@id\":\"https:\/\/www.notibras.com\/site\/filhotes-de-golden-retriever-iniciam-jornada-como-futuros-caes-guia\/#breadcrumb\",\"itemListElement\":[{\"@type\":\"ListItem\",\"position\":1,\"name\":\"In\u00edcio\",\"item\":\"https:\/\/www.notibras.com\/site\/\"},{\"@type\":\"ListItem\",\"position\":2,\"name\":\"Filhotes de golden retriever iniciam jornada como futuros c\u00e3es-guia\"}]},{\"@type\":\"WebSite\",\"@id\":\"https:\/\/www.notibras.com\/site\/#website\",\"url\":\"https:\/\/www.notibras.com\/site\/\",\"name\":\"Notibras\",\"description\":\"Not\u00edcias de Bras\u00edlia, do Brasil e do Mundo\",\"publisher\":{\"@id\":\"https:\/\/www.notibras.com\/site\/#organization\"},\"potentialAction\":[{\"@type\":\"SearchAction\",\"target\":{\"@type\":\"EntryPoint\",\"urlTemplate\":\"https:\/\/www.notibras.com\/site\/?s={search_term_string}\"},\"query-input\":{\"@type\":\"PropertyValueSpecification\",\"valueRequired\":true,\"valueName\":\"search_term_string\"}}],\"inLanguage\":\"pt-BR\"},{\"@type\":\"Organization\",\"@id\":\"https:\/\/www.notibras.com\/site\/#organization\",\"name\":\"Grupo Notibras de Comunica\u00e7\u00e3o\",\"url\":\"https:\/\/www.notibras.com\/site\/\",\"logo\":{\"@type\":\"ImageObject\",\"inLanguage\":\"pt-BR\",\"@id\":\"https:\/\/www.notibras.com\/site\/#\/schema\/logo\/image\/\",\"url\":\"https:\/\/www.notibras.com\/site\/wp-content\/uploads\/2023\/01\/notibras23.png\",\"contentUrl\":\"https:\/\/www.notibras.com\/site\/wp-content\/uploads\/2023\/01\/notibras23.png\",\"width\":350,\"height\":87,\"caption\":\"Grupo Notibras de Comunica\u00e7\u00e3o\"},\"image\":{\"@id\":\"https:\/\/www.notibras.com\/site\/#\/schema\/logo\/image\/\"},\"sameAs\":[\"https:\/\/www.facebook.com\/notibras\/\",\"https:\/\/x.com\/Notibras\",\"https:\/\/www.instagram.com\/notibras\/\"]},{\"@type\":\"Person\",\"@id\":\"https:\/\/www.notibras.com\/site\/#\/schema\/person\/5b7fabf2aedc3ada2105f03b22b4d3dd\",\"name\":\"Eduardo Mart\u00ednez\",\"image\":{\"@type\":\"ImageObject\",\"inLanguage\":\"pt-BR\",\"@id\":\"https:\/\/secure.gravatar.com\/avatar\/7902f906289926289cbcda644b5197c796b893c6ffd7b9a536a42d290f7704a0?s=96&d=mm&r=g\",\"url\":\"https:\/\/secure.gravatar.com\/avatar\/7902f906289926289cbcda644b5197c796b893c6ffd7b9a536a42d290f7704a0?s=96&d=mm&r=g\",\"contentUrl\":\"https:\/\/secure.gravatar.com\/avatar\/7902f906289926289cbcda644b5197c796b893c6ffd7b9a536a42d290f7704a0?s=96&d=mm&r=g\",\"caption\":\"Eduardo Mart\u00ednez\"}}]}<\/script>\n<!-- \/ Yoast SEO plugin. -->","yoast_head_json":{"title":"Filhotes de golden retriever iniciam jornada como futuros c\u00e3es-guia - Notibras","robots":{"index":"index","follow":"follow","max-snippet":"max-snippet:-1","max-image-preview":"max-image-preview:large","max-video-preview":"max-video-preview:-1"},"canonical":"https:\/\/www.notibras.com\/site\/filhotes-de-golden-retriever-iniciam-jornada-como-futuros-caes-guia\/","og_locale":"pt_BR","og_type":"article","og_title":"Filhotes de golden retriever iniciam jornada como futuros c\u00e3es-guia - Notibras","og_description":"O Corpo de Bombeiros Militar do Distrito Federal (CBMDF) apresentou oito novos \u201caspirantes\u201d muito especiais esta semana: Duda, Delta, Dacota, Dora, Dom, Dante, Draco e Dexter \u2014 filhotes da ra\u00e7a golden retriever que poder\u00e3o, no futuro, se tornar c\u00e3es-guia. Este dia 29, a \u00faltima quarta-feira de abril, marca o Dia Internacional do C\u00e3o-Guia e refor\u00e7a [&hellip;]","og_url":"https:\/\/www.notibras.com\/site\/filhotes-de-golden-retriever-iniciam-jornada-como-futuros-caes-guia\/","og_site_name":"Notibras","article_publisher":"https:\/\/www.facebook.com\/notibras\/","article_published_time":"2026-04-29T03:30:10+00:00","og_image":[{"width":2240,"height":1493,"url":"https:\/\/www.notibras.com\/site\/wp-content\/uploads\/2026\/04\/Dentro-4-27.jpg","type":"image\/jpeg"}],"author":"Eduardo Mart\u00ednez","twitter_card":"summary_large_image","twitter_creator":"@Notibras","twitter_site":"@Notibras","twitter_misc":{"Escrito por":"Eduardo Mart\u00ednez","Est. tempo de leitura":"5 minutos"},"schema":{"@context":"https:\/\/schema.org","@graph":[{"@type":"Article","@id":"https:\/\/www.notibras.com\/site\/filhotes-de-golden-retriever-iniciam-jornada-como-futuros-caes-guia\/#article","isPartOf":{"@id":"https:\/\/www.notibras.com\/site\/filhotes-de-golden-retriever-iniciam-jornada-como-futuros-caes-guia\/"},"author":{"name":"Eduardo Mart\u00ednez","@id":"https:\/\/www.notibras.com\/site\/#\/schema\/person\/5b7fabf2aedc3ada2105f03b22b4d3dd"},"headline":"Filhotes de golden retriever iniciam jornada como futuros c\u00e3es-guia","datePublished":"2026-04-29T03:30:10+00:00","mainEntityOfPage":{"@id":"https:\/\/www.notibras.com\/site\/filhotes-de-golden-retriever-iniciam-jornada-como-futuros-caes-guia\/"},"wordCount":960,"publisher":{"@id":"https:\/\/www.notibras.com\/site\/#organization"},"image":{"@id":"https:\/\/www.notibras.com\/site\/filhotes-de-golden-retriever-iniciam-jornada-como-futuros-caes-guia\/#primaryimage"},"thumbnailUrl":"https:\/\/www.notibras.com\/site\/wp-content\/uploads\/2026\/04\/Dentro-4-27.jpg","articleSection":["Quadradinho em Foco"],"inLanguage":"pt-BR"},{"@type":"WebPage","@id":"https:\/\/www.notibras.com\/site\/filhotes-de-golden-retriever-iniciam-jornada-como-futuros-caes-guia\/","url":"https:\/\/www.notibras.com\/site\/filhotes-de-golden-retriever-iniciam-jornada-como-futuros-caes-guia\/","name":"Filhotes de golden retriever iniciam jornada como futuros c\u00e3es-guia - Notibras","isPartOf":{"@id":"https:\/\/www.notibras.com\/site\/#website"},"primaryImageOfPage":{"@id":"https:\/\/www.notibras.com\/site\/filhotes-de-golden-retriever-iniciam-jornada-como-futuros-caes-guia\/#primaryimage"},"image":{"@id":"https:\/\/www.notibras.com\/site\/filhotes-de-golden-retriever-iniciam-jornada-como-futuros-caes-guia\/#primaryimage"},"thumbnailUrl":"https:\/\/www.notibras.com\/site\/wp-content\/uploads\/2026\/04\/Dentro-4-27.jpg","datePublished":"2026-04-29T03:30:10+00:00","breadcrumb":{"@id":"https:\/\/www.notibras.com\/site\/filhotes-de-golden-retriever-iniciam-jornada-como-futuros-caes-guia\/#breadcrumb"},"inLanguage":"pt-BR","potentialAction":[{"@type":"ReadAction","target":["https:\/\/www.notibras.com\/site\/filhotes-de-golden-retriever-iniciam-jornada-como-futuros-caes-guia\/"]}]},{"@type":"ImageObject","inLanguage":"pt-BR","@id":"https:\/\/www.notibras.com\/site\/filhotes-de-golden-retriever-iniciam-jornada-como-futuros-caes-guia\/#primaryimage","url":"https:\/\/www.notibras.com\/site\/wp-content\/uploads\/2026\/04\/Dentro-4-27.jpg","contentUrl":"https:\/\/www.notibras.com\/site\/wp-content\/uploads\/2026\/04\/Dentro-4-27.jpg","width":2240,"height":1493},{"@type":"BreadcrumbList","@id":"https:\/\/www.notibras.com\/site\/filhotes-de-golden-retriever-iniciam-jornada-como-futuros-caes-guia\/#breadcrumb","itemListElement":[{"@type":"ListItem","position":1,"name":"In\u00edcio","item":"https:\/\/www.notibras.com\/site\/"},{"@type":"ListItem","position":2,"name":"Filhotes de golden retriever iniciam jornada como futuros c\u00e3es-guia"}]},{"@type":"WebSite","@id":"https:\/\/www.notibras.com\/site\/#website","url":"https:\/\/www.notibras.com\/site\/","name":"Notibras","description":"Not\u00edcias de Bras\u00edlia, do Brasil e do Mundo","publisher":{"@id":"https:\/\/www.notibras.com\/site\/#organization"},"potentialAction":[{"@type":"SearchAction","target":{"@type":"EntryPoint","urlTemplate":"https:\/\/www.notibras.com\/site\/?s={search_term_string}"},"query-input":{"@type":"PropertyValueSpecification","valueRequired":true,"valueName":"search_term_string"}}],"inLanguage":"pt-BR"},{"@type":"Organization","@id":"https:\/\/www.notibras.com\/site\/#organization","name":"Grupo Notibras de Comunica\u00e7\u00e3o","url":"https:\/\/www.notibras.com\/site\/","logo":{"@type":"ImageObject","inLanguage":"pt-BR","@id":"https:\/\/www.notibras.com\/site\/#\/schema\/logo\/image\/","url":"https:\/\/www.notibras.com\/site\/wp-content\/uploads\/2023\/01\/notibras23.png","contentUrl":"https:\/\/www.notibras.com\/site\/wp-content\/uploads\/2023\/01\/notibras23.png","width":350,"height":87,"caption":"Grupo Notibras de Comunica\u00e7\u00e3o"},"image":{"@id":"https:\/\/www.notibras.com\/site\/#\/schema\/logo\/image\/"},"sameAs":["https:\/\/www.facebook.com\/notibras\/","https:\/\/x.com\/Notibras","https:\/\/www.instagram.com\/notibras\/"]},{"@type":"Person","@id":"https:\/\/www.notibras.com\/site\/#\/schema\/person\/5b7fabf2aedc3ada2105f03b22b4d3dd","name":"Eduardo Mart\u00ednez","image":{"@type":"ImageObject","inLanguage":"pt-BR","@id":"https:\/\/secure.gravatar.com\/avatar\/7902f906289926289cbcda644b5197c796b893c6ffd7b9a536a42d290f7704a0?s=96&d=mm&r=g","url":"https:\/\/secure.gravatar.com\/avatar\/7902f906289926289cbcda644b5197c796b893c6ffd7b9a536a42d290f7704a0?s=96&d=mm&r=g","contentUrl":"https:\/\/secure.gravatar.com\/avatar\/7902f906289926289cbcda644b5197c796b893c6ffd7b9a536a42d290f7704a0?s=96&d=mm&r=g","caption":"Eduardo Mart\u00ednez"}}]}},"amp_enabled":true,"_links":{"self":[{"href":"https:\/\/www.notibras.com\/site\/wp-json\/wp\/v2\/posts\/392876","targetHints":{"allow":["GET"]}}],"collection":[{"href":"https:\/\/www.notibras.com\/site\/wp-json\/wp\/v2\/posts"}],"about":[{"href":"https:\/\/www.notibras.com\/site\/wp-json\/wp\/v2\/types\/post"}],"author":[{"embeddable":true,"href":"https:\/\/www.notibras.com\/site\/wp-json\/wp\/v2\/users\/21"}],"replies":[{"embeddable":true,"href":"https:\/\/www.notibras.com\/site\/wp-json\/wp\/v2\/comments?post=392876"}],"version-history":[{"count":2,"href":"https:\/\/www.notibras.com\/site\/wp-json\/wp\/v2\/posts\/392876\/revisions"}],"predecessor-version":[{"id":392879,"href":"https:\/\/www.notibras.com\/site\/wp-json\/wp\/v2\/posts\/392876\/revisions\/392879"}],"wp:featuredmedia":[{"embeddable":true,"href":"https:\/\/www.notibras.com\/site\/wp-json\/wp\/v2\/media\/392877"}],"wp:attachment":[{"href":"https:\/\/www.notibras.com\/site\/wp-json\/wp\/v2\/media?parent=392876"}],"wp:term":[{"taxonomy":"category","embeddable":true,"href":"https:\/\/www.notibras.com\/site\/wp-json\/wp\/v2\/categories?post=392876"},{"taxonomy":"post_tag","embeddable":true,"href":"https:\/\/www.notibras.com\/site\/wp-json\/wp\/v2\/tags?post=392876"}],"curies":[{"name":"wp","href":"https:\/\/api.w.org\/{rel}","templated":true}]}}