{"id":392880,"date":"2026-04-29T00:15:45","date_gmt":"2026-04-29T03:15:45","guid":{"rendered":"https:\/\/www.notibras.com\/site\/?p=392880"},"modified":"2026-04-28T20:35:57","modified_gmt":"2026-04-28T23:35:57","slug":"quase-mil-vagas-de-emprego-disponiveis-nesta-quarta-feira-29","status":"publish","type":"post","link":"https:\/\/www.notibras.com\/site\/quase-mil-vagas-de-emprego-disponiveis-nesta-quarta-feira-29\/","title":{"rendered":"Quase mil vagas de emprego dispon\u00edveis nesta quarta-feira (29)"},"content":{"rendered":"<p>As ag\u00eancias do trabalhador do Distrito Federal est\u00e3o com <a href=\"https:\/\/sedet.df.gov.br\/documents\/d\/sedet\/vagas-abertas-04-2026-28-04-pdf\">994 oportunidades profissionais<\/a> abertas nesta quarta-feira (29). O maior sal\u00e1rio \u00e9 encontrado em tr\u00eas vagas para farmac\u00eautico em Ceil\u00e2ndia, que oferece R$ 6 mil para candidatos sem experi\u00eancia, mas com ensino superior completo. Destaque tamb\u00e9m para dez chances para mestre de obras na Zona Industrial, al\u00e9m de dez para encarregado eletricista, dez para mestre de constru\u00e7\u00e3o civil e dez para instalador hidr\u00e1ulico em Samambaia, com valores de at\u00e9 R$ 3.718 mil.<\/p>\n<p>Em rela\u00e7\u00e3o \u00e0 demanda, empregadores contratam 110 repositores de mercadorias, 105 operadores de caixa, 60 consultores de vendas, 60 produtores de vendas, 55 fiscais de preven\u00e7\u00e3o de perdas, 30 auxiliares de estoque, 30 auxiliares de produ\u00e7\u00e3o farmac\u00eautica, 20 oficiais de manuten\u00e7\u00e3o predial, entre outras profiss\u00f5es. Os postos s\u00e3o localizados em diversas regi\u00f5es administrativas, com remunera\u00e7\u00f5es a partir de R$ 1.621.<\/p>\n<p>Todos os postos oferecem benef\u00edcios. Para participar dos processos seletivos, basta cadastrar o curr\u00edculo no aplicativo da Carteira de Trabalho Digital (CTPS) ou ir a uma das <a href=\"https:\/\/sedet.df.gov.br\/agencias\">16 ag\u00eancias do trabalhador<\/a>, das 8h \u00e0s 17h, durante a semana. Mesmo que nenhuma das chances do dia seja atraente ao candidato, o cadastro vale para oportunidades futuras, j\u00e1 que o sistema cruza dados dos concorrentes com o perfil que as empresas procuram.<\/p>\n<p>Empregadores e empreendedores que desejem ofertar vagas ou utilizar o espa\u00e7o das ag\u00eancias do trabalhador para as entrevistas podem se cadastrar pessoalmente nas unidades ou pelo e-mail gcv@sedet.df.gov.br. Pode ser utilizado, ainda, o <a href=\"https:\/\/sedet.df.gov.br\/canal-do-empregador\">Canal do Empregador<\/a>, no site da Secretaria de Desenvolvimento Econ\u00f4mico, Trabalho e Renda (Sedet).<\/p>\n","protected":false},"excerpt":{"rendered":"<p>As ag\u00eancias do trabalhador do Distrito Federal est\u00e3o com 994 oportunidades profissionais abertas nesta quarta-feira (29). O maior sal\u00e1rio \u00e9 encontrado em tr\u00eas vagas para farmac\u00eautico em Ceil\u00e2ndia, que oferece R$ 6 mil para candidatos sem experi\u00eancia, mas com ensino superior completo. Destaque tamb\u00e9m para dez chances para mestre de obras na Zona Industrial, al\u00e9m [&hellip;]<\/p>\n","protected":false},"author":21,"featured_media":392881,"comment_status":"closed","ping_status":"closed","sticky":false,"template":"","format":"standard","meta":{"_acf_changed":false,"footnotes":""},"categories":[161],"tags":[],"class_list":["post-392880","post","type-post","status-publish","format-standard","has-post-thumbnail","hentry","category-quadradinho-em-foco"],"acf":[],"yoast_head":"<!-- This site is optimized with the Yoast SEO plugin v27.2 - https:\/\/yoast.com\/product\/yoast-seo-wordpress\/ -->\n<title>Quase mil vagas de emprego dispon\u00edveis nesta quarta-feira (29) - Notibras<\/title>\n<meta name=\"robots\" content=\"index, follow, max-snippet:-1, max-image-preview:large, max-video-preview:-1\" \/>\n<link rel=\"canonical\" href=\"https:\/\/www.notibras.com\/site\/quase-mil-vagas-de-emprego-disponiveis-nesta-quarta-feira-29\/\" \/>\n<meta property=\"og:locale\" content=\"pt_BR\" \/>\n<meta property=\"og:type\" content=\"article\" \/>\n<meta property=\"og:title\" content=\"Quase mil vagas de emprego dispon\u00edveis nesta quarta-feira (29) - Notibras\" \/>\n<meta property=\"og:description\" content=\"As ag\u00eancias do trabalhador do Distrito Federal est\u00e3o com 994 oportunidades profissionais abertas nesta quarta-feira (29). O maior sal\u00e1rio \u00e9 encontrado em tr\u00eas vagas para farmac\u00eautico em Ceil\u00e2ndia, que oferece R$ 6 mil para candidatos sem experi\u00eancia, mas com ensino superior completo. Destaque tamb\u00e9m para dez chances para mestre de obras na Zona Industrial, al\u00e9m [&hellip;]\" \/>\n<meta property=\"og:url\" content=\"https:\/\/www.notibras.com\/site\/quase-mil-vagas-de-emprego-disponiveis-nesta-quarta-feira-29\/\" \/>\n<meta property=\"og:site_name\" content=\"Notibras\" \/>\n<meta property=\"article:publisher\" content=\"https:\/\/www.facebook.com\/notibras\/\" \/>\n<meta property=\"article:published_time\" content=\"2026-04-29T03:15:45+00:00\" \/>\n<meta property=\"og:image\" content=\"https:\/\/www.notibras.com\/site\/wp-content\/uploads\/2026\/04\/WhatsApp-Image-2026-02-03-at-02.40.31-952x600-1-1-1-1-1-1.jpeg\" \/>\n\t<meta property=\"og:image:width\" content=\"952\" \/>\n\t<meta property=\"og:image:height\" content=\"600\" \/>\n\t<meta property=\"og:image:type\" content=\"image\/jpeg\" \/>\n<meta name=\"author\" content=\"Eduardo Mart\u00ednez\" \/>\n<meta name=\"twitter:card\" content=\"summary_large_image\" \/>\n<meta name=\"twitter:creator\" content=\"@Notibras\" \/>\n<meta name=\"twitter:site\" content=\"@Notibras\" \/>\n<meta name=\"twitter:label1\" content=\"Escrito por\" \/>\n\t<meta name=\"twitter:data1\" content=\"Eduardo Mart\u00ednez\" \/>\n\t<meta name=\"twitter:label2\" content=\"Est. tempo de leitura\" \/>\n\t<meta name=\"twitter:data2\" content=\"2 minutos\" \/>\n<script type=\"application\/ld+json\" class=\"yoast-schema-graph\">{\"@context\":\"https:\/\/schema.org\",\"@graph\":[{\"@type\":\"Article\",\"@id\":\"https:\/\/www.notibras.com\/site\/quase-mil-vagas-de-emprego-disponiveis-nesta-quarta-feira-29\/#article\",\"isPartOf\":{\"@id\":\"https:\/\/www.notibras.com\/site\/quase-mil-vagas-de-emprego-disponiveis-nesta-quarta-feira-29\/\"},\"author\":{\"name\":\"Eduardo Mart\u00ednez\",\"@id\":\"https:\/\/www.notibras.com\/site\/#\/schema\/person\/5b7fabf2aedc3ada2105f03b22b4d3dd\"},\"headline\":\"Quase mil vagas de emprego dispon\u00edveis nesta quarta-feira (29)\",\"datePublished\":\"2026-04-29T03:15:45+00:00\",\"mainEntityOfPage\":{\"@id\":\"https:\/\/www.notibras.com\/site\/quase-mil-vagas-de-emprego-disponiveis-nesta-quarta-feira-29\/\"},\"wordCount\":280,\"publisher\":{\"@id\":\"https:\/\/www.notibras.com\/site\/#organization\"},\"image\":{\"@id\":\"https:\/\/www.notibras.com\/site\/quase-mil-vagas-de-emprego-disponiveis-nesta-quarta-feira-29\/#primaryimage\"},\"thumbnailUrl\":\"https:\/\/www.notibras.com\/site\/wp-content\/uploads\/2026\/04\/WhatsApp-Image-2026-02-03-at-02.40.31-952x600-1-1-1-1-1-1.jpeg\",\"articleSection\":[\"Quadradinho em Foco\"],\"inLanguage\":\"pt-BR\"},{\"@type\":\"WebPage\",\"@id\":\"https:\/\/www.notibras.com\/site\/quase-mil-vagas-de-emprego-disponiveis-nesta-quarta-feira-29\/\",\"url\":\"https:\/\/www.notibras.com\/site\/quase-mil-vagas-de-emprego-disponiveis-nesta-quarta-feira-29\/\",\"name\":\"Quase mil vagas de emprego dispon\u00edveis nesta quarta-feira (29) - Notibras\",\"isPartOf\":{\"@id\":\"https:\/\/www.notibras.com\/site\/#website\"},\"primaryImageOfPage\":{\"@id\":\"https:\/\/www.notibras.com\/site\/quase-mil-vagas-de-emprego-disponiveis-nesta-quarta-feira-29\/#primaryimage\"},\"image\":{\"@id\":\"https:\/\/www.notibras.com\/site\/quase-mil-vagas-de-emprego-disponiveis-nesta-quarta-feira-29\/#primaryimage\"},\"thumbnailUrl\":\"https:\/\/www.notibras.com\/site\/wp-content\/uploads\/2026\/04\/WhatsApp-Image-2026-02-03-at-02.40.31-952x600-1-1-1-1-1-1.jpeg\",\"datePublished\":\"2026-04-29T03:15:45+00:00\",\"breadcrumb\":{\"@id\":\"https:\/\/www.notibras.com\/site\/quase-mil-vagas-de-emprego-disponiveis-nesta-quarta-feira-29\/#breadcrumb\"},\"inLanguage\":\"pt-BR\",\"potentialAction\":[{\"@type\":\"ReadAction\",\"target\":[\"https:\/\/www.notibras.com\/site\/quase-mil-vagas-de-emprego-disponiveis-nesta-quarta-feira-29\/\"]}]},{\"@type\":\"ImageObject\",\"inLanguage\":\"pt-BR\",\"@id\":\"https:\/\/www.notibras.com\/site\/quase-mil-vagas-de-emprego-disponiveis-nesta-quarta-feira-29\/#primaryimage\",\"url\":\"https:\/\/www.notibras.com\/site\/wp-content\/uploads\/2026\/04\/WhatsApp-Image-2026-02-03-at-02.40.31-952x600-1-1-1-1-1-1.jpeg\",\"contentUrl\":\"https:\/\/www.notibras.com\/site\/wp-content\/uploads\/2026\/04\/WhatsApp-Image-2026-02-03-at-02.40.31-952x600-1-1-1-1-1-1.jpeg\",\"width\":952,\"height\":600},{\"@type\":\"BreadcrumbList\",\"@id\":\"https:\/\/www.notibras.com\/site\/quase-mil-vagas-de-emprego-disponiveis-nesta-quarta-feira-29\/#breadcrumb\",\"itemListElement\":[{\"@type\":\"ListItem\",\"position\":1,\"name\":\"In\u00edcio\",\"item\":\"https:\/\/www.notibras.com\/site\/\"},{\"@type\":\"ListItem\",\"position\":2,\"name\":\"Quase mil vagas de emprego dispon\u00edveis nesta quarta-feira (29)\"}]},{\"@type\":\"WebSite\",\"@id\":\"https:\/\/www.notibras.com\/site\/#website\",\"url\":\"https:\/\/www.notibras.com\/site\/\",\"name\":\"Notibras\",\"description\":\"Not\u00edcias de Bras\u00edlia, do Brasil e do Mundo\",\"publisher\":{\"@id\":\"https:\/\/www.notibras.com\/site\/#organization\"},\"potentialAction\":[{\"@type\":\"SearchAction\",\"target\":{\"@type\":\"EntryPoint\",\"urlTemplate\":\"https:\/\/www.notibras.com\/site\/?s={search_term_string}\"},\"query-input\":{\"@type\":\"PropertyValueSpecification\",\"valueRequired\":true,\"valueName\":\"search_term_string\"}}],\"inLanguage\":\"pt-BR\"},{\"@type\":\"Organization\",\"@id\":\"https:\/\/www.notibras.com\/site\/#organization\",\"name\":\"Grupo Notibras de Comunica\u00e7\u00e3o\",\"url\":\"https:\/\/www.notibras.com\/site\/\",\"logo\":{\"@type\":\"ImageObject\",\"inLanguage\":\"pt-BR\",\"@id\":\"https:\/\/www.notibras.com\/site\/#\/schema\/logo\/image\/\",\"url\":\"https:\/\/www.notibras.com\/site\/wp-content\/uploads\/2023\/01\/notibras23.png\",\"contentUrl\":\"https:\/\/www.notibras.com\/site\/wp-content\/uploads\/2023\/01\/notibras23.png\",\"width\":350,\"height\":87,\"caption\":\"Grupo Notibras de Comunica\u00e7\u00e3o\"},\"image\":{\"@id\":\"https:\/\/www.notibras.com\/site\/#\/schema\/logo\/image\/\"},\"sameAs\":[\"https:\/\/www.facebook.com\/notibras\/\",\"https:\/\/x.com\/Notibras\",\"https:\/\/www.instagram.com\/notibras\/\"]},{\"@type\":\"Person\",\"@id\":\"https:\/\/www.notibras.com\/site\/#\/schema\/person\/5b7fabf2aedc3ada2105f03b22b4d3dd\",\"name\":\"Eduardo Mart\u00ednez\",\"image\":{\"@type\":\"ImageObject\",\"inLanguage\":\"pt-BR\",\"@id\":\"https:\/\/secure.gravatar.com\/avatar\/7902f906289926289cbcda644b5197c796b893c6ffd7b9a536a42d290f7704a0?s=96&d=mm&r=g\",\"url\":\"https:\/\/secure.gravatar.com\/avatar\/7902f906289926289cbcda644b5197c796b893c6ffd7b9a536a42d290f7704a0?s=96&d=mm&r=g\",\"contentUrl\":\"https:\/\/secure.gravatar.com\/avatar\/7902f906289926289cbcda644b5197c796b893c6ffd7b9a536a42d290f7704a0?s=96&d=mm&r=g\",\"caption\":\"Eduardo Mart\u00ednez\"}}]}<\/script>\n<!-- \/ Yoast SEO plugin. -->","yoast_head_json":{"title":"Quase mil vagas de emprego dispon\u00edveis nesta quarta-feira (29) - Notibras","robots":{"index":"index","follow":"follow","max-snippet":"max-snippet:-1","max-image-preview":"max-image-preview:large","max-video-preview":"max-video-preview:-1"},"canonical":"https:\/\/www.notibras.com\/site\/quase-mil-vagas-de-emprego-disponiveis-nesta-quarta-feira-29\/","og_locale":"pt_BR","og_type":"article","og_title":"Quase mil vagas de emprego dispon\u00edveis nesta quarta-feira (29) - Notibras","og_description":"As ag\u00eancias do trabalhador do Distrito Federal est\u00e3o com 994 oportunidades profissionais abertas nesta quarta-feira (29). O maior sal\u00e1rio \u00e9 encontrado em tr\u00eas vagas para farmac\u00eautico em Ceil\u00e2ndia, que oferece R$ 6 mil para candidatos sem experi\u00eancia, mas com ensino superior completo. Destaque tamb\u00e9m para dez chances para mestre de obras na Zona Industrial, al\u00e9m [&hellip;]","og_url":"https:\/\/www.notibras.com\/site\/quase-mil-vagas-de-emprego-disponiveis-nesta-quarta-feira-29\/","og_site_name":"Notibras","article_publisher":"https:\/\/www.facebook.com\/notibras\/","article_published_time":"2026-04-29T03:15:45+00:00","og_image":[{"width":952,"height":600,"url":"https:\/\/www.notibras.com\/site\/wp-content\/uploads\/2026\/04\/WhatsApp-Image-2026-02-03-at-02.40.31-952x600-1-1-1-1-1-1.jpeg","type":"image\/jpeg"}],"author":"Eduardo Mart\u00ednez","twitter_card":"summary_large_image","twitter_creator":"@Notibras","twitter_site":"@Notibras","twitter_misc":{"Escrito por":"Eduardo Mart\u00ednez","Est. tempo de leitura":"2 minutos"},"schema":{"@context":"https:\/\/schema.org","@graph":[{"@type":"Article","@id":"https:\/\/www.notibras.com\/site\/quase-mil-vagas-de-emprego-disponiveis-nesta-quarta-feira-29\/#article","isPartOf":{"@id":"https:\/\/www.notibras.com\/site\/quase-mil-vagas-de-emprego-disponiveis-nesta-quarta-feira-29\/"},"author":{"name":"Eduardo Mart\u00ednez","@id":"https:\/\/www.notibras.com\/site\/#\/schema\/person\/5b7fabf2aedc3ada2105f03b22b4d3dd"},"headline":"Quase mil vagas de emprego dispon\u00edveis nesta quarta-feira (29)","datePublished":"2026-04-29T03:15:45+00:00","mainEntityOfPage":{"@id":"https:\/\/www.notibras.com\/site\/quase-mil-vagas-de-emprego-disponiveis-nesta-quarta-feira-29\/"},"wordCount":280,"publisher":{"@id":"https:\/\/www.notibras.com\/site\/#organization"},"image":{"@id":"https:\/\/www.notibras.com\/site\/quase-mil-vagas-de-emprego-disponiveis-nesta-quarta-feira-29\/#primaryimage"},"thumbnailUrl":"https:\/\/www.notibras.com\/site\/wp-content\/uploads\/2026\/04\/WhatsApp-Image-2026-02-03-at-02.40.31-952x600-1-1-1-1-1-1.jpeg","articleSection":["Quadradinho em Foco"],"inLanguage":"pt-BR"},{"@type":"WebPage","@id":"https:\/\/www.notibras.com\/site\/quase-mil-vagas-de-emprego-disponiveis-nesta-quarta-feira-29\/","url":"https:\/\/www.notibras.com\/site\/quase-mil-vagas-de-emprego-disponiveis-nesta-quarta-feira-29\/","name":"Quase mil vagas de emprego dispon\u00edveis nesta quarta-feira (29) - Notibras","isPartOf":{"@id":"https:\/\/www.notibras.com\/site\/#website"},"primaryImageOfPage":{"@id":"https:\/\/www.notibras.com\/site\/quase-mil-vagas-de-emprego-disponiveis-nesta-quarta-feira-29\/#primaryimage"},"image":{"@id":"https:\/\/www.notibras.com\/site\/quase-mil-vagas-de-emprego-disponiveis-nesta-quarta-feira-29\/#primaryimage"},"thumbnailUrl":"https:\/\/www.notibras.com\/site\/wp-content\/uploads\/2026\/04\/WhatsApp-Image-2026-02-03-at-02.40.31-952x600-1-1-1-1-1-1.jpeg","datePublished":"2026-04-29T03:15:45+00:00","breadcrumb":{"@id":"https:\/\/www.notibras.com\/site\/quase-mil-vagas-de-emprego-disponiveis-nesta-quarta-feira-29\/#breadcrumb"},"inLanguage":"pt-BR","potentialAction":[{"@type":"ReadAction","target":["https:\/\/www.notibras.com\/site\/quase-mil-vagas-de-emprego-disponiveis-nesta-quarta-feira-29\/"]}]},{"@type":"ImageObject","inLanguage":"pt-BR","@id":"https:\/\/www.notibras.com\/site\/quase-mil-vagas-de-emprego-disponiveis-nesta-quarta-feira-29\/#primaryimage","url":"https:\/\/www.notibras.com\/site\/wp-content\/uploads\/2026\/04\/WhatsApp-Image-2026-02-03-at-02.40.31-952x600-1-1-1-1-1-1.jpeg","contentUrl":"https:\/\/www.notibras.com\/site\/wp-content\/uploads\/2026\/04\/WhatsApp-Image-2026-02-03-at-02.40.31-952x600-1-1-1-1-1-1.jpeg","width":952,"height":600},{"@type":"BreadcrumbList","@id":"https:\/\/www.notibras.com\/site\/quase-mil-vagas-de-emprego-disponiveis-nesta-quarta-feira-29\/#breadcrumb","itemListElement":[{"@type":"ListItem","position":1,"name":"In\u00edcio","item":"https:\/\/www.notibras.com\/site\/"},{"@type":"ListItem","position":2,"name":"Quase mil vagas de emprego dispon\u00edveis nesta quarta-feira (29)"}]},{"@type":"WebSite","@id":"https:\/\/www.notibras.com\/site\/#website","url":"https:\/\/www.notibras.com\/site\/","name":"Notibras","description":"Not\u00edcias de Bras\u00edlia, do Brasil e do Mundo","publisher":{"@id":"https:\/\/www.notibras.com\/site\/#organization"},"potentialAction":[{"@type":"SearchAction","target":{"@type":"EntryPoint","urlTemplate":"https:\/\/www.notibras.com\/site\/?s={search_term_string}"},"query-input":{"@type":"PropertyValueSpecification","valueRequired":true,"valueName":"search_term_string"}}],"inLanguage":"pt-BR"},{"@type":"Organization","@id":"https:\/\/www.notibras.com\/site\/#organization","name":"Grupo Notibras de Comunica\u00e7\u00e3o","url":"https:\/\/www.notibras.com\/site\/","logo":{"@type":"ImageObject","inLanguage":"pt-BR","@id":"https:\/\/www.notibras.com\/site\/#\/schema\/logo\/image\/","url":"https:\/\/www.notibras.com\/site\/wp-content\/uploads\/2023\/01\/notibras23.png","contentUrl":"https:\/\/www.notibras.com\/site\/wp-content\/uploads\/2023\/01\/notibras23.png","width":350,"height":87,"caption":"Grupo Notibras de Comunica\u00e7\u00e3o"},"image":{"@id":"https:\/\/www.notibras.com\/site\/#\/schema\/logo\/image\/"},"sameAs":["https:\/\/www.facebook.com\/notibras\/","https:\/\/x.com\/Notibras","https:\/\/www.instagram.com\/notibras\/"]},{"@type":"Person","@id":"https:\/\/www.notibras.com\/site\/#\/schema\/person\/5b7fabf2aedc3ada2105f03b22b4d3dd","name":"Eduardo Mart\u00ednez","image":{"@type":"ImageObject","inLanguage":"pt-BR","@id":"https:\/\/secure.gravatar.com\/avatar\/7902f906289926289cbcda644b5197c796b893c6ffd7b9a536a42d290f7704a0?s=96&d=mm&r=g","url":"https:\/\/secure.gravatar.com\/avatar\/7902f906289926289cbcda644b5197c796b893c6ffd7b9a536a42d290f7704a0?s=96&d=mm&r=g","contentUrl":"https:\/\/secure.gravatar.com\/avatar\/7902f906289926289cbcda644b5197c796b893c6ffd7b9a536a42d290f7704a0?s=96&d=mm&r=g","caption":"Eduardo Mart\u00ednez"}}]}},"amp_enabled":true,"_links":{"self":[{"href":"https:\/\/www.notibras.com\/site\/wp-json\/wp\/v2\/posts\/392880","targetHints":{"allow":["GET"]}}],"collection":[{"href":"https:\/\/www.notibras.com\/site\/wp-json\/wp\/v2\/posts"}],"about":[{"href":"https:\/\/www.notibras.com\/site\/wp-json\/wp\/v2\/types\/post"}],"author":[{"embeddable":true,"href":"https:\/\/www.notibras.com\/site\/wp-json\/wp\/v2\/users\/21"}],"replies":[{"embeddable":true,"href":"https:\/\/www.notibras.com\/site\/wp-json\/wp\/v2\/comments?post=392880"}],"version-history":[{"count":2,"href":"https:\/\/www.notibras.com\/site\/wp-json\/wp\/v2\/posts\/392880\/revisions"}],"predecessor-version":[{"id":392883,"href":"https:\/\/www.notibras.com\/site\/wp-json\/wp\/v2\/posts\/392880\/revisions\/392883"}],"wp:featuredmedia":[{"embeddable":true,"href":"https:\/\/www.notibras.com\/site\/wp-json\/wp\/v2\/media\/392881"}],"wp:attachment":[{"href":"https:\/\/www.notibras.com\/site\/wp-json\/wp\/v2\/media?parent=392880"}],"wp:term":[{"taxonomy":"category","embeddable":true,"href":"https:\/\/www.notibras.com\/site\/wp-json\/wp\/v2\/categories?post=392880"},{"taxonomy":"post_tag","embeddable":true,"href":"https:\/\/www.notibras.com\/site\/wp-json\/wp\/v2\/tags?post=392880"}],"curies":[{"name":"wp","href":"https:\/\/api.w.org\/{rel}","templated":true}]}}