{"id":392888,"date":"2026-05-01T00:45:04","date_gmt":"2026-05-01T03:45:04","guid":{"rendered":"https:\/\/www.notibras.com\/site\/?p=392888"},"modified":"2026-04-28T21:23:19","modified_gmt":"2026-04-29T00:23:19","slug":"a-menina-do-cavalo-preto","status":"publish","type":"post","link":"https:\/\/www.notibras.com\/site\/a-menina-do-cavalo-preto\/","title":{"rendered":"A menina do cavalo preto"},"content":{"rendered":"<p>&#8220;Tenho um cavalo preto \/ Por nome de ventania&#8230;&#8221;<br \/>\n(Can\u00e7\u00e3o de Anacleto Rosa Jr.)<\/p>\n<p>PARTE 1<\/p>\n<p>O sonho de Beatriz era ter um cavalo.<\/p>\n<p>N\u00e3o qualquer cavalo: um cavalo preto.<\/p>\n<p>Naquela noite, no carteado na Casa de Dina, o pai de Beatriz jogou a \u00faltima cartada depois de perder o dinheiro do m\u00eas.<\/p>\n<p>-E a\u00ed, Celestino? Vai encarar ou desiste? Provocou, Ten\u00f3rio, o vizinho de ch\u00e1cara.<\/p>\n<p>-Celestino pediu duas cartas. Pensou e fez a proposta de volta.<\/p>\n<p>-Meu dinheiro se foi, mas jogo na mesa o meu cavalo, o melhor alaz\u00e3o de toda a regi\u00e3o. E voc\u00ea? Sei que o teu dinheiro tamb\u00e9m acabou. Vai encarar?<\/p>\n<p>Segundos de tens\u00e3o feito horas.<\/p>\n<p>-Pois olhe bem: o teu alaz\u00e3o contra o meu pingo preto, de ra\u00e7a.<\/p>\n<p>-Pois ent\u00e3o VENHAAA!<\/p>\n<p>Celestino fechou o jogo com quadra de Az.<\/p>\n<p>Ganhou o cavalo e respirou aliviado.<\/p>\n<p>Na manh\u00e3 seguinte, anivers\u00e1rio da filha Beatriz, o pai acordou a menina com o presente especial.<\/p>\n<p>Beatriz n\u00e3o podia acreditar.<\/p>\n<p>-Pai, voc\u00ea conseguiu o meu cavalo preto?<\/p>\n<p>Os dias foram passando e a pequena Beatriz se apegando ao animal.<\/p>\n<p>Certa noite, Celestino teve um sonho estranho.<\/p>\n<p>Viu a sua menina caindo do &#8220;Preto&#8221; e ficando inerte no ch\u00e3o. Na cabe\u00e7a e no sonho do pai a moda de viola como premuni\u00e7\u00e3o:<\/p>\n<p>&#8220;Tenho meu cavalo preto \/ Por nome de ventania &#8221;<\/p>\n<p>PARTE 2<\/p>\n<p>A pesquisa mostra: Quando Portugal ainda n\u00e3o existia e o pa\u00eds fazia parte do Imp\u00e9rio Romano, os Lusitanos acreditavam que o vento do oeste fertilizava as \u00e9guas que viviam ao longo do rio Tejo e produziria todos os cavalos velozes. Ent\u00e3o se tornou uma tradi\u00e7\u00e3o nomear os cavalos mais r\u00e1pidos de Ventania, simbolizando os animais t\u00e3o \u00e1geis que geralmente eram indom\u00e1veis. Alguns estudiosos apontaram que isso pode ser uma refer\u00eancia ao Livro do Apocalipse, pois na B\u00edblia o cavaleiro do abismo monta um cavalo preto. H\u00e1 um pacto com o pr\u00f3prio tinhoso.<\/p>\n<p>PARTE 3<\/p>\n<p>Na manh\u00e3 seguinte o pai acordou e foi at\u00e9 o est\u00e1bulo.<\/p>\n<p>Olhou para o cavalo preto e apenas sussurrou:<\/p>\n<p>-Perd\u00e3o, minha filha.<\/p>\n<p>Pegou o rumo da igreja e se ajoelhou em frente \u00e0 Santa.<\/p>\n<p>-Madrinha, eu trapaceei no carteado com os Az. Livre minha menina.<\/p>\n<p>Dias depois, o homem morreu de infarto e logo depois Beatriz caiu do cavalo preto e espatifou-se.<\/p>\n<p>Fizeram rezas e cultos e nada se explicou.<\/p>\n<p>Todos os anos, no Dia de Finados, romarias v\u00e3o ao t\u00famulo da Menina do Cavalo Preto em busca de b\u00ean\u00e7\u00e3os e salva\u00e7\u00e3o.<\/p>\n<p><strong>&#8230;&#8230;&#8230;&#8230;&#8230;&#8230;&#8230;&#8230;.<\/strong><\/p>\n<p><strong>Gilberto Motta \u00e9 escritor, jornalista, professor\/pesquisador e crente na f\u00e9 de cura de Beatriz. Vive na Guarda do Emba\u00fa, vila de pescadores no litoral de SC.<\/strong><\/p>\n","protected":false},"excerpt":{"rendered":"<p>&#8220;Tenho um cavalo preto \/ Por nome de ventania&#8230;&#8221; (Can\u00e7\u00e3o de Anacleto Rosa Jr.) PARTE 1 O sonho de Beatriz era ter um cavalo. N\u00e3o qualquer cavalo: um cavalo preto. Naquela noite, no carteado na Casa de Dina, o pai de Beatriz jogou a \u00faltima cartada depois de perder o dinheiro do m\u00eas. -E a\u00ed, [&hellip;]<\/p>\n","protected":false},"author":21,"featured_media":392889,"comment_status":"closed","ping_status":"closed","sticky":false,"template":"","format":"standard","meta":{"_acf_changed":false,"footnotes":""},"categories":[234],"tags":[],"class_list":["post-392888","post","type-post","status-publish","format-standard","has-post-thumbnail","hentry","category-cafe-literario"],"acf":[],"yoast_head":"<!-- This site is optimized with the Yoast SEO plugin v27.2 - https:\/\/yoast.com\/product\/yoast-seo-wordpress\/ -->\n<title>A menina do cavalo preto - Notibras<\/title>\n<meta name=\"robots\" content=\"index, follow, max-snippet:-1, max-image-preview:large, max-video-preview:-1\" \/>\n<link rel=\"canonical\" href=\"https:\/\/www.notibras.com\/site\/a-menina-do-cavalo-preto\/\" \/>\n<meta property=\"og:locale\" content=\"pt_BR\" \/>\n<meta property=\"og:type\" content=\"article\" \/>\n<meta property=\"og:title\" content=\"A menina do cavalo preto - Notibras\" \/>\n<meta property=\"og:description\" content=\"&#8220;Tenho um cavalo preto \/ Por nome de ventania&#8230;&#8221; (Can\u00e7\u00e3o de Anacleto Rosa Jr.) PARTE 1 O sonho de Beatriz era ter um cavalo. N\u00e3o qualquer cavalo: um cavalo preto. Naquela noite, no carteado na Casa de Dina, o pai de Beatriz jogou a \u00faltima cartada depois de perder o dinheiro do m\u00eas. -E a\u00ed, [&hellip;]\" \/>\n<meta property=\"og:url\" content=\"https:\/\/www.notibras.com\/site\/a-menina-do-cavalo-preto\/\" \/>\n<meta property=\"og:site_name\" content=\"Notibras\" \/>\n<meta property=\"article:publisher\" content=\"https:\/\/www.facebook.com\/notibras\/\" \/>\n<meta property=\"article:published_time\" content=\"2026-05-01T03:45:04+00:00\" \/>\n<meta property=\"og:image\" content=\"https:\/\/www.notibras.com\/site\/wp-content\/uploads\/2026\/04\/image-1-6.png\" \/>\n\t<meta property=\"og:image:width\" content=\"773\" \/>\n\t<meta property=\"og:image:height\" content=\"1000\" \/>\n\t<meta property=\"og:image:type\" content=\"image\/png\" \/>\n<meta name=\"author\" content=\"Eduardo Mart\u00ednez\" \/>\n<meta name=\"twitter:card\" content=\"summary_large_image\" \/>\n<meta name=\"twitter:creator\" content=\"@Notibras\" \/>\n<meta name=\"twitter:site\" content=\"@Notibras\" \/>\n<meta name=\"twitter:label1\" content=\"Escrito por\" \/>\n\t<meta name=\"twitter:data1\" content=\"Eduardo Mart\u00ednez\" \/>\n\t<meta name=\"twitter:label2\" content=\"Est. tempo de leitura\" \/>\n\t<meta name=\"twitter:data2\" content=\"3 minutos\" \/>\n<script type=\"application\/ld+json\" class=\"yoast-schema-graph\">{\"@context\":\"https:\/\/schema.org\",\"@graph\":[{\"@type\":\"Article\",\"@id\":\"https:\/\/www.notibras.com\/site\/a-menina-do-cavalo-preto\/#article\",\"isPartOf\":{\"@id\":\"https:\/\/www.notibras.com\/site\/a-menina-do-cavalo-preto\/\"},\"author\":{\"name\":\"Eduardo Mart\u00ednez\",\"@id\":\"https:\/\/www.notibras.com\/site\/#\/schema\/person\/5b7fabf2aedc3ada2105f03b22b4d3dd\"},\"headline\":\"A menina do cavalo preto\",\"datePublished\":\"2026-05-01T03:45:04+00:00\",\"mainEntityOfPage\":{\"@id\":\"https:\/\/www.notibras.com\/site\/a-menina-do-cavalo-preto\/\"},\"wordCount\":469,\"publisher\":{\"@id\":\"https:\/\/www.notibras.com\/site\/#organization\"},\"image\":{\"@id\":\"https:\/\/www.notibras.com\/site\/a-menina-do-cavalo-preto\/#primaryimage\"},\"thumbnailUrl\":\"https:\/\/www.notibras.com\/site\/wp-content\/uploads\/2026\/04\/image-1-6.png\",\"articleSection\":[\"Caf\u00e9 Liter\u00e1rio\"],\"inLanguage\":\"pt-BR\"},{\"@type\":\"WebPage\",\"@id\":\"https:\/\/www.notibras.com\/site\/a-menina-do-cavalo-preto\/\",\"url\":\"https:\/\/www.notibras.com\/site\/a-menina-do-cavalo-preto\/\",\"name\":\"A menina do cavalo preto - Notibras\",\"isPartOf\":{\"@id\":\"https:\/\/www.notibras.com\/site\/#website\"},\"primaryImageOfPage\":{\"@id\":\"https:\/\/www.notibras.com\/site\/a-menina-do-cavalo-preto\/#primaryimage\"},\"image\":{\"@id\":\"https:\/\/www.notibras.com\/site\/a-menina-do-cavalo-preto\/#primaryimage\"},\"thumbnailUrl\":\"https:\/\/www.notibras.com\/site\/wp-content\/uploads\/2026\/04\/image-1-6.png\",\"datePublished\":\"2026-05-01T03:45:04+00:00\",\"breadcrumb\":{\"@id\":\"https:\/\/www.notibras.com\/site\/a-menina-do-cavalo-preto\/#breadcrumb\"},\"inLanguage\":\"pt-BR\",\"potentialAction\":[{\"@type\":\"ReadAction\",\"target\":[\"https:\/\/www.notibras.com\/site\/a-menina-do-cavalo-preto\/\"]}]},{\"@type\":\"ImageObject\",\"inLanguage\":\"pt-BR\",\"@id\":\"https:\/\/www.notibras.com\/site\/a-menina-do-cavalo-preto\/#primaryimage\",\"url\":\"https:\/\/www.notibras.com\/site\/wp-content\/uploads\/2026\/04\/image-1-6.png\",\"contentUrl\":\"https:\/\/www.notibras.com\/site\/wp-content\/uploads\/2026\/04\/image-1-6.png\",\"width\":773,\"height\":1000},{\"@type\":\"BreadcrumbList\",\"@id\":\"https:\/\/www.notibras.com\/site\/a-menina-do-cavalo-preto\/#breadcrumb\",\"itemListElement\":[{\"@type\":\"ListItem\",\"position\":1,\"name\":\"In\u00edcio\",\"item\":\"https:\/\/www.notibras.com\/site\/\"},{\"@type\":\"ListItem\",\"position\":2,\"name\":\"A menina do cavalo preto\"}]},{\"@type\":\"WebSite\",\"@id\":\"https:\/\/www.notibras.com\/site\/#website\",\"url\":\"https:\/\/www.notibras.com\/site\/\",\"name\":\"Notibras\",\"description\":\"Not\u00edcias de Bras\u00edlia, do Brasil e do Mundo\",\"publisher\":{\"@id\":\"https:\/\/www.notibras.com\/site\/#organization\"},\"potentialAction\":[{\"@type\":\"SearchAction\",\"target\":{\"@type\":\"EntryPoint\",\"urlTemplate\":\"https:\/\/www.notibras.com\/site\/?s={search_term_string}\"},\"query-input\":{\"@type\":\"PropertyValueSpecification\",\"valueRequired\":true,\"valueName\":\"search_term_string\"}}],\"inLanguage\":\"pt-BR\"},{\"@type\":\"Organization\",\"@id\":\"https:\/\/www.notibras.com\/site\/#organization\",\"name\":\"Grupo Notibras de Comunica\u00e7\u00e3o\",\"url\":\"https:\/\/www.notibras.com\/site\/\",\"logo\":{\"@type\":\"ImageObject\",\"inLanguage\":\"pt-BR\",\"@id\":\"https:\/\/www.notibras.com\/site\/#\/schema\/logo\/image\/\",\"url\":\"https:\/\/www.notibras.com\/site\/wp-content\/uploads\/2023\/01\/notibras23.png\",\"contentUrl\":\"https:\/\/www.notibras.com\/site\/wp-content\/uploads\/2023\/01\/notibras23.png\",\"width\":350,\"height\":87,\"caption\":\"Grupo Notibras de Comunica\u00e7\u00e3o\"},\"image\":{\"@id\":\"https:\/\/www.notibras.com\/site\/#\/schema\/logo\/image\/\"},\"sameAs\":[\"https:\/\/www.facebook.com\/notibras\/\",\"https:\/\/x.com\/Notibras\",\"https:\/\/www.instagram.com\/notibras\/\"]},{\"@type\":\"Person\",\"@id\":\"https:\/\/www.notibras.com\/site\/#\/schema\/person\/5b7fabf2aedc3ada2105f03b22b4d3dd\",\"name\":\"Eduardo Mart\u00ednez\",\"image\":{\"@type\":\"ImageObject\",\"inLanguage\":\"pt-BR\",\"@id\":\"https:\/\/secure.gravatar.com\/avatar\/7902f906289926289cbcda644b5197c796b893c6ffd7b9a536a42d290f7704a0?s=96&d=mm&r=g\",\"url\":\"https:\/\/secure.gravatar.com\/avatar\/7902f906289926289cbcda644b5197c796b893c6ffd7b9a536a42d290f7704a0?s=96&d=mm&r=g\",\"contentUrl\":\"https:\/\/secure.gravatar.com\/avatar\/7902f906289926289cbcda644b5197c796b893c6ffd7b9a536a42d290f7704a0?s=96&d=mm&r=g\",\"caption\":\"Eduardo Mart\u00ednez\"}}]}<\/script>\n<!-- \/ Yoast SEO plugin. -->","yoast_head_json":{"title":"A menina do cavalo preto - Notibras","robots":{"index":"index","follow":"follow","max-snippet":"max-snippet:-1","max-image-preview":"max-image-preview:large","max-video-preview":"max-video-preview:-1"},"canonical":"https:\/\/www.notibras.com\/site\/a-menina-do-cavalo-preto\/","og_locale":"pt_BR","og_type":"article","og_title":"A menina do cavalo preto - Notibras","og_description":"&#8220;Tenho um cavalo preto \/ Por nome de ventania&#8230;&#8221; (Can\u00e7\u00e3o de Anacleto Rosa Jr.) PARTE 1 O sonho de Beatriz era ter um cavalo. N\u00e3o qualquer cavalo: um cavalo preto. Naquela noite, no carteado na Casa de Dina, o pai de Beatriz jogou a \u00faltima cartada depois de perder o dinheiro do m\u00eas. -E a\u00ed, [&hellip;]","og_url":"https:\/\/www.notibras.com\/site\/a-menina-do-cavalo-preto\/","og_site_name":"Notibras","article_publisher":"https:\/\/www.facebook.com\/notibras\/","article_published_time":"2026-05-01T03:45:04+00:00","og_image":[{"width":773,"height":1000,"url":"https:\/\/www.notibras.com\/site\/wp-content\/uploads\/2026\/04\/image-1-6.png","type":"image\/png"}],"author":"Eduardo Mart\u00ednez","twitter_card":"summary_large_image","twitter_creator":"@Notibras","twitter_site":"@Notibras","twitter_misc":{"Escrito por":"Eduardo Mart\u00ednez","Est. tempo de leitura":"3 minutos"},"schema":{"@context":"https:\/\/schema.org","@graph":[{"@type":"Article","@id":"https:\/\/www.notibras.com\/site\/a-menina-do-cavalo-preto\/#article","isPartOf":{"@id":"https:\/\/www.notibras.com\/site\/a-menina-do-cavalo-preto\/"},"author":{"name":"Eduardo Mart\u00ednez","@id":"https:\/\/www.notibras.com\/site\/#\/schema\/person\/5b7fabf2aedc3ada2105f03b22b4d3dd"},"headline":"A menina do cavalo preto","datePublished":"2026-05-01T03:45:04+00:00","mainEntityOfPage":{"@id":"https:\/\/www.notibras.com\/site\/a-menina-do-cavalo-preto\/"},"wordCount":469,"publisher":{"@id":"https:\/\/www.notibras.com\/site\/#organization"},"image":{"@id":"https:\/\/www.notibras.com\/site\/a-menina-do-cavalo-preto\/#primaryimage"},"thumbnailUrl":"https:\/\/www.notibras.com\/site\/wp-content\/uploads\/2026\/04\/image-1-6.png","articleSection":["Caf\u00e9 Liter\u00e1rio"],"inLanguage":"pt-BR"},{"@type":"WebPage","@id":"https:\/\/www.notibras.com\/site\/a-menina-do-cavalo-preto\/","url":"https:\/\/www.notibras.com\/site\/a-menina-do-cavalo-preto\/","name":"A menina do cavalo preto - Notibras","isPartOf":{"@id":"https:\/\/www.notibras.com\/site\/#website"},"primaryImageOfPage":{"@id":"https:\/\/www.notibras.com\/site\/a-menina-do-cavalo-preto\/#primaryimage"},"image":{"@id":"https:\/\/www.notibras.com\/site\/a-menina-do-cavalo-preto\/#primaryimage"},"thumbnailUrl":"https:\/\/www.notibras.com\/site\/wp-content\/uploads\/2026\/04\/image-1-6.png","datePublished":"2026-05-01T03:45:04+00:00","breadcrumb":{"@id":"https:\/\/www.notibras.com\/site\/a-menina-do-cavalo-preto\/#breadcrumb"},"inLanguage":"pt-BR","potentialAction":[{"@type":"ReadAction","target":["https:\/\/www.notibras.com\/site\/a-menina-do-cavalo-preto\/"]}]},{"@type":"ImageObject","inLanguage":"pt-BR","@id":"https:\/\/www.notibras.com\/site\/a-menina-do-cavalo-preto\/#primaryimage","url":"https:\/\/www.notibras.com\/site\/wp-content\/uploads\/2026\/04\/image-1-6.png","contentUrl":"https:\/\/www.notibras.com\/site\/wp-content\/uploads\/2026\/04\/image-1-6.png","width":773,"height":1000},{"@type":"BreadcrumbList","@id":"https:\/\/www.notibras.com\/site\/a-menina-do-cavalo-preto\/#breadcrumb","itemListElement":[{"@type":"ListItem","position":1,"name":"In\u00edcio","item":"https:\/\/www.notibras.com\/site\/"},{"@type":"ListItem","position":2,"name":"A menina do cavalo preto"}]},{"@type":"WebSite","@id":"https:\/\/www.notibras.com\/site\/#website","url":"https:\/\/www.notibras.com\/site\/","name":"Notibras","description":"Not\u00edcias de Bras\u00edlia, do Brasil e do Mundo","publisher":{"@id":"https:\/\/www.notibras.com\/site\/#organization"},"potentialAction":[{"@type":"SearchAction","target":{"@type":"EntryPoint","urlTemplate":"https:\/\/www.notibras.com\/site\/?s={search_term_string}"},"query-input":{"@type":"PropertyValueSpecification","valueRequired":true,"valueName":"search_term_string"}}],"inLanguage":"pt-BR"},{"@type":"Organization","@id":"https:\/\/www.notibras.com\/site\/#organization","name":"Grupo Notibras de Comunica\u00e7\u00e3o","url":"https:\/\/www.notibras.com\/site\/","logo":{"@type":"ImageObject","inLanguage":"pt-BR","@id":"https:\/\/www.notibras.com\/site\/#\/schema\/logo\/image\/","url":"https:\/\/www.notibras.com\/site\/wp-content\/uploads\/2023\/01\/notibras23.png","contentUrl":"https:\/\/www.notibras.com\/site\/wp-content\/uploads\/2023\/01\/notibras23.png","width":350,"height":87,"caption":"Grupo Notibras de Comunica\u00e7\u00e3o"},"image":{"@id":"https:\/\/www.notibras.com\/site\/#\/schema\/logo\/image\/"},"sameAs":["https:\/\/www.facebook.com\/notibras\/","https:\/\/x.com\/Notibras","https:\/\/www.instagram.com\/notibras\/"]},{"@type":"Person","@id":"https:\/\/www.notibras.com\/site\/#\/schema\/person\/5b7fabf2aedc3ada2105f03b22b4d3dd","name":"Eduardo Mart\u00ednez","image":{"@type":"ImageObject","inLanguage":"pt-BR","@id":"https:\/\/secure.gravatar.com\/avatar\/7902f906289926289cbcda644b5197c796b893c6ffd7b9a536a42d290f7704a0?s=96&d=mm&r=g","url":"https:\/\/secure.gravatar.com\/avatar\/7902f906289926289cbcda644b5197c796b893c6ffd7b9a536a42d290f7704a0?s=96&d=mm&r=g","contentUrl":"https:\/\/secure.gravatar.com\/avatar\/7902f906289926289cbcda644b5197c796b893c6ffd7b9a536a42d290f7704a0?s=96&d=mm&r=g","caption":"Eduardo Mart\u00ednez"}}]}},"amp_enabled":true,"_links":{"self":[{"href":"https:\/\/www.notibras.com\/site\/wp-json\/wp\/v2\/posts\/392888","targetHints":{"allow":["GET"]}}],"collection":[{"href":"https:\/\/www.notibras.com\/site\/wp-json\/wp\/v2\/posts"}],"about":[{"href":"https:\/\/www.notibras.com\/site\/wp-json\/wp\/v2\/types\/post"}],"author":[{"embeddable":true,"href":"https:\/\/www.notibras.com\/site\/wp-json\/wp\/v2\/users\/21"}],"replies":[{"embeddable":true,"href":"https:\/\/www.notibras.com\/site\/wp-json\/wp\/v2\/comments?post=392888"}],"version-history":[{"count":2,"href":"https:\/\/www.notibras.com\/site\/wp-json\/wp\/v2\/posts\/392888\/revisions"}],"predecessor-version":[{"id":392891,"href":"https:\/\/www.notibras.com\/site\/wp-json\/wp\/v2\/posts\/392888\/revisions\/392891"}],"wp:featuredmedia":[{"embeddable":true,"href":"https:\/\/www.notibras.com\/site\/wp-json\/wp\/v2\/media\/392889"}],"wp:attachment":[{"href":"https:\/\/www.notibras.com\/site\/wp-json\/wp\/v2\/media?parent=392888"}],"wp:term":[{"taxonomy":"category","embeddable":true,"href":"https:\/\/www.notibras.com\/site\/wp-json\/wp\/v2\/categories?post=392888"},{"taxonomy":"post_tag","embeddable":true,"href":"https:\/\/www.notibras.com\/site\/wp-json\/wp\/v2\/tags?post=392888"}],"curies":[{"name":"wp","href":"https:\/\/api.w.org\/{rel}","templated":true}]}}