{"id":392898,"date":"2026-04-30T00:15:18","date_gmt":"2026-04-30T03:15:18","guid":{"rendered":"https:\/\/www.notibras.com\/site\/?p=392898"},"modified":"2026-04-28T22:16:47","modified_gmt":"2026-04-29T01:16:47","slug":"o-gato-verde-vigia-o-meio-dia","status":"publish","type":"post","link":"https:\/\/www.notibras.com\/site\/o-gato-verde-vigia-o-meio-dia\/","title":{"rendered":"O GATO VERDE VIGIA O MEIO-DIA"},"content":{"rendered":"<p><strong>SONETO DO INCERTO<\/strong><\/p>\n<p>A vida segue seu rumo e revela os mist\u00e9rios<br \/>\nO gato verde, o vaga-lume, a estrela cadente<br \/>\nE os m\u00edsticos fantasmas da imagina\u00e7\u00e3o<br \/>\nQue esperam a hora de dormir para virem me assustar.<\/p>\n<p>Eis que a vida continua sua intensa luta<br \/>\nBem e mal, \u00e1gua e fogo, broca e dente.<br \/>\nTodo o povo morrendo,<br \/>\nMas contente.<\/p>\n<p>Nada me importa agora,<br \/>\nS\u00f3 as estrelas do c\u00e9u e a cascata<br \/>\nQue ainda me faz perder o rumo de casa.<\/p>\n<p>Meio-dia e eu vou dormir meio sem gra\u00e7a<br \/>\nNo caso de ter algu\u00e9m vigiando<br \/>\nNa espera de alguma falha.<\/p>\n<p><strong>&#8230;&#8230;&#8230;&#8230;&#8230;&#8230;&#8230;&#8230;<\/p>\n<p><\/strong>Nota do autor: este poema foi escrito no dia 10 de julho de 1998, quando eu tinha 18 anos.<\/p>\n<p><strong>Daniel Marchi, editor-executivo de Notibras, \u00e9 professor, advogado e escritor carioca.<\/strong><br \/>\n<strong>Autor de &#8220;A Verdade nos Seres&#8221; (poemas) e &#8220;Territ\u00f3rio do Sonho&#8221; (contos, no prelo).<\/strong><\/p>\n","protected":false},"excerpt":{"rendered":"<p>SONETO DO INCERTO A vida segue seu rumo e revela os mist\u00e9rios O gato verde, o vaga-lume, a estrela cadente E os m\u00edsticos fantasmas da imagina\u00e7\u00e3o Que esperam a hora de dormir para virem me assustar. Eis que a vida continua sua intensa luta Bem e mal, \u00e1gua e fogo, broca e dente. Todo o [&hellip;]<\/p>\n","protected":false},"author":21,"featured_media":392899,"comment_status":"closed","ping_status":"closed","sticky":false,"template":"","format":"standard","meta":{"_acf_changed":false,"footnotes":""},"categories":[234],"tags":[],"class_list":["post-392898","post","type-post","status-publish","format-standard","has-post-thumbnail","hentry","category-cafe-literario"],"acf":[],"yoast_head":"<!-- This site is optimized with the Yoast SEO plugin v27.2 - https:\/\/yoast.com\/product\/yoast-seo-wordpress\/ -->\n<title>O GATO VERDE VIGIA O MEIO-DIA - Notibras<\/title>\n<meta name=\"robots\" content=\"index, follow, max-snippet:-1, max-image-preview:large, max-video-preview:-1\" \/>\n<link rel=\"canonical\" href=\"https:\/\/www.notibras.com\/site\/o-gato-verde-vigia-o-meio-dia\/\" \/>\n<meta property=\"og:locale\" content=\"pt_BR\" \/>\n<meta property=\"og:type\" content=\"article\" \/>\n<meta property=\"og:title\" content=\"O GATO VERDE VIGIA O MEIO-DIA - Notibras\" \/>\n<meta property=\"og:description\" content=\"SONETO DO INCERTO A vida segue seu rumo e revela os mist\u00e9rios O gato verde, o vaga-lume, a estrela cadente E os m\u00edsticos fantasmas da imagina\u00e7\u00e3o Que esperam a hora de dormir para virem me assustar. Eis que a vida continua sua intensa luta Bem e mal, \u00e1gua e fogo, broca e dente. Todo o [&hellip;]\" \/>\n<meta property=\"og:url\" content=\"https:\/\/www.notibras.com\/site\/o-gato-verde-vigia-o-meio-dia\/\" \/>\n<meta property=\"og:site_name\" content=\"Notibras\" \/>\n<meta property=\"article:publisher\" content=\"https:\/\/www.facebook.com\/notibras\/\" \/>\n<meta property=\"article:published_time\" content=\"2026-04-30T03:15:18+00:00\" \/>\n<meta property=\"og:image\" content=\"https:\/\/www.notibras.com\/site\/wp-content\/uploads\/2026\/04\/ChatGPT-Image-28-de-abr.-de-2026-21_58_59-1024x1024.png\" \/>\n\t<meta property=\"og:image:width\" content=\"1024\" \/>\n\t<meta property=\"og:image:height\" content=\"1024\" \/>\n\t<meta property=\"og:image:type\" content=\"image\/png\" \/>\n<meta name=\"author\" content=\"Eduardo Mart\u00ednez\" \/>\n<meta name=\"twitter:card\" content=\"summary_large_image\" \/>\n<meta name=\"twitter:creator\" content=\"@Notibras\" \/>\n<meta name=\"twitter:site\" content=\"@Notibras\" \/>\n<meta name=\"twitter:label1\" content=\"Escrito por\" \/>\n\t<meta name=\"twitter:data1\" content=\"Eduardo Mart\u00ednez\" \/>\n\t<meta name=\"twitter:label2\" content=\"Est. tempo de leitura\" \/>\n\t<meta name=\"twitter:data2\" content=\"2 minutos\" \/>\n<script type=\"application\/ld+json\" class=\"yoast-schema-graph\">{\"@context\":\"https:\/\/schema.org\",\"@graph\":[{\"@type\":\"Article\",\"@id\":\"https:\/\/www.notibras.com\/site\/o-gato-verde-vigia-o-meio-dia\/#article\",\"isPartOf\":{\"@id\":\"https:\/\/www.notibras.com\/site\/o-gato-verde-vigia-o-meio-dia\/\"},\"author\":{\"name\":\"Eduardo Mart\u00ednez\",\"@id\":\"https:\/\/www.notibras.com\/site\/#\/schema\/person\/5b7fabf2aedc3ada2105f03b22b4d3dd\"},\"headline\":\"O GATO VERDE VIGIA O MEIO-DIA\",\"datePublished\":\"2026-04-30T03:15:18+00:00\",\"mainEntityOfPage\":{\"@id\":\"https:\/\/www.notibras.com\/site\/o-gato-verde-vigia-o-meio-dia\/\"},\"wordCount\":152,\"publisher\":{\"@id\":\"https:\/\/www.notibras.com\/site\/#organization\"},\"image\":{\"@id\":\"https:\/\/www.notibras.com\/site\/o-gato-verde-vigia-o-meio-dia\/#primaryimage\"},\"thumbnailUrl\":\"https:\/\/www.notibras.com\/site\/wp-content\/uploads\/2026\/04\/ChatGPT-Image-28-de-abr.-de-2026-21_58_59.png\",\"articleSection\":[\"Caf\u00e9 Liter\u00e1rio\"],\"inLanguage\":\"pt-BR\"},{\"@type\":\"WebPage\",\"@id\":\"https:\/\/www.notibras.com\/site\/o-gato-verde-vigia-o-meio-dia\/\",\"url\":\"https:\/\/www.notibras.com\/site\/o-gato-verde-vigia-o-meio-dia\/\",\"name\":\"O GATO VERDE VIGIA O MEIO-DIA - Notibras\",\"isPartOf\":{\"@id\":\"https:\/\/www.notibras.com\/site\/#website\"},\"primaryImageOfPage\":{\"@id\":\"https:\/\/www.notibras.com\/site\/o-gato-verde-vigia-o-meio-dia\/#primaryimage\"},\"image\":{\"@id\":\"https:\/\/www.notibras.com\/site\/o-gato-verde-vigia-o-meio-dia\/#primaryimage\"},\"thumbnailUrl\":\"https:\/\/www.notibras.com\/site\/wp-content\/uploads\/2026\/04\/ChatGPT-Image-28-de-abr.-de-2026-21_58_59.png\",\"datePublished\":\"2026-04-30T03:15:18+00:00\",\"breadcrumb\":{\"@id\":\"https:\/\/www.notibras.com\/site\/o-gato-verde-vigia-o-meio-dia\/#breadcrumb\"},\"inLanguage\":\"pt-BR\",\"potentialAction\":[{\"@type\":\"ReadAction\",\"target\":[\"https:\/\/www.notibras.com\/site\/o-gato-verde-vigia-o-meio-dia\/\"]}]},{\"@type\":\"ImageObject\",\"inLanguage\":\"pt-BR\",\"@id\":\"https:\/\/www.notibras.com\/site\/o-gato-verde-vigia-o-meio-dia\/#primaryimage\",\"url\":\"https:\/\/www.notibras.com\/site\/wp-content\/uploads\/2026\/04\/ChatGPT-Image-28-de-abr.-de-2026-21_58_59.png\",\"contentUrl\":\"https:\/\/www.notibras.com\/site\/wp-content\/uploads\/2026\/04\/ChatGPT-Image-28-de-abr.-de-2026-21_58_59.png\",\"width\":1254,\"height\":1254},{\"@type\":\"BreadcrumbList\",\"@id\":\"https:\/\/www.notibras.com\/site\/o-gato-verde-vigia-o-meio-dia\/#breadcrumb\",\"itemListElement\":[{\"@type\":\"ListItem\",\"position\":1,\"name\":\"In\u00edcio\",\"item\":\"https:\/\/www.notibras.com\/site\/\"},{\"@type\":\"ListItem\",\"position\":2,\"name\":\"O GATO VERDE VIGIA O MEIO-DIA\"}]},{\"@type\":\"WebSite\",\"@id\":\"https:\/\/www.notibras.com\/site\/#website\",\"url\":\"https:\/\/www.notibras.com\/site\/\",\"name\":\"Notibras\",\"description\":\"Not\u00edcias de Bras\u00edlia, do Brasil e do Mundo\",\"publisher\":{\"@id\":\"https:\/\/www.notibras.com\/site\/#organization\"},\"potentialAction\":[{\"@type\":\"SearchAction\",\"target\":{\"@type\":\"EntryPoint\",\"urlTemplate\":\"https:\/\/www.notibras.com\/site\/?s={search_term_string}\"},\"query-input\":{\"@type\":\"PropertyValueSpecification\",\"valueRequired\":true,\"valueName\":\"search_term_string\"}}],\"inLanguage\":\"pt-BR\"},{\"@type\":\"Organization\",\"@id\":\"https:\/\/www.notibras.com\/site\/#organization\",\"name\":\"Grupo Notibras de Comunica\u00e7\u00e3o\",\"url\":\"https:\/\/www.notibras.com\/site\/\",\"logo\":{\"@type\":\"ImageObject\",\"inLanguage\":\"pt-BR\",\"@id\":\"https:\/\/www.notibras.com\/site\/#\/schema\/logo\/image\/\",\"url\":\"https:\/\/www.notibras.com\/site\/wp-content\/uploads\/2023\/01\/notibras23.png\",\"contentUrl\":\"https:\/\/www.notibras.com\/site\/wp-content\/uploads\/2023\/01\/notibras23.png\",\"width\":350,\"height\":87,\"caption\":\"Grupo Notibras de Comunica\u00e7\u00e3o\"},\"image\":{\"@id\":\"https:\/\/www.notibras.com\/site\/#\/schema\/logo\/image\/\"},\"sameAs\":[\"https:\/\/www.facebook.com\/notibras\/\",\"https:\/\/x.com\/Notibras\",\"https:\/\/www.instagram.com\/notibras\/\"]},{\"@type\":\"Person\",\"@id\":\"https:\/\/www.notibras.com\/site\/#\/schema\/person\/5b7fabf2aedc3ada2105f03b22b4d3dd\",\"name\":\"Eduardo Mart\u00ednez\",\"image\":{\"@type\":\"ImageObject\",\"inLanguage\":\"pt-BR\",\"@id\":\"https:\/\/secure.gravatar.com\/avatar\/7902f906289926289cbcda644b5197c796b893c6ffd7b9a536a42d290f7704a0?s=96&d=mm&r=g\",\"url\":\"https:\/\/secure.gravatar.com\/avatar\/7902f906289926289cbcda644b5197c796b893c6ffd7b9a536a42d290f7704a0?s=96&d=mm&r=g\",\"contentUrl\":\"https:\/\/secure.gravatar.com\/avatar\/7902f906289926289cbcda644b5197c796b893c6ffd7b9a536a42d290f7704a0?s=96&d=mm&r=g\",\"caption\":\"Eduardo Mart\u00ednez\"}}]}<\/script>\n<!-- \/ Yoast SEO plugin. -->","yoast_head_json":{"title":"O GATO VERDE VIGIA O MEIO-DIA - Notibras","robots":{"index":"index","follow":"follow","max-snippet":"max-snippet:-1","max-image-preview":"max-image-preview:large","max-video-preview":"max-video-preview:-1"},"canonical":"https:\/\/www.notibras.com\/site\/o-gato-verde-vigia-o-meio-dia\/","og_locale":"pt_BR","og_type":"article","og_title":"O GATO VERDE VIGIA O MEIO-DIA - Notibras","og_description":"SONETO DO INCERTO A vida segue seu rumo e revela os mist\u00e9rios O gato verde, o vaga-lume, a estrela cadente E os m\u00edsticos fantasmas da imagina\u00e7\u00e3o Que esperam a hora de dormir para virem me assustar. Eis que a vida continua sua intensa luta Bem e mal, \u00e1gua e fogo, broca e dente. Todo o [&hellip;]","og_url":"https:\/\/www.notibras.com\/site\/o-gato-verde-vigia-o-meio-dia\/","og_site_name":"Notibras","article_publisher":"https:\/\/www.facebook.com\/notibras\/","article_published_time":"2026-04-30T03:15:18+00:00","og_image":[{"width":1024,"height":1024,"url":"https:\/\/www.notibras.com\/site\/wp-content\/uploads\/2026\/04\/ChatGPT-Image-28-de-abr.-de-2026-21_58_59-1024x1024.png","type":"image\/png"}],"author":"Eduardo Mart\u00ednez","twitter_card":"summary_large_image","twitter_creator":"@Notibras","twitter_site":"@Notibras","twitter_misc":{"Escrito por":"Eduardo Mart\u00ednez","Est. tempo de leitura":"2 minutos"},"schema":{"@context":"https:\/\/schema.org","@graph":[{"@type":"Article","@id":"https:\/\/www.notibras.com\/site\/o-gato-verde-vigia-o-meio-dia\/#article","isPartOf":{"@id":"https:\/\/www.notibras.com\/site\/o-gato-verde-vigia-o-meio-dia\/"},"author":{"name":"Eduardo Mart\u00ednez","@id":"https:\/\/www.notibras.com\/site\/#\/schema\/person\/5b7fabf2aedc3ada2105f03b22b4d3dd"},"headline":"O GATO VERDE VIGIA O MEIO-DIA","datePublished":"2026-04-30T03:15:18+00:00","mainEntityOfPage":{"@id":"https:\/\/www.notibras.com\/site\/o-gato-verde-vigia-o-meio-dia\/"},"wordCount":152,"publisher":{"@id":"https:\/\/www.notibras.com\/site\/#organization"},"image":{"@id":"https:\/\/www.notibras.com\/site\/o-gato-verde-vigia-o-meio-dia\/#primaryimage"},"thumbnailUrl":"https:\/\/www.notibras.com\/site\/wp-content\/uploads\/2026\/04\/ChatGPT-Image-28-de-abr.-de-2026-21_58_59.png","articleSection":["Caf\u00e9 Liter\u00e1rio"],"inLanguage":"pt-BR"},{"@type":"WebPage","@id":"https:\/\/www.notibras.com\/site\/o-gato-verde-vigia-o-meio-dia\/","url":"https:\/\/www.notibras.com\/site\/o-gato-verde-vigia-o-meio-dia\/","name":"O GATO VERDE VIGIA O MEIO-DIA - Notibras","isPartOf":{"@id":"https:\/\/www.notibras.com\/site\/#website"},"primaryImageOfPage":{"@id":"https:\/\/www.notibras.com\/site\/o-gato-verde-vigia-o-meio-dia\/#primaryimage"},"image":{"@id":"https:\/\/www.notibras.com\/site\/o-gato-verde-vigia-o-meio-dia\/#primaryimage"},"thumbnailUrl":"https:\/\/www.notibras.com\/site\/wp-content\/uploads\/2026\/04\/ChatGPT-Image-28-de-abr.-de-2026-21_58_59.png","datePublished":"2026-04-30T03:15:18+00:00","breadcrumb":{"@id":"https:\/\/www.notibras.com\/site\/o-gato-verde-vigia-o-meio-dia\/#breadcrumb"},"inLanguage":"pt-BR","potentialAction":[{"@type":"ReadAction","target":["https:\/\/www.notibras.com\/site\/o-gato-verde-vigia-o-meio-dia\/"]}]},{"@type":"ImageObject","inLanguage":"pt-BR","@id":"https:\/\/www.notibras.com\/site\/o-gato-verde-vigia-o-meio-dia\/#primaryimage","url":"https:\/\/www.notibras.com\/site\/wp-content\/uploads\/2026\/04\/ChatGPT-Image-28-de-abr.-de-2026-21_58_59.png","contentUrl":"https:\/\/www.notibras.com\/site\/wp-content\/uploads\/2026\/04\/ChatGPT-Image-28-de-abr.-de-2026-21_58_59.png","width":1254,"height":1254},{"@type":"BreadcrumbList","@id":"https:\/\/www.notibras.com\/site\/o-gato-verde-vigia-o-meio-dia\/#breadcrumb","itemListElement":[{"@type":"ListItem","position":1,"name":"In\u00edcio","item":"https:\/\/www.notibras.com\/site\/"},{"@type":"ListItem","position":2,"name":"O GATO VERDE VIGIA O MEIO-DIA"}]},{"@type":"WebSite","@id":"https:\/\/www.notibras.com\/site\/#website","url":"https:\/\/www.notibras.com\/site\/","name":"Notibras","description":"Not\u00edcias de Bras\u00edlia, do Brasil e do Mundo","publisher":{"@id":"https:\/\/www.notibras.com\/site\/#organization"},"potentialAction":[{"@type":"SearchAction","target":{"@type":"EntryPoint","urlTemplate":"https:\/\/www.notibras.com\/site\/?s={search_term_string}"},"query-input":{"@type":"PropertyValueSpecification","valueRequired":true,"valueName":"search_term_string"}}],"inLanguage":"pt-BR"},{"@type":"Organization","@id":"https:\/\/www.notibras.com\/site\/#organization","name":"Grupo Notibras de Comunica\u00e7\u00e3o","url":"https:\/\/www.notibras.com\/site\/","logo":{"@type":"ImageObject","inLanguage":"pt-BR","@id":"https:\/\/www.notibras.com\/site\/#\/schema\/logo\/image\/","url":"https:\/\/www.notibras.com\/site\/wp-content\/uploads\/2023\/01\/notibras23.png","contentUrl":"https:\/\/www.notibras.com\/site\/wp-content\/uploads\/2023\/01\/notibras23.png","width":350,"height":87,"caption":"Grupo Notibras de Comunica\u00e7\u00e3o"},"image":{"@id":"https:\/\/www.notibras.com\/site\/#\/schema\/logo\/image\/"},"sameAs":["https:\/\/www.facebook.com\/notibras\/","https:\/\/x.com\/Notibras","https:\/\/www.instagram.com\/notibras\/"]},{"@type":"Person","@id":"https:\/\/www.notibras.com\/site\/#\/schema\/person\/5b7fabf2aedc3ada2105f03b22b4d3dd","name":"Eduardo Mart\u00ednez","image":{"@type":"ImageObject","inLanguage":"pt-BR","@id":"https:\/\/secure.gravatar.com\/avatar\/7902f906289926289cbcda644b5197c796b893c6ffd7b9a536a42d290f7704a0?s=96&d=mm&r=g","url":"https:\/\/secure.gravatar.com\/avatar\/7902f906289926289cbcda644b5197c796b893c6ffd7b9a536a42d290f7704a0?s=96&d=mm&r=g","contentUrl":"https:\/\/secure.gravatar.com\/avatar\/7902f906289926289cbcda644b5197c796b893c6ffd7b9a536a42d290f7704a0?s=96&d=mm&r=g","caption":"Eduardo Mart\u00ednez"}}]}},"amp_enabled":true,"_links":{"self":[{"href":"https:\/\/www.notibras.com\/site\/wp-json\/wp\/v2\/posts\/392898","targetHints":{"allow":["GET"]}}],"collection":[{"href":"https:\/\/www.notibras.com\/site\/wp-json\/wp\/v2\/posts"}],"about":[{"href":"https:\/\/www.notibras.com\/site\/wp-json\/wp\/v2\/types\/post"}],"author":[{"embeddable":true,"href":"https:\/\/www.notibras.com\/site\/wp-json\/wp\/v2\/users\/21"}],"replies":[{"embeddable":true,"href":"https:\/\/www.notibras.com\/site\/wp-json\/wp\/v2\/comments?post=392898"}],"version-history":[{"count":3,"href":"https:\/\/www.notibras.com\/site\/wp-json\/wp\/v2\/posts\/392898\/revisions"}],"predecessor-version":[{"id":392902,"href":"https:\/\/www.notibras.com\/site\/wp-json\/wp\/v2\/posts\/392898\/revisions\/392902"}],"wp:featuredmedia":[{"embeddable":true,"href":"https:\/\/www.notibras.com\/site\/wp-json\/wp\/v2\/media\/392899"}],"wp:attachment":[{"href":"https:\/\/www.notibras.com\/site\/wp-json\/wp\/v2\/media?parent=392898"}],"wp:term":[{"taxonomy":"category","embeddable":true,"href":"https:\/\/www.notibras.com\/site\/wp-json\/wp\/v2\/categories?post=392898"},{"taxonomy":"post_tag","embeddable":true,"href":"https:\/\/www.notibras.com\/site\/wp-json\/wp\/v2\/tags?post=392898"}],"curies":[{"name":"wp","href":"https:\/\/api.w.org\/{rel}","templated":true}]}}