{"id":392923,"date":"2026-04-29T06:29:12","date_gmt":"2026-04-29T09:29:12","guid":{"rendered":"https:\/\/www.notibras.com\/site\/?p=392923"},"modified":"2026-04-29T06:29:12","modified_gmt":"2026-04-29T09:29:12","slug":"kleber-desponta-com-apoio-de-kiko-para-distrital","status":"publish","type":"post","link":"https:\/\/www.notibras.com\/site\/kleber-desponta-com-apoio-de-kiko-para-distrital\/","title":{"rendered":"Kleber desponta com apoio de Kiko para distrital"},"content":{"rendered":"<p data-start=\"0\" data-end=\"210\">A movimenta\u00e7\u00e3o recente de novos nomes no cen\u00e1rio pol\u00edtico do Distrito Federal indica uma tend\u00eancia clara de que a renova\u00e7\u00e3o do Legislativo local deixou de ser apenas um discurso e come\u00e7a a ganhar contornos concretos.<\/p>\n<p data-start=\"212\" data-end=\"619\">Nos bastidores de Bras\u00edlia, figuras emergentes como <span class=\"hover:entity-accent entity-underline inline cursor-pointer align-baseline\"><span class=\"whitespace-normal\">Kleber Lopes<\/span><\/span> passam a ocupar espa\u00e7o em articula\u00e7\u00f5es que, at\u00e9 pouco tempo, eram dominadas por lideran\u00e7as tradicionais. Vinculado \u00e0 <span class=\"hover:entity-accent entity-underline inline cursor-pointer align-baseline\"><span class=\"whitespace-normal\">Defensoria P\u00fablica da Uni\u00e3o<\/span><\/span>, Kleber carrega uma trajet\u00f3ria associada \u00e0 defesa direta dos direitos do cidad\u00e3o. Trata-se de uma experi\u00eancia que, cada vez mais, se converte em capital pol\u00edtico relevante.<\/p>\n<p data-start=\"621\" data-end=\"1041\">Sua aproxima\u00e7\u00e3o com o advogado <span class=\"hover:entity-accent entity-underline inline cursor-pointer align-baseline\"><span class=\"whitespace-normal\">Kiko Caputo<\/span><\/span>, que manifestou inten\u00e7\u00e3o de disputar o comando do Pal\u00e1cio do Buriti pelo <span class=\"hover:entity-accent entity-underline inline cursor-pointer align-baseline\"><span class=\"whitespace-normal\">Partido Novo<\/span><\/span>, refor\u00e7a a forma\u00e7\u00e3o de um grupo que aposta na renova\u00e7\u00e3o como eixo central. Nesse contexto, a poss\u00edvel candidatura de Kleber a uma vaga na <span class=\"hover:entity-accent entity-underline inline cursor-pointer align-baseline\"><span class=\"whitespace-normal\">C\u00e2mara Legislativa<\/span><\/span>\u00a0se insere em um movimento mais amplo de reposicionamento pol\u00edtico.<\/p>\n<p data-start=\"1043\" data-end=\"1479\">Mais do que nomes novos, o que chama aten\u00e7\u00e3o \u00e9 o perfil desses poss\u00edveis candidatos. A defesa de pautas estruturais \u2014 como sa\u00fade, educa\u00e7\u00e3o, seguran\u00e7a, transporte e habita\u00e7\u00e3o \u2014, reflete uma tentativa de alinhar o discurso pol\u00edtico \u00e0s demandas mais urgentes da popula\u00e7\u00e3o brasiliense. \u00c9 uma agenda que, embora recorrente, ganha novo significado quando associada a atores que n\u00e3o carregam o desgaste t\u00edpico da pol\u00edtica tradicional.<\/p>\n<p data-start=\"1481\" data-end=\"1869\">O slogan adotado por Kleber Lopes, \u201c<em>O defensor do povo<\/em>\u201d, sintetiza essa proposta. Ele estabelece uma ponte direta entre a atua\u00e7\u00e3o institucional na Defensoria e o papel esperado de um parlamentar, que \u00e9 representar interesses coletivos com efici\u00eancia e senso de urg\u00eancia. Essa narrativa dialoga com um eleitorado cada vez mais atento \u00e0 coer\u00eancia entre trajet\u00f3ria profissional e atua\u00e7\u00e3o pol\u00edtica.<\/p>\n<p data-start=\"1871\" data-end=\"2220\">Al\u00e9m disso, sinais de aceita\u00e7\u00e3o inicial, como men\u00e7\u00f5es a bom desempenho em pesquisas internas, sugerem que h\u00e1 espa\u00e7o para candidaturas que se apresentam como alternativas ao <em>status quo<\/em>. Ainda que o cen\u00e1rio eleitoral permane\u00e7a aberto e sujeito a mudan\u00e7as, a presen\u00e7a de novos protagonistas indica uma poss\u00edvel reconfigura\u00e7\u00e3o do ambiente legislativo.<\/p>\n<p data-start=\"2222\" data-end=\"2655\" data-is-last-node=\"\" data-is-only-node=\"\">Para analistas pol\u00edticos, o avan\u00e7o de figuras como Kleber Lopes evidencia que a renova\u00e7\u00e3o no Legislativo do Distrito Federal n\u00e3o \u00e9 apenas uma expectativa abstrata. Ela se materializa por meio de articula\u00e7\u00f5es, alian\u00e7as e candidaturas que buscam traduzir, em pr\u00e1tica pol\u00edtica, demandas hist\u00f3ricas da sociedade. Se esse movimento se consolidar\u00e1 nas urnas, depender\u00e1 de m\u00faltiplos fatores, mas o caminho, ao que tudo indica, j\u00e1 est\u00e1 sendo pavimentado.<\/p>\n","protected":false},"excerpt":{"rendered":"<p>A movimenta\u00e7\u00e3o recente de novos nomes no cen\u00e1rio pol\u00edtico do Distrito Federal indica uma tend\u00eancia clara de que a renova\u00e7\u00e3o do Legislativo local deixou de ser apenas um discurso e come\u00e7a a ganhar contornos concretos. Nos bastidores de Bras\u00edlia, figuras emergentes como Kleber Lopes passam a ocupar espa\u00e7o em articula\u00e7\u00f5es que, at\u00e9 pouco tempo, eram [&hellip;]<\/p>\n","protected":false},"author":2,"featured_media":392924,"comment_status":"closed","ping_status":"closed","sticky":false,"template":"","format":"standard","meta":{"_acf_changed":false,"footnotes":""},"categories":[239],"tags":[],"class_list":["post-392923","post","type-post","status-publish","format-standard","has-post-thumbnail","hentry","category-eleicoes-brasilia"],"acf":[],"yoast_head":"<!-- This site is optimized with the Yoast SEO plugin v27.2 - https:\/\/yoast.com\/product\/yoast-seo-wordpress\/ -->\n<title>Kleber desponta com apoio de Kiko para distrital - Notibras<\/title>\n<meta name=\"robots\" content=\"index, follow, max-snippet:-1, max-image-preview:large, max-video-preview:-1\" \/>\n<link rel=\"canonical\" href=\"https:\/\/www.notibras.com\/site\/kleber-desponta-com-apoio-de-kiko-para-distrital\/\" \/>\n<meta property=\"og:locale\" content=\"pt_BR\" \/>\n<meta property=\"og:type\" content=\"article\" \/>\n<meta property=\"og:title\" content=\"Kleber desponta com apoio de Kiko para distrital - Notibras\" \/>\n<meta property=\"og:description\" content=\"A movimenta\u00e7\u00e3o recente de novos nomes no cen\u00e1rio pol\u00edtico do Distrito Federal indica uma tend\u00eancia clara de que a renova\u00e7\u00e3o do Legislativo local deixou de ser apenas um discurso e come\u00e7a a ganhar contornos concretos. Nos bastidores de Bras\u00edlia, figuras emergentes como Kleber Lopes passam a ocupar espa\u00e7o em articula\u00e7\u00f5es que, at\u00e9 pouco tempo, eram [&hellip;]\" \/>\n<meta property=\"og:url\" content=\"https:\/\/www.notibras.com\/site\/kleber-desponta-com-apoio-de-kiko-para-distrital\/\" \/>\n<meta property=\"og:site_name\" content=\"Notibras\" \/>\n<meta property=\"article:publisher\" content=\"https:\/\/www.facebook.com\/notibras\/\" \/>\n<meta property=\"article:published_time\" content=\"2026-04-29T09:29:12+00:00\" \/>\n<meta property=\"og:image\" content=\"https:\/\/www.notibras.com\/site\/wp-content\/uploads\/2026\/04\/e2966b17-5693-432c-abdd-12d3d50f09fd.jpg\" \/>\n\t<meta property=\"og:image:width\" content=\"1536\" \/>\n\t<meta property=\"og:image:height\" content=\"864\" \/>\n\t<meta property=\"og:image:type\" content=\"image\/jpeg\" \/>\n<meta name=\"author\" content=\"Reda\u00e7\u00e3o\" \/>\n<meta name=\"twitter:card\" content=\"summary_large_image\" \/>\n<meta name=\"twitter:creator\" content=\"@Notibras\" \/>\n<meta name=\"twitter:site\" content=\"@Notibras\" \/>\n<meta name=\"twitter:label1\" content=\"Escrito por\" \/>\n\t<meta name=\"twitter:data1\" content=\"Reda\u00e7\u00e3o\" \/>\n\t<meta name=\"twitter:label2\" content=\"Est. tempo de leitura\" \/>\n\t<meta name=\"twitter:data2\" content=\"3 minutos\" \/>\n<script type=\"application\/ld+json\" class=\"yoast-schema-graph\">{\"@context\":\"https:\/\/schema.org\",\"@graph\":[{\"@type\":\"Article\",\"@id\":\"https:\/\/www.notibras.com\/site\/kleber-desponta-com-apoio-de-kiko-para-distrital\/#article\",\"isPartOf\":{\"@id\":\"https:\/\/www.notibras.com\/site\/kleber-desponta-com-apoio-de-kiko-para-distrital\/\"},\"author\":{\"name\":\"Reda\u00e7\u00e3o\",\"@id\":\"https:\/\/www.notibras.com\/site\/#\/schema\/person\/36ab0979449956132d3e5b517ea76ac8\"},\"headline\":\"Kleber desponta com apoio de Kiko para distrital\",\"datePublished\":\"2026-04-29T09:29:12+00:00\",\"mainEntityOfPage\":{\"@id\":\"https:\/\/www.notibras.com\/site\/kleber-desponta-com-apoio-de-kiko-para-distrital\/\"},\"wordCount\":454,\"publisher\":{\"@id\":\"https:\/\/www.notibras.com\/site\/#organization\"},\"image\":{\"@id\":\"https:\/\/www.notibras.com\/site\/kleber-desponta-com-apoio-de-kiko-para-distrital\/#primaryimage\"},\"thumbnailUrl\":\"https:\/\/www.notibras.com\/site\/wp-content\/uploads\/2026\/04\/e2966b17-5693-432c-abdd-12d3d50f09fd.jpg\",\"articleSection\":[\"Elei\u00e7\u00f5es Bras\u00edlia\"],\"inLanguage\":\"pt-BR\"},{\"@type\":\"WebPage\",\"@id\":\"https:\/\/www.notibras.com\/site\/kleber-desponta-com-apoio-de-kiko-para-distrital\/\",\"url\":\"https:\/\/www.notibras.com\/site\/kleber-desponta-com-apoio-de-kiko-para-distrital\/\",\"name\":\"Kleber desponta com apoio de Kiko para distrital - Notibras\",\"isPartOf\":{\"@id\":\"https:\/\/www.notibras.com\/site\/#website\"},\"primaryImageOfPage\":{\"@id\":\"https:\/\/www.notibras.com\/site\/kleber-desponta-com-apoio-de-kiko-para-distrital\/#primaryimage\"},\"image\":{\"@id\":\"https:\/\/www.notibras.com\/site\/kleber-desponta-com-apoio-de-kiko-para-distrital\/#primaryimage\"},\"thumbnailUrl\":\"https:\/\/www.notibras.com\/site\/wp-content\/uploads\/2026\/04\/e2966b17-5693-432c-abdd-12d3d50f09fd.jpg\",\"datePublished\":\"2026-04-29T09:29:12+00:00\",\"breadcrumb\":{\"@id\":\"https:\/\/www.notibras.com\/site\/kleber-desponta-com-apoio-de-kiko-para-distrital\/#breadcrumb\"},\"inLanguage\":\"pt-BR\",\"potentialAction\":[{\"@type\":\"ReadAction\",\"target\":[\"https:\/\/www.notibras.com\/site\/kleber-desponta-com-apoio-de-kiko-para-distrital\/\"]}]},{\"@type\":\"ImageObject\",\"inLanguage\":\"pt-BR\",\"@id\":\"https:\/\/www.notibras.com\/site\/kleber-desponta-com-apoio-de-kiko-para-distrital\/#primaryimage\",\"url\":\"https:\/\/www.notibras.com\/site\/wp-content\/uploads\/2026\/04\/e2966b17-5693-432c-abdd-12d3d50f09fd.jpg\",\"contentUrl\":\"https:\/\/www.notibras.com\/site\/wp-content\/uploads\/2026\/04\/e2966b17-5693-432c-abdd-12d3d50f09fd.jpg\",\"width\":1536,\"height\":864},{\"@type\":\"BreadcrumbList\",\"@id\":\"https:\/\/www.notibras.com\/site\/kleber-desponta-com-apoio-de-kiko-para-distrital\/#breadcrumb\",\"itemListElement\":[{\"@type\":\"ListItem\",\"position\":1,\"name\":\"In\u00edcio\",\"item\":\"https:\/\/www.notibras.com\/site\/\"},{\"@type\":\"ListItem\",\"position\":2,\"name\":\"Kleber desponta com apoio de Kiko para distrital\"}]},{\"@type\":\"WebSite\",\"@id\":\"https:\/\/www.notibras.com\/site\/#website\",\"url\":\"https:\/\/www.notibras.com\/site\/\",\"name\":\"Notibras\",\"description\":\"Not\u00edcias de Bras\u00edlia, do Brasil e do Mundo\",\"publisher\":{\"@id\":\"https:\/\/www.notibras.com\/site\/#organization\"},\"potentialAction\":[{\"@type\":\"SearchAction\",\"target\":{\"@type\":\"EntryPoint\",\"urlTemplate\":\"https:\/\/www.notibras.com\/site\/?s={search_term_string}\"},\"query-input\":{\"@type\":\"PropertyValueSpecification\",\"valueRequired\":true,\"valueName\":\"search_term_string\"}}],\"inLanguage\":\"pt-BR\"},{\"@type\":\"Organization\",\"@id\":\"https:\/\/www.notibras.com\/site\/#organization\",\"name\":\"Grupo Notibras de Comunica\u00e7\u00e3o\",\"url\":\"https:\/\/www.notibras.com\/site\/\",\"logo\":{\"@type\":\"ImageObject\",\"inLanguage\":\"pt-BR\",\"@id\":\"https:\/\/www.notibras.com\/site\/#\/schema\/logo\/image\/\",\"url\":\"https:\/\/www.notibras.com\/site\/wp-content\/uploads\/2023\/01\/notibras23.png\",\"contentUrl\":\"https:\/\/www.notibras.com\/site\/wp-content\/uploads\/2023\/01\/notibras23.png\",\"width\":350,\"height\":87,\"caption\":\"Grupo Notibras de Comunica\u00e7\u00e3o\"},\"image\":{\"@id\":\"https:\/\/www.notibras.com\/site\/#\/schema\/logo\/image\/\"},\"sameAs\":[\"https:\/\/www.facebook.com\/notibras\/\",\"https:\/\/x.com\/Notibras\",\"https:\/\/www.instagram.com\/notibras\/\"]},{\"@type\":\"Person\",\"@id\":\"https:\/\/www.notibras.com\/site\/#\/schema\/person\/36ab0979449956132d3e5b517ea76ac8\",\"name\":\"Reda\u00e7\u00e3o\",\"image\":{\"@type\":\"ImageObject\",\"inLanguage\":\"pt-BR\",\"@id\":\"https:\/\/secure.gravatar.com\/avatar\/e0a867bdedb85fd243eadf09663511f96fc81e0720a4a42581f334ad4303aa6b?s=96&d=mm&r=g\",\"url\":\"https:\/\/secure.gravatar.com\/avatar\/e0a867bdedb85fd243eadf09663511f96fc81e0720a4a42581f334ad4303aa6b?s=96&d=mm&r=g\",\"contentUrl\":\"https:\/\/secure.gravatar.com\/avatar\/e0a867bdedb85fd243eadf09663511f96fc81e0720a4a42581f334ad4303aa6b?s=96&d=mm&r=g\",\"caption\":\"Reda\u00e7\u00e3o\"}}]}<\/script>\n<!-- \/ Yoast SEO plugin. -->","yoast_head_json":{"title":"Kleber desponta com apoio de Kiko para distrital - Notibras","robots":{"index":"index","follow":"follow","max-snippet":"max-snippet:-1","max-image-preview":"max-image-preview:large","max-video-preview":"max-video-preview:-1"},"canonical":"https:\/\/www.notibras.com\/site\/kleber-desponta-com-apoio-de-kiko-para-distrital\/","og_locale":"pt_BR","og_type":"article","og_title":"Kleber desponta com apoio de Kiko para distrital - Notibras","og_description":"A movimenta\u00e7\u00e3o recente de novos nomes no cen\u00e1rio pol\u00edtico do Distrito Federal indica uma tend\u00eancia clara de que a renova\u00e7\u00e3o do Legislativo local deixou de ser apenas um discurso e come\u00e7a a ganhar contornos concretos. Nos bastidores de Bras\u00edlia, figuras emergentes como Kleber Lopes passam a ocupar espa\u00e7o em articula\u00e7\u00f5es que, at\u00e9 pouco tempo, eram [&hellip;]","og_url":"https:\/\/www.notibras.com\/site\/kleber-desponta-com-apoio-de-kiko-para-distrital\/","og_site_name":"Notibras","article_publisher":"https:\/\/www.facebook.com\/notibras\/","article_published_time":"2026-04-29T09:29:12+00:00","og_image":[{"width":1536,"height":864,"url":"https:\/\/www.notibras.com\/site\/wp-content\/uploads\/2026\/04\/e2966b17-5693-432c-abdd-12d3d50f09fd.jpg","type":"image\/jpeg"}],"author":"Reda\u00e7\u00e3o","twitter_card":"summary_large_image","twitter_creator":"@Notibras","twitter_site":"@Notibras","twitter_misc":{"Escrito por":"Reda\u00e7\u00e3o","Est. tempo de leitura":"3 minutos"},"schema":{"@context":"https:\/\/schema.org","@graph":[{"@type":"Article","@id":"https:\/\/www.notibras.com\/site\/kleber-desponta-com-apoio-de-kiko-para-distrital\/#article","isPartOf":{"@id":"https:\/\/www.notibras.com\/site\/kleber-desponta-com-apoio-de-kiko-para-distrital\/"},"author":{"name":"Reda\u00e7\u00e3o","@id":"https:\/\/www.notibras.com\/site\/#\/schema\/person\/36ab0979449956132d3e5b517ea76ac8"},"headline":"Kleber desponta com apoio de Kiko para distrital","datePublished":"2026-04-29T09:29:12+00:00","mainEntityOfPage":{"@id":"https:\/\/www.notibras.com\/site\/kleber-desponta-com-apoio-de-kiko-para-distrital\/"},"wordCount":454,"publisher":{"@id":"https:\/\/www.notibras.com\/site\/#organization"},"image":{"@id":"https:\/\/www.notibras.com\/site\/kleber-desponta-com-apoio-de-kiko-para-distrital\/#primaryimage"},"thumbnailUrl":"https:\/\/www.notibras.com\/site\/wp-content\/uploads\/2026\/04\/e2966b17-5693-432c-abdd-12d3d50f09fd.jpg","articleSection":["Elei\u00e7\u00f5es Bras\u00edlia"],"inLanguage":"pt-BR"},{"@type":"WebPage","@id":"https:\/\/www.notibras.com\/site\/kleber-desponta-com-apoio-de-kiko-para-distrital\/","url":"https:\/\/www.notibras.com\/site\/kleber-desponta-com-apoio-de-kiko-para-distrital\/","name":"Kleber desponta com apoio de Kiko para distrital - Notibras","isPartOf":{"@id":"https:\/\/www.notibras.com\/site\/#website"},"primaryImageOfPage":{"@id":"https:\/\/www.notibras.com\/site\/kleber-desponta-com-apoio-de-kiko-para-distrital\/#primaryimage"},"image":{"@id":"https:\/\/www.notibras.com\/site\/kleber-desponta-com-apoio-de-kiko-para-distrital\/#primaryimage"},"thumbnailUrl":"https:\/\/www.notibras.com\/site\/wp-content\/uploads\/2026\/04\/e2966b17-5693-432c-abdd-12d3d50f09fd.jpg","datePublished":"2026-04-29T09:29:12+00:00","breadcrumb":{"@id":"https:\/\/www.notibras.com\/site\/kleber-desponta-com-apoio-de-kiko-para-distrital\/#breadcrumb"},"inLanguage":"pt-BR","potentialAction":[{"@type":"ReadAction","target":["https:\/\/www.notibras.com\/site\/kleber-desponta-com-apoio-de-kiko-para-distrital\/"]}]},{"@type":"ImageObject","inLanguage":"pt-BR","@id":"https:\/\/www.notibras.com\/site\/kleber-desponta-com-apoio-de-kiko-para-distrital\/#primaryimage","url":"https:\/\/www.notibras.com\/site\/wp-content\/uploads\/2026\/04\/e2966b17-5693-432c-abdd-12d3d50f09fd.jpg","contentUrl":"https:\/\/www.notibras.com\/site\/wp-content\/uploads\/2026\/04\/e2966b17-5693-432c-abdd-12d3d50f09fd.jpg","width":1536,"height":864},{"@type":"BreadcrumbList","@id":"https:\/\/www.notibras.com\/site\/kleber-desponta-com-apoio-de-kiko-para-distrital\/#breadcrumb","itemListElement":[{"@type":"ListItem","position":1,"name":"In\u00edcio","item":"https:\/\/www.notibras.com\/site\/"},{"@type":"ListItem","position":2,"name":"Kleber desponta com apoio de Kiko para distrital"}]},{"@type":"WebSite","@id":"https:\/\/www.notibras.com\/site\/#website","url":"https:\/\/www.notibras.com\/site\/","name":"Notibras","description":"Not\u00edcias de Bras\u00edlia, do Brasil e do Mundo","publisher":{"@id":"https:\/\/www.notibras.com\/site\/#organization"},"potentialAction":[{"@type":"SearchAction","target":{"@type":"EntryPoint","urlTemplate":"https:\/\/www.notibras.com\/site\/?s={search_term_string}"},"query-input":{"@type":"PropertyValueSpecification","valueRequired":true,"valueName":"search_term_string"}}],"inLanguage":"pt-BR"},{"@type":"Organization","@id":"https:\/\/www.notibras.com\/site\/#organization","name":"Grupo Notibras de Comunica\u00e7\u00e3o","url":"https:\/\/www.notibras.com\/site\/","logo":{"@type":"ImageObject","inLanguage":"pt-BR","@id":"https:\/\/www.notibras.com\/site\/#\/schema\/logo\/image\/","url":"https:\/\/www.notibras.com\/site\/wp-content\/uploads\/2023\/01\/notibras23.png","contentUrl":"https:\/\/www.notibras.com\/site\/wp-content\/uploads\/2023\/01\/notibras23.png","width":350,"height":87,"caption":"Grupo Notibras de Comunica\u00e7\u00e3o"},"image":{"@id":"https:\/\/www.notibras.com\/site\/#\/schema\/logo\/image\/"},"sameAs":["https:\/\/www.facebook.com\/notibras\/","https:\/\/x.com\/Notibras","https:\/\/www.instagram.com\/notibras\/"]},{"@type":"Person","@id":"https:\/\/www.notibras.com\/site\/#\/schema\/person\/36ab0979449956132d3e5b517ea76ac8","name":"Reda\u00e7\u00e3o","image":{"@type":"ImageObject","inLanguage":"pt-BR","@id":"https:\/\/secure.gravatar.com\/avatar\/e0a867bdedb85fd243eadf09663511f96fc81e0720a4a42581f334ad4303aa6b?s=96&d=mm&r=g","url":"https:\/\/secure.gravatar.com\/avatar\/e0a867bdedb85fd243eadf09663511f96fc81e0720a4a42581f334ad4303aa6b?s=96&d=mm&r=g","contentUrl":"https:\/\/secure.gravatar.com\/avatar\/e0a867bdedb85fd243eadf09663511f96fc81e0720a4a42581f334ad4303aa6b?s=96&d=mm&r=g","caption":"Reda\u00e7\u00e3o"}}]}},"amp_enabled":true,"_links":{"self":[{"href":"https:\/\/www.notibras.com\/site\/wp-json\/wp\/v2\/posts\/392923","targetHints":{"allow":["GET"]}}],"collection":[{"href":"https:\/\/www.notibras.com\/site\/wp-json\/wp\/v2\/posts"}],"about":[{"href":"https:\/\/www.notibras.com\/site\/wp-json\/wp\/v2\/types\/post"}],"author":[{"embeddable":true,"href":"https:\/\/www.notibras.com\/site\/wp-json\/wp\/v2\/users\/2"}],"replies":[{"embeddable":true,"href":"https:\/\/www.notibras.com\/site\/wp-json\/wp\/v2\/comments?post=392923"}],"version-history":[{"count":1,"href":"https:\/\/www.notibras.com\/site\/wp-json\/wp\/v2\/posts\/392923\/revisions"}],"predecessor-version":[{"id":392925,"href":"https:\/\/www.notibras.com\/site\/wp-json\/wp\/v2\/posts\/392923\/revisions\/392925"}],"wp:featuredmedia":[{"embeddable":true,"href":"https:\/\/www.notibras.com\/site\/wp-json\/wp\/v2\/media\/392924"}],"wp:attachment":[{"href":"https:\/\/www.notibras.com\/site\/wp-json\/wp\/v2\/media?parent=392923"}],"wp:term":[{"taxonomy":"category","embeddable":true,"href":"https:\/\/www.notibras.com\/site\/wp-json\/wp\/v2\/categories?post=392923"},{"taxonomy":"post_tag","embeddable":true,"href":"https:\/\/www.notibras.com\/site\/wp-json\/wp\/v2\/tags?post=392923"}],"curies":[{"name":"wp","href":"https:\/\/api.w.org\/{rel}","templated":true}]}}