{"id":392926,"date":"2026-04-29T06:00:46","date_gmt":"2026-04-29T09:00:46","guid":{"rendered":"https:\/\/www.notibras.com\/site\/?p=392926"},"modified":"2026-04-29T06:50:33","modified_gmt":"2026-04-29T09:50:33","slug":"pt-lanca-erika-ao-senado-e-vai-insistir-com-grass-para-o-buriti","status":"publish","type":"post","link":"https:\/\/www.notibras.com\/site\/pt-lanca-erika-ao-senado-e-vai-insistir-com-grass-para-o-buriti\/","title":{"rendered":"PT lan\u00e7a \u00c9rika ao Senado e vai insistir com Grass para o Buriti"},"content":{"rendered":"<p data-start=\"217\" data-end=\"446\">O Partido dos Trabalhadores (PT) no Distrito Federal anunciou o lan\u00e7amento das pr\u00e9-candidaturas de <span class=\"hover:entity-accent entity-underline inline cursor-pointer align-baseline\"><span class=\"whitespace-normal\">Leandro Grass<\/span><\/span> ao Governo do Distrito Federal e de <span class=\"hover:entity-accent entity-underline inline cursor-pointer align-baseline\"><span class=\"whitespace-normal\">Erika Kokay<\/span><\/span> ao Senado Federal. O evento est\u00e1 marcado para o dia 19 de maio, \u00e0s 18h30, no <span class=\"hover:entity-accent entity-underline inline cursor-pointer align-baseline\"><span class=\"whitespace-normal\">Centro de Conven\u00e7\u00f5es Ulysses Guimar\u00e3es<\/span><\/span>.<\/p>\n<p data-start=\"559\" data-end=\"874\">De acordo com o partido, o lan\u00e7amento representa o in\u00edcio de um novo ciclo pol\u00edtico no Distrito Federal, com o objetivo de promover mudan\u00e7as na gest\u00e3o local. Em nota que circula nas redes sociais, o PT afirma que este \u00e9 o momento de \u201cdar o primeiro passo para mudar o Distrito Federal com quem tem hist\u00f3ria, coragem e compromisso com Bras\u00edlia\u201d.<\/p>\n<p data-start=\"876\" data-end=\"1092\">Leandro Grass, que disputou e perdeu o Governo do Distrito Federal nas elei\u00e7\u00f5es de 2022, volta a se colocar como pr\u00e9-candidato ao cargo. J\u00e1 Erika Kokay, atual deputada federal, apresenta seu nome como pr\u00e9-candidata ao Senado.<\/p>\n<p data-start=\"1094\" data-end=\"1254\">A expectativa \u00e9 de que o evento re\u00fana militantes, lideran\u00e7as pol\u00edticas e apoiadores para marcar o in\u00edcio da articula\u00e7\u00e3o eleitoral do partido na capital federal.<\/p>\n","protected":false},"excerpt":{"rendered":"<p>O Partido dos Trabalhadores (PT) no Distrito Federal anunciou o lan\u00e7amento das pr\u00e9-candidaturas de Leandro Grass ao Governo do Distrito Federal e de Erika Kokay ao Senado Federal. O evento est\u00e1 marcado para o dia 19 de maio, \u00e0s 18h30, no Centro de Conven\u00e7\u00f5es Ulysses Guimar\u00e3es. De acordo com o partido, o lan\u00e7amento representa o [&hellip;]<\/p>\n","protected":false},"author":2,"featured_media":2465,"comment_status":"closed","ping_status":"closed","sticky":false,"template":"","format":"standard","meta":{"_acf_changed":false,"footnotes":""},"categories":[239],"tags":[],"class_list":["post-392926","post","type-post","status-publish","format-standard","has-post-thumbnail","hentry","category-eleicoes-brasilia"],"acf":[],"yoast_head":"<!-- This site is optimized with the Yoast SEO plugin v27.2 - https:\/\/yoast.com\/product\/yoast-seo-wordpress\/ -->\n<title>PT lan\u00e7a \u00c9rika ao Senado e vai insistir com Grass para o Buriti - Notibras<\/title>\n<meta name=\"robots\" content=\"index, follow, max-snippet:-1, max-image-preview:large, max-video-preview:-1\" \/>\n<link rel=\"canonical\" href=\"https:\/\/www.notibras.com\/site\/pt-lanca-erika-ao-senado-e-vai-insistir-com-grass-para-o-buriti\/\" \/>\n<meta property=\"og:locale\" content=\"pt_BR\" \/>\n<meta property=\"og:type\" content=\"article\" \/>\n<meta property=\"og:title\" content=\"PT lan\u00e7a \u00c9rika ao Senado e vai insistir com Grass para o Buriti - Notibras\" \/>\n<meta property=\"og:description\" content=\"O Partido dos Trabalhadores (PT) no Distrito Federal anunciou o lan\u00e7amento das pr\u00e9-candidaturas de Leandro Grass ao Governo do Distrito Federal e de Erika Kokay ao Senado Federal. O evento est\u00e1 marcado para o dia 19 de maio, \u00e0s 18h30, no Centro de Conven\u00e7\u00f5es Ulysses Guimar\u00e3es. De acordo com o partido, o lan\u00e7amento representa o [&hellip;]\" \/>\n<meta property=\"og:url\" content=\"https:\/\/www.notibras.com\/site\/pt-lanca-erika-ao-senado-e-vai-insistir-com-grass-para-o-buriti\/\" \/>\n<meta property=\"og:site_name\" content=\"Notibras\" \/>\n<meta property=\"article:publisher\" content=\"https:\/\/www.facebook.com\/notibras\/\" \/>\n<meta property=\"article:published_time\" content=\"2026-04-29T09:00:46+00:00\" \/>\n<meta property=\"article:modified_time\" content=\"2026-04-29T09:50:33+00:00\" \/>\n<meta property=\"og:image\" content=\"https:\/\/www.notibras.com\/site\/wp-content\/uploads\/2014\/02\/2013-04-20-erika-kokay-lgbt.jpg\" \/>\n\t<meta property=\"og:image:width\" content=\"625\" \/>\n\t<meta property=\"og:image:height\" content=\"455\" \/>\n\t<meta property=\"og:image:type\" content=\"image\/jpeg\" \/>\n<meta name=\"author\" content=\"Reda\u00e7\u00e3o\" \/>\n<meta name=\"twitter:card\" content=\"summary_large_image\" \/>\n<meta name=\"twitter:creator\" content=\"@Notibras\" \/>\n<meta name=\"twitter:site\" content=\"@Notibras\" \/>\n<meta name=\"twitter:label1\" content=\"Escrito por\" \/>\n\t<meta name=\"twitter:data1\" content=\"Reda\u00e7\u00e3o\" \/>\n\t<meta name=\"twitter:label2\" content=\"Est. tempo de leitura\" \/>\n\t<meta name=\"twitter:data2\" content=\"2 minutos\" \/>\n<script type=\"application\/ld+json\" class=\"yoast-schema-graph\">{\"@context\":\"https:\/\/schema.org\",\"@graph\":[{\"@type\":\"Article\",\"@id\":\"https:\/\/www.notibras.com\/site\/pt-lanca-erika-ao-senado-e-vai-insistir-com-grass-para-o-buriti\/#article\",\"isPartOf\":{\"@id\":\"https:\/\/www.notibras.com\/site\/pt-lanca-erika-ao-senado-e-vai-insistir-com-grass-para-o-buriti\/\"},\"author\":{\"name\":\"Reda\u00e7\u00e3o\",\"@id\":\"https:\/\/www.notibras.com\/site\/#\/schema\/person\/36ab0979449956132d3e5b517ea76ac8\"},\"headline\":\"PT lan\u00e7a \u00c9rika ao Senado e vai insistir com Grass para o Buriti\",\"datePublished\":\"2026-04-29T09:00:46+00:00\",\"dateModified\":\"2026-04-29T09:50:33+00:00\",\"mainEntityOfPage\":{\"@id\":\"https:\/\/www.notibras.com\/site\/pt-lanca-erika-ao-senado-e-vai-insistir-com-grass-para-o-buriti\/\"},\"wordCount\":197,\"publisher\":{\"@id\":\"https:\/\/www.notibras.com\/site\/#organization\"},\"image\":{\"@id\":\"https:\/\/www.notibras.com\/site\/pt-lanca-erika-ao-senado-e-vai-insistir-com-grass-para-o-buriti\/#primaryimage\"},\"thumbnailUrl\":\"https:\/\/www.notibras.com\/site\/wp-content\/uploads\/2014\/02\/2013-04-20-erika-kokay-lgbt.jpg\",\"articleSection\":[\"Elei\u00e7\u00f5es Bras\u00edlia\"],\"inLanguage\":\"pt-BR\"},{\"@type\":\"WebPage\",\"@id\":\"https:\/\/www.notibras.com\/site\/pt-lanca-erika-ao-senado-e-vai-insistir-com-grass-para-o-buriti\/\",\"url\":\"https:\/\/www.notibras.com\/site\/pt-lanca-erika-ao-senado-e-vai-insistir-com-grass-para-o-buriti\/\",\"name\":\"PT lan\u00e7a \u00c9rika ao Senado e vai insistir com Grass para o Buriti - Notibras\",\"isPartOf\":{\"@id\":\"https:\/\/www.notibras.com\/site\/#website\"},\"primaryImageOfPage\":{\"@id\":\"https:\/\/www.notibras.com\/site\/pt-lanca-erika-ao-senado-e-vai-insistir-com-grass-para-o-buriti\/#primaryimage\"},\"image\":{\"@id\":\"https:\/\/www.notibras.com\/site\/pt-lanca-erika-ao-senado-e-vai-insistir-com-grass-para-o-buriti\/#primaryimage\"},\"thumbnailUrl\":\"https:\/\/www.notibras.com\/site\/wp-content\/uploads\/2014\/02\/2013-04-20-erika-kokay-lgbt.jpg\",\"datePublished\":\"2026-04-29T09:00:46+00:00\",\"dateModified\":\"2026-04-29T09:50:33+00:00\",\"breadcrumb\":{\"@id\":\"https:\/\/www.notibras.com\/site\/pt-lanca-erika-ao-senado-e-vai-insistir-com-grass-para-o-buriti\/#breadcrumb\"},\"inLanguage\":\"pt-BR\",\"potentialAction\":[{\"@type\":\"ReadAction\",\"target\":[\"https:\/\/www.notibras.com\/site\/pt-lanca-erika-ao-senado-e-vai-insistir-com-grass-para-o-buriti\/\"]}]},{\"@type\":\"ImageObject\",\"inLanguage\":\"pt-BR\",\"@id\":\"https:\/\/www.notibras.com\/site\/pt-lanca-erika-ao-senado-e-vai-insistir-com-grass-para-o-buriti\/#primaryimage\",\"url\":\"https:\/\/www.notibras.com\/site\/wp-content\/uploads\/2014\/02\/2013-04-20-erika-kokay-lgbt.jpg\",\"contentUrl\":\"https:\/\/www.notibras.com\/site\/wp-content\/uploads\/2014\/02\/2013-04-20-erika-kokay-lgbt.jpg\",\"width\":625,\"height\":455,\"caption\":\"Foto\/Arquivo Notibras\"},{\"@type\":\"BreadcrumbList\",\"@id\":\"https:\/\/www.notibras.com\/site\/pt-lanca-erika-ao-senado-e-vai-insistir-com-grass-para-o-buriti\/#breadcrumb\",\"itemListElement\":[{\"@type\":\"ListItem\",\"position\":1,\"name\":\"In\u00edcio\",\"item\":\"https:\/\/www.notibras.com\/site\/\"},{\"@type\":\"ListItem\",\"position\":2,\"name\":\"PT lan\u00e7a \u00c9rika ao Senado e vai insistir com Grass para o Buriti\"}]},{\"@type\":\"WebSite\",\"@id\":\"https:\/\/www.notibras.com\/site\/#website\",\"url\":\"https:\/\/www.notibras.com\/site\/\",\"name\":\"Notibras\",\"description\":\"Not\u00edcias de Bras\u00edlia, do Brasil e do Mundo\",\"publisher\":{\"@id\":\"https:\/\/www.notibras.com\/site\/#organization\"},\"potentialAction\":[{\"@type\":\"SearchAction\",\"target\":{\"@type\":\"EntryPoint\",\"urlTemplate\":\"https:\/\/www.notibras.com\/site\/?s={search_term_string}\"},\"query-input\":{\"@type\":\"PropertyValueSpecification\",\"valueRequired\":true,\"valueName\":\"search_term_string\"}}],\"inLanguage\":\"pt-BR\"},{\"@type\":\"Organization\",\"@id\":\"https:\/\/www.notibras.com\/site\/#organization\",\"name\":\"Grupo Notibras de Comunica\u00e7\u00e3o\",\"url\":\"https:\/\/www.notibras.com\/site\/\",\"logo\":{\"@type\":\"ImageObject\",\"inLanguage\":\"pt-BR\",\"@id\":\"https:\/\/www.notibras.com\/site\/#\/schema\/logo\/image\/\",\"url\":\"https:\/\/www.notibras.com\/site\/wp-content\/uploads\/2023\/01\/notibras23.png\",\"contentUrl\":\"https:\/\/www.notibras.com\/site\/wp-content\/uploads\/2023\/01\/notibras23.png\",\"width\":350,\"height\":87,\"caption\":\"Grupo Notibras de Comunica\u00e7\u00e3o\"},\"image\":{\"@id\":\"https:\/\/www.notibras.com\/site\/#\/schema\/logo\/image\/\"},\"sameAs\":[\"https:\/\/www.facebook.com\/notibras\/\",\"https:\/\/x.com\/Notibras\",\"https:\/\/www.instagram.com\/notibras\/\"]},{\"@type\":\"Person\",\"@id\":\"https:\/\/www.notibras.com\/site\/#\/schema\/person\/36ab0979449956132d3e5b517ea76ac8\",\"name\":\"Reda\u00e7\u00e3o\",\"image\":{\"@type\":\"ImageObject\",\"inLanguage\":\"pt-BR\",\"@id\":\"https:\/\/secure.gravatar.com\/avatar\/e0a867bdedb85fd243eadf09663511f96fc81e0720a4a42581f334ad4303aa6b?s=96&d=mm&r=g\",\"url\":\"https:\/\/secure.gravatar.com\/avatar\/e0a867bdedb85fd243eadf09663511f96fc81e0720a4a42581f334ad4303aa6b?s=96&d=mm&r=g\",\"contentUrl\":\"https:\/\/secure.gravatar.com\/avatar\/e0a867bdedb85fd243eadf09663511f96fc81e0720a4a42581f334ad4303aa6b?s=96&d=mm&r=g\",\"caption\":\"Reda\u00e7\u00e3o\"}}]}<\/script>\n<!-- \/ Yoast SEO plugin. -->","yoast_head_json":{"title":"PT lan\u00e7a \u00c9rika ao Senado e vai insistir com Grass para o Buriti - Notibras","robots":{"index":"index","follow":"follow","max-snippet":"max-snippet:-1","max-image-preview":"max-image-preview:large","max-video-preview":"max-video-preview:-1"},"canonical":"https:\/\/www.notibras.com\/site\/pt-lanca-erika-ao-senado-e-vai-insistir-com-grass-para-o-buriti\/","og_locale":"pt_BR","og_type":"article","og_title":"PT lan\u00e7a \u00c9rika ao Senado e vai insistir com Grass para o Buriti - Notibras","og_description":"O Partido dos Trabalhadores (PT) no Distrito Federal anunciou o lan\u00e7amento das pr\u00e9-candidaturas de Leandro Grass ao Governo do Distrito Federal e de Erika Kokay ao Senado Federal. O evento est\u00e1 marcado para o dia 19 de maio, \u00e0s 18h30, no Centro de Conven\u00e7\u00f5es Ulysses Guimar\u00e3es. De acordo com o partido, o lan\u00e7amento representa o [&hellip;]","og_url":"https:\/\/www.notibras.com\/site\/pt-lanca-erika-ao-senado-e-vai-insistir-com-grass-para-o-buriti\/","og_site_name":"Notibras","article_publisher":"https:\/\/www.facebook.com\/notibras\/","article_published_time":"2026-04-29T09:00:46+00:00","article_modified_time":"2026-04-29T09:50:33+00:00","og_image":[{"width":625,"height":455,"url":"https:\/\/www.notibras.com\/site\/wp-content\/uploads\/2014\/02\/2013-04-20-erika-kokay-lgbt.jpg","type":"image\/jpeg"}],"author":"Reda\u00e7\u00e3o","twitter_card":"summary_large_image","twitter_creator":"@Notibras","twitter_site":"@Notibras","twitter_misc":{"Escrito por":"Reda\u00e7\u00e3o","Est. tempo de leitura":"2 minutos"},"schema":{"@context":"https:\/\/schema.org","@graph":[{"@type":"Article","@id":"https:\/\/www.notibras.com\/site\/pt-lanca-erika-ao-senado-e-vai-insistir-com-grass-para-o-buriti\/#article","isPartOf":{"@id":"https:\/\/www.notibras.com\/site\/pt-lanca-erika-ao-senado-e-vai-insistir-com-grass-para-o-buriti\/"},"author":{"name":"Reda\u00e7\u00e3o","@id":"https:\/\/www.notibras.com\/site\/#\/schema\/person\/36ab0979449956132d3e5b517ea76ac8"},"headline":"PT lan\u00e7a \u00c9rika ao Senado e vai insistir com Grass para o Buriti","datePublished":"2026-04-29T09:00:46+00:00","dateModified":"2026-04-29T09:50:33+00:00","mainEntityOfPage":{"@id":"https:\/\/www.notibras.com\/site\/pt-lanca-erika-ao-senado-e-vai-insistir-com-grass-para-o-buriti\/"},"wordCount":197,"publisher":{"@id":"https:\/\/www.notibras.com\/site\/#organization"},"image":{"@id":"https:\/\/www.notibras.com\/site\/pt-lanca-erika-ao-senado-e-vai-insistir-com-grass-para-o-buriti\/#primaryimage"},"thumbnailUrl":"https:\/\/www.notibras.com\/site\/wp-content\/uploads\/2014\/02\/2013-04-20-erika-kokay-lgbt.jpg","articleSection":["Elei\u00e7\u00f5es Bras\u00edlia"],"inLanguage":"pt-BR"},{"@type":"WebPage","@id":"https:\/\/www.notibras.com\/site\/pt-lanca-erika-ao-senado-e-vai-insistir-com-grass-para-o-buriti\/","url":"https:\/\/www.notibras.com\/site\/pt-lanca-erika-ao-senado-e-vai-insistir-com-grass-para-o-buriti\/","name":"PT lan\u00e7a \u00c9rika ao Senado e vai insistir com Grass para o Buriti - Notibras","isPartOf":{"@id":"https:\/\/www.notibras.com\/site\/#website"},"primaryImageOfPage":{"@id":"https:\/\/www.notibras.com\/site\/pt-lanca-erika-ao-senado-e-vai-insistir-com-grass-para-o-buriti\/#primaryimage"},"image":{"@id":"https:\/\/www.notibras.com\/site\/pt-lanca-erika-ao-senado-e-vai-insistir-com-grass-para-o-buriti\/#primaryimage"},"thumbnailUrl":"https:\/\/www.notibras.com\/site\/wp-content\/uploads\/2014\/02\/2013-04-20-erika-kokay-lgbt.jpg","datePublished":"2026-04-29T09:00:46+00:00","dateModified":"2026-04-29T09:50:33+00:00","breadcrumb":{"@id":"https:\/\/www.notibras.com\/site\/pt-lanca-erika-ao-senado-e-vai-insistir-com-grass-para-o-buriti\/#breadcrumb"},"inLanguage":"pt-BR","potentialAction":[{"@type":"ReadAction","target":["https:\/\/www.notibras.com\/site\/pt-lanca-erika-ao-senado-e-vai-insistir-com-grass-para-o-buriti\/"]}]},{"@type":"ImageObject","inLanguage":"pt-BR","@id":"https:\/\/www.notibras.com\/site\/pt-lanca-erika-ao-senado-e-vai-insistir-com-grass-para-o-buriti\/#primaryimage","url":"https:\/\/www.notibras.com\/site\/wp-content\/uploads\/2014\/02\/2013-04-20-erika-kokay-lgbt.jpg","contentUrl":"https:\/\/www.notibras.com\/site\/wp-content\/uploads\/2014\/02\/2013-04-20-erika-kokay-lgbt.jpg","width":625,"height":455,"caption":"Foto\/Arquivo Notibras"},{"@type":"BreadcrumbList","@id":"https:\/\/www.notibras.com\/site\/pt-lanca-erika-ao-senado-e-vai-insistir-com-grass-para-o-buriti\/#breadcrumb","itemListElement":[{"@type":"ListItem","position":1,"name":"In\u00edcio","item":"https:\/\/www.notibras.com\/site\/"},{"@type":"ListItem","position":2,"name":"PT lan\u00e7a \u00c9rika ao Senado e vai insistir com Grass para o Buriti"}]},{"@type":"WebSite","@id":"https:\/\/www.notibras.com\/site\/#website","url":"https:\/\/www.notibras.com\/site\/","name":"Notibras","description":"Not\u00edcias de Bras\u00edlia, do Brasil e do Mundo","publisher":{"@id":"https:\/\/www.notibras.com\/site\/#organization"},"potentialAction":[{"@type":"SearchAction","target":{"@type":"EntryPoint","urlTemplate":"https:\/\/www.notibras.com\/site\/?s={search_term_string}"},"query-input":{"@type":"PropertyValueSpecification","valueRequired":true,"valueName":"search_term_string"}}],"inLanguage":"pt-BR"},{"@type":"Organization","@id":"https:\/\/www.notibras.com\/site\/#organization","name":"Grupo Notibras de Comunica\u00e7\u00e3o","url":"https:\/\/www.notibras.com\/site\/","logo":{"@type":"ImageObject","inLanguage":"pt-BR","@id":"https:\/\/www.notibras.com\/site\/#\/schema\/logo\/image\/","url":"https:\/\/www.notibras.com\/site\/wp-content\/uploads\/2023\/01\/notibras23.png","contentUrl":"https:\/\/www.notibras.com\/site\/wp-content\/uploads\/2023\/01\/notibras23.png","width":350,"height":87,"caption":"Grupo Notibras de Comunica\u00e7\u00e3o"},"image":{"@id":"https:\/\/www.notibras.com\/site\/#\/schema\/logo\/image\/"},"sameAs":["https:\/\/www.facebook.com\/notibras\/","https:\/\/x.com\/Notibras","https:\/\/www.instagram.com\/notibras\/"]},{"@type":"Person","@id":"https:\/\/www.notibras.com\/site\/#\/schema\/person\/36ab0979449956132d3e5b517ea76ac8","name":"Reda\u00e7\u00e3o","image":{"@type":"ImageObject","inLanguage":"pt-BR","@id":"https:\/\/secure.gravatar.com\/avatar\/e0a867bdedb85fd243eadf09663511f96fc81e0720a4a42581f334ad4303aa6b?s=96&d=mm&r=g","url":"https:\/\/secure.gravatar.com\/avatar\/e0a867bdedb85fd243eadf09663511f96fc81e0720a4a42581f334ad4303aa6b?s=96&d=mm&r=g","contentUrl":"https:\/\/secure.gravatar.com\/avatar\/e0a867bdedb85fd243eadf09663511f96fc81e0720a4a42581f334ad4303aa6b?s=96&d=mm&r=g","caption":"Reda\u00e7\u00e3o"}}]}},"amp_enabled":true,"_links":{"self":[{"href":"https:\/\/www.notibras.com\/site\/wp-json\/wp\/v2\/posts\/392926","targetHints":{"allow":["GET"]}}],"collection":[{"href":"https:\/\/www.notibras.com\/site\/wp-json\/wp\/v2\/posts"}],"about":[{"href":"https:\/\/www.notibras.com\/site\/wp-json\/wp\/v2\/types\/post"}],"author":[{"embeddable":true,"href":"https:\/\/www.notibras.com\/site\/wp-json\/wp\/v2\/users\/2"}],"replies":[{"embeddable":true,"href":"https:\/\/www.notibras.com\/site\/wp-json\/wp\/v2\/comments?post=392926"}],"version-history":[{"count":1,"href":"https:\/\/www.notibras.com\/site\/wp-json\/wp\/v2\/posts\/392926\/revisions"}],"predecessor-version":[{"id":392927,"href":"https:\/\/www.notibras.com\/site\/wp-json\/wp\/v2\/posts\/392926\/revisions\/392927"}],"wp:featuredmedia":[{"embeddable":true,"href":"https:\/\/www.notibras.com\/site\/wp-json\/wp\/v2\/media\/2465"}],"wp:attachment":[{"href":"https:\/\/www.notibras.com\/site\/wp-json\/wp\/v2\/media?parent=392926"}],"wp:term":[{"taxonomy":"category","embeddable":true,"href":"https:\/\/www.notibras.com\/site\/wp-json\/wp\/v2\/categories?post=392926"},{"taxonomy":"post_tag","embeddable":true,"href":"https:\/\/www.notibras.com\/site\/wp-json\/wp\/v2\/tags?post=392926"}],"curies":[{"name":"wp","href":"https:\/\/api.w.org\/{rel}","templated":true}]}}