{"id":392928,"date":"2026-04-29T07:15:18","date_gmt":"2026-04-29T10:15:18","guid":{"rendered":"https:\/\/www.notibras.com\/site\/?p=392928"},"modified":"2026-04-29T07:16:38","modified_gmt":"2026-04-29T10:16:38","slug":"acima-de-tudo-precisamos-ser-bem-verdadeiros","status":"publish","type":"post","link":"https:\/\/www.notibras.com\/site\/acima-de-tudo-precisamos-ser-bem-verdadeiros\/","title":{"rendered":"Acima de tudo, precisamos ser bem verdadeiros"},"content":{"rendered":"<p style=\"font-weight: 400;\">Quando a gente percebe que a vida est\u00e1 por um fio, que a chuva passou, que a fonte secou e que tudo acaba, eis que surge a certeza da qual sempre fugimos: o tudo \u00e9 nada. Em um instante, tudo chega ao fim. \u00c9 o tempo acabando o tempo todo. Gra\u00e7as a ele, os momentos ruins viram passado e a dor mera lembran\u00e7a. Divaga\u00e7\u00f5es, viagens psicod\u00e9licas ou voar sem ter asas. Nada disso \u00e9 apenas quest\u00e3o de idade, mas de respeito a quem sobreviveu antes do Google, abriu m\u00e3o do manual de instru\u00e7\u00e3o, decidiu n\u00e3o incomodar ningu\u00e9m com mais de 30 anos e roga a Deus para n\u00e3o ser incomodado por aqueles com mais 60.<\/p>\n<p style=\"font-weight: 400;\">Resistente como p\u00e3o que ficou uma semana fora do saco e como o vinho envelhecido em barris de carvalho, juro que n\u00e3o tenho medo da velhice. No entanto, tenho pavor de imaginar a velhice pensando em mim. Divagando ou conjecturando com meus bot\u00f5es superiores, passo dias sem ter para onde ir. Aproveito a ociosidade remunerada para lembrar meus dias correndo dos chinelos que voavam sem aviso, mas certeiros no alvo. Nas ruas, com a chave no pesco\u00e7o, a \u00fanica preocupa\u00e7\u00e3o era com a batalha naval e, \u00e0s vezes, com a ilumina\u00e7\u00e3o p\u00fablica me impedindo de esticar aquilo naquilo.<\/p>\n<p style=\"font-weight: 400;\">Na volta para casa, somente a certeza de que as pernas bambas n\u00e3o passavam de ostenta\u00e7\u00e3o masculina em \u00faltimo grau. Telefone celular, rel\u00f3gio solar, Instagram, Facebook, Twitter e Intelig\u00eancia Artificial nem nos desenhos animados da futurista e automatizada fam\u00edlia Jetson. N\u00e3o dispunha de coisa alguma, mas, em \u00e9pocas de censo, costumava dizer que havia perdido tudo. Os nervos eram de a\u00e7o e a vida nada al\u00e9m de uma caminhada sem GPS, mapas ou placas de sinaliza\u00e7\u00e3o. Tinha apenas duas op\u00e7\u00f5es: bola ou b\u00falica. A confian\u00e7a me levou onde nunca sonhei.<\/p>\n<p style=\"font-weight: 400;\">Saudade das feridas curadas com saliva ou com merthiolate sem impureza e das goiabas verdes da \u00e1rvore de Dona Rolinha, a benzedeira que vivia no fio da navalha, mas, a custo zero, me ensinou a cortar de um lado s\u00f3. Hoje, cada vez mais longe do r\u00e1dio, da TV em preto e branco, dos vinis, da fita cassete e do p\u00e3o com a\u00e7\u00facar, sou obrigado a juntar centenas de m\u00fasicas em uma geringon\u00e7a chamada pen drive. \u00c9 a tal da evolu\u00e7\u00e3o. O que carregava em sacolas produzidas com sobras de cal\u00e7as jeans ou em mochilas tem\u00e1ticas, passei a carregar em um dos bolsos da cal\u00e7a.<\/p>\n<p style=\"font-weight: 400;\">As meninas que eu chamava singela e singularmente de substitutas viraram garotas de quitinetes. Mudan\u00e7as de gera\u00e7\u00e3o. Melhor assim. Pelo menos a pr\u00f3stata e o sistema imunol\u00f3gico dos homens est\u00e3o livres da Penicilina e da Benzetacil. No m\u00e1ximo, a Cloroquina ou a Ivermectina como relaxante muscular para as cricas mais usadas, consequentemente menos imunes, e para os cricos com iogurte vencido. Antes que as luzes se apaguem e o quarto escure\u00e7a, atentemos para a necessidade de sermos verdadeiros. Percebi a tempo que de nada adianta viver de fachada.<\/p>\n<p style=\"font-weight: 400;\">Os exemplos s\u00e3o variados. Nos tempos de pobre sonhando em ser rico, me vestia com as roupas do Hugo Boss e, \u00e0s vezes, de um tal Ermenegildo Zegna. Raramente optava pelos trens do Yves Saint Laurent, do Gianni Versace ou do estagi\u00e1rio Giorgio Armani. A gravata tomava emprestado do amigo Pierre Cardin ou do genro Ralph Lauren. O carro era de uma antiga namorada, a Mercedes. Nas rodas de fim de semana, a lorota ficava por conta de minhas obras de arte, com destaque para meu valoroso Picasso. Tudo ia muito bem at\u00e9 o dia em que a Lada e a Laika, primas russas da Mercedes, me miraram de longe no mict\u00f3rio. Perdi o humor, a raz\u00e3o e o rebolado quando elas espalharam que o Picasso n\u00e3o passava de uma c\u00f3pia pequetita e mal ajambrada de um\u00a0<em>Abaporu<\/em>. Que Tarsila do Amaral n\u00e3o puxe meu p\u00e9.<\/p>\n<p style=\"font-weight: 400;\">&#8230;&#8230;&#8230;&#8230;..<\/p>\n<p style=\"font-weight: 400;\"><strong>Wenceslau Ara\u00fajo \u00e9 Editor-Chefe de Notibras<\/strong><\/p>\n","protected":false},"excerpt":{"rendered":"<p>Quando a gente percebe que a vida est\u00e1 por um fio, que a chuva passou, que a fonte secou e que tudo acaba, eis que surge a certeza da qual sempre fugimos: o tudo \u00e9 nada. Em um instante, tudo chega ao fim. \u00c9 o tempo acabando o tempo todo. Gra\u00e7as a ele, os momentos [&hellip;]<\/p>\n","protected":false},"author":2,"featured_media":392929,"comment_status":"closed","ping_status":"closed","sticky":false,"template":"","format":"standard","meta":{"_acf_changed":false,"footnotes":""},"categories":[155],"tags":[],"class_list":["post-392928","post","type-post","status-publish","format-standard","has-post-thumbnail","hentry","category-leitura-vip"],"acf":[],"yoast_head":"<!-- This site is optimized with the Yoast SEO plugin v27.2 - https:\/\/yoast.com\/product\/yoast-seo-wordpress\/ -->\n<title>Acima de tudo, precisamos ser bem verdadeiros - Notibras<\/title>\n<meta name=\"robots\" content=\"index, follow, max-snippet:-1, max-image-preview:large, max-video-preview:-1\" \/>\n<link rel=\"canonical\" href=\"https:\/\/www.notibras.com\/site\/acima-de-tudo-precisamos-ser-bem-verdadeiros\/\" \/>\n<meta property=\"og:locale\" content=\"pt_BR\" \/>\n<meta property=\"og:type\" content=\"article\" \/>\n<meta property=\"og:title\" content=\"Acima de tudo, precisamos ser bem verdadeiros - Notibras\" \/>\n<meta property=\"og:description\" content=\"Quando a gente percebe que a vida est\u00e1 por um fio, que a chuva passou, que a fonte secou e que tudo acaba, eis que surge a certeza da qual sempre fugimos: o tudo \u00e9 nada. Em um instante, tudo chega ao fim. \u00c9 o tempo acabando o tempo todo. Gra\u00e7as a ele, os momentos [&hellip;]\" \/>\n<meta property=\"og:url\" content=\"https:\/\/www.notibras.com\/site\/acima-de-tudo-precisamos-ser-bem-verdadeiros\/\" \/>\n<meta property=\"og:site_name\" content=\"Notibras\" \/>\n<meta property=\"article:publisher\" content=\"https:\/\/www.facebook.com\/notibras\/\" \/>\n<meta property=\"article:published_time\" content=\"2026-04-29T10:15:18+00:00\" \/>\n<meta property=\"article:modified_time\" content=\"2026-04-29T10:16:38+00:00\" \/>\n<meta property=\"og:image\" content=\"https:\/\/www.notibras.com\/site\/wp-content\/uploads\/2026\/04\/12e64092-bbdb-4daa-91f3-4dc2c1156e63.png\" \/>\n\t<meta property=\"og:image:width\" content=\"1448\" \/>\n\t<meta property=\"og:image:height\" content=\"1086\" \/>\n\t<meta property=\"og:image:type\" content=\"image\/png\" \/>\n<meta name=\"author\" content=\"Reda\u00e7\u00e3o\" \/>\n<meta name=\"twitter:card\" content=\"summary_large_image\" \/>\n<meta name=\"twitter:creator\" content=\"@Notibras\" \/>\n<meta name=\"twitter:site\" content=\"@Notibras\" \/>\n<meta name=\"twitter:label1\" content=\"Escrito por\" \/>\n\t<meta name=\"twitter:data1\" content=\"Reda\u00e7\u00e3o\" \/>\n\t<meta name=\"twitter:label2\" content=\"Est. tempo de leitura\" \/>\n\t<meta name=\"twitter:data2\" content=\"4 minutos\" \/>\n<script type=\"application\/ld+json\" class=\"yoast-schema-graph\">{\"@context\":\"https:\/\/schema.org\",\"@graph\":[{\"@type\":\"Article\",\"@id\":\"https:\/\/www.notibras.com\/site\/acima-de-tudo-precisamos-ser-bem-verdadeiros\/#article\",\"isPartOf\":{\"@id\":\"https:\/\/www.notibras.com\/site\/acima-de-tudo-precisamos-ser-bem-verdadeiros\/\"},\"author\":{\"name\":\"Reda\u00e7\u00e3o\",\"@id\":\"https:\/\/www.notibras.com\/site\/#\/schema\/person\/36ab0979449956132d3e5b517ea76ac8\"},\"headline\":\"Acima de tudo, precisamos ser bem verdadeiros\",\"datePublished\":\"2026-04-29T10:15:18+00:00\",\"dateModified\":\"2026-04-29T10:16:38+00:00\",\"mainEntityOfPage\":{\"@id\":\"https:\/\/www.notibras.com\/site\/acima-de-tudo-precisamos-ser-bem-verdadeiros\/\"},\"wordCount\":701,\"publisher\":{\"@id\":\"https:\/\/www.notibras.com\/site\/#organization\"},\"image\":{\"@id\":\"https:\/\/www.notibras.com\/site\/acima-de-tudo-precisamos-ser-bem-verdadeiros\/#primaryimage\"},\"thumbnailUrl\":\"https:\/\/www.notibras.com\/site\/wp-content\/uploads\/2026\/04\/12e64092-bbdb-4daa-91f3-4dc2c1156e63.png\",\"articleSection\":[\"Leitura Vip\"],\"inLanguage\":\"pt-BR\"},{\"@type\":\"WebPage\",\"@id\":\"https:\/\/www.notibras.com\/site\/acima-de-tudo-precisamos-ser-bem-verdadeiros\/\",\"url\":\"https:\/\/www.notibras.com\/site\/acima-de-tudo-precisamos-ser-bem-verdadeiros\/\",\"name\":\"Acima de tudo, precisamos ser bem verdadeiros - Notibras\",\"isPartOf\":{\"@id\":\"https:\/\/www.notibras.com\/site\/#website\"},\"primaryImageOfPage\":{\"@id\":\"https:\/\/www.notibras.com\/site\/acima-de-tudo-precisamos-ser-bem-verdadeiros\/#primaryimage\"},\"image\":{\"@id\":\"https:\/\/www.notibras.com\/site\/acima-de-tudo-precisamos-ser-bem-verdadeiros\/#primaryimage\"},\"thumbnailUrl\":\"https:\/\/www.notibras.com\/site\/wp-content\/uploads\/2026\/04\/12e64092-bbdb-4daa-91f3-4dc2c1156e63.png\",\"datePublished\":\"2026-04-29T10:15:18+00:00\",\"dateModified\":\"2026-04-29T10:16:38+00:00\",\"breadcrumb\":{\"@id\":\"https:\/\/www.notibras.com\/site\/acima-de-tudo-precisamos-ser-bem-verdadeiros\/#breadcrumb\"},\"inLanguage\":\"pt-BR\",\"potentialAction\":[{\"@type\":\"ReadAction\",\"target\":[\"https:\/\/www.notibras.com\/site\/acima-de-tudo-precisamos-ser-bem-verdadeiros\/\"]}]},{\"@type\":\"ImageObject\",\"inLanguage\":\"pt-BR\",\"@id\":\"https:\/\/www.notibras.com\/site\/acima-de-tudo-precisamos-ser-bem-verdadeiros\/#primaryimage\",\"url\":\"https:\/\/www.notibras.com\/site\/wp-content\/uploads\/2026\/04\/12e64092-bbdb-4daa-91f3-4dc2c1156e63.png\",\"contentUrl\":\"https:\/\/www.notibras.com\/site\/wp-content\/uploads\/2026\/04\/12e64092-bbdb-4daa-91f3-4dc2c1156e63.png\",\"width\":1448,\"height\":1086},{\"@type\":\"BreadcrumbList\",\"@id\":\"https:\/\/www.notibras.com\/site\/acima-de-tudo-precisamos-ser-bem-verdadeiros\/#breadcrumb\",\"itemListElement\":[{\"@type\":\"ListItem\",\"position\":1,\"name\":\"In\u00edcio\",\"item\":\"https:\/\/www.notibras.com\/site\/\"},{\"@type\":\"ListItem\",\"position\":2,\"name\":\"Acima de tudo, precisamos ser bem verdadeiros\"}]},{\"@type\":\"WebSite\",\"@id\":\"https:\/\/www.notibras.com\/site\/#website\",\"url\":\"https:\/\/www.notibras.com\/site\/\",\"name\":\"Notibras\",\"description\":\"Not\u00edcias de Bras\u00edlia, do Brasil e do Mundo\",\"publisher\":{\"@id\":\"https:\/\/www.notibras.com\/site\/#organization\"},\"potentialAction\":[{\"@type\":\"SearchAction\",\"target\":{\"@type\":\"EntryPoint\",\"urlTemplate\":\"https:\/\/www.notibras.com\/site\/?s={search_term_string}\"},\"query-input\":{\"@type\":\"PropertyValueSpecification\",\"valueRequired\":true,\"valueName\":\"search_term_string\"}}],\"inLanguage\":\"pt-BR\"},{\"@type\":\"Organization\",\"@id\":\"https:\/\/www.notibras.com\/site\/#organization\",\"name\":\"Grupo Notibras de Comunica\u00e7\u00e3o\",\"url\":\"https:\/\/www.notibras.com\/site\/\",\"logo\":{\"@type\":\"ImageObject\",\"inLanguage\":\"pt-BR\",\"@id\":\"https:\/\/www.notibras.com\/site\/#\/schema\/logo\/image\/\",\"url\":\"https:\/\/www.notibras.com\/site\/wp-content\/uploads\/2023\/01\/notibras23.png\",\"contentUrl\":\"https:\/\/www.notibras.com\/site\/wp-content\/uploads\/2023\/01\/notibras23.png\",\"width\":350,\"height\":87,\"caption\":\"Grupo Notibras de Comunica\u00e7\u00e3o\"},\"image\":{\"@id\":\"https:\/\/www.notibras.com\/site\/#\/schema\/logo\/image\/\"},\"sameAs\":[\"https:\/\/www.facebook.com\/notibras\/\",\"https:\/\/x.com\/Notibras\",\"https:\/\/www.instagram.com\/notibras\/\"]},{\"@type\":\"Person\",\"@id\":\"https:\/\/www.notibras.com\/site\/#\/schema\/person\/36ab0979449956132d3e5b517ea76ac8\",\"name\":\"Reda\u00e7\u00e3o\",\"image\":{\"@type\":\"ImageObject\",\"inLanguage\":\"pt-BR\",\"@id\":\"https:\/\/secure.gravatar.com\/avatar\/e0a867bdedb85fd243eadf09663511f96fc81e0720a4a42581f334ad4303aa6b?s=96&d=mm&r=g\",\"url\":\"https:\/\/secure.gravatar.com\/avatar\/e0a867bdedb85fd243eadf09663511f96fc81e0720a4a42581f334ad4303aa6b?s=96&d=mm&r=g\",\"contentUrl\":\"https:\/\/secure.gravatar.com\/avatar\/e0a867bdedb85fd243eadf09663511f96fc81e0720a4a42581f334ad4303aa6b?s=96&d=mm&r=g\",\"caption\":\"Reda\u00e7\u00e3o\"}}]}<\/script>\n<!-- \/ Yoast SEO plugin. -->","yoast_head_json":{"title":"Acima de tudo, precisamos ser bem verdadeiros - Notibras","robots":{"index":"index","follow":"follow","max-snippet":"max-snippet:-1","max-image-preview":"max-image-preview:large","max-video-preview":"max-video-preview:-1"},"canonical":"https:\/\/www.notibras.com\/site\/acima-de-tudo-precisamos-ser-bem-verdadeiros\/","og_locale":"pt_BR","og_type":"article","og_title":"Acima de tudo, precisamos ser bem verdadeiros - Notibras","og_description":"Quando a gente percebe que a vida est\u00e1 por um fio, que a chuva passou, que a fonte secou e que tudo acaba, eis que surge a certeza da qual sempre fugimos: o tudo \u00e9 nada. Em um instante, tudo chega ao fim. \u00c9 o tempo acabando o tempo todo. Gra\u00e7as a ele, os momentos [&hellip;]","og_url":"https:\/\/www.notibras.com\/site\/acima-de-tudo-precisamos-ser-bem-verdadeiros\/","og_site_name":"Notibras","article_publisher":"https:\/\/www.facebook.com\/notibras\/","article_published_time":"2026-04-29T10:15:18+00:00","article_modified_time":"2026-04-29T10:16:38+00:00","og_image":[{"width":1448,"height":1086,"url":"https:\/\/www.notibras.com\/site\/wp-content\/uploads\/2026\/04\/12e64092-bbdb-4daa-91f3-4dc2c1156e63.png","type":"image\/png"}],"author":"Reda\u00e7\u00e3o","twitter_card":"summary_large_image","twitter_creator":"@Notibras","twitter_site":"@Notibras","twitter_misc":{"Escrito por":"Reda\u00e7\u00e3o","Est. tempo de leitura":"4 minutos"},"schema":{"@context":"https:\/\/schema.org","@graph":[{"@type":"Article","@id":"https:\/\/www.notibras.com\/site\/acima-de-tudo-precisamos-ser-bem-verdadeiros\/#article","isPartOf":{"@id":"https:\/\/www.notibras.com\/site\/acima-de-tudo-precisamos-ser-bem-verdadeiros\/"},"author":{"name":"Reda\u00e7\u00e3o","@id":"https:\/\/www.notibras.com\/site\/#\/schema\/person\/36ab0979449956132d3e5b517ea76ac8"},"headline":"Acima de tudo, precisamos ser bem verdadeiros","datePublished":"2026-04-29T10:15:18+00:00","dateModified":"2026-04-29T10:16:38+00:00","mainEntityOfPage":{"@id":"https:\/\/www.notibras.com\/site\/acima-de-tudo-precisamos-ser-bem-verdadeiros\/"},"wordCount":701,"publisher":{"@id":"https:\/\/www.notibras.com\/site\/#organization"},"image":{"@id":"https:\/\/www.notibras.com\/site\/acima-de-tudo-precisamos-ser-bem-verdadeiros\/#primaryimage"},"thumbnailUrl":"https:\/\/www.notibras.com\/site\/wp-content\/uploads\/2026\/04\/12e64092-bbdb-4daa-91f3-4dc2c1156e63.png","articleSection":["Leitura Vip"],"inLanguage":"pt-BR"},{"@type":"WebPage","@id":"https:\/\/www.notibras.com\/site\/acima-de-tudo-precisamos-ser-bem-verdadeiros\/","url":"https:\/\/www.notibras.com\/site\/acima-de-tudo-precisamos-ser-bem-verdadeiros\/","name":"Acima de tudo, precisamos ser bem verdadeiros - Notibras","isPartOf":{"@id":"https:\/\/www.notibras.com\/site\/#website"},"primaryImageOfPage":{"@id":"https:\/\/www.notibras.com\/site\/acima-de-tudo-precisamos-ser-bem-verdadeiros\/#primaryimage"},"image":{"@id":"https:\/\/www.notibras.com\/site\/acima-de-tudo-precisamos-ser-bem-verdadeiros\/#primaryimage"},"thumbnailUrl":"https:\/\/www.notibras.com\/site\/wp-content\/uploads\/2026\/04\/12e64092-bbdb-4daa-91f3-4dc2c1156e63.png","datePublished":"2026-04-29T10:15:18+00:00","dateModified":"2026-04-29T10:16:38+00:00","breadcrumb":{"@id":"https:\/\/www.notibras.com\/site\/acima-de-tudo-precisamos-ser-bem-verdadeiros\/#breadcrumb"},"inLanguage":"pt-BR","potentialAction":[{"@type":"ReadAction","target":["https:\/\/www.notibras.com\/site\/acima-de-tudo-precisamos-ser-bem-verdadeiros\/"]}]},{"@type":"ImageObject","inLanguage":"pt-BR","@id":"https:\/\/www.notibras.com\/site\/acima-de-tudo-precisamos-ser-bem-verdadeiros\/#primaryimage","url":"https:\/\/www.notibras.com\/site\/wp-content\/uploads\/2026\/04\/12e64092-bbdb-4daa-91f3-4dc2c1156e63.png","contentUrl":"https:\/\/www.notibras.com\/site\/wp-content\/uploads\/2026\/04\/12e64092-bbdb-4daa-91f3-4dc2c1156e63.png","width":1448,"height":1086},{"@type":"BreadcrumbList","@id":"https:\/\/www.notibras.com\/site\/acima-de-tudo-precisamos-ser-bem-verdadeiros\/#breadcrumb","itemListElement":[{"@type":"ListItem","position":1,"name":"In\u00edcio","item":"https:\/\/www.notibras.com\/site\/"},{"@type":"ListItem","position":2,"name":"Acima de tudo, precisamos ser bem verdadeiros"}]},{"@type":"WebSite","@id":"https:\/\/www.notibras.com\/site\/#website","url":"https:\/\/www.notibras.com\/site\/","name":"Notibras","description":"Not\u00edcias de Bras\u00edlia, do Brasil e do Mundo","publisher":{"@id":"https:\/\/www.notibras.com\/site\/#organization"},"potentialAction":[{"@type":"SearchAction","target":{"@type":"EntryPoint","urlTemplate":"https:\/\/www.notibras.com\/site\/?s={search_term_string}"},"query-input":{"@type":"PropertyValueSpecification","valueRequired":true,"valueName":"search_term_string"}}],"inLanguage":"pt-BR"},{"@type":"Organization","@id":"https:\/\/www.notibras.com\/site\/#organization","name":"Grupo Notibras de Comunica\u00e7\u00e3o","url":"https:\/\/www.notibras.com\/site\/","logo":{"@type":"ImageObject","inLanguage":"pt-BR","@id":"https:\/\/www.notibras.com\/site\/#\/schema\/logo\/image\/","url":"https:\/\/www.notibras.com\/site\/wp-content\/uploads\/2023\/01\/notibras23.png","contentUrl":"https:\/\/www.notibras.com\/site\/wp-content\/uploads\/2023\/01\/notibras23.png","width":350,"height":87,"caption":"Grupo Notibras de Comunica\u00e7\u00e3o"},"image":{"@id":"https:\/\/www.notibras.com\/site\/#\/schema\/logo\/image\/"},"sameAs":["https:\/\/www.facebook.com\/notibras\/","https:\/\/x.com\/Notibras","https:\/\/www.instagram.com\/notibras\/"]},{"@type":"Person","@id":"https:\/\/www.notibras.com\/site\/#\/schema\/person\/36ab0979449956132d3e5b517ea76ac8","name":"Reda\u00e7\u00e3o","image":{"@type":"ImageObject","inLanguage":"pt-BR","@id":"https:\/\/secure.gravatar.com\/avatar\/e0a867bdedb85fd243eadf09663511f96fc81e0720a4a42581f334ad4303aa6b?s=96&d=mm&r=g","url":"https:\/\/secure.gravatar.com\/avatar\/e0a867bdedb85fd243eadf09663511f96fc81e0720a4a42581f334ad4303aa6b?s=96&d=mm&r=g","contentUrl":"https:\/\/secure.gravatar.com\/avatar\/e0a867bdedb85fd243eadf09663511f96fc81e0720a4a42581f334ad4303aa6b?s=96&d=mm&r=g","caption":"Reda\u00e7\u00e3o"}}]}},"amp_enabled":true,"_links":{"self":[{"href":"https:\/\/www.notibras.com\/site\/wp-json\/wp\/v2\/posts\/392928","targetHints":{"allow":["GET"]}}],"collection":[{"href":"https:\/\/www.notibras.com\/site\/wp-json\/wp\/v2\/posts"}],"about":[{"href":"https:\/\/www.notibras.com\/site\/wp-json\/wp\/v2\/types\/post"}],"author":[{"embeddable":true,"href":"https:\/\/www.notibras.com\/site\/wp-json\/wp\/v2\/users\/2"}],"replies":[{"embeddable":true,"href":"https:\/\/www.notibras.com\/site\/wp-json\/wp\/v2\/comments?post=392928"}],"version-history":[{"count":3,"href":"https:\/\/www.notibras.com\/site\/wp-json\/wp\/v2\/posts\/392928\/revisions"}],"predecessor-version":[{"id":392932,"href":"https:\/\/www.notibras.com\/site\/wp-json\/wp\/v2\/posts\/392928\/revisions\/392932"}],"wp:featuredmedia":[{"embeddable":true,"href":"https:\/\/www.notibras.com\/site\/wp-json\/wp\/v2\/media\/392929"}],"wp:attachment":[{"href":"https:\/\/www.notibras.com\/site\/wp-json\/wp\/v2\/media?parent=392928"}],"wp:term":[{"taxonomy":"category","embeddable":true,"href":"https:\/\/www.notibras.com\/site\/wp-json\/wp\/v2\/categories?post=392928"},{"taxonomy":"post_tag","embeddable":true,"href":"https:\/\/www.notibras.com\/site\/wp-json\/wp\/v2\/tags?post=392928"}],"curies":[{"name":"wp","href":"https:\/\/api.w.org\/{rel}","templated":true}]}}