{"id":392934,"date":"2026-04-29T07:31:01","date_gmt":"2026-04-29T10:31:01","guid":{"rendered":"https:\/\/www.notibras.com\/site\/?p=392934"},"modified":"2026-04-29T07:33:40","modified_gmt":"2026-04-29T10:33:40","slug":"guerra-suja-entre-direita-e-esquerda-acaba-afogando-o-brasil-e-o-povo-na-lama","status":"publish","type":"post","link":"https:\/\/www.notibras.com\/site\/guerra-suja-entre-direita-e-esquerda-acaba-afogando-o-brasil-e-o-povo-na-lama\/","title":{"rendered":"Guerra suja entre direita e esquerda acaba afogando o Brasil (e o povo) na lama"},"content":{"rendered":"<p style=\"font-weight: 400;\">No Brasil onde, com exce\u00e7\u00e3o dos pol\u00edticos, quase tudo \u00e9 descart\u00e1vel, normalmente s\u00f3 \u00e9 bom o que \u00e9 ruim. Prova disso \u00e9 a manuten\u00e7\u00e3o de deputados e senadores no Congresso Nacional por nada e para coisa alguma. Parasitas e gastadores do dinheiro p\u00fablico, as chamadas excel\u00eancias costumam dar a vida para se manter no poder. Nesses tempos em que vale tudo por um mandato, a pol\u00edtica brasileira se transformou em uma guerra entre direita e esquerda, notadamente a de cima para baixo, isto \u00e9, a briga insana pela Presid\u00eancia da Rep\u00fablica.<\/p>\n<p style=\"font-weight: 400;\">\u00c9 a \u00e9poca em que vale at\u00e9 comer pastel na feira livre. Infelizmente, nessa batalha entre os pol\u00edticos e o pa\u00eds \u00e9 not\u00f3rio que o grande perdedor \u00e9 o Brasil. Na verdade, a na\u00e7\u00e3o perde sempre. Falida culturalmente, afundada no lama\u00e7al da corrup\u00e7\u00e3o e injustamente ignorada por aqueles que deveriam defend\u00ea-la, a p\u00e1tria amada se prepara para mais uma daquelas elei\u00e7\u00f5es em que o vencedor normalmente \u00e9 o que paga mais. Eis a raz\u00e3o pela qual n\u00e3o sa\u00edmos da lona.<\/p>\n<p style=\"font-weight: 400;\">Quando o pa\u00eds come\u00e7a a dar sinais de recupera\u00e7\u00e3o, surgem novos falsos her\u00f3is dispostos a misturar \u00e1gua com \u00f3leo. S\u00e3o os demagogos. Fantasiados de representantes de Deus, eles se encapam de santos, se juntam aos intolerantes, crucificam os que est\u00e3o tentando tirar a na\u00e7\u00e3o do abismo e, como moscas de padaria, se aglomeram sobre o amontoado de bosta deixado por seus antecessores igualmente indignos da grandeza da maioria do povo brasileiro.<\/p>\n<p style=\"font-weight: 400;\">Pleonasmo, redund\u00e2ncia, ironia ou insist\u00eancia besta, mas debater sobre demagogos e populistas e quem realmente pensa como estadista no Brasil \u00e9 tarefa das mais f\u00e1ceis. Basta lembrar de Winston Churchill e concluir que os primeiros decidem pensando exclusivamente nas pr\u00f3ximas elei\u00e7\u00f5es, enquanto o segundo trabalha pensando nas pr\u00f3ximas gera\u00e7\u00f5es. Por isso, n\u00e3o arredo p\u00e9 da escolha que fiz quando prometi aos c\u00e9us e \u00e0s estrelas que jamais votaria em algu\u00e9m que mata pelo poder, mas se finge de morto quando se torna alvo ao passar de dominador a dominado.<\/p>\n<p style=\"font-weight: 400;\">Estamos rodeados de figuras desse tipo. Lamentavelmente, boa parte do eleitorado finge que esqueceu o que os derrotados em 2022 fizeram (e fazem) contra a democracia. E fazem porque o que os move n\u00e3o \u00e9 a raz\u00e3o, mas o \u00f3dio e a inveja de quem os venceu. N\u00e3o temo nenhuma das candidaturas j\u00e1 postas, mas me preocupa a for\u00e7a que move determinados candidatos nessa luta contra a liberdade do povo. Ainda bem que, nos sistemas democr\u00e1ticos, ningu\u00e9m vence elei\u00e7\u00f5es antes da contagem final de votos. No dia 4 de outubro, que ven\u00e7a o melhor.<\/p>\n<p style=\"font-weight: 400;\">\u00c9 assim que pensam os democratas. \u00c9 assim que penso. At\u00e9 l\u00e1, tor\u00e7o para que nenhum eleitor termine em segundo plano ap\u00f3s o resultado de um eventual segundo turno. Considerando que n\u00e3o existem pol\u00edticos corruptos sem a ajuda de eleitores fanaticamente iludidos, me sinto na obriga\u00e7\u00e3o de lembrar que o pre\u00e7o da ignor\u00e2ncia e do fanatismo pol\u00edtico \u00e9 a corrup\u00e7\u00e3o, a fome, a mis\u00e9ria, o desemprego, as injusti\u00e7as e o consequente abismo social. Fazendo minhas as palavras de um pensador, lembro tamb\u00e9m que todos n\u00f3s somos pol\u00edticos, mas nem todos somos corruptos. \u00c9 isso que nos torna diferentes deles.<\/p>\n<p style=\"font-weight: 400;\">&#8230;&#8230;&#8230;<\/p>\n<p style=\"font-weight: 400;\"><strong>Mathuzal\u00e9m J\u00fanior \u00e9 jornalista profissional desde 1978<\/strong><\/p>\n","protected":false},"excerpt":{"rendered":"<p>No Brasil onde, com exce\u00e7\u00e3o dos pol\u00edticos, quase tudo \u00e9 descart\u00e1vel, normalmente s\u00f3 \u00e9 bom o que \u00e9 ruim. Prova disso \u00e9 a manuten\u00e7\u00e3o de deputados e senadores no Congresso Nacional por nada e para coisa alguma. Parasitas e gastadores do dinheiro p\u00fablico, as chamadas excel\u00eancias costumam dar a vida para se manter no poder. [&hellip;]<\/p>\n","protected":false},"author":2,"featured_media":392935,"comment_status":"closed","ping_status":"closed","sticky":false,"template":"","format":"standard","meta":{"_acf_changed":false,"footnotes":""},"categories":[16],"tags":[],"class_list":["post-392934","post","type-post","status-publish","format-standard","has-post-thumbnail","hentry","category-brasil"],"acf":[],"yoast_head":"<!-- This site is optimized with the Yoast SEO plugin v27.2 - https:\/\/yoast.com\/product\/yoast-seo-wordpress\/ -->\n<title>Guerra suja entre direita e esquerda acaba afogando o Brasil (e o povo) na lama - Notibras<\/title>\n<meta name=\"robots\" content=\"index, follow, max-snippet:-1, max-image-preview:large, max-video-preview:-1\" \/>\n<link rel=\"canonical\" href=\"https:\/\/www.notibras.com\/site\/guerra-suja-entre-direita-e-esquerda-acaba-afogando-o-brasil-e-o-povo-na-lama\/\" \/>\n<meta property=\"og:locale\" content=\"pt_BR\" \/>\n<meta property=\"og:type\" content=\"article\" \/>\n<meta property=\"og:title\" content=\"Guerra suja entre direita e esquerda acaba afogando o Brasil (e o povo) na lama - Notibras\" \/>\n<meta property=\"og:description\" content=\"No Brasil onde, com exce\u00e7\u00e3o dos pol\u00edticos, quase tudo \u00e9 descart\u00e1vel, normalmente s\u00f3 \u00e9 bom o que \u00e9 ruim. Prova disso \u00e9 a manuten\u00e7\u00e3o de deputados e senadores no Congresso Nacional por nada e para coisa alguma. Parasitas e gastadores do dinheiro p\u00fablico, as chamadas excel\u00eancias costumam dar a vida para se manter no poder. [&hellip;]\" \/>\n<meta property=\"og:url\" content=\"https:\/\/www.notibras.com\/site\/guerra-suja-entre-direita-e-esquerda-acaba-afogando-o-brasil-e-o-povo-na-lama\/\" \/>\n<meta property=\"og:site_name\" content=\"Notibras\" \/>\n<meta property=\"article:publisher\" content=\"https:\/\/www.facebook.com\/notibras\/\" \/>\n<meta property=\"article:published_time\" content=\"2026-04-29T10:31:01+00:00\" \/>\n<meta property=\"article:modified_time\" content=\"2026-04-29T10:33:40+00:00\" \/>\n<meta property=\"og:image\" content=\"https:\/\/www.notibras.com\/site\/wp-content\/uploads\/2026\/04\/f253c215-0139-410f-98fd-e99cc59f1f67-1024x683.png\" \/>\n\t<meta property=\"og:image:width\" content=\"1024\" \/>\n\t<meta property=\"og:image:height\" content=\"683\" \/>\n\t<meta property=\"og:image:type\" content=\"image\/png\" \/>\n<meta name=\"author\" content=\"Reda\u00e7\u00e3o\" \/>\n<meta name=\"twitter:card\" content=\"summary_large_image\" \/>\n<meta name=\"twitter:creator\" content=\"@Notibras\" \/>\n<meta name=\"twitter:site\" content=\"@Notibras\" \/>\n<meta name=\"twitter:label1\" content=\"Escrito por\" \/>\n\t<meta name=\"twitter:data1\" content=\"Reda\u00e7\u00e3o\" \/>\n\t<meta name=\"twitter:label2\" content=\"Est. tempo de leitura\" \/>\n\t<meta name=\"twitter:data2\" content=\"4 minutos\" \/>\n<script type=\"application\/ld+json\" class=\"yoast-schema-graph\">{\"@context\":\"https:\/\/schema.org\",\"@graph\":[{\"@type\":\"Article\",\"@id\":\"https:\/\/www.notibras.com\/site\/guerra-suja-entre-direita-e-esquerda-acaba-afogando-o-brasil-e-o-povo-na-lama\/#article\",\"isPartOf\":{\"@id\":\"https:\/\/www.notibras.com\/site\/guerra-suja-entre-direita-e-esquerda-acaba-afogando-o-brasil-e-o-povo-na-lama\/\"},\"author\":{\"name\":\"Reda\u00e7\u00e3o\",\"@id\":\"https:\/\/www.notibras.com\/site\/#\/schema\/person\/36ab0979449956132d3e5b517ea76ac8\"},\"headline\":\"Guerra suja entre direita e esquerda acaba afogando o Brasil (e o povo) na lama\",\"datePublished\":\"2026-04-29T10:31:01+00:00\",\"dateModified\":\"2026-04-29T10:33:40+00:00\",\"mainEntityOfPage\":{\"@id\":\"https:\/\/www.notibras.com\/site\/guerra-suja-entre-direita-e-esquerda-acaba-afogando-o-brasil-e-o-povo-na-lama\/\"},\"wordCount\":589,\"publisher\":{\"@id\":\"https:\/\/www.notibras.com\/site\/#organization\"},\"image\":{\"@id\":\"https:\/\/www.notibras.com\/site\/guerra-suja-entre-direita-e-esquerda-acaba-afogando-o-brasil-e-o-povo-na-lama\/#primaryimage\"},\"thumbnailUrl\":\"https:\/\/www.notibras.com\/site\/wp-content\/uploads\/2026\/04\/f253c215-0139-410f-98fd-e99cc59f1f67.png\",\"articleSection\":[\"Brasil\"],\"inLanguage\":\"pt-BR\"},{\"@type\":\"WebPage\",\"@id\":\"https:\/\/www.notibras.com\/site\/guerra-suja-entre-direita-e-esquerda-acaba-afogando-o-brasil-e-o-povo-na-lama\/\",\"url\":\"https:\/\/www.notibras.com\/site\/guerra-suja-entre-direita-e-esquerda-acaba-afogando-o-brasil-e-o-povo-na-lama\/\",\"name\":\"Guerra suja entre direita e esquerda acaba afogando o Brasil (e o povo) na lama - Notibras\",\"isPartOf\":{\"@id\":\"https:\/\/www.notibras.com\/site\/#website\"},\"primaryImageOfPage\":{\"@id\":\"https:\/\/www.notibras.com\/site\/guerra-suja-entre-direita-e-esquerda-acaba-afogando-o-brasil-e-o-povo-na-lama\/#primaryimage\"},\"image\":{\"@id\":\"https:\/\/www.notibras.com\/site\/guerra-suja-entre-direita-e-esquerda-acaba-afogando-o-brasil-e-o-povo-na-lama\/#primaryimage\"},\"thumbnailUrl\":\"https:\/\/www.notibras.com\/site\/wp-content\/uploads\/2026\/04\/f253c215-0139-410f-98fd-e99cc59f1f67.png\",\"datePublished\":\"2026-04-29T10:31:01+00:00\",\"dateModified\":\"2026-04-29T10:33:40+00:00\",\"breadcrumb\":{\"@id\":\"https:\/\/www.notibras.com\/site\/guerra-suja-entre-direita-e-esquerda-acaba-afogando-o-brasil-e-o-povo-na-lama\/#breadcrumb\"},\"inLanguage\":\"pt-BR\",\"potentialAction\":[{\"@type\":\"ReadAction\",\"target\":[\"https:\/\/www.notibras.com\/site\/guerra-suja-entre-direita-e-esquerda-acaba-afogando-o-brasil-e-o-povo-na-lama\/\"]}]},{\"@type\":\"ImageObject\",\"inLanguage\":\"pt-BR\",\"@id\":\"https:\/\/www.notibras.com\/site\/guerra-suja-entre-direita-e-esquerda-acaba-afogando-o-brasil-e-o-povo-na-lama\/#primaryimage\",\"url\":\"https:\/\/www.notibras.com\/site\/wp-content\/uploads\/2026\/04\/f253c215-0139-410f-98fd-e99cc59f1f67.png\",\"contentUrl\":\"https:\/\/www.notibras.com\/site\/wp-content\/uploads\/2026\/04\/f253c215-0139-410f-98fd-e99cc59f1f67.png\",\"width\":1536,\"height\":1024},{\"@type\":\"BreadcrumbList\",\"@id\":\"https:\/\/www.notibras.com\/site\/guerra-suja-entre-direita-e-esquerda-acaba-afogando-o-brasil-e-o-povo-na-lama\/#breadcrumb\",\"itemListElement\":[{\"@type\":\"ListItem\",\"position\":1,\"name\":\"In\u00edcio\",\"item\":\"https:\/\/www.notibras.com\/site\/\"},{\"@type\":\"ListItem\",\"position\":2,\"name\":\"Guerra suja entre direita e esquerda acaba afogando o Brasil (e o povo) na lama\"}]},{\"@type\":\"WebSite\",\"@id\":\"https:\/\/www.notibras.com\/site\/#website\",\"url\":\"https:\/\/www.notibras.com\/site\/\",\"name\":\"Notibras\",\"description\":\"Not\u00edcias de Bras\u00edlia, do Brasil e do Mundo\",\"publisher\":{\"@id\":\"https:\/\/www.notibras.com\/site\/#organization\"},\"potentialAction\":[{\"@type\":\"SearchAction\",\"target\":{\"@type\":\"EntryPoint\",\"urlTemplate\":\"https:\/\/www.notibras.com\/site\/?s={search_term_string}\"},\"query-input\":{\"@type\":\"PropertyValueSpecification\",\"valueRequired\":true,\"valueName\":\"search_term_string\"}}],\"inLanguage\":\"pt-BR\"},{\"@type\":\"Organization\",\"@id\":\"https:\/\/www.notibras.com\/site\/#organization\",\"name\":\"Grupo Notibras de Comunica\u00e7\u00e3o\",\"url\":\"https:\/\/www.notibras.com\/site\/\",\"logo\":{\"@type\":\"ImageObject\",\"inLanguage\":\"pt-BR\",\"@id\":\"https:\/\/www.notibras.com\/site\/#\/schema\/logo\/image\/\",\"url\":\"https:\/\/www.notibras.com\/site\/wp-content\/uploads\/2023\/01\/notibras23.png\",\"contentUrl\":\"https:\/\/www.notibras.com\/site\/wp-content\/uploads\/2023\/01\/notibras23.png\",\"width\":350,\"height\":87,\"caption\":\"Grupo Notibras de Comunica\u00e7\u00e3o\"},\"image\":{\"@id\":\"https:\/\/www.notibras.com\/site\/#\/schema\/logo\/image\/\"},\"sameAs\":[\"https:\/\/www.facebook.com\/notibras\/\",\"https:\/\/x.com\/Notibras\",\"https:\/\/www.instagram.com\/notibras\/\"]},{\"@type\":\"Person\",\"@id\":\"https:\/\/www.notibras.com\/site\/#\/schema\/person\/36ab0979449956132d3e5b517ea76ac8\",\"name\":\"Reda\u00e7\u00e3o\",\"image\":{\"@type\":\"ImageObject\",\"inLanguage\":\"pt-BR\",\"@id\":\"https:\/\/secure.gravatar.com\/avatar\/e0a867bdedb85fd243eadf09663511f96fc81e0720a4a42581f334ad4303aa6b?s=96&d=mm&r=g\",\"url\":\"https:\/\/secure.gravatar.com\/avatar\/e0a867bdedb85fd243eadf09663511f96fc81e0720a4a42581f334ad4303aa6b?s=96&d=mm&r=g\",\"contentUrl\":\"https:\/\/secure.gravatar.com\/avatar\/e0a867bdedb85fd243eadf09663511f96fc81e0720a4a42581f334ad4303aa6b?s=96&d=mm&r=g\",\"caption\":\"Reda\u00e7\u00e3o\"}}]}<\/script>\n<!-- \/ Yoast SEO plugin. -->","yoast_head_json":{"title":"Guerra suja entre direita e esquerda acaba afogando o Brasil (e o povo) na lama - Notibras","robots":{"index":"index","follow":"follow","max-snippet":"max-snippet:-1","max-image-preview":"max-image-preview:large","max-video-preview":"max-video-preview:-1"},"canonical":"https:\/\/www.notibras.com\/site\/guerra-suja-entre-direita-e-esquerda-acaba-afogando-o-brasil-e-o-povo-na-lama\/","og_locale":"pt_BR","og_type":"article","og_title":"Guerra suja entre direita e esquerda acaba afogando o Brasil (e o povo) na lama - Notibras","og_description":"No Brasil onde, com exce\u00e7\u00e3o dos pol\u00edticos, quase tudo \u00e9 descart\u00e1vel, normalmente s\u00f3 \u00e9 bom o que \u00e9 ruim. Prova disso \u00e9 a manuten\u00e7\u00e3o de deputados e senadores no Congresso Nacional por nada e para coisa alguma. Parasitas e gastadores do dinheiro p\u00fablico, as chamadas excel\u00eancias costumam dar a vida para se manter no poder. [&hellip;]","og_url":"https:\/\/www.notibras.com\/site\/guerra-suja-entre-direita-e-esquerda-acaba-afogando-o-brasil-e-o-povo-na-lama\/","og_site_name":"Notibras","article_publisher":"https:\/\/www.facebook.com\/notibras\/","article_published_time":"2026-04-29T10:31:01+00:00","article_modified_time":"2026-04-29T10:33:40+00:00","og_image":[{"width":1024,"height":683,"url":"https:\/\/www.notibras.com\/site\/wp-content\/uploads\/2026\/04\/f253c215-0139-410f-98fd-e99cc59f1f67-1024x683.png","type":"image\/png"}],"author":"Reda\u00e7\u00e3o","twitter_card":"summary_large_image","twitter_creator":"@Notibras","twitter_site":"@Notibras","twitter_misc":{"Escrito por":"Reda\u00e7\u00e3o","Est. tempo de leitura":"4 minutos"},"schema":{"@context":"https:\/\/schema.org","@graph":[{"@type":"Article","@id":"https:\/\/www.notibras.com\/site\/guerra-suja-entre-direita-e-esquerda-acaba-afogando-o-brasil-e-o-povo-na-lama\/#article","isPartOf":{"@id":"https:\/\/www.notibras.com\/site\/guerra-suja-entre-direita-e-esquerda-acaba-afogando-o-brasil-e-o-povo-na-lama\/"},"author":{"name":"Reda\u00e7\u00e3o","@id":"https:\/\/www.notibras.com\/site\/#\/schema\/person\/36ab0979449956132d3e5b517ea76ac8"},"headline":"Guerra suja entre direita e esquerda acaba afogando o Brasil (e o povo) na lama","datePublished":"2026-04-29T10:31:01+00:00","dateModified":"2026-04-29T10:33:40+00:00","mainEntityOfPage":{"@id":"https:\/\/www.notibras.com\/site\/guerra-suja-entre-direita-e-esquerda-acaba-afogando-o-brasil-e-o-povo-na-lama\/"},"wordCount":589,"publisher":{"@id":"https:\/\/www.notibras.com\/site\/#organization"},"image":{"@id":"https:\/\/www.notibras.com\/site\/guerra-suja-entre-direita-e-esquerda-acaba-afogando-o-brasil-e-o-povo-na-lama\/#primaryimage"},"thumbnailUrl":"https:\/\/www.notibras.com\/site\/wp-content\/uploads\/2026\/04\/f253c215-0139-410f-98fd-e99cc59f1f67.png","articleSection":["Brasil"],"inLanguage":"pt-BR"},{"@type":"WebPage","@id":"https:\/\/www.notibras.com\/site\/guerra-suja-entre-direita-e-esquerda-acaba-afogando-o-brasil-e-o-povo-na-lama\/","url":"https:\/\/www.notibras.com\/site\/guerra-suja-entre-direita-e-esquerda-acaba-afogando-o-brasil-e-o-povo-na-lama\/","name":"Guerra suja entre direita e esquerda acaba afogando o Brasil (e o povo) na lama - Notibras","isPartOf":{"@id":"https:\/\/www.notibras.com\/site\/#website"},"primaryImageOfPage":{"@id":"https:\/\/www.notibras.com\/site\/guerra-suja-entre-direita-e-esquerda-acaba-afogando-o-brasil-e-o-povo-na-lama\/#primaryimage"},"image":{"@id":"https:\/\/www.notibras.com\/site\/guerra-suja-entre-direita-e-esquerda-acaba-afogando-o-brasil-e-o-povo-na-lama\/#primaryimage"},"thumbnailUrl":"https:\/\/www.notibras.com\/site\/wp-content\/uploads\/2026\/04\/f253c215-0139-410f-98fd-e99cc59f1f67.png","datePublished":"2026-04-29T10:31:01+00:00","dateModified":"2026-04-29T10:33:40+00:00","breadcrumb":{"@id":"https:\/\/www.notibras.com\/site\/guerra-suja-entre-direita-e-esquerda-acaba-afogando-o-brasil-e-o-povo-na-lama\/#breadcrumb"},"inLanguage":"pt-BR","potentialAction":[{"@type":"ReadAction","target":["https:\/\/www.notibras.com\/site\/guerra-suja-entre-direita-e-esquerda-acaba-afogando-o-brasil-e-o-povo-na-lama\/"]}]},{"@type":"ImageObject","inLanguage":"pt-BR","@id":"https:\/\/www.notibras.com\/site\/guerra-suja-entre-direita-e-esquerda-acaba-afogando-o-brasil-e-o-povo-na-lama\/#primaryimage","url":"https:\/\/www.notibras.com\/site\/wp-content\/uploads\/2026\/04\/f253c215-0139-410f-98fd-e99cc59f1f67.png","contentUrl":"https:\/\/www.notibras.com\/site\/wp-content\/uploads\/2026\/04\/f253c215-0139-410f-98fd-e99cc59f1f67.png","width":1536,"height":1024},{"@type":"BreadcrumbList","@id":"https:\/\/www.notibras.com\/site\/guerra-suja-entre-direita-e-esquerda-acaba-afogando-o-brasil-e-o-povo-na-lama\/#breadcrumb","itemListElement":[{"@type":"ListItem","position":1,"name":"In\u00edcio","item":"https:\/\/www.notibras.com\/site\/"},{"@type":"ListItem","position":2,"name":"Guerra suja entre direita e esquerda acaba afogando o Brasil (e o povo) na lama"}]},{"@type":"WebSite","@id":"https:\/\/www.notibras.com\/site\/#website","url":"https:\/\/www.notibras.com\/site\/","name":"Notibras","description":"Not\u00edcias de Bras\u00edlia, do Brasil e do Mundo","publisher":{"@id":"https:\/\/www.notibras.com\/site\/#organization"},"potentialAction":[{"@type":"SearchAction","target":{"@type":"EntryPoint","urlTemplate":"https:\/\/www.notibras.com\/site\/?s={search_term_string}"},"query-input":{"@type":"PropertyValueSpecification","valueRequired":true,"valueName":"search_term_string"}}],"inLanguage":"pt-BR"},{"@type":"Organization","@id":"https:\/\/www.notibras.com\/site\/#organization","name":"Grupo Notibras de Comunica\u00e7\u00e3o","url":"https:\/\/www.notibras.com\/site\/","logo":{"@type":"ImageObject","inLanguage":"pt-BR","@id":"https:\/\/www.notibras.com\/site\/#\/schema\/logo\/image\/","url":"https:\/\/www.notibras.com\/site\/wp-content\/uploads\/2023\/01\/notibras23.png","contentUrl":"https:\/\/www.notibras.com\/site\/wp-content\/uploads\/2023\/01\/notibras23.png","width":350,"height":87,"caption":"Grupo Notibras de Comunica\u00e7\u00e3o"},"image":{"@id":"https:\/\/www.notibras.com\/site\/#\/schema\/logo\/image\/"},"sameAs":["https:\/\/www.facebook.com\/notibras\/","https:\/\/x.com\/Notibras","https:\/\/www.instagram.com\/notibras\/"]},{"@type":"Person","@id":"https:\/\/www.notibras.com\/site\/#\/schema\/person\/36ab0979449956132d3e5b517ea76ac8","name":"Reda\u00e7\u00e3o","image":{"@type":"ImageObject","inLanguage":"pt-BR","@id":"https:\/\/secure.gravatar.com\/avatar\/e0a867bdedb85fd243eadf09663511f96fc81e0720a4a42581f334ad4303aa6b?s=96&d=mm&r=g","url":"https:\/\/secure.gravatar.com\/avatar\/e0a867bdedb85fd243eadf09663511f96fc81e0720a4a42581f334ad4303aa6b?s=96&d=mm&r=g","contentUrl":"https:\/\/secure.gravatar.com\/avatar\/e0a867bdedb85fd243eadf09663511f96fc81e0720a4a42581f334ad4303aa6b?s=96&d=mm&r=g","caption":"Reda\u00e7\u00e3o"}}]}},"amp_enabled":true,"_links":{"self":[{"href":"https:\/\/www.notibras.com\/site\/wp-json\/wp\/v2\/posts\/392934","targetHints":{"allow":["GET"]}}],"collection":[{"href":"https:\/\/www.notibras.com\/site\/wp-json\/wp\/v2\/posts"}],"about":[{"href":"https:\/\/www.notibras.com\/site\/wp-json\/wp\/v2\/types\/post"}],"author":[{"embeddable":true,"href":"https:\/\/www.notibras.com\/site\/wp-json\/wp\/v2\/users\/2"}],"replies":[{"embeddable":true,"href":"https:\/\/www.notibras.com\/site\/wp-json\/wp\/v2\/comments?post=392934"}],"version-history":[{"count":3,"href":"https:\/\/www.notibras.com\/site\/wp-json\/wp\/v2\/posts\/392934\/revisions"}],"predecessor-version":[{"id":392938,"href":"https:\/\/www.notibras.com\/site\/wp-json\/wp\/v2\/posts\/392934\/revisions\/392938"}],"wp:featuredmedia":[{"embeddable":true,"href":"https:\/\/www.notibras.com\/site\/wp-json\/wp\/v2\/media\/392935"}],"wp:attachment":[{"href":"https:\/\/www.notibras.com\/site\/wp-json\/wp\/v2\/media?parent=392934"}],"wp:term":[{"taxonomy":"category","embeddable":true,"href":"https:\/\/www.notibras.com\/site\/wp-json\/wp\/v2\/categories?post=392934"},{"taxonomy":"post_tag","embeddable":true,"href":"https:\/\/www.notibras.com\/site\/wp-json\/wp\/v2\/tags?post=392934"}],"curies":[{"name":"wp","href":"https:\/\/api.w.org\/{rel}","templated":true}]}}