{"id":392939,"date":"2026-04-29T06:47:55","date_gmt":"2026-04-29T09:47:55","guid":{"rendered":"https:\/\/www.notibras.com\/site\/?p=392939"},"modified":"2026-04-29T07:49:42","modified_gmt":"2026-04-29T10:49:42","slug":"brasil-reduziu-perdas-florestais-em-42-no-ano-passado","status":"publish","type":"post","link":"https:\/\/www.notibras.com\/site\/brasil-reduziu-perdas-florestais-em-42-no-ano-passado\/","title":{"rendered":"Brasil reduziu perdas florestais em 42% no ano passado"},"content":{"rendered":"<p>O Brasil perdeu 1,6 milh\u00e3o de hectares de cobertura arb\u00f3rea em floresta tropical \u00famida em 2025, aponta balan\u00e7o do Global Forest Watch, divulgado nesta quarta-feira (29) pela organiza\u00e7\u00e3o ambiental sem fins lucrativos World Resources Institute (WRI).<\/p>\n<p>O n\u00famero representa uma redu\u00e7\u00e3o de 42% das perdas em rela\u00e7\u00e3o ao ano de 2024, sendo observado maior impacto nas derrubadas sem o uso do fogo. As perdas n\u00e3o relacionadas a inc\u00eandios resultam de desmatamento, corte raso e morte natural, entre outros fatores.<\/p>\n<p>\u201cO Brasil diminuiu as perdas n\u00e3o relacionadas a inc\u00eandios em 41%, comparadas a 2024, e atingiu o n\u00edvel mais baixo desde que come\u00e7ou a ser registrado [em 2001]\u201d, afirma a codiretora do Global Forest Watch Elizabeth Goldman.<\/p>\n<p>Entre os estados que mais observaram diminui\u00e7\u00e3o das perdas est\u00e3o o Amazonas, Mato Grosso, Mato Grosso do Sul, Acre e Roraima, que juntos representam mais de 40% da redu\u00e7\u00e3o. O Maranh\u00e3o foi o \u00fanico estado em que foi registrado crescimento da perda da cobertura arb\u00f3rea.<\/p>\n<p>Os dados, produzidos anualmente pelo Laborat\u00f3rio de An\u00e1lise e Descoberta de Terras Globais (Glad), da Universidade de Maryland, s\u00e3o relativos \u00e0 vegeta\u00e7\u00e3o prim\u00e1ria, ou seja, \u00e1reas naturais maduras com vegeta\u00e7\u00e3o original.<\/p>\n<p>De acordo com os pesquisadores do WRI, o modelo adotado n\u00e3o mede apenas o desmatamento, como ocorre no sistema de monitoramento oficial brasileiro, o Projeto de Monitoramento do Desmatamento da Floresta Amaz\u00f4nica Brasileira por Sat\u00e9lite (Prodes). O sistema do Global Forest Watch tamb\u00e9m s\u00e3o considera outros dist\u00farbios como corte seletivo e mortes naturais.<\/p>\n<p>Alinhamento<br \/>\nPara Elizabeth Goldman, apesar dos m\u00e9todos diferentes, a redu\u00e7\u00e3o apontada no estudo est\u00e1 alinhada ao decl\u00ednio no desmatamento dos principais biomas, apontado pelo Prodes para o per\u00edodo entre de 1\u00ba de agosto de 2024 a 31 de julho de 2025.<\/p>\n<p>\u201cAl\u00e9m das florestas tropicais prim\u00e1rias, pensando em toda a perda arb\u00f3rea, a maioria dos biomas viram uma redu\u00e7\u00e3o, inclusive a Caatinga, que \u00e9 uma regi\u00e3o de florestas secas no Nordeste do Brasil\u201d, destaca a pesquisadora.<\/p>\n<p>Na avalia\u00e7\u00e3o da diretora executiva da WRI Brasil, Mirela Sandrini, os resultados alcan\u00e7ados pelo Brasil foram viabilizados por uma for\u00e7a-tarefa orquestrada pelo governo, com a participa\u00e7\u00e3o da sociedade civil, academia, de comunidades locais e do setor privado.<\/p>\n<p>Iniciativas como a intensifica\u00e7\u00e3o da produ\u00e7\u00e3o em \u00e1reas j\u00e1 desmatadas, a cria\u00e7\u00e3o do Fundo Florestas Tropicais para Sempre (TFFF, na sigla em ingl\u00eas), a\u00e7\u00f5es para remunera\u00e7\u00e3o por servi\u00e7os ambientais e incentivos fiscais a quem preserva est\u00e3o alinhados \u00e0 expectativa global para a pr\u00f3xima d\u00e9cada, avalia Mirela.<\/p>\n<p>\u201cConsiderando que o Brasil est\u00e1 no centro das solu\u00e7\u00f5es de grande escala para alimentos, energia e seguran\u00e7a clim\u00e1tica, isso \u00e9 muito importante\u201d, destaca.<\/p>\n<p><strong>Dados globais<\/strong><br \/>\nPara os pesquisadores, o resultado observado no Brasil impactou positivamente os dados globais, que apontam uma perda de 4,3 milh\u00f5es de hectares de cobertura arb\u00f3rea em floresta tropical \u00famida em todo o mundo, no ano de 2025.<\/p>\n<p>O n\u00famero representa uma diminui\u00e7\u00e3o de 35% em rela\u00e7\u00e3o a 2024, quando o decl\u00ednio da vegeta\u00e7\u00e3o atingiu o recorde de 6,7 milh\u00f5es de hectares perdidos.<\/p>\n<p>As perdas de cobertura verde n\u00e3o relacionadas a inc\u00eandios foram as mais baixas nos \u00faltimos dez anos, com queda de 23%, em rela\u00e7\u00e3o a 2024. Por outro lado, a perda relacionada a inc\u00eandios permanece entre as mais altas da s\u00e9rie hist\u00f3rica, sendo a terceira maior desde 2001.<\/p>\n<p>De acordo com Elizabeth Goldman, os n\u00fameros relativos aos inc\u00eandios de 2025 ainda passar\u00e3o por revis\u00e3o, uma vez que podem representar registros tardios de 2024. \u201cA fuma\u00e7a dos inc\u00eandios ativos pode bloquear os sensores dos sat\u00e9lites e atrasar o reconhecimento desses eventos\u201d, explica.<\/p>\n<p><strong>Participa\u00e7\u00e3o<\/strong><br \/>\nA perda de cobertura arb\u00f3rea no Brasil representou mais de 37% do total global para o ano, sendo em extens\u00e3o o pa\u00eds que mais perdeu, seguido da Bol\u00edvia, com perdas de 620 mil hectares, e Rep\u00fablica Democr\u00e1tica do Congo, com quase 600 mil hectares. Quando a an\u00e1lise \u00e9 proporcional ao tamanho da floresta, Bol\u00edvia e Madagascar tiveram as maiores perdas.<\/p>\n<p>\u201cA expans\u00e3o agr\u00edcola foi a principal causa da perda de cobertura arb\u00f3rea nos tr\u00f3picos, devido \u00e0 produ\u00e7\u00e3o de commodities e mudan\u00e7a nos cultivos para subsist\u00eancia dos mercados locais\u201d, acrescenta a codiretora do WRI.<\/p>\n<p><strong>Inc\u00eandios<\/strong><br \/>\nGlobalmente, os inc\u00eandios foram os grandes causadores da perda arb\u00f3rea em 2025. Nos \u00faltimos tr\u00eas anos, os inc\u00eandios causaram duas vezes mais perda de florestas, do que duas d\u00e9cadas atr\u00e1s.<\/p>\n<p>Elizabeth Goldman avalia a queda da perda florestal nos tr\u00f3picos em 2025 como positiva. Mas, para ela, o resultado \u00e9 insuficiente para manter o compromisso firmado por 140 pa\u00edses de atenuar e reverter a perda florestal at\u00e9 2030. De acordo com a gestora, os dados atuais ainda posicionam o mundo 70% acima do necess\u00e1rio.<\/p>\n<p>\u201cAlcan\u00e7ar essa meta nos pr\u00f3ximos anos n\u00e3o ser\u00e1 f\u00e1cil porque as florestas est\u00e3o mais vulner\u00e1veis \u00e0s mudan\u00e7as clim\u00e1ticas, e a humanidade continua crescendo e aumentando a sua demanda por combust\u00edveis e alimentos\u201d, conclui Elizabeth Goldman.<\/p>\n","protected":false},"excerpt":{"rendered":"<p>O Brasil perdeu 1,6 milh\u00e3o de hectares de cobertura arb\u00f3rea em floresta tropical \u00famida em 2025, aponta balan\u00e7o do Global Forest Watch, divulgado nesta quarta-feira (29) pela organiza\u00e7\u00e3o ambiental sem fins lucrativos World Resources Institute (WRI). O n\u00famero representa uma redu\u00e7\u00e3o de 42% das perdas em rela\u00e7\u00e3o ao ano de 2024, sendo observado maior impacto [&hellip;]<\/p>\n","protected":false},"author":2,"featured_media":392940,"comment_status":"closed","ping_status":"closed","sticky":false,"template":"","format":"standard","meta":{"_acf_changed":false,"footnotes":""},"categories":[16],"tags":[],"class_list":["post-392939","post","type-post","status-publish","format-standard","has-post-thumbnail","hentry","category-brasil"],"acf":[],"yoast_head":"<!-- This site is optimized with the Yoast SEO plugin v27.2 - https:\/\/yoast.com\/product\/yoast-seo-wordpress\/ -->\n<title>Brasil reduziu perdas florestais em 42% no ano passado - Notibras<\/title>\n<meta name=\"robots\" content=\"index, follow, max-snippet:-1, max-image-preview:large, max-video-preview:-1\" \/>\n<link rel=\"canonical\" href=\"https:\/\/www.notibras.com\/site\/brasil-reduziu-perdas-florestais-em-42-no-ano-passado\/\" \/>\n<meta property=\"og:locale\" content=\"pt_BR\" \/>\n<meta property=\"og:type\" content=\"article\" \/>\n<meta property=\"og:title\" content=\"Brasil reduziu perdas florestais em 42% no ano passado - Notibras\" \/>\n<meta property=\"og:description\" content=\"O Brasil perdeu 1,6 milh\u00e3o de hectares de cobertura arb\u00f3rea em floresta tropical \u00famida em 2025, aponta balan\u00e7o do Global Forest Watch, divulgado nesta quarta-feira (29) pela organiza\u00e7\u00e3o ambiental sem fins lucrativos World Resources Institute (WRI). O n\u00famero representa uma redu\u00e7\u00e3o de 42% das perdas em rela\u00e7\u00e3o ao ano de 2024, sendo observado maior impacto [&hellip;]\" \/>\n<meta property=\"og:url\" content=\"https:\/\/www.notibras.com\/site\/brasil-reduziu-perdas-florestais-em-42-no-ano-passado\/\" \/>\n<meta property=\"og:site_name\" content=\"Notibras\" \/>\n<meta property=\"article:publisher\" content=\"https:\/\/www.facebook.com\/notibras\/\" \/>\n<meta property=\"article:published_time\" content=\"2026-04-29T09:47:55+00:00\" \/>\n<meta property=\"article:modified_time\" content=\"2026-04-29T10:49:42+00:00\" \/>\n<meta property=\"og:image\" content=\"https:\/\/www.notibras.com\/site\/wp-content\/uploads\/2026\/04\/dji_0739-1.webp\" \/>\n\t<meta property=\"og:image:width\" content=\"1170\" \/>\n\t<meta property=\"og:image:height\" content=\"700\" \/>\n\t<meta property=\"og:image:type\" content=\"image\/webp\" \/>\n<meta name=\"author\" content=\"Reda\u00e7\u00e3o\" \/>\n<meta name=\"twitter:card\" content=\"summary_large_image\" \/>\n<meta name=\"twitter:creator\" content=\"@Notibras\" \/>\n<meta name=\"twitter:site\" content=\"@Notibras\" \/>\n<meta name=\"twitter:label1\" content=\"Escrito por\" \/>\n\t<meta name=\"twitter:data1\" content=\"Reda\u00e7\u00e3o\" \/>\n\t<meta name=\"twitter:label2\" content=\"Est. tempo de leitura\" \/>\n\t<meta name=\"twitter:data2\" content=\"5 minutos\" \/>\n<script type=\"application\/ld+json\" class=\"yoast-schema-graph\">{\"@context\":\"https:\/\/schema.org\",\"@graph\":[{\"@type\":\"Article\",\"@id\":\"https:\/\/www.notibras.com\/site\/brasil-reduziu-perdas-florestais-em-42-no-ano-passado\/#article\",\"isPartOf\":{\"@id\":\"https:\/\/www.notibras.com\/site\/brasil-reduziu-perdas-florestais-em-42-no-ano-passado\/\"},\"author\":{\"name\":\"Reda\u00e7\u00e3o\",\"@id\":\"https:\/\/www.notibras.com\/site\/#\/schema\/person\/36ab0979449956132d3e5b517ea76ac8\"},\"headline\":\"Brasil reduziu perdas florestais em 42% no ano passado\",\"datePublished\":\"2026-04-29T09:47:55+00:00\",\"dateModified\":\"2026-04-29T10:49:42+00:00\",\"mainEntityOfPage\":{\"@id\":\"https:\/\/www.notibras.com\/site\/brasil-reduziu-perdas-florestais-em-42-no-ano-passado\/\"},\"wordCount\":877,\"publisher\":{\"@id\":\"https:\/\/www.notibras.com\/site\/#organization\"},\"image\":{\"@id\":\"https:\/\/www.notibras.com\/site\/brasil-reduziu-perdas-florestais-em-42-no-ano-passado\/#primaryimage\"},\"thumbnailUrl\":\"https:\/\/www.notibras.com\/site\/wp-content\/uploads\/2026\/04\/dji_0739-1.webp\",\"articleSection\":[\"Brasil\"],\"inLanguage\":\"pt-BR\"},{\"@type\":\"WebPage\",\"@id\":\"https:\/\/www.notibras.com\/site\/brasil-reduziu-perdas-florestais-em-42-no-ano-passado\/\",\"url\":\"https:\/\/www.notibras.com\/site\/brasil-reduziu-perdas-florestais-em-42-no-ano-passado\/\",\"name\":\"Brasil reduziu perdas florestais em 42% no ano passado - Notibras\",\"isPartOf\":{\"@id\":\"https:\/\/www.notibras.com\/site\/#website\"},\"primaryImageOfPage\":{\"@id\":\"https:\/\/www.notibras.com\/site\/brasil-reduziu-perdas-florestais-em-42-no-ano-passado\/#primaryimage\"},\"image\":{\"@id\":\"https:\/\/www.notibras.com\/site\/brasil-reduziu-perdas-florestais-em-42-no-ano-passado\/#primaryimage\"},\"thumbnailUrl\":\"https:\/\/www.notibras.com\/site\/wp-content\/uploads\/2026\/04\/dji_0739-1.webp\",\"datePublished\":\"2026-04-29T09:47:55+00:00\",\"dateModified\":\"2026-04-29T10:49:42+00:00\",\"breadcrumb\":{\"@id\":\"https:\/\/www.notibras.com\/site\/brasil-reduziu-perdas-florestais-em-42-no-ano-passado\/#breadcrumb\"},\"inLanguage\":\"pt-BR\",\"potentialAction\":[{\"@type\":\"ReadAction\",\"target\":[\"https:\/\/www.notibras.com\/site\/brasil-reduziu-perdas-florestais-em-42-no-ano-passado\/\"]}]},{\"@type\":\"ImageObject\",\"inLanguage\":\"pt-BR\",\"@id\":\"https:\/\/www.notibras.com\/site\/brasil-reduziu-perdas-florestais-em-42-no-ano-passado\/#primaryimage\",\"url\":\"https:\/\/www.notibras.com\/site\/wp-content\/uploads\/2026\/04\/dji_0739-1.webp\",\"contentUrl\":\"https:\/\/www.notibras.com\/site\/wp-content\/uploads\/2026\/04\/dji_0739-1.webp\",\"width\":1170,\"height\":700},{\"@type\":\"BreadcrumbList\",\"@id\":\"https:\/\/www.notibras.com\/site\/brasil-reduziu-perdas-florestais-em-42-no-ano-passado\/#breadcrumb\",\"itemListElement\":[{\"@type\":\"ListItem\",\"position\":1,\"name\":\"In\u00edcio\",\"item\":\"https:\/\/www.notibras.com\/site\/\"},{\"@type\":\"ListItem\",\"position\":2,\"name\":\"Brasil reduziu perdas florestais em 42% no ano passado\"}]},{\"@type\":\"WebSite\",\"@id\":\"https:\/\/www.notibras.com\/site\/#website\",\"url\":\"https:\/\/www.notibras.com\/site\/\",\"name\":\"Notibras\",\"description\":\"Not\u00edcias de Bras\u00edlia, do Brasil e do Mundo\",\"publisher\":{\"@id\":\"https:\/\/www.notibras.com\/site\/#organization\"},\"potentialAction\":[{\"@type\":\"SearchAction\",\"target\":{\"@type\":\"EntryPoint\",\"urlTemplate\":\"https:\/\/www.notibras.com\/site\/?s={search_term_string}\"},\"query-input\":{\"@type\":\"PropertyValueSpecification\",\"valueRequired\":true,\"valueName\":\"search_term_string\"}}],\"inLanguage\":\"pt-BR\"},{\"@type\":\"Organization\",\"@id\":\"https:\/\/www.notibras.com\/site\/#organization\",\"name\":\"Grupo Notibras de Comunica\u00e7\u00e3o\",\"url\":\"https:\/\/www.notibras.com\/site\/\",\"logo\":{\"@type\":\"ImageObject\",\"inLanguage\":\"pt-BR\",\"@id\":\"https:\/\/www.notibras.com\/site\/#\/schema\/logo\/image\/\",\"url\":\"https:\/\/www.notibras.com\/site\/wp-content\/uploads\/2023\/01\/notibras23.png\",\"contentUrl\":\"https:\/\/www.notibras.com\/site\/wp-content\/uploads\/2023\/01\/notibras23.png\",\"width\":350,\"height\":87,\"caption\":\"Grupo Notibras de Comunica\u00e7\u00e3o\"},\"image\":{\"@id\":\"https:\/\/www.notibras.com\/site\/#\/schema\/logo\/image\/\"},\"sameAs\":[\"https:\/\/www.facebook.com\/notibras\/\",\"https:\/\/x.com\/Notibras\",\"https:\/\/www.instagram.com\/notibras\/\"]},{\"@type\":\"Person\",\"@id\":\"https:\/\/www.notibras.com\/site\/#\/schema\/person\/36ab0979449956132d3e5b517ea76ac8\",\"name\":\"Reda\u00e7\u00e3o\",\"image\":{\"@type\":\"ImageObject\",\"inLanguage\":\"pt-BR\",\"@id\":\"https:\/\/secure.gravatar.com\/avatar\/e0a867bdedb85fd243eadf09663511f96fc81e0720a4a42581f334ad4303aa6b?s=96&d=mm&r=g\",\"url\":\"https:\/\/secure.gravatar.com\/avatar\/e0a867bdedb85fd243eadf09663511f96fc81e0720a4a42581f334ad4303aa6b?s=96&d=mm&r=g\",\"contentUrl\":\"https:\/\/secure.gravatar.com\/avatar\/e0a867bdedb85fd243eadf09663511f96fc81e0720a4a42581f334ad4303aa6b?s=96&d=mm&r=g\",\"caption\":\"Reda\u00e7\u00e3o\"}}]}<\/script>\n<!-- \/ Yoast SEO plugin. -->","yoast_head_json":{"title":"Brasil reduziu perdas florestais em 42% no ano passado - Notibras","robots":{"index":"index","follow":"follow","max-snippet":"max-snippet:-1","max-image-preview":"max-image-preview:large","max-video-preview":"max-video-preview:-1"},"canonical":"https:\/\/www.notibras.com\/site\/brasil-reduziu-perdas-florestais-em-42-no-ano-passado\/","og_locale":"pt_BR","og_type":"article","og_title":"Brasil reduziu perdas florestais em 42% no ano passado - Notibras","og_description":"O Brasil perdeu 1,6 milh\u00e3o de hectares de cobertura arb\u00f3rea em floresta tropical \u00famida em 2025, aponta balan\u00e7o do Global Forest Watch, divulgado nesta quarta-feira (29) pela organiza\u00e7\u00e3o ambiental sem fins lucrativos World Resources Institute (WRI). O n\u00famero representa uma redu\u00e7\u00e3o de 42% das perdas em rela\u00e7\u00e3o ao ano de 2024, sendo observado maior impacto [&hellip;]","og_url":"https:\/\/www.notibras.com\/site\/brasil-reduziu-perdas-florestais-em-42-no-ano-passado\/","og_site_name":"Notibras","article_publisher":"https:\/\/www.facebook.com\/notibras\/","article_published_time":"2026-04-29T09:47:55+00:00","article_modified_time":"2026-04-29T10:49:42+00:00","og_image":[{"width":1170,"height":700,"url":"https:\/\/www.notibras.com\/site\/wp-content\/uploads\/2026\/04\/dji_0739-1.webp","type":"image\/webp"}],"author":"Reda\u00e7\u00e3o","twitter_card":"summary_large_image","twitter_creator":"@Notibras","twitter_site":"@Notibras","twitter_misc":{"Escrito por":"Reda\u00e7\u00e3o","Est. tempo de leitura":"5 minutos"},"schema":{"@context":"https:\/\/schema.org","@graph":[{"@type":"Article","@id":"https:\/\/www.notibras.com\/site\/brasil-reduziu-perdas-florestais-em-42-no-ano-passado\/#article","isPartOf":{"@id":"https:\/\/www.notibras.com\/site\/brasil-reduziu-perdas-florestais-em-42-no-ano-passado\/"},"author":{"name":"Reda\u00e7\u00e3o","@id":"https:\/\/www.notibras.com\/site\/#\/schema\/person\/36ab0979449956132d3e5b517ea76ac8"},"headline":"Brasil reduziu perdas florestais em 42% no ano passado","datePublished":"2026-04-29T09:47:55+00:00","dateModified":"2026-04-29T10:49:42+00:00","mainEntityOfPage":{"@id":"https:\/\/www.notibras.com\/site\/brasil-reduziu-perdas-florestais-em-42-no-ano-passado\/"},"wordCount":877,"publisher":{"@id":"https:\/\/www.notibras.com\/site\/#organization"},"image":{"@id":"https:\/\/www.notibras.com\/site\/brasil-reduziu-perdas-florestais-em-42-no-ano-passado\/#primaryimage"},"thumbnailUrl":"https:\/\/www.notibras.com\/site\/wp-content\/uploads\/2026\/04\/dji_0739-1.webp","articleSection":["Brasil"],"inLanguage":"pt-BR"},{"@type":"WebPage","@id":"https:\/\/www.notibras.com\/site\/brasil-reduziu-perdas-florestais-em-42-no-ano-passado\/","url":"https:\/\/www.notibras.com\/site\/brasil-reduziu-perdas-florestais-em-42-no-ano-passado\/","name":"Brasil reduziu perdas florestais em 42% no ano passado - Notibras","isPartOf":{"@id":"https:\/\/www.notibras.com\/site\/#website"},"primaryImageOfPage":{"@id":"https:\/\/www.notibras.com\/site\/brasil-reduziu-perdas-florestais-em-42-no-ano-passado\/#primaryimage"},"image":{"@id":"https:\/\/www.notibras.com\/site\/brasil-reduziu-perdas-florestais-em-42-no-ano-passado\/#primaryimage"},"thumbnailUrl":"https:\/\/www.notibras.com\/site\/wp-content\/uploads\/2026\/04\/dji_0739-1.webp","datePublished":"2026-04-29T09:47:55+00:00","dateModified":"2026-04-29T10:49:42+00:00","breadcrumb":{"@id":"https:\/\/www.notibras.com\/site\/brasil-reduziu-perdas-florestais-em-42-no-ano-passado\/#breadcrumb"},"inLanguage":"pt-BR","potentialAction":[{"@type":"ReadAction","target":["https:\/\/www.notibras.com\/site\/brasil-reduziu-perdas-florestais-em-42-no-ano-passado\/"]}]},{"@type":"ImageObject","inLanguage":"pt-BR","@id":"https:\/\/www.notibras.com\/site\/brasil-reduziu-perdas-florestais-em-42-no-ano-passado\/#primaryimage","url":"https:\/\/www.notibras.com\/site\/wp-content\/uploads\/2026\/04\/dji_0739-1.webp","contentUrl":"https:\/\/www.notibras.com\/site\/wp-content\/uploads\/2026\/04\/dji_0739-1.webp","width":1170,"height":700},{"@type":"BreadcrumbList","@id":"https:\/\/www.notibras.com\/site\/brasil-reduziu-perdas-florestais-em-42-no-ano-passado\/#breadcrumb","itemListElement":[{"@type":"ListItem","position":1,"name":"In\u00edcio","item":"https:\/\/www.notibras.com\/site\/"},{"@type":"ListItem","position":2,"name":"Brasil reduziu perdas florestais em 42% no ano passado"}]},{"@type":"WebSite","@id":"https:\/\/www.notibras.com\/site\/#website","url":"https:\/\/www.notibras.com\/site\/","name":"Notibras","description":"Not\u00edcias de Bras\u00edlia, do Brasil e do Mundo","publisher":{"@id":"https:\/\/www.notibras.com\/site\/#organization"},"potentialAction":[{"@type":"SearchAction","target":{"@type":"EntryPoint","urlTemplate":"https:\/\/www.notibras.com\/site\/?s={search_term_string}"},"query-input":{"@type":"PropertyValueSpecification","valueRequired":true,"valueName":"search_term_string"}}],"inLanguage":"pt-BR"},{"@type":"Organization","@id":"https:\/\/www.notibras.com\/site\/#organization","name":"Grupo Notibras de Comunica\u00e7\u00e3o","url":"https:\/\/www.notibras.com\/site\/","logo":{"@type":"ImageObject","inLanguage":"pt-BR","@id":"https:\/\/www.notibras.com\/site\/#\/schema\/logo\/image\/","url":"https:\/\/www.notibras.com\/site\/wp-content\/uploads\/2023\/01\/notibras23.png","contentUrl":"https:\/\/www.notibras.com\/site\/wp-content\/uploads\/2023\/01\/notibras23.png","width":350,"height":87,"caption":"Grupo Notibras de Comunica\u00e7\u00e3o"},"image":{"@id":"https:\/\/www.notibras.com\/site\/#\/schema\/logo\/image\/"},"sameAs":["https:\/\/www.facebook.com\/notibras\/","https:\/\/x.com\/Notibras","https:\/\/www.instagram.com\/notibras\/"]},{"@type":"Person","@id":"https:\/\/www.notibras.com\/site\/#\/schema\/person\/36ab0979449956132d3e5b517ea76ac8","name":"Reda\u00e7\u00e3o","image":{"@type":"ImageObject","inLanguage":"pt-BR","@id":"https:\/\/secure.gravatar.com\/avatar\/e0a867bdedb85fd243eadf09663511f96fc81e0720a4a42581f334ad4303aa6b?s=96&d=mm&r=g","url":"https:\/\/secure.gravatar.com\/avatar\/e0a867bdedb85fd243eadf09663511f96fc81e0720a4a42581f334ad4303aa6b?s=96&d=mm&r=g","contentUrl":"https:\/\/secure.gravatar.com\/avatar\/e0a867bdedb85fd243eadf09663511f96fc81e0720a4a42581f334ad4303aa6b?s=96&d=mm&r=g","caption":"Reda\u00e7\u00e3o"}}]}},"amp_enabled":true,"_links":{"self":[{"href":"https:\/\/www.notibras.com\/site\/wp-json\/wp\/v2\/posts\/392939","targetHints":{"allow":["GET"]}}],"collection":[{"href":"https:\/\/www.notibras.com\/site\/wp-json\/wp\/v2\/posts"}],"about":[{"href":"https:\/\/www.notibras.com\/site\/wp-json\/wp\/v2\/types\/post"}],"author":[{"embeddable":true,"href":"https:\/\/www.notibras.com\/site\/wp-json\/wp\/v2\/users\/2"}],"replies":[{"embeddable":true,"href":"https:\/\/www.notibras.com\/site\/wp-json\/wp\/v2\/comments?post=392939"}],"version-history":[{"count":1,"href":"https:\/\/www.notibras.com\/site\/wp-json\/wp\/v2\/posts\/392939\/revisions"}],"predecessor-version":[{"id":392941,"href":"https:\/\/www.notibras.com\/site\/wp-json\/wp\/v2\/posts\/392939\/revisions\/392941"}],"wp:featuredmedia":[{"embeddable":true,"href":"https:\/\/www.notibras.com\/site\/wp-json\/wp\/v2\/media\/392940"}],"wp:attachment":[{"href":"https:\/\/www.notibras.com\/site\/wp-json\/wp\/v2\/media?parent=392939"}],"wp:term":[{"taxonomy":"category","embeddable":true,"href":"https:\/\/www.notibras.com\/site\/wp-json\/wp\/v2\/categories?post=392939"},{"taxonomy":"post_tag","embeddable":true,"href":"https:\/\/www.notibras.com\/site\/wp-json\/wp\/v2\/tags?post=392939"}],"curies":[{"name":"wp","href":"https:\/\/api.w.org\/{rel}","templated":true}]}}