{"id":392945,"date":"2026-04-29T00:00:20","date_gmt":"2026-04-29T03:00:20","guid":{"rendered":"https:\/\/www.notibras.com\/site\/?p=392945"},"modified":"2026-04-29T07:58:38","modified_gmt":"2026-04-29T10:58:38","slug":"conselho-de-etica-adia-analise-contra-deputados-por-quebra-de-decoro","status":"publish","type":"post","link":"https:\/\/www.notibras.com\/site\/conselho-de-etica-adia-analise-contra-deputados-por-quebra-de-decoro\/","title":{"rendered":"Conselho de \u00c9tica adia an\u00e1lise contra deputados por quebra de decoro"},"content":{"rendered":"<p>Um pedido de vista adiou a an\u00e1lise da representa\u00e7\u00e3o contra os deputados Marcos Pollon (PL-MS), Z\u00e9 Trov\u00e3o (PL-SC) e Marcel Van Hattem (Novo-RS) no Conselho de \u00c9tica da C\u00e2mara dos Deputados por quebra de decoro. Os deputados s\u00e3o investigados pelo colegiado no epis\u00f3dio da invas\u00e3o da mesa diretora da C\u00e2mara em agosto do no ano passado.<\/p>\n<p>Na ocasi\u00e3o, os deputados impediram o presidente da Casa, Hugo Motta de ocupar sua cadeira no plen\u00e1rio.<\/p>\n<p>O relator do processo, deputado Moses Rodrigues (Uni\u00e3o Brasil-CE) votou por suspender por dois meses o mandato tr\u00eas parlamentares que participaram do ato em protesto contra a pris\u00e3o do ex-presidente Jair Bolsonaro e pela vota\u00e7\u00e3o da anistia a atos golpistas do 8 de Janeiro.<\/p>\n<p>&#8220;Esta Casa deve impor reprimenda severa, para que fique claro que este Parlamento n\u00e3o tolera o cometimento de infra\u00e7\u00f5es dessa natureza&#8221;, defendeu o deputado Moses Rodrigues.<\/p>\n<p>&#8220;N\u00e3o se pode admitir que um grupo de parlamentares, qualquer que seja sua ideologia pol\u00edtica, tente impor a pauta de seu interesse mediante chantagem pela ocupa\u00e7\u00e3o f\u00edsica dos espa\u00e7os de delibera\u00e7\u00e3o&#8221;, acrescentou.<\/p>\n<p>Pollon responde ainda a outro processo relacionado ao mesmo epis\u00f3dio. O relat\u00f3rio da representa\u00e7\u00e3o, deputado Ricardo Maia (MDB-BA) apresentou documento em que recomenda a suspens\u00e3o do mandato de Marcos Pollon por 90 dias.<\/p>\n<p>Em outra representa\u00e7\u00e3o da Mesa Diretora, Marcos Pollon \u00e9 acusado de proferir ofensas de car\u00e1ter pessoal contra Hugo Motta, tamb\u00e9m durante a ocupa\u00e7\u00e3o do Plen\u00e1rio.<\/p>\n<p>O pedido de vista foi feito pelo l\u00edder da oposi\u00e7\u00e3o, deputado Cabo Gilberto Silva (PL-PB). Com isso, o colegiado dever\u00e1 deliberar sobre as puni\u00e7\u00f5es na pr\u00f3xima semana.<\/p>\n","protected":false},"excerpt":{"rendered":"<p>Um pedido de vista adiou a an\u00e1lise da representa\u00e7\u00e3o contra os deputados Marcos Pollon (PL-MS), Z\u00e9 Trov\u00e3o (PL-SC) e Marcel Van Hattem (Novo-RS) no Conselho de \u00c9tica da C\u00e2mara dos Deputados por quebra de decoro. Os deputados s\u00e3o investigados pelo colegiado no epis\u00f3dio da invas\u00e3o da mesa diretora da C\u00e2mara em agosto do no ano [&hellip;]<\/p>\n","protected":false},"author":2,"featured_media":392946,"comment_status":"closed","ping_status":"closed","sticky":false,"template":"","format":"standard","meta":{"_acf_changed":false,"footnotes":""},"categories":[16],"tags":[],"class_list":["post-392945","post","type-post","status-publish","format-standard","has-post-thumbnail","hentry","category-brasil"],"acf":[],"yoast_head":"<!-- This site is optimized with the Yoast SEO plugin v27.2 - https:\/\/yoast.com\/product\/yoast-seo-wordpress\/ -->\n<title>Conselho de \u00c9tica adia an\u00e1lise contra deputados por quebra de decoro - Notibras<\/title>\n<meta name=\"robots\" content=\"index, follow, max-snippet:-1, max-image-preview:large, max-video-preview:-1\" \/>\n<link rel=\"canonical\" href=\"https:\/\/www.notibras.com\/site\/conselho-de-etica-adia-analise-contra-deputados-por-quebra-de-decoro\/\" \/>\n<meta property=\"og:locale\" content=\"pt_BR\" \/>\n<meta property=\"og:type\" content=\"article\" \/>\n<meta property=\"og:title\" content=\"Conselho de \u00c9tica adia an\u00e1lise contra deputados por quebra de decoro - Notibras\" \/>\n<meta property=\"og:description\" content=\"Um pedido de vista adiou a an\u00e1lise da representa\u00e7\u00e3o contra os deputados Marcos Pollon (PL-MS), Z\u00e9 Trov\u00e3o (PL-SC) e Marcel Van Hattem (Novo-RS) no Conselho de \u00c9tica da C\u00e2mara dos Deputados por quebra de decoro. Os deputados s\u00e3o investigados pelo colegiado no epis\u00f3dio da invas\u00e3o da mesa diretora da C\u00e2mara em agosto do no ano [&hellip;]\" \/>\n<meta property=\"og:url\" content=\"https:\/\/www.notibras.com\/site\/conselho-de-etica-adia-analise-contra-deputados-por-quebra-de-decoro\/\" \/>\n<meta property=\"og:site_name\" content=\"Notibras\" \/>\n<meta property=\"article:publisher\" content=\"https:\/\/www.facebook.com\/notibras\/\" \/>\n<meta property=\"article:published_time\" content=\"2026-04-29T03:00:20+00:00\" \/>\n<meta property=\"article:modified_time\" content=\"2026-04-29T10:58:38+00:00\" \/>\n<meta property=\"og:image\" content=\"https:\/\/www.notibras.com\/site\/wp-content\/uploads\/2026\/04\/img_6358.webp\" \/>\n\t<meta property=\"og:image:width\" content=\"1170\" \/>\n\t<meta property=\"og:image:height\" content=\"700\" \/>\n\t<meta property=\"og:image:type\" content=\"image\/webp\" \/>\n<meta name=\"author\" content=\"Reda\u00e7\u00e3o\" \/>\n<meta name=\"twitter:card\" content=\"summary_large_image\" \/>\n<meta name=\"twitter:creator\" content=\"@Notibras\" \/>\n<meta name=\"twitter:site\" content=\"@Notibras\" \/>\n<meta name=\"twitter:label1\" content=\"Escrito por\" \/>\n\t<meta name=\"twitter:data1\" content=\"Reda\u00e7\u00e3o\" \/>\n\t<meta name=\"twitter:label2\" content=\"Est. tempo de leitura\" \/>\n\t<meta name=\"twitter:data2\" content=\"2 minutos\" \/>\n<script type=\"application\/ld+json\" class=\"yoast-schema-graph\">{\"@context\":\"https:\/\/schema.org\",\"@graph\":[{\"@type\":\"Article\",\"@id\":\"https:\/\/www.notibras.com\/site\/conselho-de-etica-adia-analise-contra-deputados-por-quebra-de-decoro\/#article\",\"isPartOf\":{\"@id\":\"https:\/\/www.notibras.com\/site\/conselho-de-etica-adia-analise-contra-deputados-por-quebra-de-decoro\/\"},\"author\":{\"name\":\"Reda\u00e7\u00e3o\",\"@id\":\"https:\/\/www.notibras.com\/site\/#\/schema\/person\/36ab0979449956132d3e5b517ea76ac8\"},\"headline\":\"Conselho de \u00c9tica adia an\u00e1lise contra deputados por quebra de decoro\",\"datePublished\":\"2026-04-29T03:00:20+00:00\",\"dateModified\":\"2026-04-29T10:58:38+00:00\",\"mainEntityOfPage\":{\"@id\":\"https:\/\/www.notibras.com\/site\/conselho-de-etica-adia-analise-contra-deputados-por-quebra-de-decoro\/\"},\"wordCount\":304,\"publisher\":{\"@id\":\"https:\/\/www.notibras.com\/site\/#organization\"},\"image\":{\"@id\":\"https:\/\/www.notibras.com\/site\/conselho-de-etica-adia-analise-contra-deputados-por-quebra-de-decoro\/#primaryimage\"},\"thumbnailUrl\":\"https:\/\/www.notibras.com\/site\/wp-content\/uploads\/2026\/04\/img_6358.webp\",\"articleSection\":[\"Brasil\"],\"inLanguage\":\"pt-BR\"},{\"@type\":\"WebPage\",\"@id\":\"https:\/\/www.notibras.com\/site\/conselho-de-etica-adia-analise-contra-deputados-por-quebra-de-decoro\/\",\"url\":\"https:\/\/www.notibras.com\/site\/conselho-de-etica-adia-analise-contra-deputados-por-quebra-de-decoro\/\",\"name\":\"Conselho de \u00c9tica adia an\u00e1lise contra deputados por quebra de decoro - Notibras\",\"isPartOf\":{\"@id\":\"https:\/\/www.notibras.com\/site\/#website\"},\"primaryImageOfPage\":{\"@id\":\"https:\/\/www.notibras.com\/site\/conselho-de-etica-adia-analise-contra-deputados-por-quebra-de-decoro\/#primaryimage\"},\"image\":{\"@id\":\"https:\/\/www.notibras.com\/site\/conselho-de-etica-adia-analise-contra-deputados-por-quebra-de-decoro\/#primaryimage\"},\"thumbnailUrl\":\"https:\/\/www.notibras.com\/site\/wp-content\/uploads\/2026\/04\/img_6358.webp\",\"datePublished\":\"2026-04-29T03:00:20+00:00\",\"dateModified\":\"2026-04-29T10:58:38+00:00\",\"breadcrumb\":{\"@id\":\"https:\/\/www.notibras.com\/site\/conselho-de-etica-adia-analise-contra-deputados-por-quebra-de-decoro\/#breadcrumb\"},\"inLanguage\":\"pt-BR\",\"potentialAction\":[{\"@type\":\"ReadAction\",\"target\":[\"https:\/\/www.notibras.com\/site\/conselho-de-etica-adia-analise-contra-deputados-por-quebra-de-decoro\/\"]}]},{\"@type\":\"ImageObject\",\"inLanguage\":\"pt-BR\",\"@id\":\"https:\/\/www.notibras.com\/site\/conselho-de-etica-adia-analise-contra-deputados-por-quebra-de-decoro\/#primaryimage\",\"url\":\"https:\/\/www.notibras.com\/site\/wp-content\/uploads\/2026\/04\/img_6358.webp\",\"contentUrl\":\"https:\/\/www.notibras.com\/site\/wp-content\/uploads\/2026\/04\/img_6358.webp\",\"width\":1170,\"height\":700},{\"@type\":\"BreadcrumbList\",\"@id\":\"https:\/\/www.notibras.com\/site\/conselho-de-etica-adia-analise-contra-deputados-por-quebra-de-decoro\/#breadcrumb\",\"itemListElement\":[{\"@type\":\"ListItem\",\"position\":1,\"name\":\"In\u00edcio\",\"item\":\"https:\/\/www.notibras.com\/site\/\"},{\"@type\":\"ListItem\",\"position\":2,\"name\":\"Conselho de \u00c9tica adia an\u00e1lise contra deputados por quebra de decoro\"}]},{\"@type\":\"WebSite\",\"@id\":\"https:\/\/www.notibras.com\/site\/#website\",\"url\":\"https:\/\/www.notibras.com\/site\/\",\"name\":\"Notibras\",\"description\":\"Not\u00edcias de Bras\u00edlia, do Brasil e do Mundo\",\"publisher\":{\"@id\":\"https:\/\/www.notibras.com\/site\/#organization\"},\"potentialAction\":[{\"@type\":\"SearchAction\",\"target\":{\"@type\":\"EntryPoint\",\"urlTemplate\":\"https:\/\/www.notibras.com\/site\/?s={search_term_string}\"},\"query-input\":{\"@type\":\"PropertyValueSpecification\",\"valueRequired\":true,\"valueName\":\"search_term_string\"}}],\"inLanguage\":\"pt-BR\"},{\"@type\":\"Organization\",\"@id\":\"https:\/\/www.notibras.com\/site\/#organization\",\"name\":\"Grupo Notibras de Comunica\u00e7\u00e3o\",\"url\":\"https:\/\/www.notibras.com\/site\/\",\"logo\":{\"@type\":\"ImageObject\",\"inLanguage\":\"pt-BR\",\"@id\":\"https:\/\/www.notibras.com\/site\/#\/schema\/logo\/image\/\",\"url\":\"https:\/\/www.notibras.com\/site\/wp-content\/uploads\/2023\/01\/notibras23.png\",\"contentUrl\":\"https:\/\/www.notibras.com\/site\/wp-content\/uploads\/2023\/01\/notibras23.png\",\"width\":350,\"height\":87,\"caption\":\"Grupo Notibras de Comunica\u00e7\u00e3o\"},\"image\":{\"@id\":\"https:\/\/www.notibras.com\/site\/#\/schema\/logo\/image\/\"},\"sameAs\":[\"https:\/\/www.facebook.com\/notibras\/\",\"https:\/\/x.com\/Notibras\",\"https:\/\/www.instagram.com\/notibras\/\"]},{\"@type\":\"Person\",\"@id\":\"https:\/\/www.notibras.com\/site\/#\/schema\/person\/36ab0979449956132d3e5b517ea76ac8\",\"name\":\"Reda\u00e7\u00e3o\",\"image\":{\"@type\":\"ImageObject\",\"inLanguage\":\"pt-BR\",\"@id\":\"https:\/\/secure.gravatar.com\/avatar\/e0a867bdedb85fd243eadf09663511f96fc81e0720a4a42581f334ad4303aa6b?s=96&d=mm&r=g\",\"url\":\"https:\/\/secure.gravatar.com\/avatar\/e0a867bdedb85fd243eadf09663511f96fc81e0720a4a42581f334ad4303aa6b?s=96&d=mm&r=g\",\"contentUrl\":\"https:\/\/secure.gravatar.com\/avatar\/e0a867bdedb85fd243eadf09663511f96fc81e0720a4a42581f334ad4303aa6b?s=96&d=mm&r=g\",\"caption\":\"Reda\u00e7\u00e3o\"}}]}<\/script>\n<!-- \/ Yoast SEO plugin. -->","yoast_head_json":{"title":"Conselho de \u00c9tica adia an\u00e1lise contra deputados por quebra de decoro - Notibras","robots":{"index":"index","follow":"follow","max-snippet":"max-snippet:-1","max-image-preview":"max-image-preview:large","max-video-preview":"max-video-preview:-1"},"canonical":"https:\/\/www.notibras.com\/site\/conselho-de-etica-adia-analise-contra-deputados-por-quebra-de-decoro\/","og_locale":"pt_BR","og_type":"article","og_title":"Conselho de \u00c9tica adia an\u00e1lise contra deputados por quebra de decoro - Notibras","og_description":"Um pedido de vista adiou a an\u00e1lise da representa\u00e7\u00e3o contra os deputados Marcos Pollon (PL-MS), Z\u00e9 Trov\u00e3o (PL-SC) e Marcel Van Hattem (Novo-RS) no Conselho de \u00c9tica da C\u00e2mara dos Deputados por quebra de decoro. Os deputados s\u00e3o investigados pelo colegiado no epis\u00f3dio da invas\u00e3o da mesa diretora da C\u00e2mara em agosto do no ano [&hellip;]","og_url":"https:\/\/www.notibras.com\/site\/conselho-de-etica-adia-analise-contra-deputados-por-quebra-de-decoro\/","og_site_name":"Notibras","article_publisher":"https:\/\/www.facebook.com\/notibras\/","article_published_time":"2026-04-29T03:00:20+00:00","article_modified_time":"2026-04-29T10:58:38+00:00","og_image":[{"width":1170,"height":700,"url":"https:\/\/www.notibras.com\/site\/wp-content\/uploads\/2026\/04\/img_6358.webp","type":"image\/webp"}],"author":"Reda\u00e7\u00e3o","twitter_card":"summary_large_image","twitter_creator":"@Notibras","twitter_site":"@Notibras","twitter_misc":{"Escrito por":"Reda\u00e7\u00e3o","Est. tempo de leitura":"2 minutos"},"schema":{"@context":"https:\/\/schema.org","@graph":[{"@type":"Article","@id":"https:\/\/www.notibras.com\/site\/conselho-de-etica-adia-analise-contra-deputados-por-quebra-de-decoro\/#article","isPartOf":{"@id":"https:\/\/www.notibras.com\/site\/conselho-de-etica-adia-analise-contra-deputados-por-quebra-de-decoro\/"},"author":{"name":"Reda\u00e7\u00e3o","@id":"https:\/\/www.notibras.com\/site\/#\/schema\/person\/36ab0979449956132d3e5b517ea76ac8"},"headline":"Conselho de \u00c9tica adia an\u00e1lise contra deputados por quebra de decoro","datePublished":"2026-04-29T03:00:20+00:00","dateModified":"2026-04-29T10:58:38+00:00","mainEntityOfPage":{"@id":"https:\/\/www.notibras.com\/site\/conselho-de-etica-adia-analise-contra-deputados-por-quebra-de-decoro\/"},"wordCount":304,"publisher":{"@id":"https:\/\/www.notibras.com\/site\/#organization"},"image":{"@id":"https:\/\/www.notibras.com\/site\/conselho-de-etica-adia-analise-contra-deputados-por-quebra-de-decoro\/#primaryimage"},"thumbnailUrl":"https:\/\/www.notibras.com\/site\/wp-content\/uploads\/2026\/04\/img_6358.webp","articleSection":["Brasil"],"inLanguage":"pt-BR"},{"@type":"WebPage","@id":"https:\/\/www.notibras.com\/site\/conselho-de-etica-adia-analise-contra-deputados-por-quebra-de-decoro\/","url":"https:\/\/www.notibras.com\/site\/conselho-de-etica-adia-analise-contra-deputados-por-quebra-de-decoro\/","name":"Conselho de \u00c9tica adia an\u00e1lise contra deputados por quebra de decoro - Notibras","isPartOf":{"@id":"https:\/\/www.notibras.com\/site\/#website"},"primaryImageOfPage":{"@id":"https:\/\/www.notibras.com\/site\/conselho-de-etica-adia-analise-contra-deputados-por-quebra-de-decoro\/#primaryimage"},"image":{"@id":"https:\/\/www.notibras.com\/site\/conselho-de-etica-adia-analise-contra-deputados-por-quebra-de-decoro\/#primaryimage"},"thumbnailUrl":"https:\/\/www.notibras.com\/site\/wp-content\/uploads\/2026\/04\/img_6358.webp","datePublished":"2026-04-29T03:00:20+00:00","dateModified":"2026-04-29T10:58:38+00:00","breadcrumb":{"@id":"https:\/\/www.notibras.com\/site\/conselho-de-etica-adia-analise-contra-deputados-por-quebra-de-decoro\/#breadcrumb"},"inLanguage":"pt-BR","potentialAction":[{"@type":"ReadAction","target":["https:\/\/www.notibras.com\/site\/conselho-de-etica-adia-analise-contra-deputados-por-quebra-de-decoro\/"]}]},{"@type":"ImageObject","inLanguage":"pt-BR","@id":"https:\/\/www.notibras.com\/site\/conselho-de-etica-adia-analise-contra-deputados-por-quebra-de-decoro\/#primaryimage","url":"https:\/\/www.notibras.com\/site\/wp-content\/uploads\/2026\/04\/img_6358.webp","contentUrl":"https:\/\/www.notibras.com\/site\/wp-content\/uploads\/2026\/04\/img_6358.webp","width":1170,"height":700},{"@type":"BreadcrumbList","@id":"https:\/\/www.notibras.com\/site\/conselho-de-etica-adia-analise-contra-deputados-por-quebra-de-decoro\/#breadcrumb","itemListElement":[{"@type":"ListItem","position":1,"name":"In\u00edcio","item":"https:\/\/www.notibras.com\/site\/"},{"@type":"ListItem","position":2,"name":"Conselho de \u00c9tica adia an\u00e1lise contra deputados por quebra de decoro"}]},{"@type":"WebSite","@id":"https:\/\/www.notibras.com\/site\/#website","url":"https:\/\/www.notibras.com\/site\/","name":"Notibras","description":"Not\u00edcias de Bras\u00edlia, do Brasil e do Mundo","publisher":{"@id":"https:\/\/www.notibras.com\/site\/#organization"},"potentialAction":[{"@type":"SearchAction","target":{"@type":"EntryPoint","urlTemplate":"https:\/\/www.notibras.com\/site\/?s={search_term_string}"},"query-input":{"@type":"PropertyValueSpecification","valueRequired":true,"valueName":"search_term_string"}}],"inLanguage":"pt-BR"},{"@type":"Organization","@id":"https:\/\/www.notibras.com\/site\/#organization","name":"Grupo Notibras de Comunica\u00e7\u00e3o","url":"https:\/\/www.notibras.com\/site\/","logo":{"@type":"ImageObject","inLanguage":"pt-BR","@id":"https:\/\/www.notibras.com\/site\/#\/schema\/logo\/image\/","url":"https:\/\/www.notibras.com\/site\/wp-content\/uploads\/2023\/01\/notibras23.png","contentUrl":"https:\/\/www.notibras.com\/site\/wp-content\/uploads\/2023\/01\/notibras23.png","width":350,"height":87,"caption":"Grupo Notibras de Comunica\u00e7\u00e3o"},"image":{"@id":"https:\/\/www.notibras.com\/site\/#\/schema\/logo\/image\/"},"sameAs":["https:\/\/www.facebook.com\/notibras\/","https:\/\/x.com\/Notibras","https:\/\/www.instagram.com\/notibras\/"]},{"@type":"Person","@id":"https:\/\/www.notibras.com\/site\/#\/schema\/person\/36ab0979449956132d3e5b517ea76ac8","name":"Reda\u00e7\u00e3o","image":{"@type":"ImageObject","inLanguage":"pt-BR","@id":"https:\/\/secure.gravatar.com\/avatar\/e0a867bdedb85fd243eadf09663511f96fc81e0720a4a42581f334ad4303aa6b?s=96&d=mm&r=g","url":"https:\/\/secure.gravatar.com\/avatar\/e0a867bdedb85fd243eadf09663511f96fc81e0720a4a42581f334ad4303aa6b?s=96&d=mm&r=g","contentUrl":"https:\/\/secure.gravatar.com\/avatar\/e0a867bdedb85fd243eadf09663511f96fc81e0720a4a42581f334ad4303aa6b?s=96&d=mm&r=g","caption":"Reda\u00e7\u00e3o"}}]}},"amp_enabled":true,"_links":{"self":[{"href":"https:\/\/www.notibras.com\/site\/wp-json\/wp\/v2\/posts\/392945","targetHints":{"allow":["GET"]}}],"collection":[{"href":"https:\/\/www.notibras.com\/site\/wp-json\/wp\/v2\/posts"}],"about":[{"href":"https:\/\/www.notibras.com\/site\/wp-json\/wp\/v2\/types\/post"}],"author":[{"embeddable":true,"href":"https:\/\/www.notibras.com\/site\/wp-json\/wp\/v2\/users\/2"}],"replies":[{"embeddable":true,"href":"https:\/\/www.notibras.com\/site\/wp-json\/wp\/v2\/comments?post=392945"}],"version-history":[{"count":1,"href":"https:\/\/www.notibras.com\/site\/wp-json\/wp\/v2\/posts\/392945\/revisions"}],"predecessor-version":[{"id":392947,"href":"https:\/\/www.notibras.com\/site\/wp-json\/wp\/v2\/posts\/392945\/revisions\/392947"}],"wp:featuredmedia":[{"embeddable":true,"href":"https:\/\/www.notibras.com\/site\/wp-json\/wp\/v2\/media\/392946"}],"wp:attachment":[{"href":"https:\/\/www.notibras.com\/site\/wp-json\/wp\/v2\/media?parent=392945"}],"wp:term":[{"taxonomy":"category","embeddable":true,"href":"https:\/\/www.notibras.com\/site\/wp-json\/wp\/v2\/categories?post=392945"},{"taxonomy":"post_tag","embeddable":true,"href":"https:\/\/www.notibras.com\/site\/wp-json\/wp\/v2\/tags?post=392945"}],"curies":[{"name":"wp","href":"https:\/\/api.w.org\/{rel}","templated":true}]}}