{"id":392951,"date":"2026-04-29T00:05:30","date_gmt":"2026-04-29T03:05:30","guid":{"rendered":"https:\/\/www.notibras.com\/site\/?p=392951"},"modified":"2026-04-29T08:07:30","modified_gmt":"2026-04-29T11:07:30","slug":"apenas-17-de-creches-e-pre-escolas-tem-itens-basicos","status":"publish","type":"post","link":"https:\/\/www.notibras.com\/site\/apenas-17-de-creches-e-pre-escolas-tem-itens-basicos\/","title":{"rendered":"Apenas 17% de creches e pr\u00e9-escolas t\u00eam itens b\u00e1sicos"},"content":{"rendered":"<p>Em todo o pa\u00eds, menos de duas em cada dez unidades de ensino infantil p\u00fablicas tem todos os itens considerados b\u00e1sicos para o funcionamento adequado. Os dados s\u00e3o do Censo Escolar 2025 e est\u00e3o dispon\u00edveis no portal de dados educacionais QEdu.<\/p>\n<p>Ao todo, s\u00e3o considerados 11 itens de infraestrutura b\u00e1sica: pr\u00e9dio escolar, energia de rede p\u00fablica, \u00e1gua da rede p\u00fablica, banheiro, rede de esgoto, cozinha, alimenta\u00e7\u00e3o para os alunos, coleta de lixo, acessibilidade, internet, biblioteca e\/ou sala de leitura.<\/p>\n<p>De acordo com os dados, apenas 17% das creches e pr\u00e9-escolas p\u00fablicas det\u00eam todos esses componentes, que s\u00e3o baseados em lei sancionada em mar\u00e7o deste ano.<\/p>\n<p>Um dos maiores entraves \u00e9 dispor de bibliotecas ou salas de leitura. Do total das institui\u00e7\u00f5es, 64% ainda n\u00e3o contam com esses espa\u00e7os. Al\u00e9m disso, 33% n\u00e3o usam \u00e1gua da rede p\u00fablica e 4% n\u00e3o contam com rede de esgoto.<\/p>\n<p><strong>Alimenta\u00e7\u00e3o<\/strong><br \/>\nNa outra ponta, a alimenta\u00e7\u00e3o \u00e9 item atendido em todas as escolas de educa\u00e7\u00e3o infantil no Brasil.<\/p>\n<p>Al\u00e9m dos itens b\u00e1sicos, s\u00e3o analisados elementos de infraestrutura espec\u00edficos: banheiro infantil, jogos e brinquedos pedag\u00f3gicos, materiais art\u00edsticos, parque infantil e \u00e1rea verde.<\/p>\n<p>Considerados esses itens, apenas 12% das unidades p\u00fablicas de educa\u00e7\u00e3o infantil do pa\u00eds conseguem assegurar todos eles. Menos da metade das escolas conta com parque infantil (45%) ou com \u00e1rea verde (36%).<\/p>\n<p>Jogos e brinquedos pedag\u00f3gicos \u2013 quesitos considerados importantes para as atividades educacionais nessa etapa de ensino \u2013 est\u00e3o presentes em 83% das unidades.<\/p>\n<p><strong>Educa\u00e7\u00e3o infantil<\/strong><br \/>\nOs dados foram divulgados nesta quarta-feira (29), quando a plataforma QEdu passa a contar com dados referentes \u00e0 educa\u00e7\u00e3o infantil. \u00c9 poss\u00edvel consultar dados dessa etapa de ensino em n\u00edvel nacional, por unidades da federa\u00e7\u00e3o e munic\u00edpios e fazer compara\u00e7\u00f5es.<\/p>\n<p>\u201cEduca\u00e7\u00e3o infantil precisa estar no centro, a gente precisa falar mais sobre o que \u00e9 educa\u00e7\u00e3o infantil de qualidade\u201d, destacou o diretor-executivo do Interdisciplinaridade e Evid\u00eancias no Debate Educacional (Iede), Ernesto Martins Faria \u2013 cocriador do QEdu.<\/p>\n<p>A inser\u00e7\u00e3o dos dados de educa\u00e7\u00e3o infantil no portal QEdu faz parte de uma iniciativa conjunta do Iede, Funda\u00e7\u00e3o Bracell, Funda\u00e7\u00e3o Ita\u00fa, Funda\u00e7\u00e3o V\u00e9lezReyes+, Funda\u00e7\u00e3o Van Leer e Banco Interamericano de Desenvolvimento (BID).<\/p>\n<p>Faz parte tamb\u00e9m da iniciativa a cria\u00e7\u00e3o do indicador de atendimento em n\u00edvel municipal. Esse marcador mostra que, em 16% dos munic\u00edpios, ou seja, em 876 cidades brasileiras, pelo menos uma em cada dez crian\u00e7as de 4 e 5 anos n\u00e3o frequentam creches ou pr\u00e9-escolas.<\/p>\n<p><strong>Minist\u00e9rio da Educa\u00e7\u00e3o<\/strong><br \/>\nProcurado, o Minist\u00e9rio da Educa\u00e7\u00e3o (MEC) informou, em nota, que vem \u201cintensificando as a\u00e7\u00f5es para apoiar os munic\u00edpios, respons\u00e1veis diretos pela educa\u00e7\u00e3o infantil, na amplia\u00e7\u00e3o do acesso com qualidade a essa etapa do ensino\u201d.<\/p>\n<p>A pasta cita como um dos principais instrumentos o Compromisso Nacional pela Qualidade e Equidade na Educa\u00e7\u00e3o Infantil, que re\u00fane mais de 2,5 mil entes federados. [LINK: https:\/\/agenciabrasil.ebc.com.br\/educacao\/noticia\/2023-07\/mec-empossa-membros-de-colegiados-do-compromisso-crianca-alfabetizada]<\/p>\n<p>&#8220;O objetivo \u00e9 unir esfor\u00e7os em torno da expans\u00e3o de vagas, da perman\u00eancia de beb\u00eas e crian\u00e7as nas creches e pr\u00e9-escolas e da implementa\u00e7\u00e3o de par\u00e2metros nacionais de qualidade, sempre considerando as diferentes realidades territoriais e sociais do pa\u00eds.&#8221;<\/p>\n<p>No texto, o MEC destacou ainda a que, por meio do Novo Programa de Acelera\u00e7\u00e3o do Crescimento (PAC), 886 unidades de educa\u00e7\u00e3o infantil foram entregues e est\u00e3o previstas 1.684 novas creches e escolas de educa\u00e7\u00e3o infantil.<\/p>\n<p>Outras prioridades s\u00e3o a retomada e a conclus\u00e3o de obras paralisadas. Das 1.318 unidades de educa\u00e7\u00e3o infantil que manifestaram interesse em retomar as constru\u00e7\u00f5es, 904 foram aprovadas e 278 foram conclu\u00eddas.<\/p>\n<p>\u201cEsses dados demonstram uma mudan\u00e7a de prioridade na gest\u00e3o, com a amplia\u00e7\u00e3o dos investimentos recentes para dar mais condi\u00e7\u00f5es aos munic\u00edpios de abrir vagas, garantindo o atendimento pleno e atuando de forma proativa para superar as lacunas ainda existentes na educa\u00e7\u00e3o infantil brasileira\u201d, acrescentou o minist\u00e9rio.<\/p>\n","protected":false},"excerpt":{"rendered":"<p>Em todo o pa\u00eds, menos de duas em cada dez unidades de ensino infantil p\u00fablicas tem todos os itens considerados b\u00e1sicos para o funcionamento adequado. Os dados s\u00e3o do Censo Escolar 2025 e est\u00e3o dispon\u00edveis no portal de dados educacionais QEdu. Ao todo, s\u00e3o considerados 11 itens de infraestrutura b\u00e1sica: pr\u00e9dio escolar, energia de rede [&hellip;]<\/p>\n","protected":false},"author":2,"featured_media":392952,"comment_status":"closed","ping_status":"closed","sticky":false,"template":"","format":"standard","meta":{"_acf_changed":false,"footnotes":""},"categories":[155],"tags":[],"class_list":["post-392951","post","type-post","status-publish","format-standard","has-post-thumbnail","hentry","category-leitura-vip"],"acf":[],"yoast_head":"<!-- This site is optimized with the Yoast SEO plugin v27.2 - https:\/\/yoast.com\/product\/yoast-seo-wordpress\/ -->\n<title>Apenas 17% de creches e pr\u00e9-escolas t\u00eam itens b\u00e1sicos - Notibras<\/title>\n<meta name=\"robots\" content=\"index, follow, max-snippet:-1, max-image-preview:large, max-video-preview:-1\" \/>\n<link rel=\"canonical\" href=\"https:\/\/www.notibras.com\/site\/apenas-17-de-creches-e-pre-escolas-tem-itens-basicos\/\" \/>\n<meta property=\"og:locale\" content=\"pt_BR\" \/>\n<meta property=\"og:type\" content=\"article\" \/>\n<meta property=\"og:title\" content=\"Apenas 17% de creches e pr\u00e9-escolas t\u00eam itens b\u00e1sicos - Notibras\" \/>\n<meta property=\"og:description\" content=\"Em todo o pa\u00eds, menos de duas em cada dez unidades de ensino infantil p\u00fablicas tem todos os itens considerados b\u00e1sicos para o funcionamento adequado. Os dados s\u00e3o do Censo Escolar 2025 e est\u00e3o dispon\u00edveis no portal de dados educacionais QEdu. Ao todo, s\u00e3o considerados 11 itens de infraestrutura b\u00e1sica: pr\u00e9dio escolar, energia de rede [&hellip;]\" \/>\n<meta property=\"og:url\" content=\"https:\/\/www.notibras.com\/site\/apenas-17-de-creches-e-pre-escolas-tem-itens-basicos\/\" \/>\n<meta property=\"og:site_name\" content=\"Notibras\" \/>\n<meta property=\"article:publisher\" content=\"https:\/\/www.facebook.com\/notibras\/\" \/>\n<meta property=\"article:published_time\" content=\"2026-04-29T03:05:30+00:00\" \/>\n<meta property=\"article:modified_time\" content=\"2026-04-29T11:07:30+00:00\" \/>\n<meta property=\"og:image\" content=\"https:\/\/www.notibras.com\/site\/wp-content\/uploads\/2026\/04\/rbr4208_0-1.webp\" \/>\n\t<meta property=\"og:image:width\" content=\"1170\" \/>\n\t<meta property=\"og:image:height\" content=\"700\" \/>\n\t<meta property=\"og:image:type\" content=\"image\/webp\" \/>\n<meta name=\"author\" content=\"Reda\u00e7\u00e3o\" \/>\n<meta name=\"twitter:card\" content=\"summary_large_image\" \/>\n<meta name=\"twitter:creator\" content=\"@Notibras\" \/>\n<meta name=\"twitter:site\" content=\"@Notibras\" \/>\n<meta name=\"twitter:label1\" content=\"Escrito por\" \/>\n\t<meta name=\"twitter:data1\" content=\"Reda\u00e7\u00e3o\" \/>\n\t<meta name=\"twitter:label2\" content=\"Est. tempo de leitura\" \/>\n\t<meta name=\"twitter:data2\" content=\"4 minutos\" \/>\n<script type=\"application\/ld+json\" class=\"yoast-schema-graph\">{\"@context\":\"https:\/\/schema.org\",\"@graph\":[{\"@type\":\"Article\",\"@id\":\"https:\/\/www.notibras.com\/site\/apenas-17-de-creches-e-pre-escolas-tem-itens-basicos\/#article\",\"isPartOf\":{\"@id\":\"https:\/\/www.notibras.com\/site\/apenas-17-de-creches-e-pre-escolas-tem-itens-basicos\/\"},\"author\":{\"name\":\"Reda\u00e7\u00e3o\",\"@id\":\"https:\/\/www.notibras.com\/site\/#\/schema\/person\/36ab0979449956132d3e5b517ea76ac8\"},\"headline\":\"Apenas 17% de creches e pr\u00e9-escolas t\u00eam itens b\u00e1sicos\",\"datePublished\":\"2026-04-29T03:05:30+00:00\",\"dateModified\":\"2026-04-29T11:07:30+00:00\",\"mainEntityOfPage\":{\"@id\":\"https:\/\/www.notibras.com\/site\/apenas-17-de-creches-e-pre-escolas-tem-itens-basicos\/\"},\"wordCount\":703,\"publisher\":{\"@id\":\"https:\/\/www.notibras.com\/site\/#organization\"},\"image\":{\"@id\":\"https:\/\/www.notibras.com\/site\/apenas-17-de-creches-e-pre-escolas-tem-itens-basicos\/#primaryimage\"},\"thumbnailUrl\":\"https:\/\/www.notibras.com\/site\/wp-content\/uploads\/2026\/04\/rbr4208_0-1.webp\",\"articleSection\":[\"Leitura Vip\"],\"inLanguage\":\"pt-BR\"},{\"@type\":\"WebPage\",\"@id\":\"https:\/\/www.notibras.com\/site\/apenas-17-de-creches-e-pre-escolas-tem-itens-basicos\/\",\"url\":\"https:\/\/www.notibras.com\/site\/apenas-17-de-creches-e-pre-escolas-tem-itens-basicos\/\",\"name\":\"Apenas 17% de creches e pr\u00e9-escolas t\u00eam itens b\u00e1sicos - Notibras\",\"isPartOf\":{\"@id\":\"https:\/\/www.notibras.com\/site\/#website\"},\"primaryImageOfPage\":{\"@id\":\"https:\/\/www.notibras.com\/site\/apenas-17-de-creches-e-pre-escolas-tem-itens-basicos\/#primaryimage\"},\"image\":{\"@id\":\"https:\/\/www.notibras.com\/site\/apenas-17-de-creches-e-pre-escolas-tem-itens-basicos\/#primaryimage\"},\"thumbnailUrl\":\"https:\/\/www.notibras.com\/site\/wp-content\/uploads\/2026\/04\/rbr4208_0-1.webp\",\"datePublished\":\"2026-04-29T03:05:30+00:00\",\"dateModified\":\"2026-04-29T11:07:30+00:00\",\"breadcrumb\":{\"@id\":\"https:\/\/www.notibras.com\/site\/apenas-17-de-creches-e-pre-escolas-tem-itens-basicos\/#breadcrumb\"},\"inLanguage\":\"pt-BR\",\"potentialAction\":[{\"@type\":\"ReadAction\",\"target\":[\"https:\/\/www.notibras.com\/site\/apenas-17-de-creches-e-pre-escolas-tem-itens-basicos\/\"]}]},{\"@type\":\"ImageObject\",\"inLanguage\":\"pt-BR\",\"@id\":\"https:\/\/www.notibras.com\/site\/apenas-17-de-creches-e-pre-escolas-tem-itens-basicos\/#primaryimage\",\"url\":\"https:\/\/www.notibras.com\/site\/wp-content\/uploads\/2026\/04\/rbr4208_0-1.webp\",\"contentUrl\":\"https:\/\/www.notibras.com\/site\/wp-content\/uploads\/2026\/04\/rbr4208_0-1.webp\",\"width\":1170,\"height\":700},{\"@type\":\"BreadcrumbList\",\"@id\":\"https:\/\/www.notibras.com\/site\/apenas-17-de-creches-e-pre-escolas-tem-itens-basicos\/#breadcrumb\",\"itemListElement\":[{\"@type\":\"ListItem\",\"position\":1,\"name\":\"In\u00edcio\",\"item\":\"https:\/\/www.notibras.com\/site\/\"},{\"@type\":\"ListItem\",\"position\":2,\"name\":\"Apenas 17% de creches e pr\u00e9-escolas t\u00eam itens b\u00e1sicos\"}]},{\"@type\":\"WebSite\",\"@id\":\"https:\/\/www.notibras.com\/site\/#website\",\"url\":\"https:\/\/www.notibras.com\/site\/\",\"name\":\"Notibras\",\"description\":\"Not\u00edcias de Bras\u00edlia, do Brasil e do Mundo\",\"publisher\":{\"@id\":\"https:\/\/www.notibras.com\/site\/#organization\"},\"potentialAction\":[{\"@type\":\"SearchAction\",\"target\":{\"@type\":\"EntryPoint\",\"urlTemplate\":\"https:\/\/www.notibras.com\/site\/?s={search_term_string}\"},\"query-input\":{\"@type\":\"PropertyValueSpecification\",\"valueRequired\":true,\"valueName\":\"search_term_string\"}}],\"inLanguage\":\"pt-BR\"},{\"@type\":\"Organization\",\"@id\":\"https:\/\/www.notibras.com\/site\/#organization\",\"name\":\"Grupo Notibras de Comunica\u00e7\u00e3o\",\"url\":\"https:\/\/www.notibras.com\/site\/\",\"logo\":{\"@type\":\"ImageObject\",\"inLanguage\":\"pt-BR\",\"@id\":\"https:\/\/www.notibras.com\/site\/#\/schema\/logo\/image\/\",\"url\":\"https:\/\/www.notibras.com\/site\/wp-content\/uploads\/2023\/01\/notibras23.png\",\"contentUrl\":\"https:\/\/www.notibras.com\/site\/wp-content\/uploads\/2023\/01\/notibras23.png\",\"width\":350,\"height\":87,\"caption\":\"Grupo Notibras de Comunica\u00e7\u00e3o\"},\"image\":{\"@id\":\"https:\/\/www.notibras.com\/site\/#\/schema\/logo\/image\/\"},\"sameAs\":[\"https:\/\/www.facebook.com\/notibras\/\",\"https:\/\/x.com\/Notibras\",\"https:\/\/www.instagram.com\/notibras\/\"]},{\"@type\":\"Person\",\"@id\":\"https:\/\/www.notibras.com\/site\/#\/schema\/person\/36ab0979449956132d3e5b517ea76ac8\",\"name\":\"Reda\u00e7\u00e3o\",\"image\":{\"@type\":\"ImageObject\",\"inLanguage\":\"pt-BR\",\"@id\":\"https:\/\/secure.gravatar.com\/avatar\/e0a867bdedb85fd243eadf09663511f96fc81e0720a4a42581f334ad4303aa6b?s=96&d=mm&r=g\",\"url\":\"https:\/\/secure.gravatar.com\/avatar\/e0a867bdedb85fd243eadf09663511f96fc81e0720a4a42581f334ad4303aa6b?s=96&d=mm&r=g\",\"contentUrl\":\"https:\/\/secure.gravatar.com\/avatar\/e0a867bdedb85fd243eadf09663511f96fc81e0720a4a42581f334ad4303aa6b?s=96&d=mm&r=g\",\"caption\":\"Reda\u00e7\u00e3o\"}}]}<\/script>\n<!-- \/ Yoast SEO plugin. -->","yoast_head_json":{"title":"Apenas 17% de creches e pr\u00e9-escolas t\u00eam itens b\u00e1sicos - Notibras","robots":{"index":"index","follow":"follow","max-snippet":"max-snippet:-1","max-image-preview":"max-image-preview:large","max-video-preview":"max-video-preview:-1"},"canonical":"https:\/\/www.notibras.com\/site\/apenas-17-de-creches-e-pre-escolas-tem-itens-basicos\/","og_locale":"pt_BR","og_type":"article","og_title":"Apenas 17% de creches e pr\u00e9-escolas t\u00eam itens b\u00e1sicos - Notibras","og_description":"Em todo o pa\u00eds, menos de duas em cada dez unidades de ensino infantil p\u00fablicas tem todos os itens considerados b\u00e1sicos para o funcionamento adequado. Os dados s\u00e3o do Censo Escolar 2025 e est\u00e3o dispon\u00edveis no portal de dados educacionais QEdu. Ao todo, s\u00e3o considerados 11 itens de infraestrutura b\u00e1sica: pr\u00e9dio escolar, energia de rede [&hellip;]","og_url":"https:\/\/www.notibras.com\/site\/apenas-17-de-creches-e-pre-escolas-tem-itens-basicos\/","og_site_name":"Notibras","article_publisher":"https:\/\/www.facebook.com\/notibras\/","article_published_time":"2026-04-29T03:05:30+00:00","article_modified_time":"2026-04-29T11:07:30+00:00","og_image":[{"width":1170,"height":700,"url":"https:\/\/www.notibras.com\/site\/wp-content\/uploads\/2026\/04\/rbr4208_0-1.webp","type":"image\/webp"}],"author":"Reda\u00e7\u00e3o","twitter_card":"summary_large_image","twitter_creator":"@Notibras","twitter_site":"@Notibras","twitter_misc":{"Escrito por":"Reda\u00e7\u00e3o","Est. tempo de leitura":"4 minutos"},"schema":{"@context":"https:\/\/schema.org","@graph":[{"@type":"Article","@id":"https:\/\/www.notibras.com\/site\/apenas-17-de-creches-e-pre-escolas-tem-itens-basicos\/#article","isPartOf":{"@id":"https:\/\/www.notibras.com\/site\/apenas-17-de-creches-e-pre-escolas-tem-itens-basicos\/"},"author":{"name":"Reda\u00e7\u00e3o","@id":"https:\/\/www.notibras.com\/site\/#\/schema\/person\/36ab0979449956132d3e5b517ea76ac8"},"headline":"Apenas 17% de creches e pr\u00e9-escolas t\u00eam itens b\u00e1sicos","datePublished":"2026-04-29T03:05:30+00:00","dateModified":"2026-04-29T11:07:30+00:00","mainEntityOfPage":{"@id":"https:\/\/www.notibras.com\/site\/apenas-17-de-creches-e-pre-escolas-tem-itens-basicos\/"},"wordCount":703,"publisher":{"@id":"https:\/\/www.notibras.com\/site\/#organization"},"image":{"@id":"https:\/\/www.notibras.com\/site\/apenas-17-de-creches-e-pre-escolas-tem-itens-basicos\/#primaryimage"},"thumbnailUrl":"https:\/\/www.notibras.com\/site\/wp-content\/uploads\/2026\/04\/rbr4208_0-1.webp","articleSection":["Leitura Vip"],"inLanguage":"pt-BR"},{"@type":"WebPage","@id":"https:\/\/www.notibras.com\/site\/apenas-17-de-creches-e-pre-escolas-tem-itens-basicos\/","url":"https:\/\/www.notibras.com\/site\/apenas-17-de-creches-e-pre-escolas-tem-itens-basicos\/","name":"Apenas 17% de creches e pr\u00e9-escolas t\u00eam itens b\u00e1sicos - Notibras","isPartOf":{"@id":"https:\/\/www.notibras.com\/site\/#website"},"primaryImageOfPage":{"@id":"https:\/\/www.notibras.com\/site\/apenas-17-de-creches-e-pre-escolas-tem-itens-basicos\/#primaryimage"},"image":{"@id":"https:\/\/www.notibras.com\/site\/apenas-17-de-creches-e-pre-escolas-tem-itens-basicos\/#primaryimage"},"thumbnailUrl":"https:\/\/www.notibras.com\/site\/wp-content\/uploads\/2026\/04\/rbr4208_0-1.webp","datePublished":"2026-04-29T03:05:30+00:00","dateModified":"2026-04-29T11:07:30+00:00","breadcrumb":{"@id":"https:\/\/www.notibras.com\/site\/apenas-17-de-creches-e-pre-escolas-tem-itens-basicos\/#breadcrumb"},"inLanguage":"pt-BR","potentialAction":[{"@type":"ReadAction","target":["https:\/\/www.notibras.com\/site\/apenas-17-de-creches-e-pre-escolas-tem-itens-basicos\/"]}]},{"@type":"ImageObject","inLanguage":"pt-BR","@id":"https:\/\/www.notibras.com\/site\/apenas-17-de-creches-e-pre-escolas-tem-itens-basicos\/#primaryimage","url":"https:\/\/www.notibras.com\/site\/wp-content\/uploads\/2026\/04\/rbr4208_0-1.webp","contentUrl":"https:\/\/www.notibras.com\/site\/wp-content\/uploads\/2026\/04\/rbr4208_0-1.webp","width":1170,"height":700},{"@type":"BreadcrumbList","@id":"https:\/\/www.notibras.com\/site\/apenas-17-de-creches-e-pre-escolas-tem-itens-basicos\/#breadcrumb","itemListElement":[{"@type":"ListItem","position":1,"name":"In\u00edcio","item":"https:\/\/www.notibras.com\/site\/"},{"@type":"ListItem","position":2,"name":"Apenas 17% de creches e pr\u00e9-escolas t\u00eam itens b\u00e1sicos"}]},{"@type":"WebSite","@id":"https:\/\/www.notibras.com\/site\/#website","url":"https:\/\/www.notibras.com\/site\/","name":"Notibras","description":"Not\u00edcias de Bras\u00edlia, do Brasil e do Mundo","publisher":{"@id":"https:\/\/www.notibras.com\/site\/#organization"},"potentialAction":[{"@type":"SearchAction","target":{"@type":"EntryPoint","urlTemplate":"https:\/\/www.notibras.com\/site\/?s={search_term_string}"},"query-input":{"@type":"PropertyValueSpecification","valueRequired":true,"valueName":"search_term_string"}}],"inLanguage":"pt-BR"},{"@type":"Organization","@id":"https:\/\/www.notibras.com\/site\/#organization","name":"Grupo Notibras de Comunica\u00e7\u00e3o","url":"https:\/\/www.notibras.com\/site\/","logo":{"@type":"ImageObject","inLanguage":"pt-BR","@id":"https:\/\/www.notibras.com\/site\/#\/schema\/logo\/image\/","url":"https:\/\/www.notibras.com\/site\/wp-content\/uploads\/2023\/01\/notibras23.png","contentUrl":"https:\/\/www.notibras.com\/site\/wp-content\/uploads\/2023\/01\/notibras23.png","width":350,"height":87,"caption":"Grupo Notibras de Comunica\u00e7\u00e3o"},"image":{"@id":"https:\/\/www.notibras.com\/site\/#\/schema\/logo\/image\/"},"sameAs":["https:\/\/www.facebook.com\/notibras\/","https:\/\/x.com\/Notibras","https:\/\/www.instagram.com\/notibras\/"]},{"@type":"Person","@id":"https:\/\/www.notibras.com\/site\/#\/schema\/person\/36ab0979449956132d3e5b517ea76ac8","name":"Reda\u00e7\u00e3o","image":{"@type":"ImageObject","inLanguage":"pt-BR","@id":"https:\/\/secure.gravatar.com\/avatar\/e0a867bdedb85fd243eadf09663511f96fc81e0720a4a42581f334ad4303aa6b?s=96&d=mm&r=g","url":"https:\/\/secure.gravatar.com\/avatar\/e0a867bdedb85fd243eadf09663511f96fc81e0720a4a42581f334ad4303aa6b?s=96&d=mm&r=g","contentUrl":"https:\/\/secure.gravatar.com\/avatar\/e0a867bdedb85fd243eadf09663511f96fc81e0720a4a42581f334ad4303aa6b?s=96&d=mm&r=g","caption":"Reda\u00e7\u00e3o"}}]}},"amp_enabled":true,"_links":{"self":[{"href":"https:\/\/www.notibras.com\/site\/wp-json\/wp\/v2\/posts\/392951","targetHints":{"allow":["GET"]}}],"collection":[{"href":"https:\/\/www.notibras.com\/site\/wp-json\/wp\/v2\/posts"}],"about":[{"href":"https:\/\/www.notibras.com\/site\/wp-json\/wp\/v2\/types\/post"}],"author":[{"embeddable":true,"href":"https:\/\/www.notibras.com\/site\/wp-json\/wp\/v2\/users\/2"}],"replies":[{"embeddable":true,"href":"https:\/\/www.notibras.com\/site\/wp-json\/wp\/v2\/comments?post=392951"}],"version-history":[{"count":1,"href":"https:\/\/www.notibras.com\/site\/wp-json\/wp\/v2\/posts\/392951\/revisions"}],"predecessor-version":[{"id":392953,"href":"https:\/\/www.notibras.com\/site\/wp-json\/wp\/v2\/posts\/392951\/revisions\/392953"}],"wp:featuredmedia":[{"embeddable":true,"href":"https:\/\/www.notibras.com\/site\/wp-json\/wp\/v2\/media\/392952"}],"wp:attachment":[{"href":"https:\/\/www.notibras.com\/site\/wp-json\/wp\/v2\/media?parent=392951"}],"wp:term":[{"taxonomy":"category","embeddable":true,"href":"https:\/\/www.notibras.com\/site\/wp-json\/wp\/v2\/categories?post=392951"},{"taxonomy":"post_tag","embeddable":true,"href":"https:\/\/www.notibras.com\/site\/wp-json\/wp\/v2\/tags?post=392951"}],"curies":[{"name":"wp","href":"https:\/\/api.w.org\/{rel}","templated":true}]}}