{"id":392961,"date":"2026-04-29T08:31:47","date_gmt":"2026-04-29T11:31:47","guid":{"rendered":"https:\/\/www.notibras.com\/site\/?p=392961"},"modified":"2026-04-29T08:41:07","modified_gmt":"2026-04-29T11:41:07","slug":"acm-neto-sai-na-frente-na-disputa-pelo-governo","status":"publish","type":"post","link":"https:\/\/www.notibras.com\/site\/acm-neto-sai-na-frente-na-disputa-pelo-governo\/","title":{"rendered":"ACM Neto sai na frente na disputa pelo governo"},"content":{"rendered":"<p>Uma pesquisa Genial\/Quaest sobre a disputa eleitoral da Bahia, divulgada nesta quarta-feira (29), indica que o ex-prefeito de Salvador ACM Neto (Uni\u00e3o Brasil) aparece numericamente \u00e0 frente do atual governador Jer\u00f4nimo Rodrigues (PT) na disputa pelo Pal\u00e1cio de Ondina.<\/p>\n<p>Embora configurem empate t\u00e9cnico, os n\u00fameros indicam que ACM Neto lidera tanto nas simula\u00e7\u00f5es de primeiro quanto de segundo turno. No cen\u00e1rio estimulado, o ex-prefeito registra 41% das inten\u00e7\u00f5es de voto, contra 37% de Jer\u00f4nimo. Ronaldo Mansur (PSOL) aparece com 1%, enquanto Jos\u00e9 Estev\u00e3o (DC) n\u00e3o pontua. Indecisos somam 10%, e outros 10% declaram voto branco ou nulo.<\/p>\n<p>Na proje\u00e7\u00e3o de segundo turno, ACM Neto tamb\u00e9m mant\u00e9m vantagem, com 41% das prefer\u00eancias, ante 38% do governador. Nesse cen\u00e1rio, 12% est\u00e3o indecisos e 9% afirmam que votariam em branco ou nulo \u2014 n\u00fameros que, ainda dentro da margem de erro, mant\u00eam o quadro de empate t\u00e9cnico, mas com dianteira do ex-prefeito.<\/p>\n<p>O levantamento tamb\u00e9m avaliou a disputa ao Senado, na qual os petistas Rui Costa e Jacques Wagner lideram com 24% e 22%, respectivamente. Eles aparecem \u00e0 frente de Jo\u00e3o Roma (PL), com 9%, e Angelo Coronel (Republicanos), com 6%. Delliana Ricelli (PSOL) tem 1%, enquanto Marcelo Santtana (DC) n\u00e3o pontuou. Indecisos somam 16%, e 22% pretendem votar em branco ou nulo.<\/p>\n<p>A pesquisa ouviu 1.200 eleitores entre os dias 23 e 27 de abril, tem margem de erro de tr\u00eas pontos percentuais e n\u00edvel de confian\u00e7a de 95%. O levantamento est\u00e1 registrado no Tribunal Superior Eleitoral (TSE) sob o c\u00f3digo BA-03657\/2026.<\/p>\n","protected":false},"excerpt":{"rendered":"<p>Uma pesquisa Genial\/Quaest sobre a disputa eleitoral da Bahia, divulgada nesta quarta-feira (29), indica que o ex-prefeito de Salvador ACM Neto (Uni\u00e3o Brasil) aparece numericamente \u00e0 frente do atual governador Jer\u00f4nimo Rodrigues (PT) na disputa pelo Pal\u00e1cio de Ondina. Embora configurem empate t\u00e9cnico, os n\u00fameros indicam que ACM Neto lidera tanto nas simula\u00e7\u00f5es de primeiro [&hellip;]<\/p>\n","protected":false},"author":2,"featured_media":233760,"comment_status":"closed","ping_status":"closed","sticky":false,"template":"","format":"standard","meta":{"_acf_changed":false,"footnotes":""},"categories":[165],"tags":[],"class_list":["post-392961","post","type-post","status-publish","format-standard","has-post-thumbnail","hentry","category-nordeste"],"acf":[],"yoast_head":"<!-- This site is optimized with the Yoast SEO plugin v27.2 - https:\/\/yoast.com\/product\/yoast-seo-wordpress\/ -->\n<title>ACM Neto sai na frente na disputa pelo governo - Notibras<\/title>\n<meta name=\"robots\" content=\"index, follow, max-snippet:-1, max-image-preview:large, max-video-preview:-1\" \/>\n<link rel=\"canonical\" href=\"https:\/\/www.notibras.com\/site\/acm-neto-sai-na-frente-na-disputa-pelo-governo\/\" \/>\n<meta property=\"og:locale\" content=\"pt_BR\" \/>\n<meta property=\"og:type\" content=\"article\" \/>\n<meta property=\"og:title\" content=\"ACM Neto sai na frente na disputa pelo governo - Notibras\" \/>\n<meta property=\"og:description\" content=\"Uma pesquisa Genial\/Quaest sobre a disputa eleitoral da Bahia, divulgada nesta quarta-feira (29), indica que o ex-prefeito de Salvador ACM Neto (Uni\u00e3o Brasil) aparece numericamente \u00e0 frente do atual governador Jer\u00f4nimo Rodrigues (PT) na disputa pelo Pal\u00e1cio de Ondina. Embora configurem empate t\u00e9cnico, os n\u00fameros indicam que ACM Neto lidera tanto nas simula\u00e7\u00f5es de primeiro [&hellip;]\" \/>\n<meta property=\"og:url\" content=\"https:\/\/www.notibras.com\/site\/acm-neto-sai-na-frente-na-disputa-pelo-governo\/\" \/>\n<meta property=\"og:site_name\" content=\"Notibras\" \/>\n<meta property=\"article:publisher\" content=\"https:\/\/www.facebook.com\/notibras\/\" \/>\n<meta property=\"article:published_time\" content=\"2026-04-29T11:31:47+00:00\" \/>\n<meta property=\"article:modified_time\" content=\"2026-04-29T11:41:07+00:00\" \/>\n<meta property=\"og:image\" content=\"https:\/\/www.notibras.com\/site\/wp-content\/uploads\/2020\/06\/ACM-neto-14.jpg\" \/>\n\t<meta property=\"og:image:width\" content=\"940\" \/>\n\t<meta property=\"og:image:height\" content=\"627\" \/>\n\t<meta property=\"og:image:type\" content=\"image\/jpeg\" \/>\n<meta name=\"author\" content=\"Reda\u00e7\u00e3o\" \/>\n<meta name=\"twitter:card\" content=\"summary_large_image\" \/>\n<meta name=\"twitter:creator\" content=\"@Notibras\" \/>\n<meta name=\"twitter:site\" content=\"@Notibras\" \/>\n<meta name=\"twitter:label1\" content=\"Escrito por\" \/>\n\t<meta name=\"twitter:data1\" content=\"Reda\u00e7\u00e3o\" \/>\n\t<meta name=\"twitter:label2\" content=\"Est. tempo de leitura\" \/>\n\t<meta name=\"twitter:data2\" content=\"2 minutos\" \/>\n<script type=\"application\/ld+json\" class=\"yoast-schema-graph\">{\"@context\":\"https:\/\/schema.org\",\"@graph\":[{\"@type\":\"Article\",\"@id\":\"https:\/\/www.notibras.com\/site\/acm-neto-sai-na-frente-na-disputa-pelo-governo\/#article\",\"isPartOf\":{\"@id\":\"https:\/\/www.notibras.com\/site\/acm-neto-sai-na-frente-na-disputa-pelo-governo\/\"},\"author\":{\"name\":\"Reda\u00e7\u00e3o\",\"@id\":\"https:\/\/www.notibras.com\/site\/#\/schema\/person\/36ab0979449956132d3e5b517ea76ac8\"},\"headline\":\"ACM Neto sai na frente na disputa pelo governo\",\"datePublished\":\"2026-04-29T11:31:47+00:00\",\"dateModified\":\"2026-04-29T11:41:07+00:00\",\"mainEntityOfPage\":{\"@id\":\"https:\/\/www.notibras.com\/site\/acm-neto-sai-na-frente-na-disputa-pelo-governo\/\"},\"wordCount\":263,\"publisher\":{\"@id\":\"https:\/\/www.notibras.com\/site\/#organization\"},\"image\":{\"@id\":\"https:\/\/www.notibras.com\/site\/acm-neto-sai-na-frente-na-disputa-pelo-governo\/#primaryimage\"},\"thumbnailUrl\":\"https:\/\/www.notibras.com\/site\/wp-content\/uploads\/2020\/06\/ACM-neto-14.jpg\",\"articleSection\":[\"Nordeste\"],\"inLanguage\":\"pt-BR\"},{\"@type\":\"WebPage\",\"@id\":\"https:\/\/www.notibras.com\/site\/acm-neto-sai-na-frente-na-disputa-pelo-governo\/\",\"url\":\"https:\/\/www.notibras.com\/site\/acm-neto-sai-na-frente-na-disputa-pelo-governo\/\",\"name\":\"ACM Neto sai na frente na disputa pelo governo - Notibras\",\"isPartOf\":{\"@id\":\"https:\/\/www.notibras.com\/site\/#website\"},\"primaryImageOfPage\":{\"@id\":\"https:\/\/www.notibras.com\/site\/acm-neto-sai-na-frente-na-disputa-pelo-governo\/#primaryimage\"},\"image\":{\"@id\":\"https:\/\/www.notibras.com\/site\/acm-neto-sai-na-frente-na-disputa-pelo-governo\/#primaryimage\"},\"thumbnailUrl\":\"https:\/\/www.notibras.com\/site\/wp-content\/uploads\/2020\/06\/ACM-neto-14.jpg\",\"datePublished\":\"2026-04-29T11:31:47+00:00\",\"dateModified\":\"2026-04-29T11:41:07+00:00\",\"breadcrumb\":{\"@id\":\"https:\/\/www.notibras.com\/site\/acm-neto-sai-na-frente-na-disputa-pelo-governo\/#breadcrumb\"},\"inLanguage\":\"pt-BR\",\"potentialAction\":[{\"@type\":\"ReadAction\",\"target\":[\"https:\/\/www.notibras.com\/site\/acm-neto-sai-na-frente-na-disputa-pelo-governo\/\"]}]},{\"@type\":\"ImageObject\",\"inLanguage\":\"pt-BR\",\"@id\":\"https:\/\/www.notibras.com\/site\/acm-neto-sai-na-frente-na-disputa-pelo-governo\/#primaryimage\",\"url\":\"https:\/\/www.notibras.com\/site\/wp-content\/uploads\/2020\/06\/ACM-neto-14.jpg\",\"contentUrl\":\"https:\/\/www.notibras.com\/site\/wp-content\/uploads\/2020\/06\/ACM-neto-14.jpg\",\"width\":940,\"height\":627},{\"@type\":\"BreadcrumbList\",\"@id\":\"https:\/\/www.notibras.com\/site\/acm-neto-sai-na-frente-na-disputa-pelo-governo\/#breadcrumb\",\"itemListElement\":[{\"@type\":\"ListItem\",\"position\":1,\"name\":\"In\u00edcio\",\"item\":\"https:\/\/www.notibras.com\/site\/\"},{\"@type\":\"ListItem\",\"position\":2,\"name\":\"ACM Neto sai na frente na disputa pelo governo\"}]},{\"@type\":\"WebSite\",\"@id\":\"https:\/\/www.notibras.com\/site\/#website\",\"url\":\"https:\/\/www.notibras.com\/site\/\",\"name\":\"Notibras\",\"description\":\"Not\u00edcias de Bras\u00edlia, do Brasil e do Mundo\",\"publisher\":{\"@id\":\"https:\/\/www.notibras.com\/site\/#organization\"},\"potentialAction\":[{\"@type\":\"SearchAction\",\"target\":{\"@type\":\"EntryPoint\",\"urlTemplate\":\"https:\/\/www.notibras.com\/site\/?s={search_term_string}\"},\"query-input\":{\"@type\":\"PropertyValueSpecification\",\"valueRequired\":true,\"valueName\":\"search_term_string\"}}],\"inLanguage\":\"pt-BR\"},{\"@type\":\"Organization\",\"@id\":\"https:\/\/www.notibras.com\/site\/#organization\",\"name\":\"Grupo Notibras de Comunica\u00e7\u00e3o\",\"url\":\"https:\/\/www.notibras.com\/site\/\",\"logo\":{\"@type\":\"ImageObject\",\"inLanguage\":\"pt-BR\",\"@id\":\"https:\/\/www.notibras.com\/site\/#\/schema\/logo\/image\/\",\"url\":\"https:\/\/www.notibras.com\/site\/wp-content\/uploads\/2023\/01\/notibras23.png\",\"contentUrl\":\"https:\/\/www.notibras.com\/site\/wp-content\/uploads\/2023\/01\/notibras23.png\",\"width\":350,\"height\":87,\"caption\":\"Grupo Notibras de Comunica\u00e7\u00e3o\"},\"image\":{\"@id\":\"https:\/\/www.notibras.com\/site\/#\/schema\/logo\/image\/\"},\"sameAs\":[\"https:\/\/www.facebook.com\/notibras\/\",\"https:\/\/x.com\/Notibras\",\"https:\/\/www.instagram.com\/notibras\/\"]},{\"@type\":\"Person\",\"@id\":\"https:\/\/www.notibras.com\/site\/#\/schema\/person\/36ab0979449956132d3e5b517ea76ac8\",\"name\":\"Reda\u00e7\u00e3o\",\"image\":{\"@type\":\"ImageObject\",\"inLanguage\":\"pt-BR\",\"@id\":\"https:\/\/secure.gravatar.com\/avatar\/e0a867bdedb85fd243eadf09663511f96fc81e0720a4a42581f334ad4303aa6b?s=96&d=mm&r=g\",\"url\":\"https:\/\/secure.gravatar.com\/avatar\/e0a867bdedb85fd243eadf09663511f96fc81e0720a4a42581f334ad4303aa6b?s=96&d=mm&r=g\",\"contentUrl\":\"https:\/\/secure.gravatar.com\/avatar\/e0a867bdedb85fd243eadf09663511f96fc81e0720a4a42581f334ad4303aa6b?s=96&d=mm&r=g\",\"caption\":\"Reda\u00e7\u00e3o\"}}]}<\/script>\n<!-- \/ Yoast SEO plugin. -->","yoast_head_json":{"title":"ACM Neto sai na frente na disputa pelo governo - Notibras","robots":{"index":"index","follow":"follow","max-snippet":"max-snippet:-1","max-image-preview":"max-image-preview:large","max-video-preview":"max-video-preview:-1"},"canonical":"https:\/\/www.notibras.com\/site\/acm-neto-sai-na-frente-na-disputa-pelo-governo\/","og_locale":"pt_BR","og_type":"article","og_title":"ACM Neto sai na frente na disputa pelo governo - Notibras","og_description":"Uma pesquisa Genial\/Quaest sobre a disputa eleitoral da Bahia, divulgada nesta quarta-feira (29), indica que o ex-prefeito de Salvador ACM Neto (Uni\u00e3o Brasil) aparece numericamente \u00e0 frente do atual governador Jer\u00f4nimo Rodrigues (PT) na disputa pelo Pal\u00e1cio de Ondina. Embora configurem empate t\u00e9cnico, os n\u00fameros indicam que ACM Neto lidera tanto nas simula\u00e7\u00f5es de primeiro [&hellip;]","og_url":"https:\/\/www.notibras.com\/site\/acm-neto-sai-na-frente-na-disputa-pelo-governo\/","og_site_name":"Notibras","article_publisher":"https:\/\/www.facebook.com\/notibras\/","article_published_time":"2026-04-29T11:31:47+00:00","article_modified_time":"2026-04-29T11:41:07+00:00","og_image":[{"width":940,"height":627,"url":"https:\/\/www.notibras.com\/site\/wp-content\/uploads\/2020\/06\/ACM-neto-14.jpg","type":"image\/jpeg"}],"author":"Reda\u00e7\u00e3o","twitter_card":"summary_large_image","twitter_creator":"@Notibras","twitter_site":"@Notibras","twitter_misc":{"Escrito por":"Reda\u00e7\u00e3o","Est. tempo de leitura":"2 minutos"},"schema":{"@context":"https:\/\/schema.org","@graph":[{"@type":"Article","@id":"https:\/\/www.notibras.com\/site\/acm-neto-sai-na-frente-na-disputa-pelo-governo\/#article","isPartOf":{"@id":"https:\/\/www.notibras.com\/site\/acm-neto-sai-na-frente-na-disputa-pelo-governo\/"},"author":{"name":"Reda\u00e7\u00e3o","@id":"https:\/\/www.notibras.com\/site\/#\/schema\/person\/36ab0979449956132d3e5b517ea76ac8"},"headline":"ACM Neto sai na frente na disputa pelo governo","datePublished":"2026-04-29T11:31:47+00:00","dateModified":"2026-04-29T11:41:07+00:00","mainEntityOfPage":{"@id":"https:\/\/www.notibras.com\/site\/acm-neto-sai-na-frente-na-disputa-pelo-governo\/"},"wordCount":263,"publisher":{"@id":"https:\/\/www.notibras.com\/site\/#organization"},"image":{"@id":"https:\/\/www.notibras.com\/site\/acm-neto-sai-na-frente-na-disputa-pelo-governo\/#primaryimage"},"thumbnailUrl":"https:\/\/www.notibras.com\/site\/wp-content\/uploads\/2020\/06\/ACM-neto-14.jpg","articleSection":["Nordeste"],"inLanguage":"pt-BR"},{"@type":"WebPage","@id":"https:\/\/www.notibras.com\/site\/acm-neto-sai-na-frente-na-disputa-pelo-governo\/","url":"https:\/\/www.notibras.com\/site\/acm-neto-sai-na-frente-na-disputa-pelo-governo\/","name":"ACM Neto sai na frente na disputa pelo governo - Notibras","isPartOf":{"@id":"https:\/\/www.notibras.com\/site\/#website"},"primaryImageOfPage":{"@id":"https:\/\/www.notibras.com\/site\/acm-neto-sai-na-frente-na-disputa-pelo-governo\/#primaryimage"},"image":{"@id":"https:\/\/www.notibras.com\/site\/acm-neto-sai-na-frente-na-disputa-pelo-governo\/#primaryimage"},"thumbnailUrl":"https:\/\/www.notibras.com\/site\/wp-content\/uploads\/2020\/06\/ACM-neto-14.jpg","datePublished":"2026-04-29T11:31:47+00:00","dateModified":"2026-04-29T11:41:07+00:00","breadcrumb":{"@id":"https:\/\/www.notibras.com\/site\/acm-neto-sai-na-frente-na-disputa-pelo-governo\/#breadcrumb"},"inLanguage":"pt-BR","potentialAction":[{"@type":"ReadAction","target":["https:\/\/www.notibras.com\/site\/acm-neto-sai-na-frente-na-disputa-pelo-governo\/"]}]},{"@type":"ImageObject","inLanguage":"pt-BR","@id":"https:\/\/www.notibras.com\/site\/acm-neto-sai-na-frente-na-disputa-pelo-governo\/#primaryimage","url":"https:\/\/www.notibras.com\/site\/wp-content\/uploads\/2020\/06\/ACM-neto-14.jpg","contentUrl":"https:\/\/www.notibras.com\/site\/wp-content\/uploads\/2020\/06\/ACM-neto-14.jpg","width":940,"height":627},{"@type":"BreadcrumbList","@id":"https:\/\/www.notibras.com\/site\/acm-neto-sai-na-frente-na-disputa-pelo-governo\/#breadcrumb","itemListElement":[{"@type":"ListItem","position":1,"name":"In\u00edcio","item":"https:\/\/www.notibras.com\/site\/"},{"@type":"ListItem","position":2,"name":"ACM Neto sai na frente na disputa pelo governo"}]},{"@type":"WebSite","@id":"https:\/\/www.notibras.com\/site\/#website","url":"https:\/\/www.notibras.com\/site\/","name":"Notibras","description":"Not\u00edcias de Bras\u00edlia, do Brasil e do Mundo","publisher":{"@id":"https:\/\/www.notibras.com\/site\/#organization"},"potentialAction":[{"@type":"SearchAction","target":{"@type":"EntryPoint","urlTemplate":"https:\/\/www.notibras.com\/site\/?s={search_term_string}"},"query-input":{"@type":"PropertyValueSpecification","valueRequired":true,"valueName":"search_term_string"}}],"inLanguage":"pt-BR"},{"@type":"Organization","@id":"https:\/\/www.notibras.com\/site\/#organization","name":"Grupo Notibras de Comunica\u00e7\u00e3o","url":"https:\/\/www.notibras.com\/site\/","logo":{"@type":"ImageObject","inLanguage":"pt-BR","@id":"https:\/\/www.notibras.com\/site\/#\/schema\/logo\/image\/","url":"https:\/\/www.notibras.com\/site\/wp-content\/uploads\/2023\/01\/notibras23.png","contentUrl":"https:\/\/www.notibras.com\/site\/wp-content\/uploads\/2023\/01\/notibras23.png","width":350,"height":87,"caption":"Grupo Notibras de Comunica\u00e7\u00e3o"},"image":{"@id":"https:\/\/www.notibras.com\/site\/#\/schema\/logo\/image\/"},"sameAs":["https:\/\/www.facebook.com\/notibras\/","https:\/\/x.com\/Notibras","https:\/\/www.instagram.com\/notibras\/"]},{"@type":"Person","@id":"https:\/\/www.notibras.com\/site\/#\/schema\/person\/36ab0979449956132d3e5b517ea76ac8","name":"Reda\u00e7\u00e3o","image":{"@type":"ImageObject","inLanguage":"pt-BR","@id":"https:\/\/secure.gravatar.com\/avatar\/e0a867bdedb85fd243eadf09663511f96fc81e0720a4a42581f334ad4303aa6b?s=96&d=mm&r=g","url":"https:\/\/secure.gravatar.com\/avatar\/e0a867bdedb85fd243eadf09663511f96fc81e0720a4a42581f334ad4303aa6b?s=96&d=mm&r=g","contentUrl":"https:\/\/secure.gravatar.com\/avatar\/e0a867bdedb85fd243eadf09663511f96fc81e0720a4a42581f334ad4303aa6b?s=96&d=mm&r=g","caption":"Reda\u00e7\u00e3o"}}]}},"amp_enabled":true,"_links":{"self":[{"href":"https:\/\/www.notibras.com\/site\/wp-json\/wp\/v2\/posts\/392961","targetHints":{"allow":["GET"]}}],"collection":[{"href":"https:\/\/www.notibras.com\/site\/wp-json\/wp\/v2\/posts"}],"about":[{"href":"https:\/\/www.notibras.com\/site\/wp-json\/wp\/v2\/types\/post"}],"author":[{"embeddable":true,"href":"https:\/\/www.notibras.com\/site\/wp-json\/wp\/v2\/users\/2"}],"replies":[{"embeddable":true,"href":"https:\/\/www.notibras.com\/site\/wp-json\/wp\/v2\/comments?post=392961"}],"version-history":[{"count":1,"href":"https:\/\/www.notibras.com\/site\/wp-json\/wp\/v2\/posts\/392961\/revisions"}],"predecessor-version":[{"id":392962,"href":"https:\/\/www.notibras.com\/site\/wp-json\/wp\/v2\/posts\/392961\/revisions\/392962"}],"wp:featuredmedia":[{"embeddable":true,"href":"https:\/\/www.notibras.com\/site\/wp-json\/wp\/v2\/media\/233760"}],"wp:attachment":[{"href":"https:\/\/www.notibras.com\/site\/wp-json\/wp\/v2\/media?parent=392961"}],"wp:term":[{"taxonomy":"category","embeddable":true,"href":"https:\/\/www.notibras.com\/site\/wp-json\/wp\/v2\/categories?post=392961"},{"taxonomy":"post_tag","embeddable":true,"href":"https:\/\/www.notibras.com\/site\/wp-json\/wp\/v2\/tags?post=392961"}],"curies":[{"name":"wp","href":"https:\/\/api.w.org\/{rel}","templated":true}]}}