{"id":392963,"date":"2026-04-29T08:00:11","date_gmt":"2026-04-29T11:00:11","guid":{"rendered":"https:\/\/www.notibras.com\/site\/?p=392963"},"modified":"2026-04-29T08:42:58","modified_gmt":"2026-04-29T11:42:58","slug":"joao-campos-lidera-disputa-pelo-governo-contra-raquel","status":"publish","type":"post","link":"https:\/\/www.notibras.com\/site\/joao-campos-lidera-disputa-pelo-governo-contra-raquel\/","title":{"rendered":"Jo\u00e3o Campos lidera disputa pelo governo contra Raquel"},"content":{"rendered":"<p>O mais recente levantamento da Genial\/Quaest sobre a disputa pelo governo de Pernambuco mostra que o ex-prefeito do Recife, Jo\u00e3o Campos (PSB), lidera a corrida contra a atual titular do cargo, Raquel Lyra (PSD), que tenta a reelei\u00e3o.<\/p>\n<p>Campos aparece na frente de no primeiro turno por 42% a 34% dos votos no cen\u00e1rio estimulado. No segundo turno, o ex-prefeito tem 46% e Raquel, 38%, com 8% de indecisos e 8% que pretendem votar branco, anular o voto ou n\u00e3o ir votar.<\/p>\n<p>A pesquisa ouviu 900 moradores de Pernambuco entre os dias 22 e 26 de abril. A margem de erro \u00e9 de tr\u00eas pontos porcentuais, e o n\u00edvel de confian\u00e7a \u00e9 de 95%. O levantamento est\u00e1 registrado no Tribunal Superior Eleitoral (TSE) sob o c\u00f3digo PE-08904\/2026.<\/p>\n<p>O mesmo levantamento indica um cen\u00e1rio embolado na disputa pelas duas cadeiras do Senado. Mar\u00edlia Arraes (PDT) lidera o cen\u00e1rio estimulado com o maior n\u00famero de op\u00e7\u00f5es de voto, com 18% de men\u00e7\u00f5es. Humberto Costa (PT), Miguel Coelho (Uni\u00e3o Brasil) e Mendon\u00e7a Filho (PL) est\u00e3o numa briga ferrenha. Costa tem 12%, Coelho, 10% e Mendon\u00e7a Filho, 8%.<\/p>\n<p>O petista est\u00e1 empatado com Mar\u00edlia Arraes no limite da margem de erro, de tr\u00eas pontos porcentuais. Al\u00e9m disso, Costa, Coelho e Filho tamb\u00e9m est\u00e3o em empate t\u00e9cnico.<\/p>\n","protected":false},"excerpt":{"rendered":"<p>O mais recente levantamento da Genial\/Quaest sobre a disputa pelo governo de Pernambuco mostra que o ex-prefeito do Recife, Jo\u00e3o Campos (PSB), lidera a corrida contra a atual titular do cargo, Raquel Lyra (PSD), que tenta a reelei\u00e3o. Campos aparece na frente de no primeiro turno por 42% a 34% dos votos no cen\u00e1rio estimulado. [&hellip;]<\/p>\n","protected":false},"author":2,"featured_media":339890,"comment_status":"closed","ping_status":"closed","sticky":false,"template":"","format":"standard","meta":{"_acf_changed":false,"footnotes":""},"categories":[165],"tags":[],"class_list":["post-392963","post","type-post","status-publish","format-standard","has-post-thumbnail","hentry","category-nordeste"],"acf":[],"yoast_head":"<!-- This site is optimized with the Yoast SEO plugin v27.2 - https:\/\/yoast.com\/product\/yoast-seo-wordpress\/ -->\n<title>Jo\u00e3o Campos lidera disputa pelo governo contra Raquel - Notibras<\/title>\n<meta name=\"robots\" content=\"index, follow, max-snippet:-1, max-image-preview:large, max-video-preview:-1\" \/>\n<link rel=\"canonical\" href=\"https:\/\/www.notibras.com\/site\/joao-campos-lidera-disputa-pelo-governo-contra-raquel\/\" \/>\n<meta property=\"og:locale\" content=\"pt_BR\" \/>\n<meta property=\"og:type\" content=\"article\" \/>\n<meta property=\"og:title\" content=\"Jo\u00e3o Campos lidera disputa pelo governo contra Raquel - Notibras\" \/>\n<meta property=\"og:description\" content=\"O mais recente levantamento da Genial\/Quaest sobre a disputa pelo governo de Pernambuco mostra que o ex-prefeito do Recife, Jo\u00e3o Campos (PSB), lidera a corrida contra a atual titular do cargo, Raquel Lyra (PSD), que tenta a reelei\u00e3o. Campos aparece na frente de no primeiro turno por 42% a 34% dos votos no cen\u00e1rio estimulado. [&hellip;]\" \/>\n<meta property=\"og:url\" content=\"https:\/\/www.notibras.com\/site\/joao-campos-lidera-disputa-pelo-governo-contra-raquel\/\" \/>\n<meta property=\"og:site_name\" content=\"Notibras\" \/>\n<meta property=\"article:publisher\" content=\"https:\/\/www.facebook.com\/notibras\/\" \/>\n<meta property=\"article:published_time\" content=\"2026-04-29T11:00:11+00:00\" \/>\n<meta property=\"article:modified_time\" content=\"2026-04-29T11:42:58+00:00\" \/>\n<meta property=\"og:image\" content=\"https:\/\/www.notibras.com\/site\/wp-content\/uploads\/2024\/11\/joaocampos.c25f937e-6b9f-4509-a407-35ca78c15c44.jpeg\" \/>\n\t<meta property=\"og:image:width\" content=\"806\" \/>\n\t<meta property=\"og:image:height\" content=\"443\" \/>\n\t<meta property=\"og:image:type\" content=\"image\/jpeg\" \/>\n<meta name=\"author\" content=\"Reda\u00e7\u00e3o\" \/>\n<meta name=\"twitter:card\" content=\"summary_large_image\" \/>\n<meta name=\"twitter:creator\" content=\"@Notibras\" \/>\n<meta name=\"twitter:site\" content=\"@Notibras\" \/>\n<meta name=\"twitter:label1\" content=\"Escrito por\" \/>\n\t<meta name=\"twitter:data1\" content=\"Reda\u00e7\u00e3o\" \/>\n\t<meta name=\"twitter:label2\" content=\"Est. tempo de leitura\" \/>\n\t<meta name=\"twitter:data2\" content=\"2 minutos\" \/>\n<script type=\"application\/ld+json\" class=\"yoast-schema-graph\">{\"@context\":\"https:\/\/schema.org\",\"@graph\":[{\"@type\":\"Article\",\"@id\":\"https:\/\/www.notibras.com\/site\/joao-campos-lidera-disputa-pelo-governo-contra-raquel\/#article\",\"isPartOf\":{\"@id\":\"https:\/\/www.notibras.com\/site\/joao-campos-lidera-disputa-pelo-governo-contra-raquel\/\"},\"author\":{\"name\":\"Reda\u00e7\u00e3o\",\"@id\":\"https:\/\/www.notibras.com\/site\/#\/schema\/person\/36ab0979449956132d3e5b517ea76ac8\"},\"headline\":\"Jo\u00e3o Campos lidera disputa pelo governo contra Raquel\",\"datePublished\":\"2026-04-29T11:00:11+00:00\",\"dateModified\":\"2026-04-29T11:42:58+00:00\",\"mainEntityOfPage\":{\"@id\":\"https:\/\/www.notibras.com\/site\/joao-campos-lidera-disputa-pelo-governo-contra-raquel\/\"},\"wordCount\":230,\"publisher\":{\"@id\":\"https:\/\/www.notibras.com\/site\/#organization\"},\"image\":{\"@id\":\"https:\/\/www.notibras.com\/site\/joao-campos-lidera-disputa-pelo-governo-contra-raquel\/#primaryimage\"},\"thumbnailUrl\":\"https:\/\/www.notibras.com\/site\/wp-content\/uploads\/2024\/11\/joaocampos.c25f937e-6b9f-4509-a407-35ca78c15c44.jpeg\",\"articleSection\":[\"Nordeste\"],\"inLanguage\":\"pt-BR\"},{\"@type\":\"WebPage\",\"@id\":\"https:\/\/www.notibras.com\/site\/joao-campos-lidera-disputa-pelo-governo-contra-raquel\/\",\"url\":\"https:\/\/www.notibras.com\/site\/joao-campos-lidera-disputa-pelo-governo-contra-raquel\/\",\"name\":\"Jo\u00e3o Campos lidera disputa pelo governo contra Raquel - Notibras\",\"isPartOf\":{\"@id\":\"https:\/\/www.notibras.com\/site\/#website\"},\"primaryImageOfPage\":{\"@id\":\"https:\/\/www.notibras.com\/site\/joao-campos-lidera-disputa-pelo-governo-contra-raquel\/#primaryimage\"},\"image\":{\"@id\":\"https:\/\/www.notibras.com\/site\/joao-campos-lidera-disputa-pelo-governo-contra-raquel\/#primaryimage\"},\"thumbnailUrl\":\"https:\/\/www.notibras.com\/site\/wp-content\/uploads\/2024\/11\/joaocampos.c25f937e-6b9f-4509-a407-35ca78c15c44.jpeg\",\"datePublished\":\"2026-04-29T11:00:11+00:00\",\"dateModified\":\"2026-04-29T11:42:58+00:00\",\"breadcrumb\":{\"@id\":\"https:\/\/www.notibras.com\/site\/joao-campos-lidera-disputa-pelo-governo-contra-raquel\/#breadcrumb\"},\"inLanguage\":\"pt-BR\",\"potentialAction\":[{\"@type\":\"ReadAction\",\"target\":[\"https:\/\/www.notibras.com\/site\/joao-campos-lidera-disputa-pelo-governo-contra-raquel\/\"]}]},{\"@type\":\"ImageObject\",\"inLanguage\":\"pt-BR\",\"@id\":\"https:\/\/www.notibras.com\/site\/joao-campos-lidera-disputa-pelo-governo-contra-raquel\/#primaryimage\",\"url\":\"https:\/\/www.notibras.com\/site\/wp-content\/uploads\/2024\/11\/joaocampos.c25f937e-6b9f-4509-a407-35ca78c15c44.jpeg\",\"contentUrl\":\"https:\/\/www.notibras.com\/site\/wp-content\/uploads\/2024\/11\/joaocampos.c25f937e-6b9f-4509-a407-35ca78c15c44.jpeg\",\"width\":806,\"height\":443},{\"@type\":\"BreadcrumbList\",\"@id\":\"https:\/\/www.notibras.com\/site\/joao-campos-lidera-disputa-pelo-governo-contra-raquel\/#breadcrumb\",\"itemListElement\":[{\"@type\":\"ListItem\",\"position\":1,\"name\":\"In\u00edcio\",\"item\":\"https:\/\/www.notibras.com\/site\/\"},{\"@type\":\"ListItem\",\"position\":2,\"name\":\"Jo\u00e3o Campos lidera disputa pelo governo contra Raquel\"}]},{\"@type\":\"WebSite\",\"@id\":\"https:\/\/www.notibras.com\/site\/#website\",\"url\":\"https:\/\/www.notibras.com\/site\/\",\"name\":\"Notibras\",\"description\":\"Not\u00edcias de Bras\u00edlia, do Brasil e do Mundo\",\"publisher\":{\"@id\":\"https:\/\/www.notibras.com\/site\/#organization\"},\"potentialAction\":[{\"@type\":\"SearchAction\",\"target\":{\"@type\":\"EntryPoint\",\"urlTemplate\":\"https:\/\/www.notibras.com\/site\/?s={search_term_string}\"},\"query-input\":{\"@type\":\"PropertyValueSpecification\",\"valueRequired\":true,\"valueName\":\"search_term_string\"}}],\"inLanguage\":\"pt-BR\"},{\"@type\":\"Organization\",\"@id\":\"https:\/\/www.notibras.com\/site\/#organization\",\"name\":\"Grupo Notibras de Comunica\u00e7\u00e3o\",\"url\":\"https:\/\/www.notibras.com\/site\/\",\"logo\":{\"@type\":\"ImageObject\",\"inLanguage\":\"pt-BR\",\"@id\":\"https:\/\/www.notibras.com\/site\/#\/schema\/logo\/image\/\",\"url\":\"https:\/\/www.notibras.com\/site\/wp-content\/uploads\/2023\/01\/notibras23.png\",\"contentUrl\":\"https:\/\/www.notibras.com\/site\/wp-content\/uploads\/2023\/01\/notibras23.png\",\"width\":350,\"height\":87,\"caption\":\"Grupo Notibras de Comunica\u00e7\u00e3o\"},\"image\":{\"@id\":\"https:\/\/www.notibras.com\/site\/#\/schema\/logo\/image\/\"},\"sameAs\":[\"https:\/\/www.facebook.com\/notibras\/\",\"https:\/\/x.com\/Notibras\",\"https:\/\/www.instagram.com\/notibras\/\"]},{\"@type\":\"Person\",\"@id\":\"https:\/\/www.notibras.com\/site\/#\/schema\/person\/36ab0979449956132d3e5b517ea76ac8\",\"name\":\"Reda\u00e7\u00e3o\",\"image\":{\"@type\":\"ImageObject\",\"inLanguage\":\"pt-BR\",\"@id\":\"https:\/\/secure.gravatar.com\/avatar\/e0a867bdedb85fd243eadf09663511f96fc81e0720a4a42581f334ad4303aa6b?s=96&d=mm&r=g\",\"url\":\"https:\/\/secure.gravatar.com\/avatar\/e0a867bdedb85fd243eadf09663511f96fc81e0720a4a42581f334ad4303aa6b?s=96&d=mm&r=g\",\"contentUrl\":\"https:\/\/secure.gravatar.com\/avatar\/e0a867bdedb85fd243eadf09663511f96fc81e0720a4a42581f334ad4303aa6b?s=96&d=mm&r=g\",\"caption\":\"Reda\u00e7\u00e3o\"}}]}<\/script>\n<!-- \/ Yoast SEO plugin. -->","yoast_head_json":{"title":"Jo\u00e3o Campos lidera disputa pelo governo contra Raquel - Notibras","robots":{"index":"index","follow":"follow","max-snippet":"max-snippet:-1","max-image-preview":"max-image-preview:large","max-video-preview":"max-video-preview:-1"},"canonical":"https:\/\/www.notibras.com\/site\/joao-campos-lidera-disputa-pelo-governo-contra-raquel\/","og_locale":"pt_BR","og_type":"article","og_title":"Jo\u00e3o Campos lidera disputa pelo governo contra Raquel - Notibras","og_description":"O mais recente levantamento da Genial\/Quaest sobre a disputa pelo governo de Pernambuco mostra que o ex-prefeito do Recife, Jo\u00e3o Campos (PSB), lidera a corrida contra a atual titular do cargo, Raquel Lyra (PSD), que tenta a reelei\u00e3o. Campos aparece na frente de no primeiro turno por 42% a 34% dos votos no cen\u00e1rio estimulado. [&hellip;]","og_url":"https:\/\/www.notibras.com\/site\/joao-campos-lidera-disputa-pelo-governo-contra-raquel\/","og_site_name":"Notibras","article_publisher":"https:\/\/www.facebook.com\/notibras\/","article_published_time":"2026-04-29T11:00:11+00:00","article_modified_time":"2026-04-29T11:42:58+00:00","og_image":[{"width":806,"height":443,"url":"https:\/\/www.notibras.com\/site\/wp-content\/uploads\/2024\/11\/joaocampos.c25f937e-6b9f-4509-a407-35ca78c15c44.jpeg","type":"image\/jpeg"}],"author":"Reda\u00e7\u00e3o","twitter_card":"summary_large_image","twitter_creator":"@Notibras","twitter_site":"@Notibras","twitter_misc":{"Escrito por":"Reda\u00e7\u00e3o","Est. tempo de leitura":"2 minutos"},"schema":{"@context":"https:\/\/schema.org","@graph":[{"@type":"Article","@id":"https:\/\/www.notibras.com\/site\/joao-campos-lidera-disputa-pelo-governo-contra-raquel\/#article","isPartOf":{"@id":"https:\/\/www.notibras.com\/site\/joao-campos-lidera-disputa-pelo-governo-contra-raquel\/"},"author":{"name":"Reda\u00e7\u00e3o","@id":"https:\/\/www.notibras.com\/site\/#\/schema\/person\/36ab0979449956132d3e5b517ea76ac8"},"headline":"Jo\u00e3o Campos lidera disputa pelo governo contra Raquel","datePublished":"2026-04-29T11:00:11+00:00","dateModified":"2026-04-29T11:42:58+00:00","mainEntityOfPage":{"@id":"https:\/\/www.notibras.com\/site\/joao-campos-lidera-disputa-pelo-governo-contra-raquel\/"},"wordCount":230,"publisher":{"@id":"https:\/\/www.notibras.com\/site\/#organization"},"image":{"@id":"https:\/\/www.notibras.com\/site\/joao-campos-lidera-disputa-pelo-governo-contra-raquel\/#primaryimage"},"thumbnailUrl":"https:\/\/www.notibras.com\/site\/wp-content\/uploads\/2024\/11\/joaocampos.c25f937e-6b9f-4509-a407-35ca78c15c44.jpeg","articleSection":["Nordeste"],"inLanguage":"pt-BR"},{"@type":"WebPage","@id":"https:\/\/www.notibras.com\/site\/joao-campos-lidera-disputa-pelo-governo-contra-raquel\/","url":"https:\/\/www.notibras.com\/site\/joao-campos-lidera-disputa-pelo-governo-contra-raquel\/","name":"Jo\u00e3o Campos lidera disputa pelo governo contra Raquel - Notibras","isPartOf":{"@id":"https:\/\/www.notibras.com\/site\/#website"},"primaryImageOfPage":{"@id":"https:\/\/www.notibras.com\/site\/joao-campos-lidera-disputa-pelo-governo-contra-raquel\/#primaryimage"},"image":{"@id":"https:\/\/www.notibras.com\/site\/joao-campos-lidera-disputa-pelo-governo-contra-raquel\/#primaryimage"},"thumbnailUrl":"https:\/\/www.notibras.com\/site\/wp-content\/uploads\/2024\/11\/joaocampos.c25f937e-6b9f-4509-a407-35ca78c15c44.jpeg","datePublished":"2026-04-29T11:00:11+00:00","dateModified":"2026-04-29T11:42:58+00:00","breadcrumb":{"@id":"https:\/\/www.notibras.com\/site\/joao-campos-lidera-disputa-pelo-governo-contra-raquel\/#breadcrumb"},"inLanguage":"pt-BR","potentialAction":[{"@type":"ReadAction","target":["https:\/\/www.notibras.com\/site\/joao-campos-lidera-disputa-pelo-governo-contra-raquel\/"]}]},{"@type":"ImageObject","inLanguage":"pt-BR","@id":"https:\/\/www.notibras.com\/site\/joao-campos-lidera-disputa-pelo-governo-contra-raquel\/#primaryimage","url":"https:\/\/www.notibras.com\/site\/wp-content\/uploads\/2024\/11\/joaocampos.c25f937e-6b9f-4509-a407-35ca78c15c44.jpeg","contentUrl":"https:\/\/www.notibras.com\/site\/wp-content\/uploads\/2024\/11\/joaocampos.c25f937e-6b9f-4509-a407-35ca78c15c44.jpeg","width":806,"height":443},{"@type":"BreadcrumbList","@id":"https:\/\/www.notibras.com\/site\/joao-campos-lidera-disputa-pelo-governo-contra-raquel\/#breadcrumb","itemListElement":[{"@type":"ListItem","position":1,"name":"In\u00edcio","item":"https:\/\/www.notibras.com\/site\/"},{"@type":"ListItem","position":2,"name":"Jo\u00e3o Campos lidera disputa pelo governo contra Raquel"}]},{"@type":"WebSite","@id":"https:\/\/www.notibras.com\/site\/#website","url":"https:\/\/www.notibras.com\/site\/","name":"Notibras","description":"Not\u00edcias de Bras\u00edlia, do Brasil e do Mundo","publisher":{"@id":"https:\/\/www.notibras.com\/site\/#organization"},"potentialAction":[{"@type":"SearchAction","target":{"@type":"EntryPoint","urlTemplate":"https:\/\/www.notibras.com\/site\/?s={search_term_string}"},"query-input":{"@type":"PropertyValueSpecification","valueRequired":true,"valueName":"search_term_string"}}],"inLanguage":"pt-BR"},{"@type":"Organization","@id":"https:\/\/www.notibras.com\/site\/#organization","name":"Grupo Notibras de Comunica\u00e7\u00e3o","url":"https:\/\/www.notibras.com\/site\/","logo":{"@type":"ImageObject","inLanguage":"pt-BR","@id":"https:\/\/www.notibras.com\/site\/#\/schema\/logo\/image\/","url":"https:\/\/www.notibras.com\/site\/wp-content\/uploads\/2023\/01\/notibras23.png","contentUrl":"https:\/\/www.notibras.com\/site\/wp-content\/uploads\/2023\/01\/notibras23.png","width":350,"height":87,"caption":"Grupo Notibras de Comunica\u00e7\u00e3o"},"image":{"@id":"https:\/\/www.notibras.com\/site\/#\/schema\/logo\/image\/"},"sameAs":["https:\/\/www.facebook.com\/notibras\/","https:\/\/x.com\/Notibras","https:\/\/www.instagram.com\/notibras\/"]},{"@type":"Person","@id":"https:\/\/www.notibras.com\/site\/#\/schema\/person\/36ab0979449956132d3e5b517ea76ac8","name":"Reda\u00e7\u00e3o","image":{"@type":"ImageObject","inLanguage":"pt-BR","@id":"https:\/\/secure.gravatar.com\/avatar\/e0a867bdedb85fd243eadf09663511f96fc81e0720a4a42581f334ad4303aa6b?s=96&d=mm&r=g","url":"https:\/\/secure.gravatar.com\/avatar\/e0a867bdedb85fd243eadf09663511f96fc81e0720a4a42581f334ad4303aa6b?s=96&d=mm&r=g","contentUrl":"https:\/\/secure.gravatar.com\/avatar\/e0a867bdedb85fd243eadf09663511f96fc81e0720a4a42581f334ad4303aa6b?s=96&d=mm&r=g","caption":"Reda\u00e7\u00e3o"}}]}},"amp_enabled":true,"_links":{"self":[{"href":"https:\/\/www.notibras.com\/site\/wp-json\/wp\/v2\/posts\/392963","targetHints":{"allow":["GET"]}}],"collection":[{"href":"https:\/\/www.notibras.com\/site\/wp-json\/wp\/v2\/posts"}],"about":[{"href":"https:\/\/www.notibras.com\/site\/wp-json\/wp\/v2\/types\/post"}],"author":[{"embeddable":true,"href":"https:\/\/www.notibras.com\/site\/wp-json\/wp\/v2\/users\/2"}],"replies":[{"embeddable":true,"href":"https:\/\/www.notibras.com\/site\/wp-json\/wp\/v2\/comments?post=392963"}],"version-history":[{"count":1,"href":"https:\/\/www.notibras.com\/site\/wp-json\/wp\/v2\/posts\/392963\/revisions"}],"predecessor-version":[{"id":392964,"href":"https:\/\/www.notibras.com\/site\/wp-json\/wp\/v2\/posts\/392963\/revisions\/392964"}],"wp:featuredmedia":[{"embeddable":true,"href":"https:\/\/www.notibras.com\/site\/wp-json\/wp\/v2\/media\/339890"}],"wp:attachment":[{"href":"https:\/\/www.notibras.com\/site\/wp-json\/wp\/v2\/media?parent=392963"}],"wp:term":[{"taxonomy":"category","embeddable":true,"href":"https:\/\/www.notibras.com\/site\/wp-json\/wp\/v2\/categories?post=392963"},{"taxonomy":"post_tag","embeddable":true,"href":"https:\/\/www.notibras.com\/site\/wp-json\/wp\/v2\/tags?post=392963"}],"curies":[{"name":"wp","href":"https:\/\/api.w.org\/{rel}","templated":true}]}}