{"id":392965,"date":"2026-04-29T08:00:43","date_gmt":"2026-04-29T11:00:43","guid":{"rendered":"https:\/\/www.notibras.com\/site\/?p=392965"},"modified":"2026-04-29T08:50:40","modified_gmt":"2026-04-29T11:50:40","slug":"lavoura-nordestina-impulsionada-por-startups-e-tecnologia","status":"publish","type":"post","link":"https:\/\/www.notibras.com\/site\/lavoura-nordestina-impulsionada-por-startups-e-tecnologia\/","title":{"rendered":"Lavoura nordestina impulsionada por startups e tecnologia"},"content":{"rendered":"<p>No cora\u00e7\u00e3o do Nordeste brasileiro, onde a terra sempre contou hist\u00f3rias de resist\u00eancia, uma nova narrativa come\u00e7a a florescer: a da inova\u00e7\u00e3o. O campo, antes associado apenas \u00e0 tradi\u00e7\u00e3o, agora se conecta com dados, sensores e intelig\u00eancia digital. \u00c9 a era dos neg\u00f3cios de impacto, onde produzir mais n\u00e3o basta \u2014 \u00e9 preciso produzir melhor, com sustentabilidade, inclus\u00e3o e tecnologia.<\/p>\n<p>Nos \u00faltimos anos, o avan\u00e7o das chamadas agritechs vem transformando a l\u00f3gica da produ\u00e7\u00e3o rural. Startups t\u00eam levado ao agricultor ferramentas que antes pareciam distantes: drones que monitoram planta\u00e7\u00f5es, sensores que medem a umidade do solo e plataformas que analisam dados em tempo real para prever safras e reduzir perdas. Em estados como Pernambuco, j\u00e1 existem dezenas de startups atuando no setor, com solu\u00e7\u00f5es que v\u00e3o desde o uso de intelig\u00eancia artificial at\u00e9 a rastreabilidade dos alimentos .<\/p>\n<p>Esse movimento, embora recente, cresce de forma acelerada. Entre 2019 e 2024, o n\u00famero de hubs e iniciativas ligadas \u00e0 inova\u00e7\u00e3o no agro nordestino teve expans\u00e3o significativa, consolidando a regi\u00e3o como um novo polo emergente no Brasil . O que antes era concentrado no Sul e Sudeste come\u00e7a a se descentralizar, abrindo espa\u00e7o para que o Nordeste construa seu pr\u00f3prio ecossistema tecnol\u00f3gico.<\/p>\n<p>Projetos como o Agritech.NE mostram essa virada. Voltado ao desenvolvimento de solu\u00e7\u00f5es digitais para o agroneg\u00f3cio do Vale do S\u00e3o Francisco, o programa conecta produtores, pesquisadores e startups para criar tecnologias adaptadas \u00e0 realidade local. A proposta vai al\u00e9m da produtividade: busca gerar renda, qualifica\u00e7\u00e3o e autonomia tecnol\u00f3gica para a regi\u00e3o.<\/p>\n<p>Outro exemplo \u00e9 a Cyklo Agritech, que nasceu no campo e hoje atua como ponte entre ideias e investimentos. Ao acelerar startups, conectar empreendedores e aproximar universidades do setor produtivo, iniciativas como essa ajudam a transformar inova\u00e7\u00e3o em resultado concreto \u2014 mais efici\u00eancia, menos desperd\u00edcio e maior competitividade para o agricultor .<\/p>\n<p>Mas o crescimento n\u00e3o vem sem desafios. A conectividade ainda \u00e9 limitada em muitas \u00e1reas rurais, dificultando o uso pleno dessas tecnologias. Al\u00e9m disso, o acesso a cr\u00e9dito e a capacita\u00e7\u00e3o dos produtores continuam sendo barreiras importantes. Super\u00e1-las \u00e9 essencial para que o impacto dessas inova\u00e7\u00f5es seja ampliado .<\/p>\n<p>Ainda assim, o cen\u00e1rio \u00e9 promissor. O Nordeste come\u00e7a a mostrar que inova\u00e7\u00e3o tamb\u00e9m nasce no semi\u00e1rido, que tecnologia pode brotar do ch\u00e3o quente e que o futuro do campo passa pela integra\u00e7\u00e3o entre saber tradicional e intelig\u00eancia digital.<\/p>\n<p>No fim, o que se v\u00ea \u00e9 mais do que uma revolu\u00e7\u00e3o tecnol\u00f3gica \u2014 \u00e9 uma transforma\u00e7\u00e3o social. Um novo Nordeste surge, onde startups n\u00e3o apenas criam solu\u00e7\u00f5es, mas tamb\u00e9m plantam oportunidades. E onde cada hectare cultivado carrega, al\u00e9m de frutos, dados, inova\u00e7\u00e3o e esperan\u00e7a.<\/p>\n","protected":false},"excerpt":{"rendered":"<p>No cora\u00e7\u00e3o do Nordeste brasileiro, onde a terra sempre contou hist\u00f3rias de resist\u00eancia, uma nova narrativa come\u00e7a a florescer: a da inova\u00e7\u00e3o. O campo, antes associado apenas \u00e0 tradi\u00e7\u00e3o, agora se conecta com dados, sensores e intelig\u00eancia digital. \u00c9 a era dos neg\u00f3cios de impacto, onde produzir mais n\u00e3o basta \u2014 \u00e9 preciso produzir melhor, [&hellip;]<\/p>\n","protected":false},"author":2,"featured_media":392966,"comment_status":"closed","ping_status":"closed","sticky":false,"template":"","format":"standard","meta":{"_acf_changed":false,"footnotes":""},"categories":[165],"tags":[],"class_list":["post-392965","post","type-post","status-publish","format-standard","has-post-thumbnail","hentry","category-nordeste"],"acf":[],"yoast_head":"<!-- This site is optimized with the Yoast SEO plugin v27.2 - https:\/\/yoast.com\/product\/yoast-seo-wordpress\/ -->\n<title>Lavoura nordestina impulsionada por startups e tecnologia - Notibras<\/title>\n<meta name=\"robots\" content=\"index, follow, max-snippet:-1, max-image-preview:large, max-video-preview:-1\" \/>\n<link rel=\"canonical\" href=\"https:\/\/www.notibras.com\/site\/lavoura-nordestina-impulsionada-por-startups-e-tecnologia\/\" \/>\n<meta property=\"og:locale\" content=\"pt_BR\" \/>\n<meta property=\"og:type\" content=\"article\" \/>\n<meta property=\"og:title\" content=\"Lavoura nordestina impulsionada por startups e tecnologia - Notibras\" \/>\n<meta property=\"og:description\" content=\"No cora\u00e7\u00e3o do Nordeste brasileiro, onde a terra sempre contou hist\u00f3rias de resist\u00eancia, uma nova narrativa come\u00e7a a florescer: a da inova\u00e7\u00e3o. O campo, antes associado apenas \u00e0 tradi\u00e7\u00e3o, agora se conecta com dados, sensores e intelig\u00eancia digital. \u00c9 a era dos neg\u00f3cios de impacto, onde produzir mais n\u00e3o basta \u2014 \u00e9 preciso produzir melhor, [&hellip;]\" \/>\n<meta property=\"og:url\" content=\"https:\/\/www.notibras.com\/site\/lavoura-nordestina-impulsionada-por-startups-e-tecnologia\/\" \/>\n<meta property=\"og:site_name\" content=\"Notibras\" \/>\n<meta property=\"article:publisher\" content=\"https:\/\/www.facebook.com\/notibras\/\" \/>\n<meta property=\"article:published_time\" content=\"2026-04-29T11:00:43+00:00\" \/>\n<meta property=\"article:modified_time\" content=\"2026-04-29T11:50:40+00:00\" \/>\n<meta property=\"og:image\" content=\"https:\/\/www.notibras.com\/site\/wp-content\/uploads\/2026\/04\/28302851-272b-4c24-9455-4752b9304e9c.jpg\" \/>\n\t<meta property=\"og:image:width\" content=\"1199\" \/>\n\t<meta property=\"og:image:height\" content=\"694\" \/>\n\t<meta property=\"og:image:type\" content=\"image\/jpeg\" \/>\n<meta name=\"author\" content=\"Reda\u00e7\u00e3o\" \/>\n<meta name=\"twitter:card\" content=\"summary_large_image\" \/>\n<meta name=\"twitter:creator\" content=\"@Notibras\" \/>\n<meta name=\"twitter:site\" content=\"@Notibras\" \/>\n<meta name=\"twitter:label1\" content=\"Escrito por\" \/>\n\t<meta name=\"twitter:data1\" content=\"Reda\u00e7\u00e3o\" \/>\n\t<meta name=\"twitter:label2\" content=\"Est. tempo de leitura\" \/>\n\t<meta name=\"twitter:data2\" content=\"3 minutos\" \/>\n<script type=\"application\/ld+json\" class=\"yoast-schema-graph\">{\"@context\":\"https:\/\/schema.org\",\"@graph\":[{\"@type\":\"Article\",\"@id\":\"https:\/\/www.notibras.com\/site\/lavoura-nordestina-impulsionada-por-startups-e-tecnologia\/#article\",\"isPartOf\":{\"@id\":\"https:\/\/www.notibras.com\/site\/lavoura-nordestina-impulsionada-por-startups-e-tecnologia\/\"},\"author\":{\"name\":\"Reda\u00e7\u00e3o\",\"@id\":\"https:\/\/www.notibras.com\/site\/#\/schema\/person\/36ab0979449956132d3e5b517ea76ac8\"},\"headline\":\"Lavoura nordestina impulsionada por startups e tecnologia\",\"datePublished\":\"2026-04-29T11:00:43+00:00\",\"dateModified\":\"2026-04-29T11:50:40+00:00\",\"mainEntityOfPage\":{\"@id\":\"https:\/\/www.notibras.com\/site\/lavoura-nordestina-impulsionada-por-startups-e-tecnologia\/\"},\"wordCount\":483,\"publisher\":{\"@id\":\"https:\/\/www.notibras.com\/site\/#organization\"},\"image\":{\"@id\":\"https:\/\/www.notibras.com\/site\/lavoura-nordestina-impulsionada-por-startups-e-tecnologia\/#primaryimage\"},\"thumbnailUrl\":\"https:\/\/www.notibras.com\/site\/wp-content\/uploads\/2026\/04\/28302851-272b-4c24-9455-4752b9304e9c.jpg\",\"articleSection\":[\"Nordeste\"],\"inLanguage\":\"pt-BR\"},{\"@type\":\"WebPage\",\"@id\":\"https:\/\/www.notibras.com\/site\/lavoura-nordestina-impulsionada-por-startups-e-tecnologia\/\",\"url\":\"https:\/\/www.notibras.com\/site\/lavoura-nordestina-impulsionada-por-startups-e-tecnologia\/\",\"name\":\"Lavoura nordestina impulsionada por startups e tecnologia - Notibras\",\"isPartOf\":{\"@id\":\"https:\/\/www.notibras.com\/site\/#website\"},\"primaryImageOfPage\":{\"@id\":\"https:\/\/www.notibras.com\/site\/lavoura-nordestina-impulsionada-por-startups-e-tecnologia\/#primaryimage\"},\"image\":{\"@id\":\"https:\/\/www.notibras.com\/site\/lavoura-nordestina-impulsionada-por-startups-e-tecnologia\/#primaryimage\"},\"thumbnailUrl\":\"https:\/\/www.notibras.com\/site\/wp-content\/uploads\/2026\/04\/28302851-272b-4c24-9455-4752b9304e9c.jpg\",\"datePublished\":\"2026-04-29T11:00:43+00:00\",\"dateModified\":\"2026-04-29T11:50:40+00:00\",\"breadcrumb\":{\"@id\":\"https:\/\/www.notibras.com\/site\/lavoura-nordestina-impulsionada-por-startups-e-tecnologia\/#breadcrumb\"},\"inLanguage\":\"pt-BR\",\"potentialAction\":[{\"@type\":\"ReadAction\",\"target\":[\"https:\/\/www.notibras.com\/site\/lavoura-nordestina-impulsionada-por-startups-e-tecnologia\/\"]}]},{\"@type\":\"ImageObject\",\"inLanguage\":\"pt-BR\",\"@id\":\"https:\/\/www.notibras.com\/site\/lavoura-nordestina-impulsionada-por-startups-e-tecnologia\/#primaryimage\",\"url\":\"https:\/\/www.notibras.com\/site\/wp-content\/uploads\/2026\/04\/28302851-272b-4c24-9455-4752b9304e9c.jpg\",\"contentUrl\":\"https:\/\/www.notibras.com\/site\/wp-content\/uploads\/2026\/04\/28302851-272b-4c24-9455-4752b9304e9c.jpg\",\"width\":1199,\"height\":694},{\"@type\":\"BreadcrumbList\",\"@id\":\"https:\/\/www.notibras.com\/site\/lavoura-nordestina-impulsionada-por-startups-e-tecnologia\/#breadcrumb\",\"itemListElement\":[{\"@type\":\"ListItem\",\"position\":1,\"name\":\"In\u00edcio\",\"item\":\"https:\/\/www.notibras.com\/site\/\"},{\"@type\":\"ListItem\",\"position\":2,\"name\":\"Lavoura nordestina impulsionada por startups e tecnologia\"}]},{\"@type\":\"WebSite\",\"@id\":\"https:\/\/www.notibras.com\/site\/#website\",\"url\":\"https:\/\/www.notibras.com\/site\/\",\"name\":\"Notibras\",\"description\":\"Not\u00edcias de Bras\u00edlia, do Brasil e do Mundo\",\"publisher\":{\"@id\":\"https:\/\/www.notibras.com\/site\/#organization\"},\"potentialAction\":[{\"@type\":\"SearchAction\",\"target\":{\"@type\":\"EntryPoint\",\"urlTemplate\":\"https:\/\/www.notibras.com\/site\/?s={search_term_string}\"},\"query-input\":{\"@type\":\"PropertyValueSpecification\",\"valueRequired\":true,\"valueName\":\"search_term_string\"}}],\"inLanguage\":\"pt-BR\"},{\"@type\":\"Organization\",\"@id\":\"https:\/\/www.notibras.com\/site\/#organization\",\"name\":\"Grupo Notibras de Comunica\u00e7\u00e3o\",\"url\":\"https:\/\/www.notibras.com\/site\/\",\"logo\":{\"@type\":\"ImageObject\",\"inLanguage\":\"pt-BR\",\"@id\":\"https:\/\/www.notibras.com\/site\/#\/schema\/logo\/image\/\",\"url\":\"https:\/\/www.notibras.com\/site\/wp-content\/uploads\/2023\/01\/notibras23.png\",\"contentUrl\":\"https:\/\/www.notibras.com\/site\/wp-content\/uploads\/2023\/01\/notibras23.png\",\"width\":350,\"height\":87,\"caption\":\"Grupo Notibras de Comunica\u00e7\u00e3o\"},\"image\":{\"@id\":\"https:\/\/www.notibras.com\/site\/#\/schema\/logo\/image\/\"},\"sameAs\":[\"https:\/\/www.facebook.com\/notibras\/\",\"https:\/\/x.com\/Notibras\",\"https:\/\/www.instagram.com\/notibras\/\"]},{\"@type\":\"Person\",\"@id\":\"https:\/\/www.notibras.com\/site\/#\/schema\/person\/36ab0979449956132d3e5b517ea76ac8\",\"name\":\"Reda\u00e7\u00e3o\",\"image\":{\"@type\":\"ImageObject\",\"inLanguage\":\"pt-BR\",\"@id\":\"https:\/\/secure.gravatar.com\/avatar\/e0a867bdedb85fd243eadf09663511f96fc81e0720a4a42581f334ad4303aa6b?s=96&d=mm&r=g\",\"url\":\"https:\/\/secure.gravatar.com\/avatar\/e0a867bdedb85fd243eadf09663511f96fc81e0720a4a42581f334ad4303aa6b?s=96&d=mm&r=g\",\"contentUrl\":\"https:\/\/secure.gravatar.com\/avatar\/e0a867bdedb85fd243eadf09663511f96fc81e0720a4a42581f334ad4303aa6b?s=96&d=mm&r=g\",\"caption\":\"Reda\u00e7\u00e3o\"}}]}<\/script>\n<!-- \/ Yoast SEO plugin. -->","yoast_head_json":{"title":"Lavoura nordestina impulsionada por startups e tecnologia - Notibras","robots":{"index":"index","follow":"follow","max-snippet":"max-snippet:-1","max-image-preview":"max-image-preview:large","max-video-preview":"max-video-preview:-1"},"canonical":"https:\/\/www.notibras.com\/site\/lavoura-nordestina-impulsionada-por-startups-e-tecnologia\/","og_locale":"pt_BR","og_type":"article","og_title":"Lavoura nordestina impulsionada por startups e tecnologia - Notibras","og_description":"No cora\u00e7\u00e3o do Nordeste brasileiro, onde a terra sempre contou hist\u00f3rias de resist\u00eancia, uma nova narrativa come\u00e7a a florescer: a da inova\u00e7\u00e3o. O campo, antes associado apenas \u00e0 tradi\u00e7\u00e3o, agora se conecta com dados, sensores e intelig\u00eancia digital. \u00c9 a era dos neg\u00f3cios de impacto, onde produzir mais n\u00e3o basta \u2014 \u00e9 preciso produzir melhor, [&hellip;]","og_url":"https:\/\/www.notibras.com\/site\/lavoura-nordestina-impulsionada-por-startups-e-tecnologia\/","og_site_name":"Notibras","article_publisher":"https:\/\/www.facebook.com\/notibras\/","article_published_time":"2026-04-29T11:00:43+00:00","article_modified_time":"2026-04-29T11:50:40+00:00","og_image":[{"width":1199,"height":694,"url":"https:\/\/www.notibras.com\/site\/wp-content\/uploads\/2026\/04\/28302851-272b-4c24-9455-4752b9304e9c.jpg","type":"image\/jpeg"}],"author":"Reda\u00e7\u00e3o","twitter_card":"summary_large_image","twitter_creator":"@Notibras","twitter_site":"@Notibras","twitter_misc":{"Escrito por":"Reda\u00e7\u00e3o","Est. tempo de leitura":"3 minutos"},"schema":{"@context":"https:\/\/schema.org","@graph":[{"@type":"Article","@id":"https:\/\/www.notibras.com\/site\/lavoura-nordestina-impulsionada-por-startups-e-tecnologia\/#article","isPartOf":{"@id":"https:\/\/www.notibras.com\/site\/lavoura-nordestina-impulsionada-por-startups-e-tecnologia\/"},"author":{"name":"Reda\u00e7\u00e3o","@id":"https:\/\/www.notibras.com\/site\/#\/schema\/person\/36ab0979449956132d3e5b517ea76ac8"},"headline":"Lavoura nordestina impulsionada por startups e tecnologia","datePublished":"2026-04-29T11:00:43+00:00","dateModified":"2026-04-29T11:50:40+00:00","mainEntityOfPage":{"@id":"https:\/\/www.notibras.com\/site\/lavoura-nordestina-impulsionada-por-startups-e-tecnologia\/"},"wordCount":483,"publisher":{"@id":"https:\/\/www.notibras.com\/site\/#organization"},"image":{"@id":"https:\/\/www.notibras.com\/site\/lavoura-nordestina-impulsionada-por-startups-e-tecnologia\/#primaryimage"},"thumbnailUrl":"https:\/\/www.notibras.com\/site\/wp-content\/uploads\/2026\/04\/28302851-272b-4c24-9455-4752b9304e9c.jpg","articleSection":["Nordeste"],"inLanguage":"pt-BR"},{"@type":"WebPage","@id":"https:\/\/www.notibras.com\/site\/lavoura-nordestina-impulsionada-por-startups-e-tecnologia\/","url":"https:\/\/www.notibras.com\/site\/lavoura-nordestina-impulsionada-por-startups-e-tecnologia\/","name":"Lavoura nordestina impulsionada por startups e tecnologia - Notibras","isPartOf":{"@id":"https:\/\/www.notibras.com\/site\/#website"},"primaryImageOfPage":{"@id":"https:\/\/www.notibras.com\/site\/lavoura-nordestina-impulsionada-por-startups-e-tecnologia\/#primaryimage"},"image":{"@id":"https:\/\/www.notibras.com\/site\/lavoura-nordestina-impulsionada-por-startups-e-tecnologia\/#primaryimage"},"thumbnailUrl":"https:\/\/www.notibras.com\/site\/wp-content\/uploads\/2026\/04\/28302851-272b-4c24-9455-4752b9304e9c.jpg","datePublished":"2026-04-29T11:00:43+00:00","dateModified":"2026-04-29T11:50:40+00:00","breadcrumb":{"@id":"https:\/\/www.notibras.com\/site\/lavoura-nordestina-impulsionada-por-startups-e-tecnologia\/#breadcrumb"},"inLanguage":"pt-BR","potentialAction":[{"@type":"ReadAction","target":["https:\/\/www.notibras.com\/site\/lavoura-nordestina-impulsionada-por-startups-e-tecnologia\/"]}]},{"@type":"ImageObject","inLanguage":"pt-BR","@id":"https:\/\/www.notibras.com\/site\/lavoura-nordestina-impulsionada-por-startups-e-tecnologia\/#primaryimage","url":"https:\/\/www.notibras.com\/site\/wp-content\/uploads\/2026\/04\/28302851-272b-4c24-9455-4752b9304e9c.jpg","contentUrl":"https:\/\/www.notibras.com\/site\/wp-content\/uploads\/2026\/04\/28302851-272b-4c24-9455-4752b9304e9c.jpg","width":1199,"height":694},{"@type":"BreadcrumbList","@id":"https:\/\/www.notibras.com\/site\/lavoura-nordestina-impulsionada-por-startups-e-tecnologia\/#breadcrumb","itemListElement":[{"@type":"ListItem","position":1,"name":"In\u00edcio","item":"https:\/\/www.notibras.com\/site\/"},{"@type":"ListItem","position":2,"name":"Lavoura nordestina impulsionada por startups e tecnologia"}]},{"@type":"WebSite","@id":"https:\/\/www.notibras.com\/site\/#website","url":"https:\/\/www.notibras.com\/site\/","name":"Notibras","description":"Not\u00edcias de Bras\u00edlia, do Brasil e do Mundo","publisher":{"@id":"https:\/\/www.notibras.com\/site\/#organization"},"potentialAction":[{"@type":"SearchAction","target":{"@type":"EntryPoint","urlTemplate":"https:\/\/www.notibras.com\/site\/?s={search_term_string}"},"query-input":{"@type":"PropertyValueSpecification","valueRequired":true,"valueName":"search_term_string"}}],"inLanguage":"pt-BR"},{"@type":"Organization","@id":"https:\/\/www.notibras.com\/site\/#organization","name":"Grupo Notibras de Comunica\u00e7\u00e3o","url":"https:\/\/www.notibras.com\/site\/","logo":{"@type":"ImageObject","inLanguage":"pt-BR","@id":"https:\/\/www.notibras.com\/site\/#\/schema\/logo\/image\/","url":"https:\/\/www.notibras.com\/site\/wp-content\/uploads\/2023\/01\/notibras23.png","contentUrl":"https:\/\/www.notibras.com\/site\/wp-content\/uploads\/2023\/01\/notibras23.png","width":350,"height":87,"caption":"Grupo Notibras de Comunica\u00e7\u00e3o"},"image":{"@id":"https:\/\/www.notibras.com\/site\/#\/schema\/logo\/image\/"},"sameAs":["https:\/\/www.facebook.com\/notibras\/","https:\/\/x.com\/Notibras","https:\/\/www.instagram.com\/notibras\/"]},{"@type":"Person","@id":"https:\/\/www.notibras.com\/site\/#\/schema\/person\/36ab0979449956132d3e5b517ea76ac8","name":"Reda\u00e7\u00e3o","image":{"@type":"ImageObject","inLanguage":"pt-BR","@id":"https:\/\/secure.gravatar.com\/avatar\/e0a867bdedb85fd243eadf09663511f96fc81e0720a4a42581f334ad4303aa6b?s=96&d=mm&r=g","url":"https:\/\/secure.gravatar.com\/avatar\/e0a867bdedb85fd243eadf09663511f96fc81e0720a4a42581f334ad4303aa6b?s=96&d=mm&r=g","contentUrl":"https:\/\/secure.gravatar.com\/avatar\/e0a867bdedb85fd243eadf09663511f96fc81e0720a4a42581f334ad4303aa6b?s=96&d=mm&r=g","caption":"Reda\u00e7\u00e3o"}}]}},"amp_enabled":true,"_links":{"self":[{"href":"https:\/\/www.notibras.com\/site\/wp-json\/wp\/v2\/posts\/392965","targetHints":{"allow":["GET"]}}],"collection":[{"href":"https:\/\/www.notibras.com\/site\/wp-json\/wp\/v2\/posts"}],"about":[{"href":"https:\/\/www.notibras.com\/site\/wp-json\/wp\/v2\/types\/post"}],"author":[{"embeddable":true,"href":"https:\/\/www.notibras.com\/site\/wp-json\/wp\/v2\/users\/2"}],"replies":[{"embeddable":true,"href":"https:\/\/www.notibras.com\/site\/wp-json\/wp\/v2\/comments?post=392965"}],"version-history":[{"count":1,"href":"https:\/\/www.notibras.com\/site\/wp-json\/wp\/v2\/posts\/392965\/revisions"}],"predecessor-version":[{"id":392967,"href":"https:\/\/www.notibras.com\/site\/wp-json\/wp\/v2\/posts\/392965\/revisions\/392967"}],"wp:featuredmedia":[{"embeddable":true,"href":"https:\/\/www.notibras.com\/site\/wp-json\/wp\/v2\/media\/392966"}],"wp:attachment":[{"href":"https:\/\/www.notibras.com\/site\/wp-json\/wp\/v2\/media?parent=392965"}],"wp:term":[{"taxonomy":"category","embeddable":true,"href":"https:\/\/www.notibras.com\/site\/wp-json\/wp\/v2\/categories?post=392965"},{"taxonomy":"post_tag","embeddable":true,"href":"https:\/\/www.notibras.com\/site\/wp-json\/wp\/v2\/tags?post=392965"}],"curies":[{"name":"wp","href":"https:\/\/api.w.org\/{rel}","templated":true}]}}