{"id":392968,"date":"2026-04-29T00:00:41","date_gmt":"2026-04-29T03:00:41","guid":{"rendered":"https:\/\/www.notibras.com\/site\/?p=392968"},"modified":"2026-04-29T08:55:45","modified_gmt":"2026-04-29T11:55:45","slug":"inconsciente-coletivo-da-alma-nordestina-e-como-o-de-todo-brasileiro","status":"publish","type":"post","link":"https:\/\/www.notibras.com\/site\/inconsciente-coletivo-da-alma-nordestina-e-como-o-de-todo-brasileiro\/","title":{"rendered":"Inconsciente coletivo da alma nordestina \u00e9 como o de todo brasileiro"},"content":{"rendered":"<p>O Brasil n\u00e3o \u00e9 apenas um territ\u00f3rio de dimens\u00f5es continentais, nem somente um mosaico de culturas vis\u00edveis. H\u00e1 algo mais profundo, silencioso e persistente que atravessa gera\u00e7\u00f5es: um inconsciente coletivo que molda comportamentos, valores e modos de sentir. Essa \u201calma brasileira\u201d n\u00e3o nasce pronta \u2014 ela \u00e9 constru\u00edda ao longo da hist\u00f3ria, marcada por encontros, conflitos e reinven\u00e7\u00f5es.<\/p>\n<p>A ideia de inconsciente coletivo, originalmente formulada pela psicologia, ajuda a compreender como certos padr\u00f5es simb\u00f3licos e emocionais se repetem entre diferentes grupos. No caso brasileiro, essa camada invis\u00edvel foi sendo tecida desde o per\u00edodo colonial, com a conviv\u00eancia for\u00e7ada entre povos ind\u00edgenas, africanos escravizados e colonizadores europeus. Dessa mistura nasceram n\u00e3o apenas express\u00f5es culturais, mas tamb\u00e9m formas espec\u00edficas de lidar com a dor, a resist\u00eancia, a alegria e a esperan\u00e7a.<\/p>\n<p>Ao longo dos s\u00e9culos, esse inconsciente coletivo absorveu traumas profundos \u2014 como a escravid\u00e3o, a desigualdade estrutural e a exclus\u00e3o social \u2014 mas tamb\u00e9m incorporou uma impressionante capacidade de adapta\u00e7\u00e3o. A criatividade diante da escassez, o humor como mecanismo de sobreviv\u00eancia e a solidariedade nas adversidades s\u00e3o marcas que atravessam o cotidiano brasileiro, especialmente nas regi\u00f5es historicamente marginalizadas.<\/p>\n<p>No Nordeste, por exemplo, essa for\u00e7a simb\u00f3lica se manifesta de maneira intensa. Longe da vis\u00e3o estereotipada da seca e da pobreza, h\u00e1 um repert\u00f3rio rico de resist\u00eancia cultural: na m\u00fasica, na literatura de cordel, nas festas populares e na f\u00e9. Esse conjunto de express\u00f5es revela um povo que, apesar das dificuldades, constr\u00f3i sentido e identidade a partir da coletividade.<\/p>\n<p>Entretanto, o inconsciente coletivo tamb\u00e9m carrega contradi\u00e7\u00f5es. Ao mesmo tempo em que une, ele pode reproduzir preconceitos e desigualdades internalizadas. A valoriza\u00e7\u00e3o de padr\u00f5es externos, a nega\u00e7\u00e3o de origens e o distanciamento da pr\u00f3pria cultura s\u00e3o exemplos de como essa dimens\u00e3o invis\u00edvel pode ser fragmentada.<\/p>\n<p>Diante disso, falar em \u201cresgate da alma brasileira\u201d n\u00e3o significa retornar a um passado idealizado, mas sim reconhecer e integrar essas m\u00faltiplas camadas hist\u00f3ricas. \u00c9 um processo de conscientiza\u00e7\u00e3o: entender de onde v\u00eam nossos h\u00e1bitos, nossas cren\u00e7as e nossas formas de ver o mundo.<\/p>\n<p>Esse resgate passa pela educa\u00e7\u00e3o, pela valoriza\u00e7\u00e3o da cultura local e pela escuta das vozes historicamente silenciadas. Passa tamb\u00e9m pela reconstru\u00e7\u00e3o da autoestima coletiva \u2014 um movimento que reconhece a pot\u00eancia do que \u00e9 brasileiro, sem negar suas feridas.<\/p>\n<p>Hoje, em meio \u00e0s transforma\u00e7\u00f5es sociais e tecnol\u00f3gicas, o Brasil vive um momento decisivo. O acesso \u00e0 informa\u00e7\u00e3o amplia horizontes, mas tamb\u00e9m desafia identidades. Nesse contexto, revisitar o inconsciente coletivo torna-se essencial para n\u00e3o perder o fio da pr\u00f3pria hist\u00f3ria.<\/p>\n<p>Resgatar a alma brasileira \u00e9, acima de tudo, um ato de reconex\u00e3o. \u00c9 olhar para dentro, reconhecer as pr\u00f3prias contradi\u00e7\u00f5es e, a partir delas, construir um futuro mais consciente, justo e plural. Afinal, a identidade de um povo n\u00e3o est\u00e1 apenas no que ele mostra ao mundo \u2014 mas, principalmente, naquilo que carrega em sil\u00eancio dentro de si.<\/p>\n","protected":false},"excerpt":{"rendered":"<p>O Brasil n\u00e3o \u00e9 apenas um territ\u00f3rio de dimens\u00f5es continentais, nem somente um mosaico de culturas vis\u00edveis. H\u00e1 algo mais profundo, silencioso e persistente que atravessa gera\u00e7\u00f5es: um inconsciente coletivo que molda comportamentos, valores e modos de sentir. Essa \u201calma brasileira\u201d n\u00e3o nasce pronta \u2014 ela \u00e9 constru\u00edda ao longo da hist\u00f3ria, marcada por encontros, [&hellip;]<\/p>\n","protected":false},"author":2,"featured_media":392969,"comment_status":"closed","ping_status":"closed","sticky":false,"template":"","format":"standard","meta":{"_acf_changed":false,"footnotes":""},"categories":[165],"tags":[],"class_list":["post-392968","post","type-post","status-publish","format-standard","has-post-thumbnail","hentry","category-nordeste"],"acf":[],"yoast_head":"<!-- This site is optimized with the Yoast SEO plugin v27.2 - https:\/\/yoast.com\/product\/yoast-seo-wordpress\/ -->\n<title>Inconsciente coletivo da alma nordestina \u00e9 como o de todo brasileiro - Notibras<\/title>\n<meta name=\"robots\" content=\"index, follow, max-snippet:-1, max-image-preview:large, max-video-preview:-1\" \/>\n<link rel=\"canonical\" href=\"https:\/\/www.notibras.com\/site\/inconsciente-coletivo-da-alma-nordestina-e-como-o-de-todo-brasileiro\/\" \/>\n<meta property=\"og:locale\" content=\"pt_BR\" \/>\n<meta property=\"og:type\" content=\"article\" \/>\n<meta property=\"og:title\" content=\"Inconsciente coletivo da alma nordestina \u00e9 como o de todo brasileiro - Notibras\" \/>\n<meta property=\"og:description\" content=\"O Brasil n\u00e3o \u00e9 apenas um territ\u00f3rio de dimens\u00f5es continentais, nem somente um mosaico de culturas vis\u00edveis. H\u00e1 algo mais profundo, silencioso e persistente que atravessa gera\u00e7\u00f5es: um inconsciente coletivo que molda comportamentos, valores e modos de sentir. Essa \u201calma brasileira\u201d n\u00e3o nasce pronta \u2014 ela \u00e9 constru\u00edda ao longo da hist\u00f3ria, marcada por encontros, [&hellip;]\" \/>\n<meta property=\"og:url\" content=\"https:\/\/www.notibras.com\/site\/inconsciente-coletivo-da-alma-nordestina-e-como-o-de-todo-brasileiro\/\" \/>\n<meta property=\"og:site_name\" content=\"Notibras\" \/>\n<meta property=\"article:publisher\" content=\"https:\/\/www.facebook.com\/notibras\/\" \/>\n<meta property=\"article:published_time\" content=\"2026-04-29T03:00:41+00:00\" \/>\n<meta property=\"article:modified_time\" content=\"2026-04-29T11:55:45+00:00\" \/>\n<meta property=\"og:image\" content=\"https:\/\/www.notibras.com\/site\/wp-content\/uploads\/2026\/04\/f9568a71-c8be-4e14-9da9-aea22a62b7d9-1024x683.png\" \/>\n\t<meta property=\"og:image:width\" content=\"1024\" \/>\n\t<meta property=\"og:image:height\" content=\"683\" \/>\n\t<meta property=\"og:image:type\" content=\"image\/png\" \/>\n<meta name=\"author\" content=\"Reda\u00e7\u00e3o\" \/>\n<meta name=\"twitter:card\" content=\"summary_large_image\" \/>\n<meta name=\"twitter:creator\" content=\"@Notibras\" \/>\n<meta name=\"twitter:site\" content=\"@Notibras\" \/>\n<meta name=\"twitter:label1\" content=\"Escrito por\" \/>\n\t<meta name=\"twitter:data1\" content=\"Reda\u00e7\u00e3o\" \/>\n\t<meta name=\"twitter:label2\" content=\"Est. tempo de leitura\" \/>\n\t<meta name=\"twitter:data2\" content=\"3 minutos\" \/>\n<script type=\"application\/ld+json\" class=\"yoast-schema-graph\">{\"@context\":\"https:\/\/schema.org\",\"@graph\":[{\"@type\":\"Article\",\"@id\":\"https:\/\/www.notibras.com\/site\/inconsciente-coletivo-da-alma-nordestina-e-como-o-de-todo-brasileiro\/#article\",\"isPartOf\":{\"@id\":\"https:\/\/www.notibras.com\/site\/inconsciente-coletivo-da-alma-nordestina-e-como-o-de-todo-brasileiro\/\"},\"author\":{\"name\":\"Reda\u00e7\u00e3o\",\"@id\":\"https:\/\/www.notibras.com\/site\/#\/schema\/person\/36ab0979449956132d3e5b517ea76ac8\"},\"headline\":\"Inconsciente coletivo da alma nordestina \u00e9 como o de todo brasileiro\",\"datePublished\":\"2026-04-29T03:00:41+00:00\",\"dateModified\":\"2026-04-29T11:55:45+00:00\",\"mainEntityOfPage\":{\"@id\":\"https:\/\/www.notibras.com\/site\/inconsciente-coletivo-da-alma-nordestina-e-como-o-de-todo-brasileiro\/\"},\"wordCount\":541,\"publisher\":{\"@id\":\"https:\/\/www.notibras.com\/site\/#organization\"},\"image\":{\"@id\":\"https:\/\/www.notibras.com\/site\/inconsciente-coletivo-da-alma-nordestina-e-como-o-de-todo-brasileiro\/#primaryimage\"},\"thumbnailUrl\":\"https:\/\/www.notibras.com\/site\/wp-content\/uploads\/2026\/04\/f9568a71-c8be-4e14-9da9-aea22a62b7d9.png\",\"articleSection\":[\"Nordeste\"],\"inLanguage\":\"pt-BR\"},{\"@type\":\"WebPage\",\"@id\":\"https:\/\/www.notibras.com\/site\/inconsciente-coletivo-da-alma-nordestina-e-como-o-de-todo-brasileiro\/\",\"url\":\"https:\/\/www.notibras.com\/site\/inconsciente-coletivo-da-alma-nordestina-e-como-o-de-todo-brasileiro\/\",\"name\":\"Inconsciente coletivo da alma nordestina \u00e9 como o de todo brasileiro - Notibras\",\"isPartOf\":{\"@id\":\"https:\/\/www.notibras.com\/site\/#website\"},\"primaryImageOfPage\":{\"@id\":\"https:\/\/www.notibras.com\/site\/inconsciente-coletivo-da-alma-nordestina-e-como-o-de-todo-brasileiro\/#primaryimage\"},\"image\":{\"@id\":\"https:\/\/www.notibras.com\/site\/inconsciente-coletivo-da-alma-nordestina-e-como-o-de-todo-brasileiro\/#primaryimage\"},\"thumbnailUrl\":\"https:\/\/www.notibras.com\/site\/wp-content\/uploads\/2026\/04\/f9568a71-c8be-4e14-9da9-aea22a62b7d9.png\",\"datePublished\":\"2026-04-29T03:00:41+00:00\",\"dateModified\":\"2026-04-29T11:55:45+00:00\",\"breadcrumb\":{\"@id\":\"https:\/\/www.notibras.com\/site\/inconsciente-coletivo-da-alma-nordestina-e-como-o-de-todo-brasileiro\/#breadcrumb\"},\"inLanguage\":\"pt-BR\",\"potentialAction\":[{\"@type\":\"ReadAction\",\"target\":[\"https:\/\/www.notibras.com\/site\/inconsciente-coletivo-da-alma-nordestina-e-como-o-de-todo-brasileiro\/\"]}]},{\"@type\":\"ImageObject\",\"inLanguage\":\"pt-BR\",\"@id\":\"https:\/\/www.notibras.com\/site\/inconsciente-coletivo-da-alma-nordestina-e-como-o-de-todo-brasileiro\/#primaryimage\",\"url\":\"https:\/\/www.notibras.com\/site\/wp-content\/uploads\/2026\/04\/f9568a71-c8be-4e14-9da9-aea22a62b7d9.png\",\"contentUrl\":\"https:\/\/www.notibras.com\/site\/wp-content\/uploads\/2026\/04\/f9568a71-c8be-4e14-9da9-aea22a62b7d9.png\",\"width\":1536,\"height\":1024},{\"@type\":\"BreadcrumbList\",\"@id\":\"https:\/\/www.notibras.com\/site\/inconsciente-coletivo-da-alma-nordestina-e-como-o-de-todo-brasileiro\/#breadcrumb\",\"itemListElement\":[{\"@type\":\"ListItem\",\"position\":1,\"name\":\"In\u00edcio\",\"item\":\"https:\/\/www.notibras.com\/site\/\"},{\"@type\":\"ListItem\",\"position\":2,\"name\":\"Inconsciente coletivo da alma nordestina \u00e9 como o de todo brasileiro\"}]},{\"@type\":\"WebSite\",\"@id\":\"https:\/\/www.notibras.com\/site\/#website\",\"url\":\"https:\/\/www.notibras.com\/site\/\",\"name\":\"Notibras\",\"description\":\"Not\u00edcias de Bras\u00edlia, do Brasil e do Mundo\",\"publisher\":{\"@id\":\"https:\/\/www.notibras.com\/site\/#organization\"},\"potentialAction\":[{\"@type\":\"SearchAction\",\"target\":{\"@type\":\"EntryPoint\",\"urlTemplate\":\"https:\/\/www.notibras.com\/site\/?s={search_term_string}\"},\"query-input\":{\"@type\":\"PropertyValueSpecification\",\"valueRequired\":true,\"valueName\":\"search_term_string\"}}],\"inLanguage\":\"pt-BR\"},{\"@type\":\"Organization\",\"@id\":\"https:\/\/www.notibras.com\/site\/#organization\",\"name\":\"Grupo Notibras de Comunica\u00e7\u00e3o\",\"url\":\"https:\/\/www.notibras.com\/site\/\",\"logo\":{\"@type\":\"ImageObject\",\"inLanguage\":\"pt-BR\",\"@id\":\"https:\/\/www.notibras.com\/site\/#\/schema\/logo\/image\/\",\"url\":\"https:\/\/www.notibras.com\/site\/wp-content\/uploads\/2023\/01\/notibras23.png\",\"contentUrl\":\"https:\/\/www.notibras.com\/site\/wp-content\/uploads\/2023\/01\/notibras23.png\",\"width\":350,\"height\":87,\"caption\":\"Grupo Notibras de Comunica\u00e7\u00e3o\"},\"image\":{\"@id\":\"https:\/\/www.notibras.com\/site\/#\/schema\/logo\/image\/\"},\"sameAs\":[\"https:\/\/www.facebook.com\/notibras\/\",\"https:\/\/x.com\/Notibras\",\"https:\/\/www.instagram.com\/notibras\/\"]},{\"@type\":\"Person\",\"@id\":\"https:\/\/www.notibras.com\/site\/#\/schema\/person\/36ab0979449956132d3e5b517ea76ac8\",\"name\":\"Reda\u00e7\u00e3o\",\"image\":{\"@type\":\"ImageObject\",\"inLanguage\":\"pt-BR\",\"@id\":\"https:\/\/secure.gravatar.com\/avatar\/e0a867bdedb85fd243eadf09663511f96fc81e0720a4a42581f334ad4303aa6b?s=96&d=mm&r=g\",\"url\":\"https:\/\/secure.gravatar.com\/avatar\/e0a867bdedb85fd243eadf09663511f96fc81e0720a4a42581f334ad4303aa6b?s=96&d=mm&r=g\",\"contentUrl\":\"https:\/\/secure.gravatar.com\/avatar\/e0a867bdedb85fd243eadf09663511f96fc81e0720a4a42581f334ad4303aa6b?s=96&d=mm&r=g\",\"caption\":\"Reda\u00e7\u00e3o\"}}]}<\/script>\n<!-- \/ Yoast SEO plugin. -->","yoast_head_json":{"title":"Inconsciente coletivo da alma nordestina \u00e9 como o de todo brasileiro - Notibras","robots":{"index":"index","follow":"follow","max-snippet":"max-snippet:-1","max-image-preview":"max-image-preview:large","max-video-preview":"max-video-preview:-1"},"canonical":"https:\/\/www.notibras.com\/site\/inconsciente-coletivo-da-alma-nordestina-e-como-o-de-todo-brasileiro\/","og_locale":"pt_BR","og_type":"article","og_title":"Inconsciente coletivo da alma nordestina \u00e9 como o de todo brasileiro - Notibras","og_description":"O Brasil n\u00e3o \u00e9 apenas um territ\u00f3rio de dimens\u00f5es continentais, nem somente um mosaico de culturas vis\u00edveis. H\u00e1 algo mais profundo, silencioso e persistente que atravessa gera\u00e7\u00f5es: um inconsciente coletivo que molda comportamentos, valores e modos de sentir. Essa \u201calma brasileira\u201d n\u00e3o nasce pronta \u2014 ela \u00e9 constru\u00edda ao longo da hist\u00f3ria, marcada por encontros, [&hellip;]","og_url":"https:\/\/www.notibras.com\/site\/inconsciente-coletivo-da-alma-nordestina-e-como-o-de-todo-brasileiro\/","og_site_name":"Notibras","article_publisher":"https:\/\/www.facebook.com\/notibras\/","article_published_time":"2026-04-29T03:00:41+00:00","article_modified_time":"2026-04-29T11:55:45+00:00","og_image":[{"width":1024,"height":683,"url":"https:\/\/www.notibras.com\/site\/wp-content\/uploads\/2026\/04\/f9568a71-c8be-4e14-9da9-aea22a62b7d9-1024x683.png","type":"image\/png"}],"author":"Reda\u00e7\u00e3o","twitter_card":"summary_large_image","twitter_creator":"@Notibras","twitter_site":"@Notibras","twitter_misc":{"Escrito por":"Reda\u00e7\u00e3o","Est. tempo de leitura":"3 minutos"},"schema":{"@context":"https:\/\/schema.org","@graph":[{"@type":"Article","@id":"https:\/\/www.notibras.com\/site\/inconsciente-coletivo-da-alma-nordestina-e-como-o-de-todo-brasileiro\/#article","isPartOf":{"@id":"https:\/\/www.notibras.com\/site\/inconsciente-coletivo-da-alma-nordestina-e-como-o-de-todo-brasileiro\/"},"author":{"name":"Reda\u00e7\u00e3o","@id":"https:\/\/www.notibras.com\/site\/#\/schema\/person\/36ab0979449956132d3e5b517ea76ac8"},"headline":"Inconsciente coletivo da alma nordestina \u00e9 como o de todo brasileiro","datePublished":"2026-04-29T03:00:41+00:00","dateModified":"2026-04-29T11:55:45+00:00","mainEntityOfPage":{"@id":"https:\/\/www.notibras.com\/site\/inconsciente-coletivo-da-alma-nordestina-e-como-o-de-todo-brasileiro\/"},"wordCount":541,"publisher":{"@id":"https:\/\/www.notibras.com\/site\/#organization"},"image":{"@id":"https:\/\/www.notibras.com\/site\/inconsciente-coletivo-da-alma-nordestina-e-como-o-de-todo-brasileiro\/#primaryimage"},"thumbnailUrl":"https:\/\/www.notibras.com\/site\/wp-content\/uploads\/2026\/04\/f9568a71-c8be-4e14-9da9-aea22a62b7d9.png","articleSection":["Nordeste"],"inLanguage":"pt-BR"},{"@type":"WebPage","@id":"https:\/\/www.notibras.com\/site\/inconsciente-coletivo-da-alma-nordestina-e-como-o-de-todo-brasileiro\/","url":"https:\/\/www.notibras.com\/site\/inconsciente-coletivo-da-alma-nordestina-e-como-o-de-todo-brasileiro\/","name":"Inconsciente coletivo da alma nordestina \u00e9 como o de todo brasileiro - Notibras","isPartOf":{"@id":"https:\/\/www.notibras.com\/site\/#website"},"primaryImageOfPage":{"@id":"https:\/\/www.notibras.com\/site\/inconsciente-coletivo-da-alma-nordestina-e-como-o-de-todo-brasileiro\/#primaryimage"},"image":{"@id":"https:\/\/www.notibras.com\/site\/inconsciente-coletivo-da-alma-nordestina-e-como-o-de-todo-brasileiro\/#primaryimage"},"thumbnailUrl":"https:\/\/www.notibras.com\/site\/wp-content\/uploads\/2026\/04\/f9568a71-c8be-4e14-9da9-aea22a62b7d9.png","datePublished":"2026-04-29T03:00:41+00:00","dateModified":"2026-04-29T11:55:45+00:00","breadcrumb":{"@id":"https:\/\/www.notibras.com\/site\/inconsciente-coletivo-da-alma-nordestina-e-como-o-de-todo-brasileiro\/#breadcrumb"},"inLanguage":"pt-BR","potentialAction":[{"@type":"ReadAction","target":["https:\/\/www.notibras.com\/site\/inconsciente-coletivo-da-alma-nordestina-e-como-o-de-todo-brasileiro\/"]}]},{"@type":"ImageObject","inLanguage":"pt-BR","@id":"https:\/\/www.notibras.com\/site\/inconsciente-coletivo-da-alma-nordestina-e-como-o-de-todo-brasileiro\/#primaryimage","url":"https:\/\/www.notibras.com\/site\/wp-content\/uploads\/2026\/04\/f9568a71-c8be-4e14-9da9-aea22a62b7d9.png","contentUrl":"https:\/\/www.notibras.com\/site\/wp-content\/uploads\/2026\/04\/f9568a71-c8be-4e14-9da9-aea22a62b7d9.png","width":1536,"height":1024},{"@type":"BreadcrumbList","@id":"https:\/\/www.notibras.com\/site\/inconsciente-coletivo-da-alma-nordestina-e-como-o-de-todo-brasileiro\/#breadcrumb","itemListElement":[{"@type":"ListItem","position":1,"name":"In\u00edcio","item":"https:\/\/www.notibras.com\/site\/"},{"@type":"ListItem","position":2,"name":"Inconsciente coletivo da alma nordestina \u00e9 como o de todo brasileiro"}]},{"@type":"WebSite","@id":"https:\/\/www.notibras.com\/site\/#website","url":"https:\/\/www.notibras.com\/site\/","name":"Notibras","description":"Not\u00edcias de Bras\u00edlia, do Brasil e do Mundo","publisher":{"@id":"https:\/\/www.notibras.com\/site\/#organization"},"potentialAction":[{"@type":"SearchAction","target":{"@type":"EntryPoint","urlTemplate":"https:\/\/www.notibras.com\/site\/?s={search_term_string}"},"query-input":{"@type":"PropertyValueSpecification","valueRequired":true,"valueName":"search_term_string"}}],"inLanguage":"pt-BR"},{"@type":"Organization","@id":"https:\/\/www.notibras.com\/site\/#organization","name":"Grupo Notibras de Comunica\u00e7\u00e3o","url":"https:\/\/www.notibras.com\/site\/","logo":{"@type":"ImageObject","inLanguage":"pt-BR","@id":"https:\/\/www.notibras.com\/site\/#\/schema\/logo\/image\/","url":"https:\/\/www.notibras.com\/site\/wp-content\/uploads\/2023\/01\/notibras23.png","contentUrl":"https:\/\/www.notibras.com\/site\/wp-content\/uploads\/2023\/01\/notibras23.png","width":350,"height":87,"caption":"Grupo Notibras de Comunica\u00e7\u00e3o"},"image":{"@id":"https:\/\/www.notibras.com\/site\/#\/schema\/logo\/image\/"},"sameAs":["https:\/\/www.facebook.com\/notibras\/","https:\/\/x.com\/Notibras","https:\/\/www.instagram.com\/notibras\/"]},{"@type":"Person","@id":"https:\/\/www.notibras.com\/site\/#\/schema\/person\/36ab0979449956132d3e5b517ea76ac8","name":"Reda\u00e7\u00e3o","image":{"@type":"ImageObject","inLanguage":"pt-BR","@id":"https:\/\/secure.gravatar.com\/avatar\/e0a867bdedb85fd243eadf09663511f96fc81e0720a4a42581f334ad4303aa6b?s=96&d=mm&r=g","url":"https:\/\/secure.gravatar.com\/avatar\/e0a867bdedb85fd243eadf09663511f96fc81e0720a4a42581f334ad4303aa6b?s=96&d=mm&r=g","contentUrl":"https:\/\/secure.gravatar.com\/avatar\/e0a867bdedb85fd243eadf09663511f96fc81e0720a4a42581f334ad4303aa6b?s=96&d=mm&r=g","caption":"Reda\u00e7\u00e3o"}}]}},"amp_enabled":true,"_links":{"self":[{"href":"https:\/\/www.notibras.com\/site\/wp-json\/wp\/v2\/posts\/392968","targetHints":{"allow":["GET"]}}],"collection":[{"href":"https:\/\/www.notibras.com\/site\/wp-json\/wp\/v2\/posts"}],"about":[{"href":"https:\/\/www.notibras.com\/site\/wp-json\/wp\/v2\/types\/post"}],"author":[{"embeddable":true,"href":"https:\/\/www.notibras.com\/site\/wp-json\/wp\/v2\/users\/2"}],"replies":[{"embeddable":true,"href":"https:\/\/www.notibras.com\/site\/wp-json\/wp\/v2\/comments?post=392968"}],"version-history":[{"count":1,"href":"https:\/\/www.notibras.com\/site\/wp-json\/wp\/v2\/posts\/392968\/revisions"}],"predecessor-version":[{"id":392970,"href":"https:\/\/www.notibras.com\/site\/wp-json\/wp\/v2\/posts\/392968\/revisions\/392970"}],"wp:featuredmedia":[{"embeddable":true,"href":"https:\/\/www.notibras.com\/site\/wp-json\/wp\/v2\/media\/392969"}],"wp:attachment":[{"href":"https:\/\/www.notibras.com\/site\/wp-json\/wp\/v2\/media?parent=392968"}],"wp:term":[{"taxonomy":"category","embeddable":true,"href":"https:\/\/www.notibras.com\/site\/wp-json\/wp\/v2\/categories?post=392968"},{"taxonomy":"post_tag","embeddable":true,"href":"https:\/\/www.notibras.com\/site\/wp-json\/wp\/v2\/tags?post=392968"}],"curies":[{"name":"wp","href":"https:\/\/api.w.org\/{rel}","templated":true}]}}