{"id":392971,"date":"2026-04-30T01:15:51","date_gmt":"2026-04-30T04:15:51","guid":{"rendered":"https:\/\/www.notibras.com\/site\/?p=392971"},"modified":"2026-04-29T13:57:56","modified_gmt":"2026-04-29T16:57:56","slug":"defesa-de-ex-diretor-da-papuda-nega-assedio-e-afirma-inocencia","status":"publish","type":"post","link":"https:\/\/www.notibras.com\/site\/defesa-de-ex-diretor-da-papuda-nega-assedio-e-afirma-inocencia\/","title":{"rendered":"Defesa de ex-diretor da Papuda nega ass\u00e9dio e afirma inoc\u00eancia"},"content":{"rendered":"<p>A defesa de Mayk Steve Richter Nobre, ex-diretor de uma unidade do Complexo Penitenci\u00e1rio da Papuda, no Distrito Federal, manifestou-se publicamente nesta quarta-feira (29) para negar as acusa\u00e7\u00f5es de ass\u00e9dio sexual e moral contra uma subordinada. Em nota oficial, os advogados do ex-gestor afirmaram que as den\u00fancias recentes n\u00e3o condizem com a realidade e que acreditam plenamente na sua absolvi\u00e7\u00e3o ao final do processo.<\/p>\n<p>Mayk Steve, que chefiava um pres\u00eddio de seguran\u00e7a m\u00e1xima, tornou-se r\u00e9u na Justi\u00e7a em mar\u00e7o, ap\u00f3s den\u00fancia oferecida pelo Minist\u00e9rio P\u00fablico do Distrito Federal e Territ\u00f3rios (MPDFT). A acusa\u00e7\u00e3o aponta que ele teria realizado investidas sexuais inadequadas contra uma policial penal que trabalhava sob seu comando, al\u00e9m de solicitar fotos \u00edntimas e submet\u00ea-la a situa\u00e7\u00f5es de humilha\u00e7\u00e3o no ambiente de trabalho.<\/p>\n<p>O caso corre sob sigilo de justi\u00e7a, medida adotada pelo Poder Judici\u00e1rio para resguardar a identidade e a integridade da v\u00edtima. Segundo o Minist\u00e9rio P\u00fablico, a conduta do ex-diretor se enquadra nos crimes de ass\u00e9dio sexual e constrangimento ilegal, com o agravante de intimida\u00e7\u00e3o sistem\u00e1tica, o que refor\u00e7a a gravidade das alega\u00e7\u00f5es apresentadas pela servidora.<\/p>\n<p style=\"text-align: center;\"><img loading=\"lazy\" decoding=\"async\" class=\"alignnone wp-image-392972\" src=\"https:\/\/www.notibras.com\/site\/wp-content\/uploads\/2026\/04\/WhatsApp-Image-2026-04-29-at-13.35.47-1-300x205.jpeg\" alt=\"\" width=\"601\" height=\"411\" srcset=\"https:\/\/www.notibras.com\/site\/wp-content\/uploads\/2026\/04\/WhatsApp-Image-2026-04-29-at-13.35.47-1-300x205.jpeg 300w, https:\/\/www.notibras.com\/site\/wp-content\/uploads\/2026\/04\/WhatsApp-Image-2026-04-29-at-13.35.47-1-1024x698.jpeg 1024w, https:\/\/www.notibras.com\/site\/wp-content\/uploads\/2026\/04\/WhatsApp-Image-2026-04-29-at-13.35.47-1-768x524.jpeg 768w, https:\/\/www.notibras.com\/site\/wp-content\/uploads\/2026\/04\/WhatsApp-Image-2026-04-29-at-13.35.47-1.jpeg 1028w\" sizes=\"auto, (max-width: 601px) 100vw, 601px\" \/><\/p>\n<p>Apesar da negativa atual da defesa, documentos anexados ao processo pelo Minist\u00e9rio P\u00fablico revelam detalhes do depoimento anterior de Mayk. Na delegacia, ele teria admitido o envio de mensagens e o pedido de fotografias \u00edntimas \u00e0 subordinada. Al\u00e9m disso, os documentos citam que o r\u00e9u confirmou o teor das conversas, incluindo relatos expl\u00edcitos de excita\u00e7\u00e3o fisiol\u00f3gica durante os di\u00e1logos.<\/p>\n<p>O escrit\u00f3rio de advocacia S\u00e9rgio Fonseca e Fl\u00e1vio Fonseca, respons\u00e1vel pela defesa de Mayk, emitiu uma nota \u00e0 imprensa para contrapor a repercuss\u00e3o do caso. No comunicado, os defensores destacam que as informa\u00e7\u00f5es divulgadas at\u00e9 o momento &#8220;n\u00e3o refletem a realidade dos fatos&#8221; e que a verdade ser\u00e1 estabelecida ao longo da instru\u00e7\u00e3o processual.<\/p>\n<p>A nota enfatiza que, devido ao segredo de justi\u00e7a imposto ao processo, a defesa est\u00e1 legalmente impedida de fornecer detalhes t\u00e9cnicos ou provas que rebatam as acusa\u00e7\u00f5es de forma minuciosa neste momento. Os advogados ressaltam que o sigilo \u00e9 uma norma legal que deve ser respeitada por todas as partes envolvidas para evitar nulidades processuais.<\/p>\n<p>Mesmo diante das limita\u00e7\u00f5es impostas pelo sigilo, a equipe jur\u00eddica reafirmou sua confian\u00e7a nas institui\u00e7\u00f5es competentes. A defesa alega estar segura de que o Poder Judici\u00e1rio far\u00e1 uma apura\u00e7\u00e3o isenta e rigorosa, permitindo que o ex-diretor apresente sua vers\u00e3o dos acontecimentos de maneira formal e dentro dos ritos estabelecidos.<\/p>\n<p>No texto enviado ao portal g1, os advogados reiteram o compromisso inabal\u00e1vel com a legalidade e com o direito constitucional \u00e0 ampla defesa. Eles argumentam que o devido processo legal \u00e9 a \u00fanica via para que a inoc\u00eancia de Mayk Steve Richter Nobre seja devidamente reconhecida e validada pela magistratura brasiliense.<\/p>\n<p>As investiga\u00e7\u00f5es apontam que o comportamento do ex-diretor gerou um ambiente de trabalho hostil para a v\u00edtima. Relatos indicam que, ap\u00f3s as supostas investidas sexuais n\u00e3o serem correspondidas, a policial penal teria passado a sofrer retalia\u00e7\u00f5es e constrangimentos p\u00fablicos dentro da unidade prisional de seguran\u00e7a m\u00e1xima.<\/p>\n<p>O Minist\u00e9rio P\u00fablico, al\u00e9m de buscar a condena\u00e7\u00e3o criminal, tamb\u00e9m incluiu no processo um pedido de repara\u00e7\u00e3o financeira. O \u00f3rg\u00e3o solicita que a Justi\u00e7a fixe um valor m\u00ednimo a t\u00edtulo de danos morais, visando compensar o sofrimento psicol\u00f3gico e os danos \u00e0 carreira e \u00e0 imagem da servidora afetada pelas a\u00e7\u00f5es do r\u00e9u.<\/p>\n<p>A den\u00fancia contra o ex-diretor causou forte impacto na estrutura da Secretaria de Administra\u00e7\u00e3o Penitenci\u00e1ria (Seape). Mayk Steve ocupava um cargo de alta confian\u00e7a no sistema prisional, sendo respons\u00e1vel pela gest\u00e3o de uma das unidades mais sens\u00edveis do Complexo da Papuda, onde o rigor disciplinar \u00e9 fundamental.<\/p>\n<p>A repercuss\u00e3o do caso tamb\u00e9m reacendeu o debate sobre o ass\u00e9dio moral e sexual dentro das for\u00e7as de seguran\u00e7a p\u00fablica. Entidades de classe t\u00eam acompanhado o desdobramento da den\u00fancia, refor\u00e7ando a necessidade de protocolos mais r\u00edgidos para a prote\u00e7\u00e3o de mulheres em ambientes hierarquizados.<\/p>\n<p>At\u00e9 o momento, a Justi\u00e7a segue com a coleta de provas e an\u00e1lise dos depoimentos. O hist\u00f3rico das conversas admitidas pelo r\u00e9u em sede policial deve ser um dos pontos centrais da an\u00e1lise t\u00e9cnica realizada pela per\u00edcia, visando determinar se houve abuso de autoridade e coer\u00e7\u00e3o sexual.<\/p>\n<p>A expectativa agora gira em torno das pr\u00f3ximas audi\u00eancias de instru\u00e7\u00e3o e julgamento, onde as testemunhas de acusa\u00e7\u00e3o e defesa ser\u00e3o ouvidas. Somente ap\u00f3s essa fase, o juiz respons\u00e1vel pelo caso proferir\u00e1 a senten\u00e7a, decidindo se as provas s\u00e3o suficientes para a condena\u00e7\u00e3o ou se a tese de inoc\u00eancia prosperar\u00e1.<\/p>\n<p>Enquanto o processo avan\u00e7a, a defesa de Mayk Steve mant\u00e9m a postura de aguardar as decis\u00f5es judiciais com serenidade. Os advogados concluem a nota refor\u00e7ando que o r\u00e9u est\u00e1 \u00e0 disposi\u00e7\u00e3o da justi\u00e7a para prestar todos os esclarecimentos necess\u00e1rios para que o caso seja encerrado com a sua absolvi\u00e7\u00e3o definitiva.<\/p>\n","protected":false},"excerpt":{"rendered":"<p>A defesa de Mayk Steve Richter Nobre, ex-diretor de uma unidade do Complexo Penitenci\u00e1rio da Papuda, no Distrito Federal, manifestou-se publicamente nesta quarta-feira (29) para negar as acusa\u00e7\u00f5es de ass\u00e9dio sexual e moral contra uma subordinada. Em nota oficial, os advogados do ex-gestor afirmaram que as den\u00fancias recentes n\u00e3o condizem com a realidade e que [&hellip;]<\/p>\n","protected":false},"author":21,"featured_media":392974,"comment_status":"closed","ping_status":"closed","sticky":false,"template":"","format":"standard","meta":{"_acf_changed":false,"footnotes":""},"categories":[161],"tags":[],"class_list":["post-392971","post","type-post","status-publish","format-standard","has-post-thumbnail","hentry","category-quadradinho-em-foco"],"acf":[],"yoast_head":"<!-- This site is optimized with the Yoast SEO plugin v27.2 - https:\/\/yoast.com\/product\/yoast-seo-wordpress\/ -->\n<title>Defesa de ex-diretor da Papuda nega ass\u00e9dio e afirma inoc\u00eancia - Notibras<\/title>\n<meta name=\"robots\" content=\"index, follow, max-snippet:-1, max-image-preview:large, max-video-preview:-1\" \/>\n<link rel=\"canonical\" href=\"https:\/\/www.notibras.com\/site\/defesa-de-ex-diretor-da-papuda-nega-assedio-e-afirma-inocencia\/\" \/>\n<meta property=\"og:locale\" content=\"pt_BR\" \/>\n<meta property=\"og:type\" content=\"article\" \/>\n<meta property=\"og:title\" content=\"Defesa de ex-diretor da Papuda nega ass\u00e9dio e afirma inoc\u00eancia - Notibras\" \/>\n<meta property=\"og:description\" content=\"A defesa de Mayk Steve Richter Nobre, ex-diretor de uma unidade do Complexo Penitenci\u00e1rio da Papuda, no Distrito Federal, manifestou-se publicamente nesta quarta-feira (29) para negar as acusa\u00e7\u00f5es de ass\u00e9dio sexual e moral contra uma subordinada. Em nota oficial, os advogados do ex-gestor afirmaram que as den\u00fancias recentes n\u00e3o condizem com a realidade e que [&hellip;]\" \/>\n<meta property=\"og:url\" content=\"https:\/\/www.notibras.com\/site\/defesa-de-ex-diretor-da-papuda-nega-assedio-e-afirma-inocencia\/\" \/>\n<meta property=\"og:site_name\" content=\"Notibras\" \/>\n<meta property=\"article:publisher\" content=\"https:\/\/www.facebook.com\/notibras\/\" \/>\n<meta property=\"article:published_time\" content=\"2026-04-30T04:15:51+00:00\" \/>\n<meta property=\"og:image\" content=\"https:\/\/www.notibras.com\/site\/wp-content\/uploads\/2026\/04\/WhatsApp-Image-2026-04-29-at-13.36.47.jpeg\" \/>\n\t<meta property=\"og:image:width\" content=\"578\" \/>\n\t<meta property=\"og:image:height\" content=\"516\" \/>\n\t<meta property=\"og:image:type\" content=\"image\/jpeg\" \/>\n<meta name=\"author\" content=\"Eduardo Mart\u00ednez\" \/>\n<meta name=\"twitter:card\" content=\"summary_large_image\" \/>\n<meta name=\"twitter:creator\" content=\"@Notibras\" \/>\n<meta name=\"twitter:site\" content=\"@Notibras\" \/>\n<meta name=\"twitter:label1\" content=\"Escrito por\" \/>\n\t<meta name=\"twitter:data1\" content=\"Eduardo Mart\u00ednez\" \/>\n\t<meta name=\"twitter:label2\" content=\"Est. tempo de leitura\" \/>\n\t<meta name=\"twitter:data2\" content=\"5 minutos\" \/>\n<script type=\"application\/ld+json\" class=\"yoast-schema-graph\">{\"@context\":\"https:\/\/schema.org\",\"@graph\":[{\"@type\":\"Article\",\"@id\":\"https:\/\/www.notibras.com\/site\/defesa-de-ex-diretor-da-papuda-nega-assedio-e-afirma-inocencia\/#article\",\"isPartOf\":{\"@id\":\"https:\/\/www.notibras.com\/site\/defesa-de-ex-diretor-da-papuda-nega-assedio-e-afirma-inocencia\/\"},\"author\":{\"name\":\"Eduardo Mart\u00ednez\",\"@id\":\"https:\/\/www.notibras.com\/site\/#\/schema\/person\/5b7fabf2aedc3ada2105f03b22b4d3dd\"},\"headline\":\"Defesa de ex-diretor da Papuda nega ass\u00e9dio e afirma inoc\u00eancia\",\"datePublished\":\"2026-04-30T04:15:51+00:00\",\"mainEntityOfPage\":{\"@id\":\"https:\/\/www.notibras.com\/site\/defesa-de-ex-diretor-da-papuda-nega-assedio-e-afirma-inocencia\/\"},\"wordCount\":914,\"publisher\":{\"@id\":\"https:\/\/www.notibras.com\/site\/#organization\"},\"image\":{\"@id\":\"https:\/\/www.notibras.com\/site\/defesa-de-ex-diretor-da-papuda-nega-assedio-e-afirma-inocencia\/#primaryimage\"},\"thumbnailUrl\":\"https:\/\/www.notibras.com\/site\/wp-content\/uploads\/2026\/04\/WhatsApp-Image-2026-04-29-at-13.36.47.jpeg\",\"articleSection\":[\"Quadradinho em Foco\"],\"inLanguage\":\"pt-BR\"},{\"@type\":\"WebPage\",\"@id\":\"https:\/\/www.notibras.com\/site\/defesa-de-ex-diretor-da-papuda-nega-assedio-e-afirma-inocencia\/\",\"url\":\"https:\/\/www.notibras.com\/site\/defesa-de-ex-diretor-da-papuda-nega-assedio-e-afirma-inocencia\/\",\"name\":\"Defesa de ex-diretor da Papuda nega ass\u00e9dio e afirma inoc\u00eancia - Notibras\",\"isPartOf\":{\"@id\":\"https:\/\/www.notibras.com\/site\/#website\"},\"primaryImageOfPage\":{\"@id\":\"https:\/\/www.notibras.com\/site\/defesa-de-ex-diretor-da-papuda-nega-assedio-e-afirma-inocencia\/#primaryimage\"},\"image\":{\"@id\":\"https:\/\/www.notibras.com\/site\/defesa-de-ex-diretor-da-papuda-nega-assedio-e-afirma-inocencia\/#primaryimage\"},\"thumbnailUrl\":\"https:\/\/www.notibras.com\/site\/wp-content\/uploads\/2026\/04\/WhatsApp-Image-2026-04-29-at-13.36.47.jpeg\",\"datePublished\":\"2026-04-30T04:15:51+00:00\",\"breadcrumb\":{\"@id\":\"https:\/\/www.notibras.com\/site\/defesa-de-ex-diretor-da-papuda-nega-assedio-e-afirma-inocencia\/#breadcrumb\"},\"inLanguage\":\"pt-BR\",\"potentialAction\":[{\"@type\":\"ReadAction\",\"target\":[\"https:\/\/www.notibras.com\/site\/defesa-de-ex-diretor-da-papuda-nega-assedio-e-afirma-inocencia\/\"]}]},{\"@type\":\"ImageObject\",\"inLanguage\":\"pt-BR\",\"@id\":\"https:\/\/www.notibras.com\/site\/defesa-de-ex-diretor-da-papuda-nega-assedio-e-afirma-inocencia\/#primaryimage\",\"url\":\"https:\/\/www.notibras.com\/site\/wp-content\/uploads\/2026\/04\/WhatsApp-Image-2026-04-29-at-13.36.47.jpeg\",\"contentUrl\":\"https:\/\/www.notibras.com\/site\/wp-content\/uploads\/2026\/04\/WhatsApp-Image-2026-04-29-at-13.36.47.jpeg\",\"width\":578,\"height\":516},{\"@type\":\"BreadcrumbList\",\"@id\":\"https:\/\/www.notibras.com\/site\/defesa-de-ex-diretor-da-papuda-nega-assedio-e-afirma-inocencia\/#breadcrumb\",\"itemListElement\":[{\"@type\":\"ListItem\",\"position\":1,\"name\":\"In\u00edcio\",\"item\":\"https:\/\/www.notibras.com\/site\/\"},{\"@type\":\"ListItem\",\"position\":2,\"name\":\"Defesa de ex-diretor da Papuda nega ass\u00e9dio e afirma inoc\u00eancia\"}]},{\"@type\":\"WebSite\",\"@id\":\"https:\/\/www.notibras.com\/site\/#website\",\"url\":\"https:\/\/www.notibras.com\/site\/\",\"name\":\"Notibras\",\"description\":\"Not\u00edcias de Bras\u00edlia, do Brasil e do Mundo\",\"publisher\":{\"@id\":\"https:\/\/www.notibras.com\/site\/#organization\"},\"potentialAction\":[{\"@type\":\"SearchAction\",\"target\":{\"@type\":\"EntryPoint\",\"urlTemplate\":\"https:\/\/www.notibras.com\/site\/?s={search_term_string}\"},\"query-input\":{\"@type\":\"PropertyValueSpecification\",\"valueRequired\":true,\"valueName\":\"search_term_string\"}}],\"inLanguage\":\"pt-BR\"},{\"@type\":\"Organization\",\"@id\":\"https:\/\/www.notibras.com\/site\/#organization\",\"name\":\"Grupo Notibras de Comunica\u00e7\u00e3o\",\"url\":\"https:\/\/www.notibras.com\/site\/\",\"logo\":{\"@type\":\"ImageObject\",\"inLanguage\":\"pt-BR\",\"@id\":\"https:\/\/www.notibras.com\/site\/#\/schema\/logo\/image\/\",\"url\":\"https:\/\/www.notibras.com\/site\/wp-content\/uploads\/2023\/01\/notibras23.png\",\"contentUrl\":\"https:\/\/www.notibras.com\/site\/wp-content\/uploads\/2023\/01\/notibras23.png\",\"width\":350,\"height\":87,\"caption\":\"Grupo Notibras de Comunica\u00e7\u00e3o\"},\"image\":{\"@id\":\"https:\/\/www.notibras.com\/site\/#\/schema\/logo\/image\/\"},\"sameAs\":[\"https:\/\/www.facebook.com\/notibras\/\",\"https:\/\/x.com\/Notibras\",\"https:\/\/www.instagram.com\/notibras\/\"]},{\"@type\":\"Person\",\"@id\":\"https:\/\/www.notibras.com\/site\/#\/schema\/person\/5b7fabf2aedc3ada2105f03b22b4d3dd\",\"name\":\"Eduardo Mart\u00ednez\",\"image\":{\"@type\":\"ImageObject\",\"inLanguage\":\"pt-BR\",\"@id\":\"https:\/\/secure.gravatar.com\/avatar\/7902f906289926289cbcda644b5197c796b893c6ffd7b9a536a42d290f7704a0?s=96&d=mm&r=g\",\"url\":\"https:\/\/secure.gravatar.com\/avatar\/7902f906289926289cbcda644b5197c796b893c6ffd7b9a536a42d290f7704a0?s=96&d=mm&r=g\",\"contentUrl\":\"https:\/\/secure.gravatar.com\/avatar\/7902f906289926289cbcda644b5197c796b893c6ffd7b9a536a42d290f7704a0?s=96&d=mm&r=g\",\"caption\":\"Eduardo Mart\u00ednez\"}}]}<\/script>\n<!-- \/ Yoast SEO plugin. -->","yoast_head_json":{"title":"Defesa de ex-diretor da Papuda nega ass\u00e9dio e afirma inoc\u00eancia - Notibras","robots":{"index":"index","follow":"follow","max-snippet":"max-snippet:-1","max-image-preview":"max-image-preview:large","max-video-preview":"max-video-preview:-1"},"canonical":"https:\/\/www.notibras.com\/site\/defesa-de-ex-diretor-da-papuda-nega-assedio-e-afirma-inocencia\/","og_locale":"pt_BR","og_type":"article","og_title":"Defesa de ex-diretor da Papuda nega ass\u00e9dio e afirma inoc\u00eancia - Notibras","og_description":"A defesa de Mayk Steve Richter Nobre, ex-diretor de uma unidade do Complexo Penitenci\u00e1rio da Papuda, no Distrito Federal, manifestou-se publicamente nesta quarta-feira (29) para negar as acusa\u00e7\u00f5es de ass\u00e9dio sexual e moral contra uma subordinada. Em nota oficial, os advogados do ex-gestor afirmaram que as den\u00fancias recentes n\u00e3o condizem com a realidade e que [&hellip;]","og_url":"https:\/\/www.notibras.com\/site\/defesa-de-ex-diretor-da-papuda-nega-assedio-e-afirma-inocencia\/","og_site_name":"Notibras","article_publisher":"https:\/\/www.facebook.com\/notibras\/","article_published_time":"2026-04-30T04:15:51+00:00","og_image":[{"width":578,"height":516,"url":"https:\/\/www.notibras.com\/site\/wp-content\/uploads\/2026\/04\/WhatsApp-Image-2026-04-29-at-13.36.47.jpeg","type":"image\/jpeg"}],"author":"Eduardo Mart\u00ednez","twitter_card":"summary_large_image","twitter_creator":"@Notibras","twitter_site":"@Notibras","twitter_misc":{"Escrito por":"Eduardo Mart\u00ednez","Est. tempo de leitura":"5 minutos"},"schema":{"@context":"https:\/\/schema.org","@graph":[{"@type":"Article","@id":"https:\/\/www.notibras.com\/site\/defesa-de-ex-diretor-da-papuda-nega-assedio-e-afirma-inocencia\/#article","isPartOf":{"@id":"https:\/\/www.notibras.com\/site\/defesa-de-ex-diretor-da-papuda-nega-assedio-e-afirma-inocencia\/"},"author":{"name":"Eduardo Mart\u00ednez","@id":"https:\/\/www.notibras.com\/site\/#\/schema\/person\/5b7fabf2aedc3ada2105f03b22b4d3dd"},"headline":"Defesa de ex-diretor da Papuda nega ass\u00e9dio e afirma inoc\u00eancia","datePublished":"2026-04-30T04:15:51+00:00","mainEntityOfPage":{"@id":"https:\/\/www.notibras.com\/site\/defesa-de-ex-diretor-da-papuda-nega-assedio-e-afirma-inocencia\/"},"wordCount":914,"publisher":{"@id":"https:\/\/www.notibras.com\/site\/#organization"},"image":{"@id":"https:\/\/www.notibras.com\/site\/defesa-de-ex-diretor-da-papuda-nega-assedio-e-afirma-inocencia\/#primaryimage"},"thumbnailUrl":"https:\/\/www.notibras.com\/site\/wp-content\/uploads\/2026\/04\/WhatsApp-Image-2026-04-29-at-13.36.47.jpeg","articleSection":["Quadradinho em Foco"],"inLanguage":"pt-BR"},{"@type":"WebPage","@id":"https:\/\/www.notibras.com\/site\/defesa-de-ex-diretor-da-papuda-nega-assedio-e-afirma-inocencia\/","url":"https:\/\/www.notibras.com\/site\/defesa-de-ex-diretor-da-papuda-nega-assedio-e-afirma-inocencia\/","name":"Defesa de ex-diretor da Papuda nega ass\u00e9dio e afirma inoc\u00eancia - Notibras","isPartOf":{"@id":"https:\/\/www.notibras.com\/site\/#website"},"primaryImageOfPage":{"@id":"https:\/\/www.notibras.com\/site\/defesa-de-ex-diretor-da-papuda-nega-assedio-e-afirma-inocencia\/#primaryimage"},"image":{"@id":"https:\/\/www.notibras.com\/site\/defesa-de-ex-diretor-da-papuda-nega-assedio-e-afirma-inocencia\/#primaryimage"},"thumbnailUrl":"https:\/\/www.notibras.com\/site\/wp-content\/uploads\/2026\/04\/WhatsApp-Image-2026-04-29-at-13.36.47.jpeg","datePublished":"2026-04-30T04:15:51+00:00","breadcrumb":{"@id":"https:\/\/www.notibras.com\/site\/defesa-de-ex-diretor-da-papuda-nega-assedio-e-afirma-inocencia\/#breadcrumb"},"inLanguage":"pt-BR","potentialAction":[{"@type":"ReadAction","target":["https:\/\/www.notibras.com\/site\/defesa-de-ex-diretor-da-papuda-nega-assedio-e-afirma-inocencia\/"]}]},{"@type":"ImageObject","inLanguage":"pt-BR","@id":"https:\/\/www.notibras.com\/site\/defesa-de-ex-diretor-da-papuda-nega-assedio-e-afirma-inocencia\/#primaryimage","url":"https:\/\/www.notibras.com\/site\/wp-content\/uploads\/2026\/04\/WhatsApp-Image-2026-04-29-at-13.36.47.jpeg","contentUrl":"https:\/\/www.notibras.com\/site\/wp-content\/uploads\/2026\/04\/WhatsApp-Image-2026-04-29-at-13.36.47.jpeg","width":578,"height":516},{"@type":"BreadcrumbList","@id":"https:\/\/www.notibras.com\/site\/defesa-de-ex-diretor-da-papuda-nega-assedio-e-afirma-inocencia\/#breadcrumb","itemListElement":[{"@type":"ListItem","position":1,"name":"In\u00edcio","item":"https:\/\/www.notibras.com\/site\/"},{"@type":"ListItem","position":2,"name":"Defesa de ex-diretor da Papuda nega ass\u00e9dio e afirma inoc\u00eancia"}]},{"@type":"WebSite","@id":"https:\/\/www.notibras.com\/site\/#website","url":"https:\/\/www.notibras.com\/site\/","name":"Notibras","description":"Not\u00edcias de Bras\u00edlia, do Brasil e do Mundo","publisher":{"@id":"https:\/\/www.notibras.com\/site\/#organization"},"potentialAction":[{"@type":"SearchAction","target":{"@type":"EntryPoint","urlTemplate":"https:\/\/www.notibras.com\/site\/?s={search_term_string}"},"query-input":{"@type":"PropertyValueSpecification","valueRequired":true,"valueName":"search_term_string"}}],"inLanguage":"pt-BR"},{"@type":"Organization","@id":"https:\/\/www.notibras.com\/site\/#organization","name":"Grupo Notibras de Comunica\u00e7\u00e3o","url":"https:\/\/www.notibras.com\/site\/","logo":{"@type":"ImageObject","inLanguage":"pt-BR","@id":"https:\/\/www.notibras.com\/site\/#\/schema\/logo\/image\/","url":"https:\/\/www.notibras.com\/site\/wp-content\/uploads\/2023\/01\/notibras23.png","contentUrl":"https:\/\/www.notibras.com\/site\/wp-content\/uploads\/2023\/01\/notibras23.png","width":350,"height":87,"caption":"Grupo Notibras de Comunica\u00e7\u00e3o"},"image":{"@id":"https:\/\/www.notibras.com\/site\/#\/schema\/logo\/image\/"},"sameAs":["https:\/\/www.facebook.com\/notibras\/","https:\/\/x.com\/Notibras","https:\/\/www.instagram.com\/notibras\/"]},{"@type":"Person","@id":"https:\/\/www.notibras.com\/site\/#\/schema\/person\/5b7fabf2aedc3ada2105f03b22b4d3dd","name":"Eduardo Mart\u00ednez","image":{"@type":"ImageObject","inLanguage":"pt-BR","@id":"https:\/\/secure.gravatar.com\/avatar\/7902f906289926289cbcda644b5197c796b893c6ffd7b9a536a42d290f7704a0?s=96&d=mm&r=g","url":"https:\/\/secure.gravatar.com\/avatar\/7902f906289926289cbcda644b5197c796b893c6ffd7b9a536a42d290f7704a0?s=96&d=mm&r=g","contentUrl":"https:\/\/secure.gravatar.com\/avatar\/7902f906289926289cbcda644b5197c796b893c6ffd7b9a536a42d290f7704a0?s=96&d=mm&r=g","caption":"Eduardo Mart\u00ednez"}}]}},"amp_enabled":true,"_links":{"self":[{"href":"https:\/\/www.notibras.com\/site\/wp-json\/wp\/v2\/posts\/392971","targetHints":{"allow":["GET"]}}],"collection":[{"href":"https:\/\/www.notibras.com\/site\/wp-json\/wp\/v2\/posts"}],"about":[{"href":"https:\/\/www.notibras.com\/site\/wp-json\/wp\/v2\/types\/post"}],"author":[{"embeddable":true,"href":"https:\/\/www.notibras.com\/site\/wp-json\/wp\/v2\/users\/21"}],"replies":[{"embeddable":true,"href":"https:\/\/www.notibras.com\/site\/wp-json\/wp\/v2\/comments?post=392971"}],"version-history":[{"count":2,"href":"https:\/\/www.notibras.com\/site\/wp-json\/wp\/v2\/posts\/392971\/revisions"}],"predecessor-version":[{"id":392977,"href":"https:\/\/www.notibras.com\/site\/wp-json\/wp\/v2\/posts\/392971\/revisions\/392977"}],"wp:featuredmedia":[{"embeddable":true,"href":"https:\/\/www.notibras.com\/site\/wp-json\/wp\/v2\/media\/392974"}],"wp:attachment":[{"href":"https:\/\/www.notibras.com\/site\/wp-json\/wp\/v2\/media?parent=392971"}],"wp:term":[{"taxonomy":"category","embeddable":true,"href":"https:\/\/www.notibras.com\/site\/wp-json\/wp\/v2\/categories?post=392971"},{"taxonomy":"post_tag","embeddable":true,"href":"https:\/\/www.notibras.com\/site\/wp-json\/wp\/v2\/tags?post=392971"}],"curies":[{"name":"wp","href":"https:\/\/api.w.org\/{rel}","templated":true}]}}