{"id":392992,"date":"2026-04-30T02:15:17","date_gmt":"2026-04-30T05:15:17","guid":{"rendered":"https:\/\/www.notibras.com\/site\/?p=392992"},"modified":"2026-04-29T17:51:36","modified_gmt":"2026-04-29T20:51:36","slug":"brasil-caboclo","status":"publish","type":"post","link":"https:\/\/www.notibras.com\/site\/brasil-caboclo\/","title":{"rendered":"Brasil caboclo"},"content":{"rendered":"<p>No amanhec\u00ea na minha ro\u00e7a,<br \/>\nVem surgino um crar\u00e3o<br \/>\nRoceiro deixa a pai\u00f3\u00e7a<br \/>\nPr\u00e1 cuid\u00e1 da pranta\u00e7\u00e3o<br \/>\nO carro de boi chorano<br \/>\nNo arto do chapad\u00e3o<br \/>\nOs passarinho cantano<br \/>\nCome\u00e7ando um barui\u00e3o<br \/>\nEsse \u00e9 o Brasir cabocro<br \/>\nEsse \u00e9 o meu sert\u00e3o<br \/>\n(Tonico &#8211; Walter Amaral)<\/p>\n<p>Quando olhamos o passado, a sensa\u00e7\u00e3o que temos \u00e9 que tudo era melhor antigamente. Nossas lembran\u00e7as de inf\u00e2ncia nos remetem a isso. Porque era uma \u00e9poca em que nos sent\u00edamos acolhidas, protegidas. E apesar da pen\u00faria, da falta de recursos, tudo parecia mais tranquilo&#8230;<\/p>\n<p>Claro que essa impress\u00e3o que ficou gravada em nossa mente tem muito a ver com a idade que t\u00ednhamos, ent\u00e3o. \u00c9 bem verdade que a vida no campo, onde pod\u00edamos colher as frutas diretamente da natureza e as verduras brotavam no ch\u00e3o, nos dando fartura mesmo que minguada \u00e0 nossa mesa, nos fazia felizes. Eu sei que dizer &#8220;fartura&#8221; e &#8220;minguada&#8221; na mesma frase parece um paradoxo&#8230; mas n\u00e3o \u00e9, por mais estranho que pare\u00e7a&#8230;<\/p>\n<p>Quando o galo cantava pela primeira vez na madrugada, o homem do campo&#8230; e a mulher tamb\u00e9m, \u00e9 claro&#8230; j\u00e1 se preparava para mais um dia de lida na ro\u00e7a. Claro que a mulher sempre se levantava mais cedo, cuidando do caf\u00e9 n\u00e3o s\u00f3 para seu parceiro como tamb\u00e9m das crian\u00e7as que compunham a fam\u00edlia. Depois de tomarem seu caf\u00e9, \u00e0s vezes acompanhado por uma broa de milho ou um biscoito t\u00e3o duro quanto uma pedra, l\u00e1 iam em dire\u00e7\u00e3o ao ro\u00e7ado, ou ao campo, dependendo de sua tarefa na fazenda. Se o trabalho do homem era a lida de gado, se era leiteiro, por exemplo, l\u00e1 ia para o curral, separar as vacas na mangueira para iniciar sua tarefa.<\/p>\n<p>Quando o trabalho era no campo, procuravam chegar bem cedo no local da planta\u00e7\u00e3o, pois geralmente ganhavam por produ\u00e7\u00e3o&#8230; quanto mais trabalhavam, mais recebiam no final de semana. N\u00e3o dava grande coisa, pois a paga nunca era generosa&#8230; mas pelo menos dava para a compra semanal e at\u00e9 para guardar uma sobrinha para emerg\u00eancias ou a romaria de final de ano&#8230;<\/p>\n<p>O gado era manipulado por pessoas&#8230; seu transporte, tanto para corte como para transfer\u00eancia de invernada, era conduzido por um pequeno grupo de vaqueiros, chefiados por algu\u00e9m mais experiente, que recebia o t\u00edtulo de boiadeiro. Era dele a responsabilidade de organizar n\u00e3o s\u00f3 o transporte do gado, como o recrutamento da equipe que o acompanharia&#8230;<\/p>\n<p>Na ro\u00e7a, come\u00e7ando a trabalhar assim que os primeiros raios de sol permitiam a visibilidade necess\u00e1ria, a enxada acariciava a terra, procurando deix\u00e1-la pronta para receber as sementes que ficariam repousando na terra macia&#8230; dali a algum tempo, o broto surgia em dire\u00e7\u00e3o ao c\u00e9u, anunciando uma nova vida, um novo ciclo a se iniciar&#8230;<\/p>\n<p>Logo que a barriga come\u00e7ava a reclamar, o caboclo ficava a olhar para o estrad\u00e3o, onde algu\u00e9m de sua morada com certeza chegaria com sua marmitinha&#8230; o arroz com feij\u00e3o, acompanhado com uma coxa ou asa de galinha iria recompor suas for\u00e7as para continuar a jornada at\u00e9 que o sol se posse&#8230; claro que mais tarde, l\u00e1 pelas quatro horas, o cafezinho frio, acompanhado com alguns bocados de farinha de milho, iria ajuda-lo a chegar at\u00e9 o final do dia com energia suficiente para, quem sabe, seguir at\u00e9 a venda no arraial para tomar uma pinguinha, que era para espantar a friagem que a noite com certeza traria&#8230;<\/p>\n<p>Nessa altura do dia, a mulher que trabalhava ombro a ombro na ro\u00e7a j\u00e1 tinha se dirigido \u00e0 mata junto com outras amigas, conversando, trocando experi\u00eancias. Era hora de, junto com algumas crian\u00e7as que as ajudavam em seu trabalho roceiro, buscar o combust\u00edvel que possibilitaria cozinhar e at\u00e9 esquentar a \u00e1gua que usaria para lavar os p\u00e9s&#8230; o banho geralmente ficava para o final de semana, pois o cansa\u00e7o era tanto que depois de comer a refei\u00e7\u00e3o noturna todo mundo ia descansar, pois a rotina se apresentava pesada&#8230;<\/p>\n<p>Claro que o combust\u00edvel era a lenha, galhos secos que caiam no meio da mata. Quando n\u00e3o havia material suficiente, o machado cantava nas \u00e1rvores mais velhas, onde a lenha seca garantiria fogo, luz e calor por um dia ou dois&#8230; logo teriam que se reabastecer&#8230;<\/p>\n<p>Enquanto as mulheres escolhiam as \u00e1rvores que iriam derrubar para levar para casa, a petizada se entupia com as frutas silvestres que encontravam no caminho&#8230; maracuj\u00e1s, morangos, amoras, jo\u00e1s&#8230; ao chegar a hora de levarem seu feixe de lenha, estavam satisfeitos, pois j\u00e1 tinham matado a fome com algo que realmente apreciavam&#8230;<\/p>\n<p>Ao chegar em casa, as mulheres&#8230; e as crian\u00e7as&#8230; se dirigiam \u00e0 horta, onde colhiam os legumes e as verduras plantada para seu consumo. Geralmente o patr\u00e3o permitia que seus colonos tivessem uma cultura de subsist\u00eancia, com algumas plantas e animais de pequeno porte&#8230; geralmente galinhas e patos&#8230; em alguns casos, at\u00e9 mesmo um pequeno chiqueiro, onde o colono engordava um porquinho para comer no Natal&#8230;<\/p>\n<p>Olhando assim, com essa vis\u00e3o distante, tudo parecia lindo e maravilhoso. Sabemos que n\u00e3o era. Mas \u00e9 t\u00e3o gostoso imaginar que aquela vida tinha algo que desejamos ardentemente, n\u00e3o \u00e9 mesmo? Quando ouvimos os mais velhos falarem com saudades de seu tempo na ro\u00e7a, de suas andan\u00e7as pelo sert\u00e3o, com aqueles olhinhos brilhantes&#8230;. a sensa\u00e7\u00e3o de que um momento feliz que passou e marcou sua alma \u00e9 a que fica para n\u00f3s&#8230; e ficamos com um pouco de inveja dessas que viveram em um mundo que n\u00e3o mais existe nos dias de hoje&#8230; pois este parecia ser o Para\u00edso na Terra, onde a gan\u00e2ncia n\u00e3o tinha vez entre as pessoas&#8230;<\/p>\n<p>\u00c9 t\u00e3o bom pensar assim, n\u00e3o \u00e9 mesmo? Afinal, se a Lenda \u00e9 mais linda que a Realidade, vamos falar sobre a Lenda para as pessoas&#8230;<\/p>\n","protected":false},"excerpt":{"rendered":"<p>No amanhec\u00ea na minha ro\u00e7a, Vem surgino um crar\u00e3o Roceiro deixa a pai\u00f3\u00e7a Pr\u00e1 cuid\u00e1 da pranta\u00e7\u00e3o O carro de boi chorano No arto do chapad\u00e3o Os passarinho cantano Come\u00e7ando um barui\u00e3o Esse \u00e9 o Brasir cabocro Esse \u00e9 o meu sert\u00e3o (Tonico &#8211; Walter Amaral) Quando olhamos o passado, a sensa\u00e7\u00e3o que temos \u00e9 [&hellip;]<\/p>\n","protected":false},"author":21,"featured_media":392993,"comment_status":"closed","ping_status":"closed","sticky":false,"template":"","format":"standard","meta":{"_acf_changed":false,"footnotes":""},"categories":[236],"tags":[],"class_list":["post-392992","post","type-post","status-publish","format-standard","has-post-thumbnail","hentry","category-ponto-de-vista"],"acf":[],"yoast_head":"<!-- This site is optimized with the Yoast SEO plugin v27.2 - https:\/\/yoast.com\/product\/yoast-seo-wordpress\/ -->\n<title>Brasil caboclo - Notibras<\/title>\n<meta name=\"robots\" content=\"index, follow, max-snippet:-1, max-image-preview:large, max-video-preview:-1\" \/>\n<link rel=\"canonical\" href=\"https:\/\/www.notibras.com\/site\/brasil-caboclo\/\" \/>\n<meta property=\"og:locale\" content=\"pt_BR\" \/>\n<meta property=\"og:type\" content=\"article\" \/>\n<meta property=\"og:title\" content=\"Brasil caboclo - Notibras\" \/>\n<meta property=\"og:description\" content=\"No amanhec\u00ea na minha ro\u00e7a, Vem surgino um crar\u00e3o Roceiro deixa a pai\u00f3\u00e7a Pr\u00e1 cuid\u00e1 da pranta\u00e7\u00e3o O carro de boi chorano No arto do chapad\u00e3o Os passarinho cantano Come\u00e7ando um barui\u00e3o Esse \u00e9 o Brasir cabocro Esse \u00e9 o meu sert\u00e3o (Tonico &#8211; Walter Amaral) Quando olhamos o passado, a sensa\u00e7\u00e3o que temos \u00e9 [&hellip;]\" \/>\n<meta property=\"og:url\" content=\"https:\/\/www.notibras.com\/site\/brasil-caboclo\/\" \/>\n<meta property=\"og:site_name\" content=\"Notibras\" \/>\n<meta property=\"article:publisher\" content=\"https:\/\/www.facebook.com\/notibras\/\" \/>\n<meta property=\"article:published_time\" content=\"2026-04-30T05:15:17+00:00\" \/>\n<meta property=\"og:image\" content=\"https:\/\/www.notibras.com\/site\/wp-content\/uploads\/2026\/04\/WhatsApp-Image-2026-04-29-at-17.48.18.jpeg\" \/>\n\t<meta property=\"og:image:width\" content=\"816\" \/>\n\t<meta property=\"og:image:height\" content=\"1440\" \/>\n\t<meta property=\"og:image:type\" content=\"image\/jpeg\" \/>\n<meta name=\"author\" content=\"Eduardo Mart\u00ednez\" \/>\n<meta name=\"twitter:card\" content=\"summary_large_image\" \/>\n<meta name=\"twitter:creator\" content=\"@Notibras\" \/>\n<meta name=\"twitter:site\" content=\"@Notibras\" \/>\n<meta name=\"twitter:label1\" content=\"Escrito por\" \/>\n\t<meta name=\"twitter:data1\" content=\"Eduardo Mart\u00ednez\" \/>\n\t<meta name=\"twitter:label2\" content=\"Est. tempo de leitura\" \/>\n\t<meta name=\"twitter:data2\" content=\"6 minutos\" \/>\n<script type=\"application\/ld+json\" class=\"yoast-schema-graph\">{\"@context\":\"https:\/\/schema.org\",\"@graph\":[{\"@type\":\"Article\",\"@id\":\"https:\/\/www.notibras.com\/site\/brasil-caboclo\/#article\",\"isPartOf\":{\"@id\":\"https:\/\/www.notibras.com\/site\/brasil-caboclo\/\"},\"author\":{\"name\":\"Eduardo Mart\u00ednez\",\"@id\":\"https:\/\/www.notibras.com\/site\/#\/schema\/person\/5b7fabf2aedc3ada2105f03b22b4d3dd\"},\"headline\":\"Brasil caboclo\",\"datePublished\":\"2026-04-30T05:15:17+00:00\",\"mainEntityOfPage\":{\"@id\":\"https:\/\/www.notibras.com\/site\/brasil-caboclo\/\"},\"wordCount\":1016,\"publisher\":{\"@id\":\"https:\/\/www.notibras.com\/site\/#organization\"},\"image\":{\"@id\":\"https:\/\/www.notibras.com\/site\/brasil-caboclo\/#primaryimage\"},\"thumbnailUrl\":\"https:\/\/www.notibras.com\/site\/wp-content\/uploads\/2026\/04\/WhatsApp-Image-2026-04-29-at-17.48.18.jpeg\",\"articleSection\":[\"Ponto de Vista\"],\"inLanguage\":\"pt-BR\"},{\"@type\":\"WebPage\",\"@id\":\"https:\/\/www.notibras.com\/site\/brasil-caboclo\/\",\"url\":\"https:\/\/www.notibras.com\/site\/brasil-caboclo\/\",\"name\":\"Brasil caboclo - Notibras\",\"isPartOf\":{\"@id\":\"https:\/\/www.notibras.com\/site\/#website\"},\"primaryImageOfPage\":{\"@id\":\"https:\/\/www.notibras.com\/site\/brasil-caboclo\/#primaryimage\"},\"image\":{\"@id\":\"https:\/\/www.notibras.com\/site\/brasil-caboclo\/#primaryimage\"},\"thumbnailUrl\":\"https:\/\/www.notibras.com\/site\/wp-content\/uploads\/2026\/04\/WhatsApp-Image-2026-04-29-at-17.48.18.jpeg\",\"datePublished\":\"2026-04-30T05:15:17+00:00\",\"breadcrumb\":{\"@id\":\"https:\/\/www.notibras.com\/site\/brasil-caboclo\/#breadcrumb\"},\"inLanguage\":\"pt-BR\",\"potentialAction\":[{\"@type\":\"ReadAction\",\"target\":[\"https:\/\/www.notibras.com\/site\/brasil-caboclo\/\"]}]},{\"@type\":\"ImageObject\",\"inLanguage\":\"pt-BR\",\"@id\":\"https:\/\/www.notibras.com\/site\/brasil-caboclo\/#primaryimage\",\"url\":\"https:\/\/www.notibras.com\/site\/wp-content\/uploads\/2026\/04\/WhatsApp-Image-2026-04-29-at-17.48.18.jpeg\",\"contentUrl\":\"https:\/\/www.notibras.com\/site\/wp-content\/uploads\/2026\/04\/WhatsApp-Image-2026-04-29-at-17.48.18.jpeg\",\"width\":816,\"height\":1440},{\"@type\":\"BreadcrumbList\",\"@id\":\"https:\/\/www.notibras.com\/site\/brasil-caboclo\/#breadcrumb\",\"itemListElement\":[{\"@type\":\"ListItem\",\"position\":1,\"name\":\"In\u00edcio\",\"item\":\"https:\/\/www.notibras.com\/site\/\"},{\"@type\":\"ListItem\",\"position\":2,\"name\":\"Brasil caboclo\"}]},{\"@type\":\"WebSite\",\"@id\":\"https:\/\/www.notibras.com\/site\/#website\",\"url\":\"https:\/\/www.notibras.com\/site\/\",\"name\":\"Notibras\",\"description\":\"Not\u00edcias de Bras\u00edlia, do Brasil e do Mundo\",\"publisher\":{\"@id\":\"https:\/\/www.notibras.com\/site\/#organization\"},\"potentialAction\":[{\"@type\":\"SearchAction\",\"target\":{\"@type\":\"EntryPoint\",\"urlTemplate\":\"https:\/\/www.notibras.com\/site\/?s={search_term_string}\"},\"query-input\":{\"@type\":\"PropertyValueSpecification\",\"valueRequired\":true,\"valueName\":\"search_term_string\"}}],\"inLanguage\":\"pt-BR\"},{\"@type\":\"Organization\",\"@id\":\"https:\/\/www.notibras.com\/site\/#organization\",\"name\":\"Grupo Notibras de Comunica\u00e7\u00e3o\",\"url\":\"https:\/\/www.notibras.com\/site\/\",\"logo\":{\"@type\":\"ImageObject\",\"inLanguage\":\"pt-BR\",\"@id\":\"https:\/\/www.notibras.com\/site\/#\/schema\/logo\/image\/\",\"url\":\"https:\/\/www.notibras.com\/site\/wp-content\/uploads\/2023\/01\/notibras23.png\",\"contentUrl\":\"https:\/\/www.notibras.com\/site\/wp-content\/uploads\/2023\/01\/notibras23.png\",\"width\":350,\"height\":87,\"caption\":\"Grupo Notibras de Comunica\u00e7\u00e3o\"},\"image\":{\"@id\":\"https:\/\/www.notibras.com\/site\/#\/schema\/logo\/image\/\"},\"sameAs\":[\"https:\/\/www.facebook.com\/notibras\/\",\"https:\/\/x.com\/Notibras\",\"https:\/\/www.instagram.com\/notibras\/\"]},{\"@type\":\"Person\",\"@id\":\"https:\/\/www.notibras.com\/site\/#\/schema\/person\/5b7fabf2aedc3ada2105f03b22b4d3dd\",\"name\":\"Eduardo Mart\u00ednez\",\"image\":{\"@type\":\"ImageObject\",\"inLanguage\":\"pt-BR\",\"@id\":\"https:\/\/secure.gravatar.com\/avatar\/7902f906289926289cbcda644b5197c796b893c6ffd7b9a536a42d290f7704a0?s=96&d=mm&r=g\",\"url\":\"https:\/\/secure.gravatar.com\/avatar\/7902f906289926289cbcda644b5197c796b893c6ffd7b9a536a42d290f7704a0?s=96&d=mm&r=g\",\"contentUrl\":\"https:\/\/secure.gravatar.com\/avatar\/7902f906289926289cbcda644b5197c796b893c6ffd7b9a536a42d290f7704a0?s=96&d=mm&r=g\",\"caption\":\"Eduardo Mart\u00ednez\"}}]}<\/script>\n<!-- \/ Yoast SEO plugin. -->","yoast_head_json":{"title":"Brasil caboclo - Notibras","robots":{"index":"index","follow":"follow","max-snippet":"max-snippet:-1","max-image-preview":"max-image-preview:large","max-video-preview":"max-video-preview:-1"},"canonical":"https:\/\/www.notibras.com\/site\/brasil-caboclo\/","og_locale":"pt_BR","og_type":"article","og_title":"Brasil caboclo - Notibras","og_description":"No amanhec\u00ea na minha ro\u00e7a, Vem surgino um crar\u00e3o Roceiro deixa a pai\u00f3\u00e7a Pr\u00e1 cuid\u00e1 da pranta\u00e7\u00e3o O carro de boi chorano No arto do chapad\u00e3o Os passarinho cantano Come\u00e7ando um barui\u00e3o Esse \u00e9 o Brasir cabocro Esse \u00e9 o meu sert\u00e3o (Tonico &#8211; Walter Amaral) Quando olhamos o passado, a sensa\u00e7\u00e3o que temos \u00e9 [&hellip;]","og_url":"https:\/\/www.notibras.com\/site\/brasil-caboclo\/","og_site_name":"Notibras","article_publisher":"https:\/\/www.facebook.com\/notibras\/","article_published_time":"2026-04-30T05:15:17+00:00","og_image":[{"width":816,"height":1440,"url":"https:\/\/www.notibras.com\/site\/wp-content\/uploads\/2026\/04\/WhatsApp-Image-2026-04-29-at-17.48.18.jpeg","type":"image\/jpeg"}],"author":"Eduardo Mart\u00ednez","twitter_card":"summary_large_image","twitter_creator":"@Notibras","twitter_site":"@Notibras","twitter_misc":{"Escrito por":"Eduardo Mart\u00ednez","Est. tempo de leitura":"6 minutos"},"schema":{"@context":"https:\/\/schema.org","@graph":[{"@type":"Article","@id":"https:\/\/www.notibras.com\/site\/brasil-caboclo\/#article","isPartOf":{"@id":"https:\/\/www.notibras.com\/site\/brasil-caboclo\/"},"author":{"name":"Eduardo Mart\u00ednez","@id":"https:\/\/www.notibras.com\/site\/#\/schema\/person\/5b7fabf2aedc3ada2105f03b22b4d3dd"},"headline":"Brasil caboclo","datePublished":"2026-04-30T05:15:17+00:00","mainEntityOfPage":{"@id":"https:\/\/www.notibras.com\/site\/brasil-caboclo\/"},"wordCount":1016,"publisher":{"@id":"https:\/\/www.notibras.com\/site\/#organization"},"image":{"@id":"https:\/\/www.notibras.com\/site\/brasil-caboclo\/#primaryimage"},"thumbnailUrl":"https:\/\/www.notibras.com\/site\/wp-content\/uploads\/2026\/04\/WhatsApp-Image-2026-04-29-at-17.48.18.jpeg","articleSection":["Ponto de Vista"],"inLanguage":"pt-BR"},{"@type":"WebPage","@id":"https:\/\/www.notibras.com\/site\/brasil-caboclo\/","url":"https:\/\/www.notibras.com\/site\/brasil-caboclo\/","name":"Brasil caboclo - Notibras","isPartOf":{"@id":"https:\/\/www.notibras.com\/site\/#website"},"primaryImageOfPage":{"@id":"https:\/\/www.notibras.com\/site\/brasil-caboclo\/#primaryimage"},"image":{"@id":"https:\/\/www.notibras.com\/site\/brasil-caboclo\/#primaryimage"},"thumbnailUrl":"https:\/\/www.notibras.com\/site\/wp-content\/uploads\/2026\/04\/WhatsApp-Image-2026-04-29-at-17.48.18.jpeg","datePublished":"2026-04-30T05:15:17+00:00","breadcrumb":{"@id":"https:\/\/www.notibras.com\/site\/brasil-caboclo\/#breadcrumb"},"inLanguage":"pt-BR","potentialAction":[{"@type":"ReadAction","target":["https:\/\/www.notibras.com\/site\/brasil-caboclo\/"]}]},{"@type":"ImageObject","inLanguage":"pt-BR","@id":"https:\/\/www.notibras.com\/site\/brasil-caboclo\/#primaryimage","url":"https:\/\/www.notibras.com\/site\/wp-content\/uploads\/2026\/04\/WhatsApp-Image-2026-04-29-at-17.48.18.jpeg","contentUrl":"https:\/\/www.notibras.com\/site\/wp-content\/uploads\/2026\/04\/WhatsApp-Image-2026-04-29-at-17.48.18.jpeg","width":816,"height":1440},{"@type":"BreadcrumbList","@id":"https:\/\/www.notibras.com\/site\/brasil-caboclo\/#breadcrumb","itemListElement":[{"@type":"ListItem","position":1,"name":"In\u00edcio","item":"https:\/\/www.notibras.com\/site\/"},{"@type":"ListItem","position":2,"name":"Brasil caboclo"}]},{"@type":"WebSite","@id":"https:\/\/www.notibras.com\/site\/#website","url":"https:\/\/www.notibras.com\/site\/","name":"Notibras","description":"Not\u00edcias de Bras\u00edlia, do Brasil e do Mundo","publisher":{"@id":"https:\/\/www.notibras.com\/site\/#organization"},"potentialAction":[{"@type":"SearchAction","target":{"@type":"EntryPoint","urlTemplate":"https:\/\/www.notibras.com\/site\/?s={search_term_string}"},"query-input":{"@type":"PropertyValueSpecification","valueRequired":true,"valueName":"search_term_string"}}],"inLanguage":"pt-BR"},{"@type":"Organization","@id":"https:\/\/www.notibras.com\/site\/#organization","name":"Grupo Notibras de Comunica\u00e7\u00e3o","url":"https:\/\/www.notibras.com\/site\/","logo":{"@type":"ImageObject","inLanguage":"pt-BR","@id":"https:\/\/www.notibras.com\/site\/#\/schema\/logo\/image\/","url":"https:\/\/www.notibras.com\/site\/wp-content\/uploads\/2023\/01\/notibras23.png","contentUrl":"https:\/\/www.notibras.com\/site\/wp-content\/uploads\/2023\/01\/notibras23.png","width":350,"height":87,"caption":"Grupo Notibras de Comunica\u00e7\u00e3o"},"image":{"@id":"https:\/\/www.notibras.com\/site\/#\/schema\/logo\/image\/"},"sameAs":["https:\/\/www.facebook.com\/notibras\/","https:\/\/x.com\/Notibras","https:\/\/www.instagram.com\/notibras\/"]},{"@type":"Person","@id":"https:\/\/www.notibras.com\/site\/#\/schema\/person\/5b7fabf2aedc3ada2105f03b22b4d3dd","name":"Eduardo Mart\u00ednez","image":{"@type":"ImageObject","inLanguage":"pt-BR","@id":"https:\/\/secure.gravatar.com\/avatar\/7902f906289926289cbcda644b5197c796b893c6ffd7b9a536a42d290f7704a0?s=96&d=mm&r=g","url":"https:\/\/secure.gravatar.com\/avatar\/7902f906289926289cbcda644b5197c796b893c6ffd7b9a536a42d290f7704a0?s=96&d=mm&r=g","contentUrl":"https:\/\/secure.gravatar.com\/avatar\/7902f906289926289cbcda644b5197c796b893c6ffd7b9a536a42d290f7704a0?s=96&d=mm&r=g","caption":"Eduardo Mart\u00ednez"}}]}},"amp_enabled":true,"_links":{"self":[{"href":"https:\/\/www.notibras.com\/site\/wp-json\/wp\/v2\/posts\/392992","targetHints":{"allow":["GET"]}}],"collection":[{"href":"https:\/\/www.notibras.com\/site\/wp-json\/wp\/v2\/posts"}],"about":[{"href":"https:\/\/www.notibras.com\/site\/wp-json\/wp\/v2\/types\/post"}],"author":[{"embeddable":true,"href":"https:\/\/www.notibras.com\/site\/wp-json\/wp\/v2\/users\/21"}],"replies":[{"embeddable":true,"href":"https:\/\/www.notibras.com\/site\/wp-json\/wp\/v2\/comments?post=392992"}],"version-history":[{"count":2,"href":"https:\/\/www.notibras.com\/site\/wp-json\/wp\/v2\/posts\/392992\/revisions"}],"predecessor-version":[{"id":392995,"href":"https:\/\/www.notibras.com\/site\/wp-json\/wp\/v2\/posts\/392992\/revisions\/392995"}],"wp:featuredmedia":[{"embeddable":true,"href":"https:\/\/www.notibras.com\/site\/wp-json\/wp\/v2\/media\/392993"}],"wp:attachment":[{"href":"https:\/\/www.notibras.com\/site\/wp-json\/wp\/v2\/media?parent=392992"}],"wp:term":[{"taxonomy":"category","embeddable":true,"href":"https:\/\/www.notibras.com\/site\/wp-json\/wp\/v2\/categories?post=392992"},{"taxonomy":"post_tag","embeddable":true,"href":"https:\/\/www.notibras.com\/site\/wp-json\/wp\/v2\/tags?post=392992"}],"curies":[{"name":"wp","href":"https:\/\/api.w.org\/{rel}","templated":true}]}}