{"id":393001,"date":"2026-05-02T02:15:41","date_gmt":"2026-05-02T05:15:41","guid":{"rendered":"https:\/\/www.notibras.com\/site\/?p=393001"},"modified":"2026-04-29T18:05:17","modified_gmt":"2026-04-29T21:05:17","slug":"flores-de-plastico","status":"publish","type":"post","link":"https:\/\/www.notibras.com\/site\/flores-de-plastico\/","title":{"rendered":"Flores de pl\u00e1stico"},"content":{"rendered":"<p>Depois de tanto tempo estou voltando, finalmente<br \/>\nPra rever de novo minha terra, meus amigos, minha gente<br \/>\nMas quando chego \u00e0 cidade n\u00e3o reconhe\u00e7o mais nada<br \/>\nEstou surpreso com as mudan\u00e7as bruscas que fizeram por aqui<br \/>\n(Silvio Brito)<\/p>\n<p>A vida \u00e9 din\u00e2mica. Tudo muda em fra\u00e7\u00e3o de segundos \u00e0 nossa frente. Aquilo que a instantes atr\u00e1s existia lindo e exuberante de repente desaparece nas brumas do tempo, restando ent\u00e3o apenas a lembran\u00e7a de quem compartilhou momentos felizes ali&#8230;<\/p>\n<p>As mudan\u00e7as na vida ocorrem em um ritmo acelerado. Mas o tempo n\u00e3o acontece na mesma velocidade para todas as pessoas. N\u00e3o conseguimos perceber as mudan\u00e7as \u00e0 nossa volta no momento que estas acontecem. Quando vemos, tudo j\u00e1 se modificou&#8230;<\/p>\n<p>Pense bem&#8230; quando foi que voc\u00ea percebeu que &#8220;cresceu&#8221;, que se tornou um &#8220;adulto&#8221;? Na verdade, quando se deu conta, a crian\u00e7a que existia em voc\u00ea a muito j\u00e1 havia partido para outro Universo, dando lugar a uma nova persona, confusa com tudo aquilo que presenciava, sem saber exatamente que rumo tomar&#8230;<\/p>\n<p>Sim, nascemos e morremos a cada p\u00f4r do sol. Algumas lembran\u00e7as permanecem, outras simplesmente se perdem durante nossa caminhada rumo ao infinito. Rostos v\u00e3o se modificando, pessoas vem e v\u00e3o, cada uma seguindo seu destino. E a paisagem vai se modificando sem que percebamos tal evento&#8230;<\/p>\n<p>Quando percebemos, tudo \u00e0 nossa volta est\u00e1 diferente. Por estarmos inseridos naquele espa\u00e7o, n\u00e3o percebemos de imediato. Na verdade, s\u00f3 muito tempo depois que houve a interfer\u00eancia, que tudo foi modificado, \u00e9 que damos pela falta de algo que foi importante em nosso passado, em nossa inf\u00e2ncia&#8230;<\/p>\n<p>Aquela \u00e1rvore frondosa sob a qual descans\u00e1vamos enquanto o sol estava a pino, aproveitando o som da natureza ao nosso redor&#8230; o cheiro doce da relva depois da chuva, os pequenos insetos nadando nas po\u00e7as formadas ao redor de tufos de capim, pequenos simulacros de lagos, onde a vida pulsava&#8230; tudo isso de repente desapareceu, como em um passe de m\u00e1gica&#8230;<\/p>\n<p>Aquelas frutas maduras, que colh\u00edamos direto da natureza e apreci\u00e1vamos sem nem mesmo higieniz\u00e1-las&#8230; simplesmente as devor\u00e1vamos ali mesmo, sem nenhuma culpa, degustando o doce mel que delas emanava&#8230; de repente, deixaram de fazer parte de nossa vida, simplesmente evaporaram no ar&#8230;<\/p>\n<p>O grupo de amigos da inf\u00e2ncia&#8230; quantas hist\u00f3rias compartilh\u00e1vamos? Quanta aventura vivemos em nossa imagina\u00e7\u00e3o? E, de repente&#8230; simplesmente foram sumindo, um a um&#8230; aos poucos, quase que imperceptivelmente. At\u00e9 que chegou nossa hora de partir, tamb\u00e9m&#8230;<\/p>\n<p>E um belo de um dia, sem nenhuma explica\u00e7\u00e3o, come\u00e7amos a nos lembrar daqueles que fizeram parte de nossa vida. E nos pomos a perguntar que rumo ter\u00e3o tomado, o que ter\u00e1 acontecido em sua jornada? Ent\u00e3o acabamos descobrindo que alguns partiram para outro plano, retornaram \u00e0 sua origem&#8230; outros continuam sua senda, tentando tornar seus sonhos de inf\u00e2ncia realidade&#8230;<\/p>\n<p>Cada um, \u00e0 sua maneira, realizou feitos que marcaram sua passagem nesse plano para sempre&#8230; ou pelo menos enquanto houver algu\u00e9m que se lembre de suas realiza\u00e7\u00f5es&#8230; uns casaram, tiveram filhos que ser\u00e3o a continuidade de sua hist\u00f3ria. Outros preferiram encerrar sua odisseia com eles mesmo. Sem casamento, sem filhos. Talvez, uma ou outra realiza\u00e7\u00e3o que marque a passagem do tempo. Mas a din\u00e2mica da vida far\u00e1 com que tudo aquilo pelo qual lutou retorne ao p\u00f3 que comp\u00f5e as areias do tempo&#8230;<\/p>\n<p>Sim, o tempo \u00e9 implac\u00e1vel&#8230; sem se importar com nossos sentimentos, ele prossegue sempre em frente, mostrando novos cen\u00e1rios para aqueles que chegam depois de n\u00f3s&#8230; e ao nos deparar com esse mundo novo que n\u00e3o mais nos pertence, o choque que levamos \u00e9 t\u00e3o grande, pois n\u00e3o reconhecemos mais nem mesmo o rinc\u00e3o que um dia chamamos de lar&#8230;<\/p>\n","protected":false},"excerpt":{"rendered":"<p>Depois de tanto tempo estou voltando, finalmente Pra rever de novo minha terra, meus amigos, minha gente Mas quando chego \u00e0 cidade n\u00e3o reconhe\u00e7o mais nada Estou surpreso com as mudan\u00e7as bruscas que fizeram por aqui (Silvio Brito) A vida \u00e9 din\u00e2mica. Tudo muda em fra\u00e7\u00e3o de segundos \u00e0 nossa frente. Aquilo que a instantes [&hellip;]<\/p>\n","protected":false},"author":21,"featured_media":393002,"comment_status":"closed","ping_status":"closed","sticky":false,"template":"","format":"standard","meta":{"_acf_changed":false,"footnotes":""},"categories":[236],"tags":[],"class_list":["post-393001","post","type-post","status-publish","format-standard","has-post-thumbnail","hentry","category-ponto-de-vista"],"acf":[],"_links":{"self":[{"href":"https:\/\/www.notibras.com\/site\/wp-json\/wp\/v2\/posts\/393001","targetHints":{"allow":["GET"]}}],"collection":[{"href":"https:\/\/www.notibras.com\/site\/wp-json\/wp\/v2\/posts"}],"about":[{"href":"https:\/\/www.notibras.com\/site\/wp-json\/wp\/v2\/types\/post"}],"author":[{"embeddable":true,"href":"https:\/\/www.notibras.com\/site\/wp-json\/wp\/v2\/users\/21"}],"replies":[{"embeddable":true,"href":"https:\/\/www.notibras.com\/site\/wp-json\/wp\/v2\/comments?post=393001"}],"version-history":[{"count":2,"href":"https:\/\/www.notibras.com\/site\/wp-json\/wp\/v2\/posts\/393001\/revisions"}],"predecessor-version":[{"id":393004,"href":"https:\/\/www.notibras.com\/site\/wp-json\/wp\/v2\/posts\/393001\/revisions\/393004"}],"wp:featuredmedia":[{"embeddable":true,"href":"https:\/\/www.notibras.com\/site\/wp-json\/wp\/v2\/media\/393002"}],"wp:attachment":[{"href":"https:\/\/www.notibras.com\/site\/wp-json\/wp\/v2\/media?parent=393001"}],"wp:term":[{"taxonomy":"category","embeddable":true,"href":"https:\/\/www.notibras.com\/site\/wp-json\/wp\/v2\/categories?post=393001"},{"taxonomy":"post_tag","embeddable":true,"href":"https:\/\/www.notibras.com\/site\/wp-json\/wp\/v2\/tags?post=393001"}],"curies":[{"name":"wp","href":"https:\/\/api.w.org\/{rel}","templated":true}]}}