{"id":393005,"date":"2026-05-03T02:00:40","date_gmt":"2026-05-03T05:00:40","guid":{"rendered":"https:\/\/www.notibras.com\/site\/?p=393005"},"modified":"2026-04-29T18:12:30","modified_gmt":"2026-04-29T21:12:30","slug":"minha-pequenina","status":"publish","type":"post","link":"https:\/\/www.notibras.com\/site\/minha-pequenina\/","title":{"rendered":"Minha pequenina&#8230;"},"content":{"rendered":"<p>N\u00e3o sei se j\u00e1 citei alguma vez, mas tenho quatro filhos e dois netos, sendo uma menina e um menino. A menina mora junto comigo desde pequenina e, mais que minha neta, eu a considero minha filha ca\u00e7ula. Por qu\u00ea? Simples&#8230; estamos juntas desde que ela era um tiquinho de gente&#8230;<\/p>\n<p>Antes que me perguntem porque ela mora comigo e com minha cara metade, eu explico&#8230; o motivo \u00e9 simples. Seus pais trabalham na \u00e1rea de servi\u00e7o e n\u00e3o havia como conciliarem o trabalho e a cria\u00e7\u00e3o de sua filha. Ent\u00e3o, e s\u00f3 por esse motivo, ela passou a ficar sob nossos cuidados. Seu irm\u00e3ozinho est\u00e1 junto com os pais. A menina continua ao nosso lado&#8230;<\/p>\n<p>Essa introdu\u00e7\u00e3o se deve apenas para falar sobre o desenvolvimento de uma crian\u00e7a. Quando meus filhos eram pequenos, por quest\u00f5es de trabalho, tamb\u00e9m n\u00e3o consegui acompanhar seu desenvolvimento como gostaria. N\u00e3o consegui ser t\u00e3o presente&#8230;<\/p>\n<p>Minha pequena ca\u00e7ula deu-me o prazer de vivenciar seu desenvolvimento&#8230; de simples brotinho para uma pequena flor que se abre para o mundo. Sim, ela j\u00e1 \u00e9 uma pr\u00e9-adolescente. Ou adolescente mesmo. Afinal, j\u00e1 faz onze anos que estamos juntas&#8230; ah, sim&#8230; \u00e9 minha pequena ca\u00e7ula, mas \u00e9 a primog\u00eanita de seus pais&#8230;<\/p>\n<p>As mudan\u00e7as acontecem sem que percebamos. Ontem ela era uma coisinha pequenina, fr\u00e1gil&#8230; dava at\u00e9 medo de segur\u00e1-la, t\u00e3o delicada que era. Continua delicada, mas \u00e9 claro que ficou mais robusta&#8230; hoje&#8230; bem ela est\u00e1 j\u00e1 com minha altura e de vez em quando ataca meu guarda roupa, quando encontra alguma pe\u00e7a que lhe atrai a aten\u00e7\u00e3o e fica bem em seu corpo&#8230;<\/p>\n<p>Sim, meu bebe cresceu&#8230; ainda est\u00e1 em desenvolvimento, mas j\u00e1 d\u00e1 para notar que ficar\u00e1 uma mo\u00e7a linda. Linda ela j\u00e1 \u00e9, desde pequenina. Esperta, inteligente&#8230; adora desenhar e fazer anima\u00e7\u00f5es. \u00c9 amiga fiel de suas amigas, que mais que amigas, considera como irm\u00e3s. Uma delas a acompanha desde o ber\u00e7\u00e1rio. Brigam, se desentendem, fazem as pazes&#8230; ou seja, o normal em nossa vida&#8230;<\/p>\n<p>Seu desejo \u00e9 ser professora de artes. Faz ballet, mas n\u00e3o \u00e9 sua divers\u00e3o favorita. \u00c9 mais para manter a forma. N\u00e3o se preocupa em se sobressair. Apenas dan\u00e7a. Ali\u00e1s, dan\u00e7a \u00e9 a sua paix\u00e3o. Basta ouvir alguma de suas m\u00fasicas favoritas e j\u00e1 come\u00e7a a deslizar pelo mundo dos sonhos, com a gra\u00e7a que \u00e9 somente sua&#8230;<\/p>\n<p>Bem, mas ela est\u00e1 com seus dois pezinhos na adolesc\u00eancia. Eu sei que esta \u00e9 uma fase dif\u00edcil para o jovem, pois ele n\u00e3o \u00e9 mais uma crian\u00e7a e tampouco \u00e9 um adulto. Est\u00e1 em fase de transi\u00e7\u00e3o e \u00e9 a \u00e9poca da contesta\u00e7\u00e3o. \u00e9 quando todas as suas certezas v\u00e3o se desfazendo e as d\u00favidas que surgem desmontem seus her\u00f3is. Sei bem o que \u00e9 isso, j\u00e1 passei por essa fase quatro vezes&#8230; essa ser\u00e1 a quinta. Espero ser bem sucedida, e que consiga ser a luz guia para minha pequena&#8230;<\/p>\n<p>Tudo que pe\u00e7o a Deus \u00e9 que esta seja uma transi\u00e7\u00e3o tranquila. Que o mundo lhe seja benfazejo e que n\u00e3o haja muitas pedras no caminho que se abre a sua frente&#8230; problemas ela vai encontrar, \u00e9 claro. Fazem parte de nosso crescimento. Mas enquanto Deus me permitir, tentarei amenizar suas quedas, que com certeza acontecer\u00e3o. Ser\u00e1 f\u00e1cil? Nada nessa vida \u00e9 f\u00e1cil&#8230;<\/p>\n<p>Questionamentos existem e fazem parte do amadurecimento. E ela \u00e9 uma crian\u00e7a iluminada. Tenho certeza de que conseguir\u00e1 vencer na vida, alcan\u00e7ar seu futuro e ser feliz. Que \u00e9 o objetivo de todos n\u00f3s&#8230; e \u00e9 o que desejamos para aqueles que amamos. E amo muito minha pequena, tenha certeza disso. E sei que ela corresponde esse afeto&#8230;<\/p>\n<p>Espero estar ainda nesse plano quando ela alcan\u00e7ar o p\u00f3dio, para aplaudi-la como merece. E estarei sempre ao seu lado, apoiando-a, incentivando-a a avan\u00e7ar cada vez mais em busca de seus objetivos. N\u00e3o mais fazendo, simplesmente apontando o caminho e ensinando as t\u00e9cnicas que ela necessita para abrir seu caminho. E sei que ela aproveitar\u00e1 ao m\u00e1ximo essas li\u00e7\u00f5es. Afinal, at\u00e9 hoje \u00e9 isso que ela faz&#8230; presta aten\u00e7\u00e3o \u00e0s dicas que recebe e depois replica aquilo que lhe foi ensinado&#8230; e com resultado superior ao original&#8230;<\/p>\n<p>Sim&#8230; eu amo minha filhota! N\u00e3o exijo dela mais do que o necess\u00e1rio. Afinal, ela tem que ter seu tempo de crian\u00e7a, pois ao chegar na vida adulta ter\u00e1 mil e uma atribui\u00e7\u00f5es. Eu a preparo, mas desde j\u00e1 a ensino a ter paci\u00eancia para alcan\u00e7ar seus objetivos. Um passo por vez. E tenho certeza de que assim ela alcan\u00e7ar\u00e1 o sucesso t\u00e3o desejado por todos&#8230;<\/p>\n<p>Minha menina est\u00e1 crescendo! Que Deus ilumine sempre seu caminho e me permita ajud\u00e1-la a trilhar o caminho da Luz&#8230; e que conceda a ela a Gra\u00e7a da Felicidade e do Amor pleno, que \u00e9 aquilo que mais esperamos da vida&#8230;<\/p>\n","protected":false},"excerpt":{"rendered":"<p>N\u00e3o sei se j\u00e1 citei alguma vez, mas tenho quatro filhos e dois netos, sendo uma menina e um menino. A menina mora junto comigo desde pequenina e, mais que minha neta, eu a considero minha filha ca\u00e7ula. Por qu\u00ea? Simples&#8230; estamos juntas desde que ela era um tiquinho de gente&#8230; Antes que me perguntem [&hellip;]<\/p>\n","protected":false},"author":21,"featured_media":393006,"comment_status":"closed","ping_status":"closed","sticky":false,"template":"","format":"standard","meta":{"_acf_changed":false,"footnotes":""},"categories":[236],"tags":[],"class_list":["post-393005","post","type-post","status-publish","format-standard","has-post-thumbnail","hentry","category-ponto-de-vista"],"acf":[],"_links":{"self":[{"href":"https:\/\/www.notibras.com\/site\/wp-json\/wp\/v2\/posts\/393005","targetHints":{"allow":["GET"]}}],"collection":[{"href":"https:\/\/www.notibras.com\/site\/wp-json\/wp\/v2\/posts"}],"about":[{"href":"https:\/\/www.notibras.com\/site\/wp-json\/wp\/v2\/types\/post"}],"author":[{"embeddable":true,"href":"https:\/\/www.notibras.com\/site\/wp-json\/wp\/v2\/users\/21"}],"replies":[{"embeddable":true,"href":"https:\/\/www.notibras.com\/site\/wp-json\/wp\/v2\/comments?post=393005"}],"version-history":[{"count":2,"href":"https:\/\/www.notibras.com\/site\/wp-json\/wp\/v2\/posts\/393005\/revisions"}],"predecessor-version":[{"id":393008,"href":"https:\/\/www.notibras.com\/site\/wp-json\/wp\/v2\/posts\/393005\/revisions\/393008"}],"wp:featuredmedia":[{"embeddable":true,"href":"https:\/\/www.notibras.com\/site\/wp-json\/wp\/v2\/media\/393006"}],"wp:attachment":[{"href":"https:\/\/www.notibras.com\/site\/wp-json\/wp\/v2\/media?parent=393005"}],"wp:term":[{"taxonomy":"category","embeddable":true,"href":"https:\/\/www.notibras.com\/site\/wp-json\/wp\/v2\/categories?post=393005"},{"taxonomy":"post_tag","embeddable":true,"href":"https:\/\/www.notibras.com\/site\/wp-json\/wp\/v2\/tags?post=393005"}],"curies":[{"name":"wp","href":"https:\/\/api.w.org\/{rel}","templated":true}]}}