{"id":393017,"date":"2026-04-30T01:00:16","date_gmt":"2026-04-30T04:00:16","guid":{"rendered":"https:\/\/www.notibras.com\/site\/?p=393017"},"modified":"2026-04-29T19:01:33","modified_gmt":"2026-04-29T22:01:33","slug":"lira-i","status":"publish","type":"post","link":"https:\/\/www.notibras.com\/site\/lira-i\/","title":{"rendered":"Lira I"},"content":{"rendered":"<p>Eu, Mar\u00edlia, n\u00e3o sou algum vaqueiro,<br \/>\nQue viva de guardar alheio gado;<br \/>\nDe tosco trato, d\u2019express\u00f5es grosseiro,<br \/>\nDos frios gelos, e dos s\u00f3is queimado.<br \/>\nTenho pr\u00f3prio casal, e nele assisto;<br \/>\nD\u00e1-me vinho, legume, fruta, azeite;<br \/>\nDas brancas ovelhinhas tiro o leite,<br \/>\nE mais as finas l\u00e3s, de que me visto.<br \/>\nGra\u00e7as, Mar\u00edlia bela,<br \/>\nGra\u00e7as \u00e0 minha Estrela!<\/p>\n<p>Eu vi o meu semblante numa fonte,<br \/>\nDos anos inda n\u00e3o est\u00e1 cortado:<br \/>\nOs pastores, que habitam este monte,<br \/>\nCom tal destreza toco a sanfoninha,<br \/>\nQue inveja at\u00e9 me tem o pr\u00f3prio Alceste:<br \/>\nAo som dela concerto a voz celeste;<br \/>\nNem canto letra, que n\u00e3o seja minha,<br \/>\nGra\u00e7as, Mar\u00edlia bela,<br \/>\nGra\u00e7as \u00e0 minha Estrela!<\/p>\n<p>Mas tendo tantos dotes da ventura,<br \/>\nS\u00f3 apre\u00e7o lhes dou, gentil Pastora,<br \/>\nDepois que teu afeto me segura,<br \/>\nQue queres do que tenho ser senhora.<br \/>\n\u00c9 bom, minha Mar\u00edlia, \u00e9 bom ser dono<br \/>\nDe um rebanho, que cubra monte, e prado;<br \/>\nPor\u00e9m, gentil Pastora, o teu agrado<br \/>\nVale mais q\u2019um rebanho, e mais q\u2019um trono.<br \/>\nGra\u00e7as, Mar\u00edlia bela,<br \/>\nGra\u00e7as \u00e0 minha Estrela!<\/p>\n<p>Os teus olhos espalham luz divina,<br \/>\nA quem a luz do Sol em v\u00e3o se atreve:<br \/>\nPapoula, ou rosa delicada, e fina,<br \/>\nTe cobre as faces, que s\u00e3o cor de neve.<br \/>\nOs teus cabelos s\u00e3o uns fios d\u2019ouro;<br \/>\nTeu lindo corpo b\u00e1lsamos vapora.<br \/>\nAh! N\u00e3o, n\u00e3o fez o C\u00e9u, gentil Pastora,<br \/>\nPara gl\u00f3ria de Amor igual tesouro.<br \/>\nGra\u00e7as, Mar\u00edlia bela,<br \/>\nGra\u00e7as \u00e0 minha Estrela!<\/p>\n<p>Leve-me a sementeira muito embora<br \/>\nO rio sobre os campos levantado:<br \/>\nAcabe, acabe a peste matadora,<br \/>\nSem deixar uma r\u00eas, o n\u00e9dio gado.<br \/>\nJ\u00e1 destes bens, Mar\u00edlia, n\u00e3o preciso:<br \/>\nNem me cega a paix\u00e3o, que o mundo arrasta;<br \/>\nPara viver feliz, Mar\u00edlia, basta<br \/>\nQue os olhos movas, e me d\u00eas um riso.<br \/>\nGra\u00e7as, Mar\u00edlia bela,<br \/>\nGra\u00e7as \u00e0 minha Estrela!<\/p>\n<p>Ir\u00e1s a divertir-te na floresta,<br \/>\nSustentada, Mar\u00edlia, no meu bra\u00e7o;<br \/>\nAli descansarei a quente sesta,<br \/>\nDormindo um leve sono em teu rega\u00e7o:<br \/>\nEnquanto a luta jogam os Pastores,<br \/>\nE emparelhados correm nas campinas,<br \/>\nToucarei teus cabelos de boninas,<br \/>\nNos troncos gravarei os teus louvores.<br \/>\nGra\u00e7as, Mar\u00edlia bela,<br \/>\nGra\u00e7as \u00e0 minha Estrela!<\/p>\n<p>Depois de nos ferir a m\u00e3o da morte,<br \/>\nOu seja neste monte, ou noutra serra,<br \/>\nNossos corpos ter\u00e3o, ter\u00e3o a sorte<br \/>\nDe consumir os dois a mesma terra.<br \/>\nNa campa, rodeada de ciprestes,<br \/>\nLer\u00e3o estas palavras os Pastores:<br \/>\n\u201cQuem quiser ser feliz nos seus amores,<br \/>\nSiga os exemplos, que nos deram estes.\u201d<br \/>\nGra\u00e7as, Mar\u00edlia bela,<br \/>\nGra\u00e7as \u00e0 minha Estrela!<\/p>\n<p><strong>&#8230;&#8230;&#8230;&#8230;&#8230;&#8230;&#8230;&#8230;&#8230;&#8230;&#8230;..<\/strong><\/p>\n<p><strong>Tom\u00e1s Ant\u00f4nio Gonzaga, poeta, advogado, juiz, nasceu na cidade do Porto, em Portugal, a 11 de agosto de 1744 e faleceu na Ilha de Mo\u00e7ambique, onde cumpria pena de degredo, em fevereiro de 1807.<\/strong><\/p>\n","protected":false},"excerpt":{"rendered":"<p>Eu, Mar\u00edlia, n\u00e3o sou algum vaqueiro, Que viva de guardar alheio gado; De tosco trato, d\u2019express\u00f5es grosseiro, Dos frios gelos, e dos s\u00f3is queimado. Tenho pr\u00f3prio casal, e nele assisto; D\u00e1-me vinho, legume, fruta, azeite; Das brancas ovelhinhas tiro o leite, E mais as finas l\u00e3s, de que me visto. Gra\u00e7as, Mar\u00edlia bela, Gra\u00e7as \u00e0 [&hellip;]<\/p>\n","protected":false},"author":21,"featured_media":393021,"comment_status":"closed","ping_status":"closed","sticky":false,"template":"","format":"standard","meta":{"_acf_changed":false,"footnotes":""},"categories":[234],"tags":[],"class_list":["post-393017","post","type-post","status-publish","format-standard","has-post-thumbnail","hentry","category-cafe-literario"],"acf":[],"yoast_head":"<!-- This site is optimized with the Yoast SEO plugin v27.2 - https:\/\/yoast.com\/product\/yoast-seo-wordpress\/ -->\n<title>Lira I - Notibras<\/title>\n<meta name=\"robots\" content=\"index, follow, max-snippet:-1, max-image-preview:large, max-video-preview:-1\" \/>\n<link rel=\"canonical\" href=\"https:\/\/www.notibras.com\/site\/lira-i\/\" \/>\n<meta property=\"og:locale\" content=\"pt_BR\" \/>\n<meta property=\"og:type\" content=\"article\" \/>\n<meta property=\"og:title\" content=\"Lira I - Notibras\" \/>\n<meta property=\"og:description\" content=\"Eu, Mar\u00edlia, n\u00e3o sou algum vaqueiro, Que viva de guardar alheio gado; De tosco trato, d\u2019express\u00f5es grosseiro, Dos frios gelos, e dos s\u00f3is queimado. Tenho pr\u00f3prio casal, e nele assisto; D\u00e1-me vinho, legume, fruta, azeite; Das brancas ovelhinhas tiro o leite, E mais as finas l\u00e3s, de que me visto. Gra\u00e7as, Mar\u00edlia bela, Gra\u00e7as \u00e0 [&hellip;]\" \/>\n<meta property=\"og:url\" content=\"https:\/\/www.notibras.com\/site\/lira-i\/\" \/>\n<meta property=\"og:site_name\" content=\"Notibras\" \/>\n<meta property=\"article:publisher\" content=\"https:\/\/www.facebook.com\/notibras\/\" \/>\n<meta property=\"article:published_time\" content=\"2026-04-30T04:00:16+00:00\" \/>\n<meta property=\"og:image\" content=\"https:\/\/www.notibras.com\/site\/wp-content\/uploads\/2026\/04\/WhatsApp-Image-2026-04-29-at-19.00.27.jpeg\" \/>\n\t<meta property=\"og:image:width\" content=\"1253\" \/>\n\t<meta property=\"og:image:height\" content=\"768\" \/>\n\t<meta property=\"og:image:type\" content=\"image\/jpeg\" \/>\n<meta name=\"author\" content=\"Eduardo Mart\u00ednez\" \/>\n<meta name=\"twitter:card\" content=\"summary_large_image\" \/>\n<meta name=\"twitter:creator\" content=\"@Notibras\" \/>\n<meta name=\"twitter:site\" content=\"@Notibras\" \/>\n<meta name=\"twitter:label1\" content=\"Escrito por\" \/>\n\t<meta name=\"twitter:data1\" content=\"Eduardo Mart\u00ednez\" \/>\n\t<meta name=\"twitter:label2\" content=\"Est. tempo de leitura\" \/>\n\t<meta name=\"twitter:data2\" content=\"3 minutos\" \/>\n<script type=\"application\/ld+json\" class=\"yoast-schema-graph\">{\"@context\":\"https:\/\/schema.org\",\"@graph\":[{\"@type\":\"Article\",\"@id\":\"https:\/\/www.notibras.com\/site\/lira-i\/#article\",\"isPartOf\":{\"@id\":\"https:\/\/www.notibras.com\/site\/lira-i\/\"},\"author\":{\"name\":\"Eduardo Mart\u00ednez\",\"@id\":\"https:\/\/www.notibras.com\/site\/#\/schema\/person\/5b7fabf2aedc3ada2105f03b22b4d3dd\"},\"headline\":\"Lira I\",\"datePublished\":\"2026-04-30T04:00:16+00:00\",\"mainEntityOfPage\":{\"@id\":\"https:\/\/www.notibras.com\/site\/lira-i\/\"},\"wordCount\":494,\"publisher\":{\"@id\":\"https:\/\/www.notibras.com\/site\/#organization\"},\"image\":{\"@id\":\"https:\/\/www.notibras.com\/site\/lira-i\/#primaryimage\"},\"thumbnailUrl\":\"https:\/\/www.notibras.com\/site\/wp-content\/uploads\/2026\/04\/WhatsApp-Image-2026-04-29-at-19.00.27.jpeg\",\"articleSection\":[\"Caf\u00e9 Liter\u00e1rio\"],\"inLanguage\":\"pt-BR\"},{\"@type\":\"WebPage\",\"@id\":\"https:\/\/www.notibras.com\/site\/lira-i\/\",\"url\":\"https:\/\/www.notibras.com\/site\/lira-i\/\",\"name\":\"Lira I - Notibras\",\"isPartOf\":{\"@id\":\"https:\/\/www.notibras.com\/site\/#website\"},\"primaryImageOfPage\":{\"@id\":\"https:\/\/www.notibras.com\/site\/lira-i\/#primaryimage\"},\"image\":{\"@id\":\"https:\/\/www.notibras.com\/site\/lira-i\/#primaryimage\"},\"thumbnailUrl\":\"https:\/\/www.notibras.com\/site\/wp-content\/uploads\/2026\/04\/WhatsApp-Image-2026-04-29-at-19.00.27.jpeg\",\"datePublished\":\"2026-04-30T04:00:16+00:00\",\"breadcrumb\":{\"@id\":\"https:\/\/www.notibras.com\/site\/lira-i\/#breadcrumb\"},\"inLanguage\":\"pt-BR\",\"potentialAction\":[{\"@type\":\"ReadAction\",\"target\":[\"https:\/\/www.notibras.com\/site\/lira-i\/\"]}]},{\"@type\":\"ImageObject\",\"inLanguage\":\"pt-BR\",\"@id\":\"https:\/\/www.notibras.com\/site\/lira-i\/#primaryimage\",\"url\":\"https:\/\/www.notibras.com\/site\/wp-content\/uploads\/2026\/04\/WhatsApp-Image-2026-04-29-at-19.00.27.jpeg\",\"contentUrl\":\"https:\/\/www.notibras.com\/site\/wp-content\/uploads\/2026\/04\/WhatsApp-Image-2026-04-29-at-19.00.27.jpeg\",\"width\":1253,\"height\":768},{\"@type\":\"BreadcrumbList\",\"@id\":\"https:\/\/www.notibras.com\/site\/lira-i\/#breadcrumb\",\"itemListElement\":[{\"@type\":\"ListItem\",\"position\":1,\"name\":\"In\u00edcio\",\"item\":\"https:\/\/www.notibras.com\/site\/\"},{\"@type\":\"ListItem\",\"position\":2,\"name\":\"Lira I\"}]},{\"@type\":\"WebSite\",\"@id\":\"https:\/\/www.notibras.com\/site\/#website\",\"url\":\"https:\/\/www.notibras.com\/site\/\",\"name\":\"Notibras\",\"description\":\"Not\u00edcias de Bras\u00edlia, do Brasil e do Mundo\",\"publisher\":{\"@id\":\"https:\/\/www.notibras.com\/site\/#organization\"},\"potentialAction\":[{\"@type\":\"SearchAction\",\"target\":{\"@type\":\"EntryPoint\",\"urlTemplate\":\"https:\/\/www.notibras.com\/site\/?s={search_term_string}\"},\"query-input\":{\"@type\":\"PropertyValueSpecification\",\"valueRequired\":true,\"valueName\":\"search_term_string\"}}],\"inLanguage\":\"pt-BR\"},{\"@type\":\"Organization\",\"@id\":\"https:\/\/www.notibras.com\/site\/#organization\",\"name\":\"Grupo Notibras de Comunica\u00e7\u00e3o\",\"url\":\"https:\/\/www.notibras.com\/site\/\",\"logo\":{\"@type\":\"ImageObject\",\"inLanguage\":\"pt-BR\",\"@id\":\"https:\/\/www.notibras.com\/site\/#\/schema\/logo\/image\/\",\"url\":\"https:\/\/www.notibras.com\/site\/wp-content\/uploads\/2023\/01\/notibras23.png\",\"contentUrl\":\"https:\/\/www.notibras.com\/site\/wp-content\/uploads\/2023\/01\/notibras23.png\",\"width\":350,\"height\":87,\"caption\":\"Grupo Notibras de Comunica\u00e7\u00e3o\"},\"image\":{\"@id\":\"https:\/\/www.notibras.com\/site\/#\/schema\/logo\/image\/\"},\"sameAs\":[\"https:\/\/www.facebook.com\/notibras\/\",\"https:\/\/x.com\/Notibras\",\"https:\/\/www.instagram.com\/notibras\/\"]},{\"@type\":\"Person\",\"@id\":\"https:\/\/www.notibras.com\/site\/#\/schema\/person\/5b7fabf2aedc3ada2105f03b22b4d3dd\",\"name\":\"Eduardo Mart\u00ednez\",\"image\":{\"@type\":\"ImageObject\",\"inLanguage\":\"pt-BR\",\"@id\":\"https:\/\/secure.gravatar.com\/avatar\/7902f906289926289cbcda644b5197c796b893c6ffd7b9a536a42d290f7704a0?s=96&d=mm&r=g\",\"url\":\"https:\/\/secure.gravatar.com\/avatar\/7902f906289926289cbcda644b5197c796b893c6ffd7b9a536a42d290f7704a0?s=96&d=mm&r=g\",\"contentUrl\":\"https:\/\/secure.gravatar.com\/avatar\/7902f906289926289cbcda644b5197c796b893c6ffd7b9a536a42d290f7704a0?s=96&d=mm&r=g\",\"caption\":\"Eduardo Mart\u00ednez\"}}]}<\/script>\n<!-- \/ Yoast SEO plugin. -->","yoast_head_json":{"title":"Lira I - Notibras","robots":{"index":"index","follow":"follow","max-snippet":"max-snippet:-1","max-image-preview":"max-image-preview:large","max-video-preview":"max-video-preview:-1"},"canonical":"https:\/\/www.notibras.com\/site\/lira-i\/","og_locale":"pt_BR","og_type":"article","og_title":"Lira I - Notibras","og_description":"Eu, Mar\u00edlia, n\u00e3o sou algum vaqueiro, Que viva de guardar alheio gado; De tosco trato, d\u2019express\u00f5es grosseiro, Dos frios gelos, e dos s\u00f3is queimado. Tenho pr\u00f3prio casal, e nele assisto; D\u00e1-me vinho, legume, fruta, azeite; Das brancas ovelhinhas tiro o leite, E mais as finas l\u00e3s, de que me visto. Gra\u00e7as, Mar\u00edlia bela, Gra\u00e7as \u00e0 [&hellip;]","og_url":"https:\/\/www.notibras.com\/site\/lira-i\/","og_site_name":"Notibras","article_publisher":"https:\/\/www.facebook.com\/notibras\/","article_published_time":"2026-04-30T04:00:16+00:00","og_image":[{"width":1253,"height":768,"url":"https:\/\/www.notibras.com\/site\/wp-content\/uploads\/2026\/04\/WhatsApp-Image-2026-04-29-at-19.00.27.jpeg","type":"image\/jpeg"}],"author":"Eduardo Mart\u00ednez","twitter_card":"summary_large_image","twitter_creator":"@Notibras","twitter_site":"@Notibras","twitter_misc":{"Escrito por":"Eduardo Mart\u00ednez","Est. tempo de leitura":"3 minutos"},"schema":{"@context":"https:\/\/schema.org","@graph":[{"@type":"Article","@id":"https:\/\/www.notibras.com\/site\/lira-i\/#article","isPartOf":{"@id":"https:\/\/www.notibras.com\/site\/lira-i\/"},"author":{"name":"Eduardo Mart\u00ednez","@id":"https:\/\/www.notibras.com\/site\/#\/schema\/person\/5b7fabf2aedc3ada2105f03b22b4d3dd"},"headline":"Lira I","datePublished":"2026-04-30T04:00:16+00:00","mainEntityOfPage":{"@id":"https:\/\/www.notibras.com\/site\/lira-i\/"},"wordCount":494,"publisher":{"@id":"https:\/\/www.notibras.com\/site\/#organization"},"image":{"@id":"https:\/\/www.notibras.com\/site\/lira-i\/#primaryimage"},"thumbnailUrl":"https:\/\/www.notibras.com\/site\/wp-content\/uploads\/2026\/04\/WhatsApp-Image-2026-04-29-at-19.00.27.jpeg","articleSection":["Caf\u00e9 Liter\u00e1rio"],"inLanguage":"pt-BR"},{"@type":"WebPage","@id":"https:\/\/www.notibras.com\/site\/lira-i\/","url":"https:\/\/www.notibras.com\/site\/lira-i\/","name":"Lira I - Notibras","isPartOf":{"@id":"https:\/\/www.notibras.com\/site\/#website"},"primaryImageOfPage":{"@id":"https:\/\/www.notibras.com\/site\/lira-i\/#primaryimage"},"image":{"@id":"https:\/\/www.notibras.com\/site\/lira-i\/#primaryimage"},"thumbnailUrl":"https:\/\/www.notibras.com\/site\/wp-content\/uploads\/2026\/04\/WhatsApp-Image-2026-04-29-at-19.00.27.jpeg","datePublished":"2026-04-30T04:00:16+00:00","breadcrumb":{"@id":"https:\/\/www.notibras.com\/site\/lira-i\/#breadcrumb"},"inLanguage":"pt-BR","potentialAction":[{"@type":"ReadAction","target":["https:\/\/www.notibras.com\/site\/lira-i\/"]}]},{"@type":"ImageObject","inLanguage":"pt-BR","@id":"https:\/\/www.notibras.com\/site\/lira-i\/#primaryimage","url":"https:\/\/www.notibras.com\/site\/wp-content\/uploads\/2026\/04\/WhatsApp-Image-2026-04-29-at-19.00.27.jpeg","contentUrl":"https:\/\/www.notibras.com\/site\/wp-content\/uploads\/2026\/04\/WhatsApp-Image-2026-04-29-at-19.00.27.jpeg","width":1253,"height":768},{"@type":"BreadcrumbList","@id":"https:\/\/www.notibras.com\/site\/lira-i\/#breadcrumb","itemListElement":[{"@type":"ListItem","position":1,"name":"In\u00edcio","item":"https:\/\/www.notibras.com\/site\/"},{"@type":"ListItem","position":2,"name":"Lira I"}]},{"@type":"WebSite","@id":"https:\/\/www.notibras.com\/site\/#website","url":"https:\/\/www.notibras.com\/site\/","name":"Notibras","description":"Not\u00edcias de Bras\u00edlia, do Brasil e do Mundo","publisher":{"@id":"https:\/\/www.notibras.com\/site\/#organization"},"potentialAction":[{"@type":"SearchAction","target":{"@type":"EntryPoint","urlTemplate":"https:\/\/www.notibras.com\/site\/?s={search_term_string}"},"query-input":{"@type":"PropertyValueSpecification","valueRequired":true,"valueName":"search_term_string"}}],"inLanguage":"pt-BR"},{"@type":"Organization","@id":"https:\/\/www.notibras.com\/site\/#organization","name":"Grupo Notibras de Comunica\u00e7\u00e3o","url":"https:\/\/www.notibras.com\/site\/","logo":{"@type":"ImageObject","inLanguage":"pt-BR","@id":"https:\/\/www.notibras.com\/site\/#\/schema\/logo\/image\/","url":"https:\/\/www.notibras.com\/site\/wp-content\/uploads\/2023\/01\/notibras23.png","contentUrl":"https:\/\/www.notibras.com\/site\/wp-content\/uploads\/2023\/01\/notibras23.png","width":350,"height":87,"caption":"Grupo Notibras de Comunica\u00e7\u00e3o"},"image":{"@id":"https:\/\/www.notibras.com\/site\/#\/schema\/logo\/image\/"},"sameAs":["https:\/\/www.facebook.com\/notibras\/","https:\/\/x.com\/Notibras","https:\/\/www.instagram.com\/notibras\/"]},{"@type":"Person","@id":"https:\/\/www.notibras.com\/site\/#\/schema\/person\/5b7fabf2aedc3ada2105f03b22b4d3dd","name":"Eduardo Mart\u00ednez","image":{"@type":"ImageObject","inLanguage":"pt-BR","@id":"https:\/\/secure.gravatar.com\/avatar\/7902f906289926289cbcda644b5197c796b893c6ffd7b9a536a42d290f7704a0?s=96&d=mm&r=g","url":"https:\/\/secure.gravatar.com\/avatar\/7902f906289926289cbcda644b5197c796b893c6ffd7b9a536a42d290f7704a0?s=96&d=mm&r=g","contentUrl":"https:\/\/secure.gravatar.com\/avatar\/7902f906289926289cbcda644b5197c796b893c6ffd7b9a536a42d290f7704a0?s=96&d=mm&r=g","caption":"Eduardo Mart\u00ednez"}}]}},"amp_enabled":true,"_links":{"self":[{"href":"https:\/\/www.notibras.com\/site\/wp-json\/wp\/v2\/posts\/393017","targetHints":{"allow":["GET"]}}],"collection":[{"href":"https:\/\/www.notibras.com\/site\/wp-json\/wp\/v2\/posts"}],"about":[{"href":"https:\/\/www.notibras.com\/site\/wp-json\/wp\/v2\/types\/post"}],"author":[{"embeddable":true,"href":"https:\/\/www.notibras.com\/site\/wp-json\/wp\/v2\/users\/21"}],"replies":[{"embeddable":true,"href":"https:\/\/www.notibras.com\/site\/wp-json\/wp\/v2\/comments?post=393017"}],"version-history":[{"count":2,"href":"https:\/\/www.notibras.com\/site\/wp-json\/wp\/v2\/posts\/393017\/revisions"}],"predecessor-version":[{"id":393023,"href":"https:\/\/www.notibras.com\/site\/wp-json\/wp\/v2\/posts\/393017\/revisions\/393023"}],"wp:featuredmedia":[{"embeddable":true,"href":"https:\/\/www.notibras.com\/site\/wp-json\/wp\/v2\/media\/393021"}],"wp:attachment":[{"href":"https:\/\/www.notibras.com\/site\/wp-json\/wp\/v2\/media?parent=393017"}],"wp:term":[{"taxonomy":"category","embeddable":true,"href":"https:\/\/www.notibras.com\/site\/wp-json\/wp\/v2\/categories?post=393017"},{"taxonomy":"post_tag","embeddable":true,"href":"https:\/\/www.notibras.com\/site\/wp-json\/wp\/v2\/tags?post=393017"}],"curies":[{"name":"wp","href":"https:\/\/api.w.org\/{rel}","templated":true}]}}