{"id":393043,"date":"2026-04-30T01:00:40","date_gmt":"2026-04-30T04:00:40","guid":{"rendered":"https:\/\/www.notibras.com\/site\/?p=393043"},"modified":"2026-04-29T21:37:54","modified_gmt":"2026-04-30T00:37:54","slug":"gama-vira-sobre-atletico-go-e-fecha-1a-fase-com-100","status":"publish","type":"post","link":"https:\/\/www.notibras.com\/site\/gama-vira-sobre-atletico-go-e-fecha-1a-fase-com-100\/","title":{"rendered":"Gama vira sobre Atl\u00e9tico-GO e fecha 1\u00aa fase com 100%"},"content":{"rendered":"<p>Em uma noite para entrar na hist\u00f3ria recente do futebol candango, o Gama demonstrou a for\u00e7a de seu elenco e a mentalidade vencedora imposta pelo t\u00e9cnico Lu\u00eds Carlos Souza. Na noite desta quarta-feira (29), o Periquito foi ao Est\u00e1dio Ant\u00f4nio Accioly, em Goi\u00e2nia, e buscou uma virada espetacular por 2 a 1 contra o Atl\u00e9tico-GO, em partida v\u00e1lida pela \u00faltima rodada da fase de grupos da Copa Centro-Oeste.<\/p>\n<p>O resultado n\u00e3o apenas reafirmou a soberania alviverde na competi\u00e7\u00e3o regional, como tamb\u00e9m selou a elimina\u00e7\u00e3o do Drag\u00e3o, que, mesmo utilizando uma base mesclada com o sub-20 focada na S\u00e9rie B, viu sua invencibilidade de seis jogos ser quebrada diante de sua torcida. O Gama, por outro lado, manteve o embalo de uma temporada avassaladora.<\/p>\n<p>A partida come\u00e7ou truncada, com o t\u00e9cnico Lu\u00eds Carlos Souza optando por preservar algumas pe\u00e7as, mas mantendo a organiza\u00e7\u00e3o t\u00e1tica que caracteriza a equipe. O Atl\u00e9tico-GO tentava pressionar, buscando espa\u00e7os na defesa candanga.<\/p>\n<p>O cen\u00e1rio parecia complicar para os visitantes no final do primeiro tempo. Aos 45 minutos, ap\u00f3s rebote dentro da \u00e1rea, Gustavo Daniel finalizou de perna direita, abrindo o placar para o time goiano e levando o Drag\u00e3o em vantagem para o intervalo.<\/p>\n<p>No entanto, o segundo tempo foi inteiramente alviverde. Com uma postura resistente e mentalmente forte, caracter\u00edstica marcante da equipe nesta temporada, o Gama voltou determinado a buscar o resultado, confiando na estrela de um atacante experiente.<\/p>\n<p>O nome do jogo foi Henrique Almeida. O centroavante, que fazia parte da gera\u00e7\u00e3o de ouro campe\u00e3 do Mundial Sub-20 em 2011, assumiu a responsabilidade no momento mais dif\u00edcil da partida e desencantou com a camisa do Periquito.<\/p>\n<p>A rea\u00e7\u00e3o come\u00e7ou aos 21 minutos da etapa final. Ap\u00f3s boa jogada de Gabriel Lima pela esquerda, a bola chegou na pequena \u00e1rea, e Henrique Almeida mostrou oportunismo para empurrar ao fundo da rede, igualando o marcador no Ant\u00f4nio Accioly.<\/p>\n<p>O gol de empate incendiou o Gama, que passou a dominar as a\u00e7\u00f5es ofensivas. Apenas sete minutos depois, aos 28, o atacante de 34 anos mostrou por que foi contratado: aproveitou nova oportunidade dentro da \u00e1rea e virou o jogo, decretando 2 a 1.<\/p>\n<p>Al\u00e9m da vit\u00f3ria, os gols de Henrique Almeida quebraram um jejum pessoal do jogador, que n\u00e3o marcava desde novembro do ano passado e n\u00e3o fazia dois gols em uma mesma partida desde mar\u00e7o de 2024. A atua\u00e7\u00e3o de gala veio em momento crucial.<\/p>\n<p>Com o apito final, o Gama encerrou a fase de grupos com a marca impressionante de 100% de aproveitamento e garantiu a lideran\u00e7a isolada do Grupo B, consolidando uma campanha impec\u00e1vel at\u00e9 aqui na Copa Centro-Oeste.<\/p>\n<p>O triunfo amplia a marca hist\u00f3rica do time para 23 jogos de invencibilidade na temporada de 2026. Se somados os \u00faltimos jogos do ano passado, o alviverde j\u00e1 contabiliza 27 partidas sem saber o que \u00e9 derrota, demonstrando uma regularidade absurda.<\/p>\n<p>O t\u00e9cnico Lu\u00eds Carlos Souza segue com um retrospecto invej\u00e1vel, sem perder desde que assumiu o comando t\u00e9cnico da equipe, equilibrando o time mesmo quando utiliza forma\u00e7\u00f5es alternativas, como no confronto desta quarta.<\/p>\n<p>Agora, o Gama volta suas aten\u00e7\u00f5es para as quartas de final, onde enfrentar\u00e1 o Rio Branco-ES. O objetivo \u00e9 manter o sonho vivo do t\u00edtulo in\u00e9dito da Copa Verde, buscando apagar a derrota na final de 2016.<\/p>\n<p>Ap\u00f3s o compromisso regional, o alviverde n\u00e3o tem tempo para descanso e foca na S\u00e9rie D do Campeonato Brasileiro, onde lidera o Grupo A3 com 10 pontos e busca o acesso nacional.<\/p>\n<p>O torcedor gamense tem motivos de sobra para acreditar em um ano glorioso, com o time mostrando &#8220;cabe\u00e7a fria&#8221; e garra, caracter\u00edsticas demonstradas na virada sobre o Atl\u00e9tico-GO.<\/p>\n<p>Com a vit\u00f3ria, o Gama se despede de Goi\u00e2nia com moral elevada e se firma como um dos grandes favoritos ao t\u00edtulo da Copa Centro-Oeste.<\/p>\n","protected":false},"excerpt":{"rendered":"<p>Em uma noite para entrar na hist\u00f3ria recente do futebol candango, o Gama demonstrou a for\u00e7a de seu elenco e a mentalidade vencedora imposta pelo t\u00e9cnico Lu\u00eds Carlos Souza. Na noite desta quarta-feira (29), o Periquito foi ao Est\u00e1dio Ant\u00f4nio Accioly, em Goi\u00e2nia, e buscou uma virada espetacular por 2 a 1 contra o Atl\u00e9tico-GO, [&hellip;]<\/p>\n","protected":false},"author":21,"featured_media":393044,"comment_status":"closed","ping_status":"closed","sticky":false,"template":"","format":"standard","meta":{"_acf_changed":false,"footnotes":""},"categories":[161],"tags":[],"class_list":["post-393043","post","type-post","status-publish","format-standard","has-post-thumbnail","hentry","category-quadradinho-em-foco"],"acf":[],"yoast_head":"<!-- This site is optimized with the Yoast SEO plugin v27.2 - https:\/\/yoast.com\/product\/yoast-seo-wordpress\/ -->\n<title>Gama vira sobre Atl\u00e9tico-GO e fecha 1\u00aa fase com 100% - Notibras<\/title>\n<meta name=\"robots\" content=\"index, follow, max-snippet:-1, max-image-preview:large, max-video-preview:-1\" \/>\n<link rel=\"canonical\" href=\"https:\/\/www.notibras.com\/site\/gama-vira-sobre-atletico-go-e-fecha-1a-fase-com-100\/\" \/>\n<meta property=\"og:locale\" content=\"pt_BR\" \/>\n<meta property=\"og:type\" content=\"article\" \/>\n<meta property=\"og:title\" content=\"Gama vira sobre Atl\u00e9tico-GO e fecha 1\u00aa fase com 100% - Notibras\" \/>\n<meta property=\"og:description\" content=\"Em uma noite para entrar na hist\u00f3ria recente do futebol candango, o Gama demonstrou a for\u00e7a de seu elenco e a mentalidade vencedora imposta pelo t\u00e9cnico Lu\u00eds Carlos Souza. Na noite desta quarta-feira (29), o Periquito foi ao Est\u00e1dio Ant\u00f4nio Accioly, em Goi\u00e2nia, e buscou uma virada espetacular por 2 a 1 contra o Atl\u00e9tico-GO, [&hellip;]\" \/>\n<meta property=\"og:url\" content=\"https:\/\/www.notibras.com\/site\/gama-vira-sobre-atletico-go-e-fecha-1a-fase-com-100\/\" \/>\n<meta property=\"og:site_name\" content=\"Notibras\" \/>\n<meta property=\"article:publisher\" content=\"https:\/\/www.facebook.com\/notibras\/\" \/>\n<meta property=\"article:published_time\" content=\"2026-04-30T04:00:40+00:00\" \/>\n<meta property=\"og:image\" content=\"https:\/\/www.notibras.com\/site\/wp-content\/uploads\/2026\/04\/WhatsApp-Image-2026-04-29-at-21.32.56.jpeg\" \/>\n\t<meta property=\"og:image:width\" content=\"976\" \/>\n\t<meta property=\"og:image:height\" content=\"1109\" \/>\n\t<meta property=\"og:image:type\" content=\"image\/jpeg\" \/>\n<meta name=\"author\" content=\"Eduardo Mart\u00ednez\" \/>\n<meta name=\"twitter:card\" content=\"summary_large_image\" \/>\n<meta name=\"twitter:creator\" content=\"@Notibras\" \/>\n<meta name=\"twitter:site\" content=\"@Notibras\" \/>\n<meta name=\"twitter:label1\" content=\"Escrito por\" \/>\n\t<meta name=\"twitter:data1\" content=\"Eduardo Mart\u00ednez\" \/>\n\t<meta name=\"twitter:label2\" content=\"Est. tempo de leitura\" \/>\n\t<meta name=\"twitter:data2\" content=\"4 minutos\" \/>\n<script type=\"application\/ld+json\" class=\"yoast-schema-graph\">{\"@context\":\"https:\/\/schema.org\",\"@graph\":[{\"@type\":\"Article\",\"@id\":\"https:\/\/www.notibras.com\/site\/gama-vira-sobre-atletico-go-e-fecha-1a-fase-com-100\/#article\",\"isPartOf\":{\"@id\":\"https:\/\/www.notibras.com\/site\/gama-vira-sobre-atletico-go-e-fecha-1a-fase-com-100\/\"},\"author\":{\"name\":\"Eduardo Mart\u00ednez\",\"@id\":\"https:\/\/www.notibras.com\/site\/#\/schema\/person\/5b7fabf2aedc3ada2105f03b22b4d3dd\"},\"headline\":\"Gama vira sobre Atl\u00e9tico-GO e fecha 1\u00aa fase com 100%\",\"datePublished\":\"2026-04-30T04:00:40+00:00\",\"mainEntityOfPage\":{\"@id\":\"https:\/\/www.notibras.com\/site\/gama-vira-sobre-atletico-go-e-fecha-1a-fase-com-100\/\"},\"wordCount\":681,\"publisher\":{\"@id\":\"https:\/\/www.notibras.com\/site\/#organization\"},\"image\":{\"@id\":\"https:\/\/www.notibras.com\/site\/gama-vira-sobre-atletico-go-e-fecha-1a-fase-com-100\/#primaryimage\"},\"thumbnailUrl\":\"https:\/\/www.notibras.com\/site\/wp-content\/uploads\/2026\/04\/WhatsApp-Image-2026-04-29-at-21.32.56.jpeg\",\"articleSection\":[\"Quadradinho em Foco\"],\"inLanguage\":\"pt-BR\"},{\"@type\":\"WebPage\",\"@id\":\"https:\/\/www.notibras.com\/site\/gama-vira-sobre-atletico-go-e-fecha-1a-fase-com-100\/\",\"url\":\"https:\/\/www.notibras.com\/site\/gama-vira-sobre-atletico-go-e-fecha-1a-fase-com-100\/\",\"name\":\"Gama vira sobre Atl\u00e9tico-GO e fecha 1\u00aa fase com 100% - Notibras\",\"isPartOf\":{\"@id\":\"https:\/\/www.notibras.com\/site\/#website\"},\"primaryImageOfPage\":{\"@id\":\"https:\/\/www.notibras.com\/site\/gama-vira-sobre-atletico-go-e-fecha-1a-fase-com-100\/#primaryimage\"},\"image\":{\"@id\":\"https:\/\/www.notibras.com\/site\/gama-vira-sobre-atletico-go-e-fecha-1a-fase-com-100\/#primaryimage\"},\"thumbnailUrl\":\"https:\/\/www.notibras.com\/site\/wp-content\/uploads\/2026\/04\/WhatsApp-Image-2026-04-29-at-21.32.56.jpeg\",\"datePublished\":\"2026-04-30T04:00:40+00:00\",\"breadcrumb\":{\"@id\":\"https:\/\/www.notibras.com\/site\/gama-vira-sobre-atletico-go-e-fecha-1a-fase-com-100\/#breadcrumb\"},\"inLanguage\":\"pt-BR\",\"potentialAction\":[{\"@type\":\"ReadAction\",\"target\":[\"https:\/\/www.notibras.com\/site\/gama-vira-sobre-atletico-go-e-fecha-1a-fase-com-100\/\"]}]},{\"@type\":\"ImageObject\",\"inLanguage\":\"pt-BR\",\"@id\":\"https:\/\/www.notibras.com\/site\/gama-vira-sobre-atletico-go-e-fecha-1a-fase-com-100\/#primaryimage\",\"url\":\"https:\/\/www.notibras.com\/site\/wp-content\/uploads\/2026\/04\/WhatsApp-Image-2026-04-29-at-21.32.56.jpeg\",\"contentUrl\":\"https:\/\/www.notibras.com\/site\/wp-content\/uploads\/2026\/04\/WhatsApp-Image-2026-04-29-at-21.32.56.jpeg\",\"width\":976,\"height\":1109},{\"@type\":\"BreadcrumbList\",\"@id\":\"https:\/\/www.notibras.com\/site\/gama-vira-sobre-atletico-go-e-fecha-1a-fase-com-100\/#breadcrumb\",\"itemListElement\":[{\"@type\":\"ListItem\",\"position\":1,\"name\":\"In\u00edcio\",\"item\":\"https:\/\/www.notibras.com\/site\/\"},{\"@type\":\"ListItem\",\"position\":2,\"name\":\"Gama vira sobre Atl\u00e9tico-GO e fecha 1\u00aa fase com 100%\"}]},{\"@type\":\"WebSite\",\"@id\":\"https:\/\/www.notibras.com\/site\/#website\",\"url\":\"https:\/\/www.notibras.com\/site\/\",\"name\":\"Notibras\",\"description\":\"Not\u00edcias de Bras\u00edlia, do Brasil e do Mundo\",\"publisher\":{\"@id\":\"https:\/\/www.notibras.com\/site\/#organization\"},\"potentialAction\":[{\"@type\":\"SearchAction\",\"target\":{\"@type\":\"EntryPoint\",\"urlTemplate\":\"https:\/\/www.notibras.com\/site\/?s={search_term_string}\"},\"query-input\":{\"@type\":\"PropertyValueSpecification\",\"valueRequired\":true,\"valueName\":\"search_term_string\"}}],\"inLanguage\":\"pt-BR\"},{\"@type\":\"Organization\",\"@id\":\"https:\/\/www.notibras.com\/site\/#organization\",\"name\":\"Grupo Notibras de Comunica\u00e7\u00e3o\",\"url\":\"https:\/\/www.notibras.com\/site\/\",\"logo\":{\"@type\":\"ImageObject\",\"inLanguage\":\"pt-BR\",\"@id\":\"https:\/\/www.notibras.com\/site\/#\/schema\/logo\/image\/\",\"url\":\"https:\/\/www.notibras.com\/site\/wp-content\/uploads\/2023\/01\/notibras23.png\",\"contentUrl\":\"https:\/\/www.notibras.com\/site\/wp-content\/uploads\/2023\/01\/notibras23.png\",\"width\":350,\"height\":87,\"caption\":\"Grupo Notibras de Comunica\u00e7\u00e3o\"},\"image\":{\"@id\":\"https:\/\/www.notibras.com\/site\/#\/schema\/logo\/image\/\"},\"sameAs\":[\"https:\/\/www.facebook.com\/notibras\/\",\"https:\/\/x.com\/Notibras\",\"https:\/\/www.instagram.com\/notibras\/\"]},{\"@type\":\"Person\",\"@id\":\"https:\/\/www.notibras.com\/site\/#\/schema\/person\/5b7fabf2aedc3ada2105f03b22b4d3dd\",\"name\":\"Eduardo Mart\u00ednez\",\"image\":{\"@type\":\"ImageObject\",\"inLanguage\":\"pt-BR\",\"@id\":\"https:\/\/secure.gravatar.com\/avatar\/7902f906289926289cbcda644b5197c796b893c6ffd7b9a536a42d290f7704a0?s=96&d=mm&r=g\",\"url\":\"https:\/\/secure.gravatar.com\/avatar\/7902f906289926289cbcda644b5197c796b893c6ffd7b9a536a42d290f7704a0?s=96&d=mm&r=g\",\"contentUrl\":\"https:\/\/secure.gravatar.com\/avatar\/7902f906289926289cbcda644b5197c796b893c6ffd7b9a536a42d290f7704a0?s=96&d=mm&r=g\",\"caption\":\"Eduardo Mart\u00ednez\"}}]}<\/script>\n<!-- \/ Yoast SEO plugin. -->","yoast_head_json":{"title":"Gama vira sobre Atl\u00e9tico-GO e fecha 1\u00aa fase com 100% - Notibras","robots":{"index":"index","follow":"follow","max-snippet":"max-snippet:-1","max-image-preview":"max-image-preview:large","max-video-preview":"max-video-preview:-1"},"canonical":"https:\/\/www.notibras.com\/site\/gama-vira-sobre-atletico-go-e-fecha-1a-fase-com-100\/","og_locale":"pt_BR","og_type":"article","og_title":"Gama vira sobre Atl\u00e9tico-GO e fecha 1\u00aa fase com 100% - Notibras","og_description":"Em uma noite para entrar na hist\u00f3ria recente do futebol candango, o Gama demonstrou a for\u00e7a de seu elenco e a mentalidade vencedora imposta pelo t\u00e9cnico Lu\u00eds Carlos Souza. Na noite desta quarta-feira (29), o Periquito foi ao Est\u00e1dio Ant\u00f4nio Accioly, em Goi\u00e2nia, e buscou uma virada espetacular por 2 a 1 contra o Atl\u00e9tico-GO, [&hellip;]","og_url":"https:\/\/www.notibras.com\/site\/gama-vira-sobre-atletico-go-e-fecha-1a-fase-com-100\/","og_site_name":"Notibras","article_publisher":"https:\/\/www.facebook.com\/notibras\/","article_published_time":"2026-04-30T04:00:40+00:00","og_image":[{"width":976,"height":1109,"url":"https:\/\/www.notibras.com\/site\/wp-content\/uploads\/2026\/04\/WhatsApp-Image-2026-04-29-at-21.32.56.jpeg","type":"image\/jpeg"}],"author":"Eduardo Mart\u00ednez","twitter_card":"summary_large_image","twitter_creator":"@Notibras","twitter_site":"@Notibras","twitter_misc":{"Escrito por":"Eduardo Mart\u00ednez","Est. tempo de leitura":"4 minutos"},"schema":{"@context":"https:\/\/schema.org","@graph":[{"@type":"Article","@id":"https:\/\/www.notibras.com\/site\/gama-vira-sobre-atletico-go-e-fecha-1a-fase-com-100\/#article","isPartOf":{"@id":"https:\/\/www.notibras.com\/site\/gama-vira-sobre-atletico-go-e-fecha-1a-fase-com-100\/"},"author":{"name":"Eduardo Mart\u00ednez","@id":"https:\/\/www.notibras.com\/site\/#\/schema\/person\/5b7fabf2aedc3ada2105f03b22b4d3dd"},"headline":"Gama vira sobre Atl\u00e9tico-GO e fecha 1\u00aa fase com 100%","datePublished":"2026-04-30T04:00:40+00:00","mainEntityOfPage":{"@id":"https:\/\/www.notibras.com\/site\/gama-vira-sobre-atletico-go-e-fecha-1a-fase-com-100\/"},"wordCount":681,"publisher":{"@id":"https:\/\/www.notibras.com\/site\/#organization"},"image":{"@id":"https:\/\/www.notibras.com\/site\/gama-vira-sobre-atletico-go-e-fecha-1a-fase-com-100\/#primaryimage"},"thumbnailUrl":"https:\/\/www.notibras.com\/site\/wp-content\/uploads\/2026\/04\/WhatsApp-Image-2026-04-29-at-21.32.56.jpeg","articleSection":["Quadradinho em Foco"],"inLanguage":"pt-BR"},{"@type":"WebPage","@id":"https:\/\/www.notibras.com\/site\/gama-vira-sobre-atletico-go-e-fecha-1a-fase-com-100\/","url":"https:\/\/www.notibras.com\/site\/gama-vira-sobre-atletico-go-e-fecha-1a-fase-com-100\/","name":"Gama vira sobre Atl\u00e9tico-GO e fecha 1\u00aa fase com 100% - Notibras","isPartOf":{"@id":"https:\/\/www.notibras.com\/site\/#website"},"primaryImageOfPage":{"@id":"https:\/\/www.notibras.com\/site\/gama-vira-sobre-atletico-go-e-fecha-1a-fase-com-100\/#primaryimage"},"image":{"@id":"https:\/\/www.notibras.com\/site\/gama-vira-sobre-atletico-go-e-fecha-1a-fase-com-100\/#primaryimage"},"thumbnailUrl":"https:\/\/www.notibras.com\/site\/wp-content\/uploads\/2026\/04\/WhatsApp-Image-2026-04-29-at-21.32.56.jpeg","datePublished":"2026-04-30T04:00:40+00:00","breadcrumb":{"@id":"https:\/\/www.notibras.com\/site\/gama-vira-sobre-atletico-go-e-fecha-1a-fase-com-100\/#breadcrumb"},"inLanguage":"pt-BR","potentialAction":[{"@type":"ReadAction","target":["https:\/\/www.notibras.com\/site\/gama-vira-sobre-atletico-go-e-fecha-1a-fase-com-100\/"]}]},{"@type":"ImageObject","inLanguage":"pt-BR","@id":"https:\/\/www.notibras.com\/site\/gama-vira-sobre-atletico-go-e-fecha-1a-fase-com-100\/#primaryimage","url":"https:\/\/www.notibras.com\/site\/wp-content\/uploads\/2026\/04\/WhatsApp-Image-2026-04-29-at-21.32.56.jpeg","contentUrl":"https:\/\/www.notibras.com\/site\/wp-content\/uploads\/2026\/04\/WhatsApp-Image-2026-04-29-at-21.32.56.jpeg","width":976,"height":1109},{"@type":"BreadcrumbList","@id":"https:\/\/www.notibras.com\/site\/gama-vira-sobre-atletico-go-e-fecha-1a-fase-com-100\/#breadcrumb","itemListElement":[{"@type":"ListItem","position":1,"name":"In\u00edcio","item":"https:\/\/www.notibras.com\/site\/"},{"@type":"ListItem","position":2,"name":"Gama vira sobre Atl\u00e9tico-GO e fecha 1\u00aa fase com 100%"}]},{"@type":"WebSite","@id":"https:\/\/www.notibras.com\/site\/#website","url":"https:\/\/www.notibras.com\/site\/","name":"Notibras","description":"Not\u00edcias de Bras\u00edlia, do Brasil e do Mundo","publisher":{"@id":"https:\/\/www.notibras.com\/site\/#organization"},"potentialAction":[{"@type":"SearchAction","target":{"@type":"EntryPoint","urlTemplate":"https:\/\/www.notibras.com\/site\/?s={search_term_string}"},"query-input":{"@type":"PropertyValueSpecification","valueRequired":true,"valueName":"search_term_string"}}],"inLanguage":"pt-BR"},{"@type":"Organization","@id":"https:\/\/www.notibras.com\/site\/#organization","name":"Grupo Notibras de Comunica\u00e7\u00e3o","url":"https:\/\/www.notibras.com\/site\/","logo":{"@type":"ImageObject","inLanguage":"pt-BR","@id":"https:\/\/www.notibras.com\/site\/#\/schema\/logo\/image\/","url":"https:\/\/www.notibras.com\/site\/wp-content\/uploads\/2023\/01\/notibras23.png","contentUrl":"https:\/\/www.notibras.com\/site\/wp-content\/uploads\/2023\/01\/notibras23.png","width":350,"height":87,"caption":"Grupo Notibras de Comunica\u00e7\u00e3o"},"image":{"@id":"https:\/\/www.notibras.com\/site\/#\/schema\/logo\/image\/"},"sameAs":["https:\/\/www.facebook.com\/notibras\/","https:\/\/x.com\/Notibras","https:\/\/www.instagram.com\/notibras\/"]},{"@type":"Person","@id":"https:\/\/www.notibras.com\/site\/#\/schema\/person\/5b7fabf2aedc3ada2105f03b22b4d3dd","name":"Eduardo Mart\u00ednez","image":{"@type":"ImageObject","inLanguage":"pt-BR","@id":"https:\/\/secure.gravatar.com\/avatar\/7902f906289926289cbcda644b5197c796b893c6ffd7b9a536a42d290f7704a0?s=96&d=mm&r=g","url":"https:\/\/secure.gravatar.com\/avatar\/7902f906289926289cbcda644b5197c796b893c6ffd7b9a536a42d290f7704a0?s=96&d=mm&r=g","contentUrl":"https:\/\/secure.gravatar.com\/avatar\/7902f906289926289cbcda644b5197c796b893c6ffd7b9a536a42d290f7704a0?s=96&d=mm&r=g","caption":"Eduardo Mart\u00ednez"}}]}},"amp_enabled":true,"_links":{"self":[{"href":"https:\/\/www.notibras.com\/site\/wp-json\/wp\/v2\/posts\/393043","targetHints":{"allow":["GET"]}}],"collection":[{"href":"https:\/\/www.notibras.com\/site\/wp-json\/wp\/v2\/posts"}],"about":[{"href":"https:\/\/www.notibras.com\/site\/wp-json\/wp\/v2\/types\/post"}],"author":[{"embeddable":true,"href":"https:\/\/www.notibras.com\/site\/wp-json\/wp\/v2\/users\/21"}],"replies":[{"embeddable":true,"href":"https:\/\/www.notibras.com\/site\/wp-json\/wp\/v2\/comments?post=393043"}],"version-history":[{"count":2,"href":"https:\/\/www.notibras.com\/site\/wp-json\/wp\/v2\/posts\/393043\/revisions"}],"predecessor-version":[{"id":393046,"href":"https:\/\/www.notibras.com\/site\/wp-json\/wp\/v2\/posts\/393043\/revisions\/393046"}],"wp:featuredmedia":[{"embeddable":true,"href":"https:\/\/www.notibras.com\/site\/wp-json\/wp\/v2\/media\/393044"}],"wp:attachment":[{"href":"https:\/\/www.notibras.com\/site\/wp-json\/wp\/v2\/media?parent=393043"}],"wp:term":[{"taxonomy":"category","embeddable":true,"href":"https:\/\/www.notibras.com\/site\/wp-json\/wp\/v2\/categories?post=393043"},{"taxonomy":"post_tag","embeddable":true,"href":"https:\/\/www.notibras.com\/site\/wp-json\/wp\/v2\/tags?post=393043"}],"curies":[{"name":"wp","href":"https:\/\/api.w.org\/{rel}","templated":true}]}}