{"id":393047,"date":"2026-04-30T00:45:43","date_gmt":"2026-04-30T03:45:43","guid":{"rendered":"https:\/\/www.notibras.com\/site\/?p=393047"},"modified":"2026-04-29T21:43:24","modified_gmt":"2026-04-30T00:43:24","slug":"indicacao-para-procuradoria-geral-do-df-e-aprovada-por-unanimidade","status":"publish","type":"post","link":"https:\/\/www.notibras.com\/site\/indicacao-para-procuradoria-geral-do-df-e-aprovada-por-unanimidade\/","title":{"rendered":"Indica\u00e7\u00e3o para Procuradoria-Geral do DF \u00e9 aprovada por unanimidade"},"content":{"rendered":"<p>A indica\u00e7\u00e3o da subprocuradora-geral Diana de Almeida Ramos ao cargo de procuradora-geral do Distrito Federal foi aprovada em vota\u00e7\u00e3o plen\u00e1ria na C\u00e2mara Legislativa do Distrito Federal (CLDF) nesta quarta-feira (29). A condu\u00e7\u00e3o oficial ainda depende de publica\u00e7\u00e3o no Di\u00e1rio Oficial do Distrito Federal (DODF).<\/p>\n<p>A indica\u00e7\u00e3o de DIana recebeu 17 votos favor\u00e1veis entre os 17 parlamentares presentes. Durante a manh\u00e3, a advogada p\u00fablica foi sabatinada pela Comiss\u00e3o de Constitui\u00e7\u00e3o e Justi\u00e7a (CCJ\/CLDF). Durante a sabatina, os questionamentos abordaram assuntos como separa\u00e7\u00e3o de poderes, federalismo fiscal, ativismo judicial, e atua\u00e7\u00e3o da PGDF no controle pr\u00e9vio de constitucionalidade das leis distritais.<\/p>\n<p>O di\u00e1logo institucional foi tema marcante nas falas de Diana de Almeida. A procuradora refor\u00e7ou sua posi\u00e7\u00e3o de abertura e interesse em dialogar com os \u00f3rg\u00e3os do Poder Executivo Distrital e com os outros Poderes.<\/p>\n<p>\u201cEu acredito no di\u00e1logo. Trabalho de portas abertas porque gosto de ouvir as pessoas. Acho que todos t\u00eam algo a contribuir quando compartilham as suas experi\u00eancias. O di\u00e1logo e a consensualidade muitas vezes s\u00e3o as respostas para diversas quest\u00f5es\u201d, apontou.<\/p>\n<p>Diana de Almeida Ramos exerce a advocacia p\u00fablica h\u00e1 29 anos. Foi indicada pela governadora Celina Le\u00e3o para ser procuradora-geral ap\u00f3s a sa\u00edda de M\u00e1rcio Wanderley, em 15 de abril. Antes da indica\u00e7\u00e3o, atuou nas \u00e1reas Fiscal, Pessoal, Militar e de Sa\u00fade e Meio Ambiente.<\/p>\n","protected":false},"excerpt":{"rendered":"<p>A indica\u00e7\u00e3o da subprocuradora-geral Diana de Almeida Ramos ao cargo de procuradora-geral do Distrito Federal foi aprovada em vota\u00e7\u00e3o plen\u00e1ria na C\u00e2mara Legislativa do Distrito Federal (CLDF) nesta quarta-feira (29). A condu\u00e7\u00e3o oficial ainda depende de publica\u00e7\u00e3o no Di\u00e1rio Oficial do Distrito Federal (DODF). A indica\u00e7\u00e3o de DIana recebeu 17 votos favor\u00e1veis entre os 17 [&hellip;]<\/p>\n","protected":false},"author":21,"featured_media":393048,"comment_status":"closed","ping_status":"closed","sticky":false,"template":"","format":"standard","meta":{"_acf_changed":false,"footnotes":""},"categories":[161],"tags":[],"class_list":["post-393047","post","type-post","status-publish","format-standard","has-post-thumbnail","hentry","category-quadradinho-em-foco"],"acf":[],"yoast_head":"<!-- This site is optimized with the Yoast SEO plugin v27.2 - https:\/\/yoast.com\/product\/yoast-seo-wordpress\/ -->\n<title>Indica\u00e7\u00e3o para Procuradoria-Geral do DF \u00e9 aprovada por unanimidade - Notibras<\/title>\n<meta name=\"robots\" content=\"index, follow, max-snippet:-1, max-image-preview:large, max-video-preview:-1\" \/>\n<link rel=\"canonical\" href=\"https:\/\/www.notibras.com\/site\/indicacao-para-procuradoria-geral-do-df-e-aprovada-por-unanimidade\/\" \/>\n<meta property=\"og:locale\" content=\"pt_BR\" \/>\n<meta property=\"og:type\" content=\"article\" \/>\n<meta property=\"og:title\" content=\"Indica\u00e7\u00e3o para Procuradoria-Geral do DF \u00e9 aprovada por unanimidade - Notibras\" \/>\n<meta property=\"og:description\" content=\"A indica\u00e7\u00e3o da subprocuradora-geral Diana de Almeida Ramos ao cargo de procuradora-geral do Distrito Federal foi aprovada em vota\u00e7\u00e3o plen\u00e1ria na C\u00e2mara Legislativa do Distrito Federal (CLDF) nesta quarta-feira (29). A condu\u00e7\u00e3o oficial ainda depende de publica\u00e7\u00e3o no Di\u00e1rio Oficial do Distrito Federal (DODF). A indica\u00e7\u00e3o de DIana recebeu 17 votos favor\u00e1veis entre os 17 [&hellip;]\" \/>\n<meta property=\"og:url\" content=\"https:\/\/www.notibras.com\/site\/indicacao-para-procuradoria-geral-do-df-e-aprovada-por-unanimidade\/\" \/>\n<meta property=\"og:site_name\" content=\"Notibras\" \/>\n<meta property=\"article:publisher\" content=\"https:\/\/www.facebook.com\/notibras\/\" \/>\n<meta property=\"article:published_time\" content=\"2026-04-30T03:45:43+00:00\" \/>\n<meta property=\"og:image\" content=\"https:\/\/www.notibras.com\/site\/wp-content\/uploads\/2026\/04\/Diana-de-Almeida-1.jpeg\" \/>\n\t<meta property=\"og:image:width\" content=\"1024\" \/>\n\t<meta property=\"og:image:height\" content=\"719\" \/>\n\t<meta property=\"og:image:type\" content=\"image\/jpeg\" \/>\n<meta name=\"author\" content=\"Eduardo Mart\u00ednez\" \/>\n<meta name=\"twitter:card\" content=\"summary_large_image\" \/>\n<meta name=\"twitter:creator\" content=\"@Notibras\" \/>\n<meta name=\"twitter:site\" content=\"@Notibras\" \/>\n<meta name=\"twitter:label1\" content=\"Escrito por\" \/>\n\t<meta name=\"twitter:data1\" content=\"Eduardo Mart\u00ednez\" \/>\n\t<meta name=\"twitter:label2\" content=\"Est. tempo de leitura\" \/>\n\t<meta name=\"twitter:data2\" content=\"2 minutos\" \/>\n<script type=\"application\/ld+json\" class=\"yoast-schema-graph\">{\"@context\":\"https:\/\/schema.org\",\"@graph\":[{\"@type\":\"Article\",\"@id\":\"https:\/\/www.notibras.com\/site\/indicacao-para-procuradoria-geral-do-df-e-aprovada-por-unanimidade\/#article\",\"isPartOf\":{\"@id\":\"https:\/\/www.notibras.com\/site\/indicacao-para-procuradoria-geral-do-df-e-aprovada-por-unanimidade\/\"},\"author\":{\"name\":\"Eduardo Mart\u00ednez\",\"@id\":\"https:\/\/www.notibras.com\/site\/#\/schema\/person\/5b7fabf2aedc3ada2105f03b22b4d3dd\"},\"headline\":\"Indica\u00e7\u00e3o para Procuradoria-Geral do DF \u00e9 aprovada por unanimidade\",\"datePublished\":\"2026-04-30T03:45:43+00:00\",\"mainEntityOfPage\":{\"@id\":\"https:\/\/www.notibras.com\/site\/indicacao-para-procuradoria-geral-do-df-e-aprovada-por-unanimidade\/\"},\"wordCount\":257,\"publisher\":{\"@id\":\"https:\/\/www.notibras.com\/site\/#organization\"},\"image\":{\"@id\":\"https:\/\/www.notibras.com\/site\/indicacao-para-procuradoria-geral-do-df-e-aprovada-por-unanimidade\/#primaryimage\"},\"thumbnailUrl\":\"https:\/\/www.notibras.com\/site\/wp-content\/uploads\/2026\/04\/Diana-de-Almeida-1.jpeg\",\"articleSection\":[\"Quadradinho em Foco\"],\"inLanguage\":\"pt-BR\"},{\"@type\":\"WebPage\",\"@id\":\"https:\/\/www.notibras.com\/site\/indicacao-para-procuradoria-geral-do-df-e-aprovada-por-unanimidade\/\",\"url\":\"https:\/\/www.notibras.com\/site\/indicacao-para-procuradoria-geral-do-df-e-aprovada-por-unanimidade\/\",\"name\":\"Indica\u00e7\u00e3o para Procuradoria-Geral do DF \u00e9 aprovada por unanimidade - Notibras\",\"isPartOf\":{\"@id\":\"https:\/\/www.notibras.com\/site\/#website\"},\"primaryImageOfPage\":{\"@id\":\"https:\/\/www.notibras.com\/site\/indicacao-para-procuradoria-geral-do-df-e-aprovada-por-unanimidade\/#primaryimage\"},\"image\":{\"@id\":\"https:\/\/www.notibras.com\/site\/indicacao-para-procuradoria-geral-do-df-e-aprovada-por-unanimidade\/#primaryimage\"},\"thumbnailUrl\":\"https:\/\/www.notibras.com\/site\/wp-content\/uploads\/2026\/04\/Diana-de-Almeida-1.jpeg\",\"datePublished\":\"2026-04-30T03:45:43+00:00\",\"breadcrumb\":{\"@id\":\"https:\/\/www.notibras.com\/site\/indicacao-para-procuradoria-geral-do-df-e-aprovada-por-unanimidade\/#breadcrumb\"},\"inLanguage\":\"pt-BR\",\"potentialAction\":[{\"@type\":\"ReadAction\",\"target\":[\"https:\/\/www.notibras.com\/site\/indicacao-para-procuradoria-geral-do-df-e-aprovada-por-unanimidade\/\"]}]},{\"@type\":\"ImageObject\",\"inLanguage\":\"pt-BR\",\"@id\":\"https:\/\/www.notibras.com\/site\/indicacao-para-procuradoria-geral-do-df-e-aprovada-por-unanimidade\/#primaryimage\",\"url\":\"https:\/\/www.notibras.com\/site\/wp-content\/uploads\/2026\/04\/Diana-de-Almeida-1.jpeg\",\"contentUrl\":\"https:\/\/www.notibras.com\/site\/wp-content\/uploads\/2026\/04\/Diana-de-Almeida-1.jpeg\",\"width\":1024,\"height\":719},{\"@type\":\"BreadcrumbList\",\"@id\":\"https:\/\/www.notibras.com\/site\/indicacao-para-procuradoria-geral-do-df-e-aprovada-por-unanimidade\/#breadcrumb\",\"itemListElement\":[{\"@type\":\"ListItem\",\"position\":1,\"name\":\"In\u00edcio\",\"item\":\"https:\/\/www.notibras.com\/site\/\"},{\"@type\":\"ListItem\",\"position\":2,\"name\":\"Indica\u00e7\u00e3o para Procuradoria-Geral do DF \u00e9 aprovada por unanimidade\"}]},{\"@type\":\"WebSite\",\"@id\":\"https:\/\/www.notibras.com\/site\/#website\",\"url\":\"https:\/\/www.notibras.com\/site\/\",\"name\":\"Notibras\",\"description\":\"Not\u00edcias de Bras\u00edlia, do Brasil e do Mundo\",\"publisher\":{\"@id\":\"https:\/\/www.notibras.com\/site\/#organization\"},\"potentialAction\":[{\"@type\":\"SearchAction\",\"target\":{\"@type\":\"EntryPoint\",\"urlTemplate\":\"https:\/\/www.notibras.com\/site\/?s={search_term_string}\"},\"query-input\":{\"@type\":\"PropertyValueSpecification\",\"valueRequired\":true,\"valueName\":\"search_term_string\"}}],\"inLanguage\":\"pt-BR\"},{\"@type\":\"Organization\",\"@id\":\"https:\/\/www.notibras.com\/site\/#organization\",\"name\":\"Grupo Notibras de Comunica\u00e7\u00e3o\",\"url\":\"https:\/\/www.notibras.com\/site\/\",\"logo\":{\"@type\":\"ImageObject\",\"inLanguage\":\"pt-BR\",\"@id\":\"https:\/\/www.notibras.com\/site\/#\/schema\/logo\/image\/\",\"url\":\"https:\/\/www.notibras.com\/site\/wp-content\/uploads\/2023\/01\/notibras23.png\",\"contentUrl\":\"https:\/\/www.notibras.com\/site\/wp-content\/uploads\/2023\/01\/notibras23.png\",\"width\":350,\"height\":87,\"caption\":\"Grupo Notibras de Comunica\u00e7\u00e3o\"},\"image\":{\"@id\":\"https:\/\/www.notibras.com\/site\/#\/schema\/logo\/image\/\"},\"sameAs\":[\"https:\/\/www.facebook.com\/notibras\/\",\"https:\/\/x.com\/Notibras\",\"https:\/\/www.instagram.com\/notibras\/\"]},{\"@type\":\"Person\",\"@id\":\"https:\/\/www.notibras.com\/site\/#\/schema\/person\/5b7fabf2aedc3ada2105f03b22b4d3dd\",\"name\":\"Eduardo Mart\u00ednez\",\"image\":{\"@type\":\"ImageObject\",\"inLanguage\":\"pt-BR\",\"@id\":\"https:\/\/secure.gravatar.com\/avatar\/7902f906289926289cbcda644b5197c796b893c6ffd7b9a536a42d290f7704a0?s=96&d=mm&r=g\",\"url\":\"https:\/\/secure.gravatar.com\/avatar\/7902f906289926289cbcda644b5197c796b893c6ffd7b9a536a42d290f7704a0?s=96&d=mm&r=g\",\"contentUrl\":\"https:\/\/secure.gravatar.com\/avatar\/7902f906289926289cbcda644b5197c796b893c6ffd7b9a536a42d290f7704a0?s=96&d=mm&r=g\",\"caption\":\"Eduardo Mart\u00ednez\"}}]}<\/script>\n<!-- \/ Yoast SEO plugin. -->","yoast_head_json":{"title":"Indica\u00e7\u00e3o para Procuradoria-Geral do DF \u00e9 aprovada por unanimidade - Notibras","robots":{"index":"index","follow":"follow","max-snippet":"max-snippet:-1","max-image-preview":"max-image-preview:large","max-video-preview":"max-video-preview:-1"},"canonical":"https:\/\/www.notibras.com\/site\/indicacao-para-procuradoria-geral-do-df-e-aprovada-por-unanimidade\/","og_locale":"pt_BR","og_type":"article","og_title":"Indica\u00e7\u00e3o para Procuradoria-Geral do DF \u00e9 aprovada por unanimidade - Notibras","og_description":"A indica\u00e7\u00e3o da subprocuradora-geral Diana de Almeida Ramos ao cargo de procuradora-geral do Distrito Federal foi aprovada em vota\u00e7\u00e3o plen\u00e1ria na C\u00e2mara Legislativa do Distrito Federal (CLDF) nesta quarta-feira (29). A condu\u00e7\u00e3o oficial ainda depende de publica\u00e7\u00e3o no Di\u00e1rio Oficial do Distrito Federal (DODF). A indica\u00e7\u00e3o de DIana recebeu 17 votos favor\u00e1veis entre os 17 [&hellip;]","og_url":"https:\/\/www.notibras.com\/site\/indicacao-para-procuradoria-geral-do-df-e-aprovada-por-unanimidade\/","og_site_name":"Notibras","article_publisher":"https:\/\/www.facebook.com\/notibras\/","article_published_time":"2026-04-30T03:45:43+00:00","og_image":[{"width":1024,"height":719,"url":"https:\/\/www.notibras.com\/site\/wp-content\/uploads\/2026\/04\/Diana-de-Almeida-1.jpeg","type":"image\/jpeg"}],"author":"Eduardo Mart\u00ednez","twitter_card":"summary_large_image","twitter_creator":"@Notibras","twitter_site":"@Notibras","twitter_misc":{"Escrito por":"Eduardo Mart\u00ednez","Est. tempo de leitura":"2 minutos"},"schema":{"@context":"https:\/\/schema.org","@graph":[{"@type":"Article","@id":"https:\/\/www.notibras.com\/site\/indicacao-para-procuradoria-geral-do-df-e-aprovada-por-unanimidade\/#article","isPartOf":{"@id":"https:\/\/www.notibras.com\/site\/indicacao-para-procuradoria-geral-do-df-e-aprovada-por-unanimidade\/"},"author":{"name":"Eduardo Mart\u00ednez","@id":"https:\/\/www.notibras.com\/site\/#\/schema\/person\/5b7fabf2aedc3ada2105f03b22b4d3dd"},"headline":"Indica\u00e7\u00e3o para Procuradoria-Geral do DF \u00e9 aprovada por unanimidade","datePublished":"2026-04-30T03:45:43+00:00","mainEntityOfPage":{"@id":"https:\/\/www.notibras.com\/site\/indicacao-para-procuradoria-geral-do-df-e-aprovada-por-unanimidade\/"},"wordCount":257,"publisher":{"@id":"https:\/\/www.notibras.com\/site\/#organization"},"image":{"@id":"https:\/\/www.notibras.com\/site\/indicacao-para-procuradoria-geral-do-df-e-aprovada-por-unanimidade\/#primaryimage"},"thumbnailUrl":"https:\/\/www.notibras.com\/site\/wp-content\/uploads\/2026\/04\/Diana-de-Almeida-1.jpeg","articleSection":["Quadradinho em Foco"],"inLanguage":"pt-BR"},{"@type":"WebPage","@id":"https:\/\/www.notibras.com\/site\/indicacao-para-procuradoria-geral-do-df-e-aprovada-por-unanimidade\/","url":"https:\/\/www.notibras.com\/site\/indicacao-para-procuradoria-geral-do-df-e-aprovada-por-unanimidade\/","name":"Indica\u00e7\u00e3o para Procuradoria-Geral do DF \u00e9 aprovada por unanimidade - Notibras","isPartOf":{"@id":"https:\/\/www.notibras.com\/site\/#website"},"primaryImageOfPage":{"@id":"https:\/\/www.notibras.com\/site\/indicacao-para-procuradoria-geral-do-df-e-aprovada-por-unanimidade\/#primaryimage"},"image":{"@id":"https:\/\/www.notibras.com\/site\/indicacao-para-procuradoria-geral-do-df-e-aprovada-por-unanimidade\/#primaryimage"},"thumbnailUrl":"https:\/\/www.notibras.com\/site\/wp-content\/uploads\/2026\/04\/Diana-de-Almeida-1.jpeg","datePublished":"2026-04-30T03:45:43+00:00","breadcrumb":{"@id":"https:\/\/www.notibras.com\/site\/indicacao-para-procuradoria-geral-do-df-e-aprovada-por-unanimidade\/#breadcrumb"},"inLanguage":"pt-BR","potentialAction":[{"@type":"ReadAction","target":["https:\/\/www.notibras.com\/site\/indicacao-para-procuradoria-geral-do-df-e-aprovada-por-unanimidade\/"]}]},{"@type":"ImageObject","inLanguage":"pt-BR","@id":"https:\/\/www.notibras.com\/site\/indicacao-para-procuradoria-geral-do-df-e-aprovada-por-unanimidade\/#primaryimage","url":"https:\/\/www.notibras.com\/site\/wp-content\/uploads\/2026\/04\/Diana-de-Almeida-1.jpeg","contentUrl":"https:\/\/www.notibras.com\/site\/wp-content\/uploads\/2026\/04\/Diana-de-Almeida-1.jpeg","width":1024,"height":719},{"@type":"BreadcrumbList","@id":"https:\/\/www.notibras.com\/site\/indicacao-para-procuradoria-geral-do-df-e-aprovada-por-unanimidade\/#breadcrumb","itemListElement":[{"@type":"ListItem","position":1,"name":"In\u00edcio","item":"https:\/\/www.notibras.com\/site\/"},{"@type":"ListItem","position":2,"name":"Indica\u00e7\u00e3o para Procuradoria-Geral do DF \u00e9 aprovada por unanimidade"}]},{"@type":"WebSite","@id":"https:\/\/www.notibras.com\/site\/#website","url":"https:\/\/www.notibras.com\/site\/","name":"Notibras","description":"Not\u00edcias de Bras\u00edlia, do Brasil e do Mundo","publisher":{"@id":"https:\/\/www.notibras.com\/site\/#organization"},"potentialAction":[{"@type":"SearchAction","target":{"@type":"EntryPoint","urlTemplate":"https:\/\/www.notibras.com\/site\/?s={search_term_string}"},"query-input":{"@type":"PropertyValueSpecification","valueRequired":true,"valueName":"search_term_string"}}],"inLanguage":"pt-BR"},{"@type":"Organization","@id":"https:\/\/www.notibras.com\/site\/#organization","name":"Grupo Notibras de Comunica\u00e7\u00e3o","url":"https:\/\/www.notibras.com\/site\/","logo":{"@type":"ImageObject","inLanguage":"pt-BR","@id":"https:\/\/www.notibras.com\/site\/#\/schema\/logo\/image\/","url":"https:\/\/www.notibras.com\/site\/wp-content\/uploads\/2023\/01\/notibras23.png","contentUrl":"https:\/\/www.notibras.com\/site\/wp-content\/uploads\/2023\/01\/notibras23.png","width":350,"height":87,"caption":"Grupo Notibras de Comunica\u00e7\u00e3o"},"image":{"@id":"https:\/\/www.notibras.com\/site\/#\/schema\/logo\/image\/"},"sameAs":["https:\/\/www.facebook.com\/notibras\/","https:\/\/x.com\/Notibras","https:\/\/www.instagram.com\/notibras\/"]},{"@type":"Person","@id":"https:\/\/www.notibras.com\/site\/#\/schema\/person\/5b7fabf2aedc3ada2105f03b22b4d3dd","name":"Eduardo Mart\u00ednez","image":{"@type":"ImageObject","inLanguage":"pt-BR","@id":"https:\/\/secure.gravatar.com\/avatar\/7902f906289926289cbcda644b5197c796b893c6ffd7b9a536a42d290f7704a0?s=96&d=mm&r=g","url":"https:\/\/secure.gravatar.com\/avatar\/7902f906289926289cbcda644b5197c796b893c6ffd7b9a536a42d290f7704a0?s=96&d=mm&r=g","contentUrl":"https:\/\/secure.gravatar.com\/avatar\/7902f906289926289cbcda644b5197c796b893c6ffd7b9a536a42d290f7704a0?s=96&d=mm&r=g","caption":"Eduardo Mart\u00ednez"}}]}},"amp_enabled":true,"_links":{"self":[{"href":"https:\/\/www.notibras.com\/site\/wp-json\/wp\/v2\/posts\/393047","targetHints":{"allow":["GET"]}}],"collection":[{"href":"https:\/\/www.notibras.com\/site\/wp-json\/wp\/v2\/posts"}],"about":[{"href":"https:\/\/www.notibras.com\/site\/wp-json\/wp\/v2\/types\/post"}],"author":[{"embeddable":true,"href":"https:\/\/www.notibras.com\/site\/wp-json\/wp\/v2\/users\/21"}],"replies":[{"embeddable":true,"href":"https:\/\/www.notibras.com\/site\/wp-json\/wp\/v2\/comments?post=393047"}],"version-history":[{"count":2,"href":"https:\/\/www.notibras.com\/site\/wp-json\/wp\/v2\/posts\/393047\/revisions"}],"predecessor-version":[{"id":393050,"href":"https:\/\/www.notibras.com\/site\/wp-json\/wp\/v2\/posts\/393047\/revisions\/393050"}],"wp:featuredmedia":[{"embeddable":true,"href":"https:\/\/www.notibras.com\/site\/wp-json\/wp\/v2\/media\/393048"}],"wp:attachment":[{"href":"https:\/\/www.notibras.com\/site\/wp-json\/wp\/v2\/media?parent=393047"}],"wp:term":[{"taxonomy":"category","embeddable":true,"href":"https:\/\/www.notibras.com\/site\/wp-json\/wp\/v2\/categories?post=393047"},{"taxonomy":"post_tag","embeddable":true,"href":"https:\/\/www.notibras.com\/site\/wp-json\/wp\/v2\/tags?post=393047"}],"curies":[{"name":"wp","href":"https:\/\/api.w.org\/{rel}","templated":true}]}}