{"id":393055,"date":"2026-04-30T00:30:56","date_gmt":"2026-04-30T03:30:56","guid":{"rendered":"https:\/\/www.notibras.com\/site\/?p=393055"},"modified":"2026-04-29T21:55:26","modified_gmt":"2026-04-30T00:55:26","slug":"formacao-em-tecnologia-e-inovacao-a-jovens","status":"publish","type":"post","link":"https:\/\/www.notibras.com\/site\/formacao-em-tecnologia-e-inovacao-a-jovens\/","title":{"rendered":"Forma\u00e7\u00e3o em tecnologia e inova\u00e7\u00e3o a jovens"},"content":{"rendered":"<p>A Secretaria de Ci\u00eancia, Tecnologia e Inova\u00e7\u00e3o do Distrito Federal (Secti-DF), em parceria com o Instituto Eixos de Gest\u00e3o, traz \u00e0 capital um hub de inova\u00e7\u00e3o que ser\u00e1 inaugurado no dia 7 de maio, no Setor Comercial Sul (SCS). O Parque Tecnol\u00f3gico de Rob\u00f3tica (PaTec) \u00e9 uma iniciativa voltada a estudantes do ensino fundamental e ensino m\u00e9dio, professores e jovens talentos que tenham interesse em aplicar os conhecimentos da forma\u00e7\u00e3o educacional \u00e0s demandas do mercado.<\/p>\n<p>Ser\u00e3o mais de mil vagas ofertadas aos alunos da rede p\u00fablica de educa\u00e7\u00e3o c\u00edvico-militar do Itapo\u00e3, Ceil\u00e2ndia e Estrutural. Os participantes ter\u00e3o acesso a conte\u00fados como rob\u00f3tica educacional, programa\u00e7\u00e3o, pilotagem de drones e cultura maker. \u201cO Parque Tecnol\u00f3gico \u00e9 uma pol\u00edtica p\u00fablica voltada aos jovens que tenham interesse em tecnologia e inova\u00e7\u00e3o, para que possam adquirir conhecimentos estrat\u00e9gicos para atuarem nos desafios do mercado de trabalho\u201d, afirma o secret\u00e1rio de Ci\u00eancia, Tecnologia e Inova\u00e7\u00e3o do DF, Rafael Vitorino.<\/p>\n<p>O ambiente foi projetado para viv\u00eancia pr\u00e1tica, experimenta\u00e7\u00e3o e aprendizagem imersiva, que acontecer\u00e3o no turno vespertino, pelo per\u00edodo de oito meses. Para preparar os jovens talentos, ser\u00e3o entregues kits de alta tecnologia que integram hardware avan\u00e7ado e software propriet\u00e1rio, para ensino pr\u00e1tico em rob\u00f3tica e programa\u00e7\u00e3o.<\/p>\n<p>O objetivo \u00e9 que o programa seja estendido a outras regi\u00f5es administrativas, capacitando e certificando jovens de 11 a 17 anos por meio de aprendizagem imersiva.<\/p>\n<p>Para a Secti-DF, a inaugura\u00e7\u00e3o desse projeto representa apenas o in\u00edcio de uma jornada de transforma\u00e7\u00e3o social e educacional no Distrito Federal. A proposta \u00e9 ampliar o acesso \u00e0 tecnologia, estimular o protagonismo juvenil e fortalecer a forma\u00e7\u00e3o de novos talentos, preparando estudantes para as profiss\u00f5es do futuro e consolidando Bras\u00edlia como refer\u00eancia em inova\u00e7\u00e3o, ci\u00eancia e desenvolvimento tecnol\u00f3gico.<\/p>\n<p><strong>Servi\u00e7o<\/strong><\/p>\n<p>Inaugura\u00e7\u00e3o do Parque Tecnol\u00f3gico de Rob\u00f3tica<br \/>\nData: 7 de maio<br \/>\nLocal: SCS Quadra 04, Bloco A, Ed. Zarife &#8211; 2\u00ba andar<br \/>\nHor\u00e1rio: 14h30<\/p>\n","protected":false},"excerpt":{"rendered":"<p>A Secretaria de Ci\u00eancia, Tecnologia e Inova\u00e7\u00e3o do Distrito Federal (Secti-DF), em parceria com o Instituto Eixos de Gest\u00e3o, traz \u00e0 capital um hub de inova\u00e7\u00e3o que ser\u00e1 inaugurado no dia 7 de maio, no Setor Comercial Sul (SCS). O Parque Tecnol\u00f3gico de Rob\u00f3tica (PaTec) \u00e9 uma iniciativa voltada a estudantes do ensino fundamental e [&hellip;]<\/p>\n","protected":false},"author":21,"featured_media":393056,"comment_status":"closed","ping_status":"closed","sticky":false,"template":"","format":"standard","meta":{"_acf_changed":false,"footnotes":""},"categories":[161],"tags":[],"class_list":["post-393055","post","type-post","status-publish","format-standard","has-post-thumbnail","hentry","category-quadradinho-em-foco"],"acf":[],"yoast_head":"<!-- This site is optimized with the Yoast SEO plugin v27.2 - https:\/\/yoast.com\/product\/yoast-seo-wordpress\/ -->\n<title>Forma\u00e7\u00e3o em tecnologia e inova\u00e7\u00e3o a jovens - Notibras<\/title>\n<meta name=\"robots\" content=\"index, follow, max-snippet:-1, max-image-preview:large, max-video-preview:-1\" \/>\n<link rel=\"canonical\" href=\"https:\/\/www.notibras.com\/site\/formacao-em-tecnologia-e-inovacao-a-jovens\/\" \/>\n<meta property=\"og:locale\" content=\"pt_BR\" \/>\n<meta property=\"og:type\" content=\"article\" \/>\n<meta property=\"og:title\" content=\"Forma\u00e7\u00e3o em tecnologia e inova\u00e7\u00e3o a jovens - Notibras\" \/>\n<meta property=\"og:description\" content=\"A Secretaria de Ci\u00eancia, Tecnologia e Inova\u00e7\u00e3o do Distrito Federal (Secti-DF), em parceria com o Instituto Eixos de Gest\u00e3o, traz \u00e0 capital um hub de inova\u00e7\u00e3o que ser\u00e1 inaugurado no dia 7 de maio, no Setor Comercial Sul (SCS). O Parque Tecnol\u00f3gico de Rob\u00f3tica (PaTec) \u00e9 uma iniciativa voltada a estudantes do ensino fundamental e [&hellip;]\" \/>\n<meta property=\"og:url\" content=\"https:\/\/www.notibras.com\/site\/formacao-em-tecnologia-e-inovacao-a-jovens\/\" \/>\n<meta property=\"og:site_name\" content=\"Notibras\" \/>\n<meta property=\"article:publisher\" content=\"https:\/\/www.facebook.com\/notibras\/\" \/>\n<meta property=\"article:published_time\" content=\"2026-04-30T03:30:56+00:00\" \/>\n<meta property=\"og:image\" content=\"https:\/\/www.notibras.com\/site\/wp-content\/uploads\/2026\/04\/b9479cd2-9738-4aa1-a293-11f22b2e4b5f.JPG.jpeg\" \/>\n\t<meta property=\"og:image:width\" content=\"1600\" \/>\n\t<meta property=\"og:image:height\" content=\"900\" \/>\n\t<meta property=\"og:image:type\" content=\"image\/jpeg\" \/>\n<meta name=\"author\" content=\"Eduardo Mart\u00ednez\" \/>\n<meta name=\"twitter:card\" content=\"summary_large_image\" \/>\n<meta name=\"twitter:creator\" content=\"@Notibras\" \/>\n<meta name=\"twitter:site\" content=\"@Notibras\" \/>\n<meta name=\"twitter:label1\" content=\"Escrito por\" \/>\n\t<meta name=\"twitter:data1\" content=\"Eduardo Mart\u00ednez\" \/>\n\t<meta name=\"twitter:label2\" content=\"Est. tempo de leitura\" \/>\n\t<meta name=\"twitter:data2\" content=\"2 minutos\" \/>\n<script type=\"application\/ld+json\" class=\"yoast-schema-graph\">{\"@context\":\"https:\/\/schema.org\",\"@graph\":[{\"@type\":\"Article\",\"@id\":\"https:\/\/www.notibras.com\/site\/formacao-em-tecnologia-e-inovacao-a-jovens\/#article\",\"isPartOf\":{\"@id\":\"https:\/\/www.notibras.com\/site\/formacao-em-tecnologia-e-inovacao-a-jovens\/\"},\"author\":{\"name\":\"Eduardo Mart\u00ednez\",\"@id\":\"https:\/\/www.notibras.com\/site\/#\/schema\/person\/5b7fabf2aedc3ada2105f03b22b4d3dd\"},\"headline\":\"Forma\u00e7\u00e3o em tecnologia e inova\u00e7\u00e3o a jovens\",\"datePublished\":\"2026-04-30T03:30:56+00:00\",\"mainEntityOfPage\":{\"@id\":\"https:\/\/www.notibras.com\/site\/formacao-em-tecnologia-e-inovacao-a-jovens\/\"},\"wordCount\":357,\"publisher\":{\"@id\":\"https:\/\/www.notibras.com\/site\/#organization\"},\"image\":{\"@id\":\"https:\/\/www.notibras.com\/site\/formacao-em-tecnologia-e-inovacao-a-jovens\/#primaryimage\"},\"thumbnailUrl\":\"https:\/\/www.notibras.com\/site\/wp-content\/uploads\/2026\/04\/b9479cd2-9738-4aa1-a293-11f22b2e4b5f.JPG.jpeg\",\"articleSection\":[\"Quadradinho em Foco\"],\"inLanguage\":\"pt-BR\"},{\"@type\":\"WebPage\",\"@id\":\"https:\/\/www.notibras.com\/site\/formacao-em-tecnologia-e-inovacao-a-jovens\/\",\"url\":\"https:\/\/www.notibras.com\/site\/formacao-em-tecnologia-e-inovacao-a-jovens\/\",\"name\":\"Forma\u00e7\u00e3o em tecnologia e inova\u00e7\u00e3o a jovens - Notibras\",\"isPartOf\":{\"@id\":\"https:\/\/www.notibras.com\/site\/#website\"},\"primaryImageOfPage\":{\"@id\":\"https:\/\/www.notibras.com\/site\/formacao-em-tecnologia-e-inovacao-a-jovens\/#primaryimage\"},\"image\":{\"@id\":\"https:\/\/www.notibras.com\/site\/formacao-em-tecnologia-e-inovacao-a-jovens\/#primaryimage\"},\"thumbnailUrl\":\"https:\/\/www.notibras.com\/site\/wp-content\/uploads\/2026\/04\/b9479cd2-9738-4aa1-a293-11f22b2e4b5f.JPG.jpeg\",\"datePublished\":\"2026-04-30T03:30:56+00:00\",\"breadcrumb\":{\"@id\":\"https:\/\/www.notibras.com\/site\/formacao-em-tecnologia-e-inovacao-a-jovens\/#breadcrumb\"},\"inLanguage\":\"pt-BR\",\"potentialAction\":[{\"@type\":\"ReadAction\",\"target\":[\"https:\/\/www.notibras.com\/site\/formacao-em-tecnologia-e-inovacao-a-jovens\/\"]}]},{\"@type\":\"ImageObject\",\"inLanguage\":\"pt-BR\",\"@id\":\"https:\/\/www.notibras.com\/site\/formacao-em-tecnologia-e-inovacao-a-jovens\/#primaryimage\",\"url\":\"https:\/\/www.notibras.com\/site\/wp-content\/uploads\/2026\/04\/b9479cd2-9738-4aa1-a293-11f22b2e4b5f.JPG.jpeg\",\"contentUrl\":\"https:\/\/www.notibras.com\/site\/wp-content\/uploads\/2026\/04\/b9479cd2-9738-4aa1-a293-11f22b2e4b5f.JPG.jpeg\",\"width\":1600,\"height\":900},{\"@type\":\"BreadcrumbList\",\"@id\":\"https:\/\/www.notibras.com\/site\/formacao-em-tecnologia-e-inovacao-a-jovens\/#breadcrumb\",\"itemListElement\":[{\"@type\":\"ListItem\",\"position\":1,\"name\":\"In\u00edcio\",\"item\":\"https:\/\/www.notibras.com\/site\/\"},{\"@type\":\"ListItem\",\"position\":2,\"name\":\"Forma\u00e7\u00e3o em tecnologia e inova\u00e7\u00e3o a jovens\"}]},{\"@type\":\"WebSite\",\"@id\":\"https:\/\/www.notibras.com\/site\/#website\",\"url\":\"https:\/\/www.notibras.com\/site\/\",\"name\":\"Notibras\",\"description\":\"Not\u00edcias de Bras\u00edlia, do Brasil e do Mundo\",\"publisher\":{\"@id\":\"https:\/\/www.notibras.com\/site\/#organization\"},\"potentialAction\":[{\"@type\":\"SearchAction\",\"target\":{\"@type\":\"EntryPoint\",\"urlTemplate\":\"https:\/\/www.notibras.com\/site\/?s={search_term_string}\"},\"query-input\":{\"@type\":\"PropertyValueSpecification\",\"valueRequired\":true,\"valueName\":\"search_term_string\"}}],\"inLanguage\":\"pt-BR\"},{\"@type\":\"Organization\",\"@id\":\"https:\/\/www.notibras.com\/site\/#organization\",\"name\":\"Grupo Notibras de Comunica\u00e7\u00e3o\",\"url\":\"https:\/\/www.notibras.com\/site\/\",\"logo\":{\"@type\":\"ImageObject\",\"inLanguage\":\"pt-BR\",\"@id\":\"https:\/\/www.notibras.com\/site\/#\/schema\/logo\/image\/\",\"url\":\"https:\/\/www.notibras.com\/site\/wp-content\/uploads\/2023\/01\/notibras23.png\",\"contentUrl\":\"https:\/\/www.notibras.com\/site\/wp-content\/uploads\/2023\/01\/notibras23.png\",\"width\":350,\"height\":87,\"caption\":\"Grupo Notibras de Comunica\u00e7\u00e3o\"},\"image\":{\"@id\":\"https:\/\/www.notibras.com\/site\/#\/schema\/logo\/image\/\"},\"sameAs\":[\"https:\/\/www.facebook.com\/notibras\/\",\"https:\/\/x.com\/Notibras\",\"https:\/\/www.instagram.com\/notibras\/\"]},{\"@type\":\"Person\",\"@id\":\"https:\/\/www.notibras.com\/site\/#\/schema\/person\/5b7fabf2aedc3ada2105f03b22b4d3dd\",\"name\":\"Eduardo Mart\u00ednez\",\"image\":{\"@type\":\"ImageObject\",\"inLanguage\":\"pt-BR\",\"@id\":\"https:\/\/secure.gravatar.com\/avatar\/7902f906289926289cbcda644b5197c796b893c6ffd7b9a536a42d290f7704a0?s=96&d=mm&r=g\",\"url\":\"https:\/\/secure.gravatar.com\/avatar\/7902f906289926289cbcda644b5197c796b893c6ffd7b9a536a42d290f7704a0?s=96&d=mm&r=g\",\"contentUrl\":\"https:\/\/secure.gravatar.com\/avatar\/7902f906289926289cbcda644b5197c796b893c6ffd7b9a536a42d290f7704a0?s=96&d=mm&r=g\",\"caption\":\"Eduardo Mart\u00ednez\"}}]}<\/script>\n<!-- \/ Yoast SEO plugin. -->","yoast_head_json":{"title":"Forma\u00e7\u00e3o em tecnologia e inova\u00e7\u00e3o a jovens - Notibras","robots":{"index":"index","follow":"follow","max-snippet":"max-snippet:-1","max-image-preview":"max-image-preview:large","max-video-preview":"max-video-preview:-1"},"canonical":"https:\/\/www.notibras.com\/site\/formacao-em-tecnologia-e-inovacao-a-jovens\/","og_locale":"pt_BR","og_type":"article","og_title":"Forma\u00e7\u00e3o em tecnologia e inova\u00e7\u00e3o a jovens - Notibras","og_description":"A Secretaria de Ci\u00eancia, Tecnologia e Inova\u00e7\u00e3o do Distrito Federal (Secti-DF), em parceria com o Instituto Eixos de Gest\u00e3o, traz \u00e0 capital um hub de inova\u00e7\u00e3o que ser\u00e1 inaugurado no dia 7 de maio, no Setor Comercial Sul (SCS). O Parque Tecnol\u00f3gico de Rob\u00f3tica (PaTec) \u00e9 uma iniciativa voltada a estudantes do ensino fundamental e [&hellip;]","og_url":"https:\/\/www.notibras.com\/site\/formacao-em-tecnologia-e-inovacao-a-jovens\/","og_site_name":"Notibras","article_publisher":"https:\/\/www.facebook.com\/notibras\/","article_published_time":"2026-04-30T03:30:56+00:00","og_image":[{"width":1600,"height":900,"url":"https:\/\/www.notibras.com\/site\/wp-content\/uploads\/2026\/04\/b9479cd2-9738-4aa1-a293-11f22b2e4b5f.JPG.jpeg","type":"image\/jpeg"}],"author":"Eduardo Mart\u00ednez","twitter_card":"summary_large_image","twitter_creator":"@Notibras","twitter_site":"@Notibras","twitter_misc":{"Escrito por":"Eduardo Mart\u00ednez","Est. tempo de leitura":"2 minutos"},"schema":{"@context":"https:\/\/schema.org","@graph":[{"@type":"Article","@id":"https:\/\/www.notibras.com\/site\/formacao-em-tecnologia-e-inovacao-a-jovens\/#article","isPartOf":{"@id":"https:\/\/www.notibras.com\/site\/formacao-em-tecnologia-e-inovacao-a-jovens\/"},"author":{"name":"Eduardo Mart\u00ednez","@id":"https:\/\/www.notibras.com\/site\/#\/schema\/person\/5b7fabf2aedc3ada2105f03b22b4d3dd"},"headline":"Forma\u00e7\u00e3o em tecnologia e inova\u00e7\u00e3o a jovens","datePublished":"2026-04-30T03:30:56+00:00","mainEntityOfPage":{"@id":"https:\/\/www.notibras.com\/site\/formacao-em-tecnologia-e-inovacao-a-jovens\/"},"wordCount":357,"publisher":{"@id":"https:\/\/www.notibras.com\/site\/#organization"},"image":{"@id":"https:\/\/www.notibras.com\/site\/formacao-em-tecnologia-e-inovacao-a-jovens\/#primaryimage"},"thumbnailUrl":"https:\/\/www.notibras.com\/site\/wp-content\/uploads\/2026\/04\/b9479cd2-9738-4aa1-a293-11f22b2e4b5f.JPG.jpeg","articleSection":["Quadradinho em Foco"],"inLanguage":"pt-BR"},{"@type":"WebPage","@id":"https:\/\/www.notibras.com\/site\/formacao-em-tecnologia-e-inovacao-a-jovens\/","url":"https:\/\/www.notibras.com\/site\/formacao-em-tecnologia-e-inovacao-a-jovens\/","name":"Forma\u00e7\u00e3o em tecnologia e inova\u00e7\u00e3o a jovens - Notibras","isPartOf":{"@id":"https:\/\/www.notibras.com\/site\/#website"},"primaryImageOfPage":{"@id":"https:\/\/www.notibras.com\/site\/formacao-em-tecnologia-e-inovacao-a-jovens\/#primaryimage"},"image":{"@id":"https:\/\/www.notibras.com\/site\/formacao-em-tecnologia-e-inovacao-a-jovens\/#primaryimage"},"thumbnailUrl":"https:\/\/www.notibras.com\/site\/wp-content\/uploads\/2026\/04\/b9479cd2-9738-4aa1-a293-11f22b2e4b5f.JPG.jpeg","datePublished":"2026-04-30T03:30:56+00:00","breadcrumb":{"@id":"https:\/\/www.notibras.com\/site\/formacao-em-tecnologia-e-inovacao-a-jovens\/#breadcrumb"},"inLanguage":"pt-BR","potentialAction":[{"@type":"ReadAction","target":["https:\/\/www.notibras.com\/site\/formacao-em-tecnologia-e-inovacao-a-jovens\/"]}]},{"@type":"ImageObject","inLanguage":"pt-BR","@id":"https:\/\/www.notibras.com\/site\/formacao-em-tecnologia-e-inovacao-a-jovens\/#primaryimage","url":"https:\/\/www.notibras.com\/site\/wp-content\/uploads\/2026\/04\/b9479cd2-9738-4aa1-a293-11f22b2e4b5f.JPG.jpeg","contentUrl":"https:\/\/www.notibras.com\/site\/wp-content\/uploads\/2026\/04\/b9479cd2-9738-4aa1-a293-11f22b2e4b5f.JPG.jpeg","width":1600,"height":900},{"@type":"BreadcrumbList","@id":"https:\/\/www.notibras.com\/site\/formacao-em-tecnologia-e-inovacao-a-jovens\/#breadcrumb","itemListElement":[{"@type":"ListItem","position":1,"name":"In\u00edcio","item":"https:\/\/www.notibras.com\/site\/"},{"@type":"ListItem","position":2,"name":"Forma\u00e7\u00e3o em tecnologia e inova\u00e7\u00e3o a jovens"}]},{"@type":"WebSite","@id":"https:\/\/www.notibras.com\/site\/#website","url":"https:\/\/www.notibras.com\/site\/","name":"Notibras","description":"Not\u00edcias de Bras\u00edlia, do Brasil e do Mundo","publisher":{"@id":"https:\/\/www.notibras.com\/site\/#organization"},"potentialAction":[{"@type":"SearchAction","target":{"@type":"EntryPoint","urlTemplate":"https:\/\/www.notibras.com\/site\/?s={search_term_string}"},"query-input":{"@type":"PropertyValueSpecification","valueRequired":true,"valueName":"search_term_string"}}],"inLanguage":"pt-BR"},{"@type":"Organization","@id":"https:\/\/www.notibras.com\/site\/#organization","name":"Grupo Notibras de Comunica\u00e7\u00e3o","url":"https:\/\/www.notibras.com\/site\/","logo":{"@type":"ImageObject","inLanguage":"pt-BR","@id":"https:\/\/www.notibras.com\/site\/#\/schema\/logo\/image\/","url":"https:\/\/www.notibras.com\/site\/wp-content\/uploads\/2023\/01\/notibras23.png","contentUrl":"https:\/\/www.notibras.com\/site\/wp-content\/uploads\/2023\/01\/notibras23.png","width":350,"height":87,"caption":"Grupo Notibras de Comunica\u00e7\u00e3o"},"image":{"@id":"https:\/\/www.notibras.com\/site\/#\/schema\/logo\/image\/"},"sameAs":["https:\/\/www.facebook.com\/notibras\/","https:\/\/x.com\/Notibras","https:\/\/www.instagram.com\/notibras\/"]},{"@type":"Person","@id":"https:\/\/www.notibras.com\/site\/#\/schema\/person\/5b7fabf2aedc3ada2105f03b22b4d3dd","name":"Eduardo Mart\u00ednez","image":{"@type":"ImageObject","inLanguage":"pt-BR","@id":"https:\/\/secure.gravatar.com\/avatar\/7902f906289926289cbcda644b5197c796b893c6ffd7b9a536a42d290f7704a0?s=96&d=mm&r=g","url":"https:\/\/secure.gravatar.com\/avatar\/7902f906289926289cbcda644b5197c796b893c6ffd7b9a536a42d290f7704a0?s=96&d=mm&r=g","contentUrl":"https:\/\/secure.gravatar.com\/avatar\/7902f906289926289cbcda644b5197c796b893c6ffd7b9a536a42d290f7704a0?s=96&d=mm&r=g","caption":"Eduardo Mart\u00ednez"}}]}},"amp_enabled":true,"_links":{"self":[{"href":"https:\/\/www.notibras.com\/site\/wp-json\/wp\/v2\/posts\/393055","targetHints":{"allow":["GET"]}}],"collection":[{"href":"https:\/\/www.notibras.com\/site\/wp-json\/wp\/v2\/posts"}],"about":[{"href":"https:\/\/www.notibras.com\/site\/wp-json\/wp\/v2\/types\/post"}],"author":[{"embeddable":true,"href":"https:\/\/www.notibras.com\/site\/wp-json\/wp\/v2\/users\/21"}],"replies":[{"embeddable":true,"href":"https:\/\/www.notibras.com\/site\/wp-json\/wp\/v2\/comments?post=393055"}],"version-history":[{"count":2,"href":"https:\/\/www.notibras.com\/site\/wp-json\/wp\/v2\/posts\/393055\/revisions"}],"predecessor-version":[{"id":393058,"href":"https:\/\/www.notibras.com\/site\/wp-json\/wp\/v2\/posts\/393055\/revisions\/393058"}],"wp:featuredmedia":[{"embeddable":true,"href":"https:\/\/www.notibras.com\/site\/wp-json\/wp\/v2\/media\/393056"}],"wp:attachment":[{"href":"https:\/\/www.notibras.com\/site\/wp-json\/wp\/v2\/media?parent=393055"}],"wp:term":[{"taxonomy":"category","embeddable":true,"href":"https:\/\/www.notibras.com\/site\/wp-json\/wp\/v2\/categories?post=393055"},{"taxonomy":"post_tag","embeddable":true,"href":"https:\/\/www.notibras.com\/site\/wp-json\/wp\/v2\/tags?post=393055"}],"curies":[{"name":"wp","href":"https:\/\/api.w.org\/{rel}","templated":true}]}}