{"id":393059,"date":"2026-04-30T02:15:37","date_gmt":"2026-04-30T05:15:37","guid":{"rendered":"https:\/\/www.notibras.com\/site\/?p=393059"},"modified":"2026-04-29T22:14:53","modified_gmt":"2026-04-30T01:14:53","slug":"senador-barra-indicacoes-de-lula-e-atropela-a-constituicao","status":"publish","type":"post","link":"https:\/\/www.notibras.com\/site\/senador-barra-indicacoes-de-lula-e-atropela-a-constituicao\/","title":{"rendered":"Senador barra indica\u00e7\u00f5es de Lula e atropela a Constitui\u00e7\u00e3o"},"content":{"rendered":"<p>Davi Alcolumbre teria dito a aliados que n\u00e3o levar\u00e1 adiante qualquer indica\u00e7\u00e3o do presidente Lula para o Supremo Tribunal Federal antes das elei\u00e7\u00f5es de outubro. A afirma\u00e7\u00e3o teria sido reiterada mais de tr\u00eas vezes, o que demonstra inten\u00e7\u00e3o deliberada e estrat\u00e9gia pol\u00edtica clara. Ao assumir publicamente essa posi\u00e7\u00e3o, o Senado, por meio de sua lideran\u00e7a, sinaliza que pretende interferir n\u00e3o apenas no m\u00e9rito das indica\u00e7\u00f5es, mas no pr\u00f3prio exerc\u00edcio de uma prerrogativa constitucional do chefe do Executivo.<\/p>\n<p>\u00c9 importante separar o que \u00e9 leg\u00edtimo do que \u00e9 abusivo. O Senado tem, sim, o direito e o dever de sabatinar, avaliar e at\u00e9 rejeitar nomes indicados para o STF. Isso faz parte do equil\u00edbrio entre os Poderes e \u00e9 express\u00e3o do sistema de freios e contrapesos. No entanto, bloquear previamente qualquer indica\u00e7\u00e3o, independentemente do nome, do curr\u00edculo ou das credenciais, representa uma distor\u00e7\u00e3o desse mecanismo. N\u00e3o se est\u00e1 diante de um controle institucional, mas de uma obstru\u00e7\u00e3o pol\u00edtica que esvazia uma compet\u00eancia prevista na Constitui\u00e7\u00e3o.<\/p>\n<p>Essa manobra, ainda que envolta em justificativas pol\u00edticas, soa como um movimento de curto prazo com consequ\u00eancias de longo alcance. Ao transformar uma atribui\u00e7\u00e3o constitucional em moeda de disputa eleitoral, abre-se um precedente que fragiliza a institucionalidade e banaliza regras do jogo democr\u00e1tico. A politicagem rasteira pode at\u00e9 produzir ganhos moment\u00e2neos, mas cobra seu pre\u00e7o e, em geral, ele vem nas urnas, quando o eleitor percebe que o jogo deixou de ser sobre o interesse p\u00fablico e passou a ser sobre c\u00e1lculo e conveni\u00eancia.<\/p>\n","protected":false},"excerpt":{"rendered":"<p>Davi Alcolumbre teria dito a aliados que n\u00e3o levar\u00e1 adiante qualquer indica\u00e7\u00e3o do presidente Lula para o Supremo Tribunal Federal antes das elei\u00e7\u00f5es de outubro. A afirma\u00e7\u00e3o teria sido reiterada mais de tr\u00eas vezes, o que demonstra inten\u00e7\u00e3o deliberada e estrat\u00e9gia pol\u00edtica clara. Ao assumir publicamente essa posi\u00e7\u00e3o, o Senado, por meio de sua lideran\u00e7a, [&hellip;]<\/p>\n","protected":false},"author":21,"featured_media":393060,"comment_status":"closed","ping_status":"closed","sticky":false,"template":"","format":"standard","meta":{"_acf_changed":false,"footnotes":""},"categories":[235],"tags":[],"class_list":["post-393059","post","type-post","status-publish","format-standard","has-post-thumbnail","hentry","category-dona-irene"],"acf":[],"yoast_head":"<!-- This site is optimized with the Yoast SEO plugin v27.2 - https:\/\/yoast.com\/product\/yoast-seo-wordpress\/ -->\n<title>Senador barra indica\u00e7\u00f5es de Lula e atropela a Constitui\u00e7\u00e3o - Notibras<\/title>\n<meta name=\"robots\" content=\"index, follow, max-snippet:-1, max-image-preview:large, max-video-preview:-1\" \/>\n<link rel=\"canonical\" href=\"https:\/\/www.notibras.com\/site\/senador-barra-indicacoes-de-lula-e-atropela-a-constituicao\/\" \/>\n<meta property=\"og:locale\" content=\"pt_BR\" \/>\n<meta property=\"og:type\" content=\"article\" \/>\n<meta property=\"og:title\" content=\"Senador barra indica\u00e7\u00f5es de Lula e atropela a Constitui\u00e7\u00e3o - Notibras\" \/>\n<meta property=\"og:description\" content=\"Davi Alcolumbre teria dito a aliados que n\u00e3o levar\u00e1 adiante qualquer indica\u00e7\u00e3o do presidente Lula para o Supremo Tribunal Federal antes das elei\u00e7\u00f5es de outubro. A afirma\u00e7\u00e3o teria sido reiterada mais de tr\u00eas vezes, o que demonstra inten\u00e7\u00e3o deliberada e estrat\u00e9gia pol\u00edtica clara. Ao assumir publicamente essa posi\u00e7\u00e3o, o Senado, por meio de sua lideran\u00e7a, [&hellip;]\" \/>\n<meta property=\"og:url\" content=\"https:\/\/www.notibras.com\/site\/senador-barra-indicacoes-de-lula-e-atropela-a-constituicao\/\" \/>\n<meta property=\"og:site_name\" content=\"Notibras\" \/>\n<meta property=\"article:publisher\" content=\"https:\/\/www.facebook.com\/notibras\/\" \/>\n<meta property=\"article:published_time\" content=\"2026-04-30T05:15:37+00:00\" \/>\n<meta property=\"og:image\" content=\"https:\/\/www.notibras.com\/site\/wp-content\/uploads\/2026\/04\/55239304983-af583137ba-o-990x557.jpg.webp\" \/>\n\t<meta property=\"og:image:width\" content=\"990\" \/>\n\t<meta property=\"og:image:height\" content=\"557\" \/>\n\t<meta property=\"og:image:type\" content=\"image\/webp\" \/>\n<meta name=\"author\" content=\"Eduardo Mart\u00ednez\" \/>\n<meta name=\"twitter:card\" content=\"summary_large_image\" \/>\n<meta name=\"twitter:creator\" content=\"@Notibras\" \/>\n<meta name=\"twitter:site\" content=\"@Notibras\" \/>\n<meta name=\"twitter:label1\" content=\"Escrito por\" \/>\n\t<meta name=\"twitter:data1\" content=\"Eduardo Mart\u00ednez\" \/>\n\t<meta name=\"twitter:label2\" content=\"Est. tempo de leitura\" \/>\n\t<meta name=\"twitter:data2\" content=\"2 minutos\" \/>\n<script type=\"application\/ld+json\" class=\"yoast-schema-graph\">{\"@context\":\"https:\/\/schema.org\",\"@graph\":[{\"@type\":\"Article\",\"@id\":\"https:\/\/www.notibras.com\/site\/senador-barra-indicacoes-de-lula-e-atropela-a-constituicao\/#article\",\"isPartOf\":{\"@id\":\"https:\/\/www.notibras.com\/site\/senador-barra-indicacoes-de-lula-e-atropela-a-constituicao\/\"},\"author\":{\"name\":\"Eduardo Mart\u00ednez\",\"@id\":\"https:\/\/www.notibras.com\/site\/#\/schema\/person\/5b7fabf2aedc3ada2105f03b22b4d3dd\"},\"headline\":\"Senador barra indica\u00e7\u00f5es de Lula e atropela a Constitui\u00e7\u00e3o\",\"datePublished\":\"2026-04-30T05:15:37+00:00\",\"mainEntityOfPage\":{\"@id\":\"https:\/\/www.notibras.com\/site\/senador-barra-indicacoes-de-lula-e-atropela-a-constituicao\/\"},\"wordCount\":290,\"publisher\":{\"@id\":\"https:\/\/www.notibras.com\/site\/#organization\"},\"image\":{\"@id\":\"https:\/\/www.notibras.com\/site\/senador-barra-indicacoes-de-lula-e-atropela-a-constituicao\/#primaryimage\"},\"thumbnailUrl\":\"https:\/\/www.notibras.com\/site\/wp-content\/uploads\/2026\/04\/55239304983-af583137ba-o-990x557.jpg.webp\",\"articleSection\":[\"Dona Irene\"],\"inLanguage\":\"pt-BR\"},{\"@type\":\"WebPage\",\"@id\":\"https:\/\/www.notibras.com\/site\/senador-barra-indicacoes-de-lula-e-atropela-a-constituicao\/\",\"url\":\"https:\/\/www.notibras.com\/site\/senador-barra-indicacoes-de-lula-e-atropela-a-constituicao\/\",\"name\":\"Senador barra indica\u00e7\u00f5es de Lula e atropela a Constitui\u00e7\u00e3o - Notibras\",\"isPartOf\":{\"@id\":\"https:\/\/www.notibras.com\/site\/#website\"},\"primaryImageOfPage\":{\"@id\":\"https:\/\/www.notibras.com\/site\/senador-barra-indicacoes-de-lula-e-atropela-a-constituicao\/#primaryimage\"},\"image\":{\"@id\":\"https:\/\/www.notibras.com\/site\/senador-barra-indicacoes-de-lula-e-atropela-a-constituicao\/#primaryimage\"},\"thumbnailUrl\":\"https:\/\/www.notibras.com\/site\/wp-content\/uploads\/2026\/04\/55239304983-af583137ba-o-990x557.jpg.webp\",\"datePublished\":\"2026-04-30T05:15:37+00:00\",\"breadcrumb\":{\"@id\":\"https:\/\/www.notibras.com\/site\/senador-barra-indicacoes-de-lula-e-atropela-a-constituicao\/#breadcrumb\"},\"inLanguage\":\"pt-BR\",\"potentialAction\":[{\"@type\":\"ReadAction\",\"target\":[\"https:\/\/www.notibras.com\/site\/senador-barra-indicacoes-de-lula-e-atropela-a-constituicao\/\"]}]},{\"@type\":\"ImageObject\",\"inLanguage\":\"pt-BR\",\"@id\":\"https:\/\/www.notibras.com\/site\/senador-barra-indicacoes-de-lula-e-atropela-a-constituicao\/#primaryimage\",\"url\":\"https:\/\/www.notibras.com\/site\/wp-content\/uploads\/2026\/04\/55239304983-af583137ba-o-990x557.jpg.webp\",\"contentUrl\":\"https:\/\/www.notibras.com\/site\/wp-content\/uploads\/2026\/04\/55239304983-af583137ba-o-990x557.jpg.webp\",\"width\":990,\"height\":557},{\"@type\":\"BreadcrumbList\",\"@id\":\"https:\/\/www.notibras.com\/site\/senador-barra-indicacoes-de-lula-e-atropela-a-constituicao\/#breadcrumb\",\"itemListElement\":[{\"@type\":\"ListItem\",\"position\":1,\"name\":\"In\u00edcio\",\"item\":\"https:\/\/www.notibras.com\/site\/\"},{\"@type\":\"ListItem\",\"position\":2,\"name\":\"Senador barra indica\u00e7\u00f5es de Lula e atropela a Constitui\u00e7\u00e3o\"}]},{\"@type\":\"WebSite\",\"@id\":\"https:\/\/www.notibras.com\/site\/#website\",\"url\":\"https:\/\/www.notibras.com\/site\/\",\"name\":\"Notibras\",\"description\":\"Not\u00edcias de Bras\u00edlia, do Brasil e do Mundo\",\"publisher\":{\"@id\":\"https:\/\/www.notibras.com\/site\/#organization\"},\"potentialAction\":[{\"@type\":\"SearchAction\",\"target\":{\"@type\":\"EntryPoint\",\"urlTemplate\":\"https:\/\/www.notibras.com\/site\/?s={search_term_string}\"},\"query-input\":{\"@type\":\"PropertyValueSpecification\",\"valueRequired\":true,\"valueName\":\"search_term_string\"}}],\"inLanguage\":\"pt-BR\"},{\"@type\":\"Organization\",\"@id\":\"https:\/\/www.notibras.com\/site\/#organization\",\"name\":\"Grupo Notibras de Comunica\u00e7\u00e3o\",\"url\":\"https:\/\/www.notibras.com\/site\/\",\"logo\":{\"@type\":\"ImageObject\",\"inLanguage\":\"pt-BR\",\"@id\":\"https:\/\/www.notibras.com\/site\/#\/schema\/logo\/image\/\",\"url\":\"https:\/\/www.notibras.com\/site\/wp-content\/uploads\/2023\/01\/notibras23.png\",\"contentUrl\":\"https:\/\/www.notibras.com\/site\/wp-content\/uploads\/2023\/01\/notibras23.png\",\"width\":350,\"height\":87,\"caption\":\"Grupo Notibras de Comunica\u00e7\u00e3o\"},\"image\":{\"@id\":\"https:\/\/www.notibras.com\/site\/#\/schema\/logo\/image\/\"},\"sameAs\":[\"https:\/\/www.facebook.com\/notibras\/\",\"https:\/\/x.com\/Notibras\",\"https:\/\/www.instagram.com\/notibras\/\"]},{\"@type\":\"Person\",\"@id\":\"https:\/\/www.notibras.com\/site\/#\/schema\/person\/5b7fabf2aedc3ada2105f03b22b4d3dd\",\"name\":\"Eduardo Mart\u00ednez\",\"image\":{\"@type\":\"ImageObject\",\"inLanguage\":\"pt-BR\",\"@id\":\"https:\/\/secure.gravatar.com\/avatar\/7902f906289926289cbcda644b5197c796b893c6ffd7b9a536a42d290f7704a0?s=96&d=mm&r=g\",\"url\":\"https:\/\/secure.gravatar.com\/avatar\/7902f906289926289cbcda644b5197c796b893c6ffd7b9a536a42d290f7704a0?s=96&d=mm&r=g\",\"contentUrl\":\"https:\/\/secure.gravatar.com\/avatar\/7902f906289926289cbcda644b5197c796b893c6ffd7b9a536a42d290f7704a0?s=96&d=mm&r=g\",\"caption\":\"Eduardo Mart\u00ednez\"}}]}<\/script>\n<!-- \/ Yoast SEO plugin. -->","yoast_head_json":{"title":"Senador barra indica\u00e7\u00f5es de Lula e atropela a Constitui\u00e7\u00e3o - Notibras","robots":{"index":"index","follow":"follow","max-snippet":"max-snippet:-1","max-image-preview":"max-image-preview:large","max-video-preview":"max-video-preview:-1"},"canonical":"https:\/\/www.notibras.com\/site\/senador-barra-indicacoes-de-lula-e-atropela-a-constituicao\/","og_locale":"pt_BR","og_type":"article","og_title":"Senador barra indica\u00e7\u00f5es de Lula e atropela a Constitui\u00e7\u00e3o - Notibras","og_description":"Davi Alcolumbre teria dito a aliados que n\u00e3o levar\u00e1 adiante qualquer indica\u00e7\u00e3o do presidente Lula para o Supremo Tribunal Federal antes das elei\u00e7\u00f5es de outubro. A afirma\u00e7\u00e3o teria sido reiterada mais de tr\u00eas vezes, o que demonstra inten\u00e7\u00e3o deliberada e estrat\u00e9gia pol\u00edtica clara. Ao assumir publicamente essa posi\u00e7\u00e3o, o Senado, por meio de sua lideran\u00e7a, [&hellip;]","og_url":"https:\/\/www.notibras.com\/site\/senador-barra-indicacoes-de-lula-e-atropela-a-constituicao\/","og_site_name":"Notibras","article_publisher":"https:\/\/www.facebook.com\/notibras\/","article_published_time":"2026-04-30T05:15:37+00:00","og_image":[{"width":990,"height":557,"url":"https:\/\/www.notibras.com\/site\/wp-content\/uploads\/2026\/04\/55239304983-af583137ba-o-990x557.jpg.webp","type":"image\/webp"}],"author":"Eduardo Mart\u00ednez","twitter_card":"summary_large_image","twitter_creator":"@Notibras","twitter_site":"@Notibras","twitter_misc":{"Escrito por":"Eduardo Mart\u00ednez","Est. tempo de leitura":"2 minutos"},"schema":{"@context":"https:\/\/schema.org","@graph":[{"@type":"Article","@id":"https:\/\/www.notibras.com\/site\/senador-barra-indicacoes-de-lula-e-atropela-a-constituicao\/#article","isPartOf":{"@id":"https:\/\/www.notibras.com\/site\/senador-barra-indicacoes-de-lula-e-atropela-a-constituicao\/"},"author":{"name":"Eduardo Mart\u00ednez","@id":"https:\/\/www.notibras.com\/site\/#\/schema\/person\/5b7fabf2aedc3ada2105f03b22b4d3dd"},"headline":"Senador barra indica\u00e7\u00f5es de Lula e atropela a Constitui\u00e7\u00e3o","datePublished":"2026-04-30T05:15:37+00:00","mainEntityOfPage":{"@id":"https:\/\/www.notibras.com\/site\/senador-barra-indicacoes-de-lula-e-atropela-a-constituicao\/"},"wordCount":290,"publisher":{"@id":"https:\/\/www.notibras.com\/site\/#organization"},"image":{"@id":"https:\/\/www.notibras.com\/site\/senador-barra-indicacoes-de-lula-e-atropela-a-constituicao\/#primaryimage"},"thumbnailUrl":"https:\/\/www.notibras.com\/site\/wp-content\/uploads\/2026\/04\/55239304983-af583137ba-o-990x557.jpg.webp","articleSection":["Dona Irene"],"inLanguage":"pt-BR"},{"@type":"WebPage","@id":"https:\/\/www.notibras.com\/site\/senador-barra-indicacoes-de-lula-e-atropela-a-constituicao\/","url":"https:\/\/www.notibras.com\/site\/senador-barra-indicacoes-de-lula-e-atropela-a-constituicao\/","name":"Senador barra indica\u00e7\u00f5es de Lula e atropela a Constitui\u00e7\u00e3o - Notibras","isPartOf":{"@id":"https:\/\/www.notibras.com\/site\/#website"},"primaryImageOfPage":{"@id":"https:\/\/www.notibras.com\/site\/senador-barra-indicacoes-de-lula-e-atropela-a-constituicao\/#primaryimage"},"image":{"@id":"https:\/\/www.notibras.com\/site\/senador-barra-indicacoes-de-lula-e-atropela-a-constituicao\/#primaryimage"},"thumbnailUrl":"https:\/\/www.notibras.com\/site\/wp-content\/uploads\/2026\/04\/55239304983-af583137ba-o-990x557.jpg.webp","datePublished":"2026-04-30T05:15:37+00:00","breadcrumb":{"@id":"https:\/\/www.notibras.com\/site\/senador-barra-indicacoes-de-lula-e-atropela-a-constituicao\/#breadcrumb"},"inLanguage":"pt-BR","potentialAction":[{"@type":"ReadAction","target":["https:\/\/www.notibras.com\/site\/senador-barra-indicacoes-de-lula-e-atropela-a-constituicao\/"]}]},{"@type":"ImageObject","inLanguage":"pt-BR","@id":"https:\/\/www.notibras.com\/site\/senador-barra-indicacoes-de-lula-e-atropela-a-constituicao\/#primaryimage","url":"https:\/\/www.notibras.com\/site\/wp-content\/uploads\/2026\/04\/55239304983-af583137ba-o-990x557.jpg.webp","contentUrl":"https:\/\/www.notibras.com\/site\/wp-content\/uploads\/2026\/04\/55239304983-af583137ba-o-990x557.jpg.webp","width":990,"height":557},{"@type":"BreadcrumbList","@id":"https:\/\/www.notibras.com\/site\/senador-barra-indicacoes-de-lula-e-atropela-a-constituicao\/#breadcrumb","itemListElement":[{"@type":"ListItem","position":1,"name":"In\u00edcio","item":"https:\/\/www.notibras.com\/site\/"},{"@type":"ListItem","position":2,"name":"Senador barra indica\u00e7\u00f5es de Lula e atropela a Constitui\u00e7\u00e3o"}]},{"@type":"WebSite","@id":"https:\/\/www.notibras.com\/site\/#website","url":"https:\/\/www.notibras.com\/site\/","name":"Notibras","description":"Not\u00edcias de Bras\u00edlia, do Brasil e do Mundo","publisher":{"@id":"https:\/\/www.notibras.com\/site\/#organization"},"potentialAction":[{"@type":"SearchAction","target":{"@type":"EntryPoint","urlTemplate":"https:\/\/www.notibras.com\/site\/?s={search_term_string}"},"query-input":{"@type":"PropertyValueSpecification","valueRequired":true,"valueName":"search_term_string"}}],"inLanguage":"pt-BR"},{"@type":"Organization","@id":"https:\/\/www.notibras.com\/site\/#organization","name":"Grupo Notibras de Comunica\u00e7\u00e3o","url":"https:\/\/www.notibras.com\/site\/","logo":{"@type":"ImageObject","inLanguage":"pt-BR","@id":"https:\/\/www.notibras.com\/site\/#\/schema\/logo\/image\/","url":"https:\/\/www.notibras.com\/site\/wp-content\/uploads\/2023\/01\/notibras23.png","contentUrl":"https:\/\/www.notibras.com\/site\/wp-content\/uploads\/2023\/01\/notibras23.png","width":350,"height":87,"caption":"Grupo Notibras de Comunica\u00e7\u00e3o"},"image":{"@id":"https:\/\/www.notibras.com\/site\/#\/schema\/logo\/image\/"},"sameAs":["https:\/\/www.facebook.com\/notibras\/","https:\/\/x.com\/Notibras","https:\/\/www.instagram.com\/notibras\/"]},{"@type":"Person","@id":"https:\/\/www.notibras.com\/site\/#\/schema\/person\/5b7fabf2aedc3ada2105f03b22b4d3dd","name":"Eduardo Mart\u00ednez","image":{"@type":"ImageObject","inLanguage":"pt-BR","@id":"https:\/\/secure.gravatar.com\/avatar\/7902f906289926289cbcda644b5197c796b893c6ffd7b9a536a42d290f7704a0?s=96&d=mm&r=g","url":"https:\/\/secure.gravatar.com\/avatar\/7902f906289926289cbcda644b5197c796b893c6ffd7b9a536a42d290f7704a0?s=96&d=mm&r=g","contentUrl":"https:\/\/secure.gravatar.com\/avatar\/7902f906289926289cbcda644b5197c796b893c6ffd7b9a536a42d290f7704a0?s=96&d=mm&r=g","caption":"Eduardo Mart\u00ednez"}}]}},"amp_enabled":true,"_links":{"self":[{"href":"https:\/\/www.notibras.com\/site\/wp-json\/wp\/v2\/posts\/393059","targetHints":{"allow":["GET"]}}],"collection":[{"href":"https:\/\/www.notibras.com\/site\/wp-json\/wp\/v2\/posts"}],"about":[{"href":"https:\/\/www.notibras.com\/site\/wp-json\/wp\/v2\/types\/post"}],"author":[{"embeddable":true,"href":"https:\/\/www.notibras.com\/site\/wp-json\/wp\/v2\/users\/21"}],"replies":[{"embeddable":true,"href":"https:\/\/www.notibras.com\/site\/wp-json\/wp\/v2\/comments?post=393059"}],"version-history":[{"count":2,"href":"https:\/\/www.notibras.com\/site\/wp-json\/wp\/v2\/posts\/393059\/revisions"}],"predecessor-version":[{"id":393062,"href":"https:\/\/www.notibras.com\/site\/wp-json\/wp\/v2\/posts\/393059\/revisions\/393062"}],"wp:featuredmedia":[{"embeddable":true,"href":"https:\/\/www.notibras.com\/site\/wp-json\/wp\/v2\/media\/393060"}],"wp:attachment":[{"href":"https:\/\/www.notibras.com\/site\/wp-json\/wp\/v2\/media?parent=393059"}],"wp:term":[{"taxonomy":"category","embeddable":true,"href":"https:\/\/www.notibras.com\/site\/wp-json\/wp\/v2\/categories?post=393059"},{"taxonomy":"post_tag","embeddable":true,"href":"https:\/\/www.notibras.com\/site\/wp-json\/wp\/v2\/tags?post=393059"}],"curies":[{"name":"wp","href":"https:\/\/api.w.org\/{rel}","templated":true}]}}