{"id":393069,"date":"2026-05-01T02:00:22","date_gmt":"2026-05-01T05:00:22","guid":{"rendered":"https:\/\/www.notibras.com\/site\/?p=393069"},"modified":"2026-04-30T05:29:57","modified_gmt":"2026-04-30T08:29:57","slug":"os-estranhos-ponteiros-do-relogio","status":"publish","type":"post","link":"https:\/\/www.notibras.com\/site\/os-estranhos-ponteiros-do-relogio\/","title":{"rendered":"Os estranhos ponteiros do rel\u00f3gio"},"content":{"rendered":"<p>A velhice n\u00e3o me incomoda. Mentira, incomoda em parte. Dia desses uma colega de trabalho, a Laura, me disse que o seu corpo havia envelhecido, mas a mente continuava jovem. O que isso significa? Eu n\u00e3o quero ter a mente jovem, quando a paix\u00e3o por motores e velocidade me afastavam de Kafka. Ah, qu\u00e3o tolos podemos ser aos 20 anos!<\/p>\n<p>Pior \u00e9 que os colegas concordaram com a Laura. E l\u00e1 fiquei eu com cara de boboca. Boboca? Pois \u00e9, meu amigo, eis que aqui estou usando palavra do tempo do ronca, como se fosse incapaz de escapar do que sou. Velho, aos 67 anos, justamente o que imaginei, aos 10, o que meu pai fosse aos 36.<\/p>\n<p>Meus joelhos doem. Minha coluna suplica por uma aposentadoria digna. Empurro os \u00f3culos para a ponta do nariz para tentar enxergar quando a velhice chegou. Biologicamente, sei que morremos a cada dia, antes mesmo de chegarmos ao mundo, por\u00e9m somos ainda jovens e nem nos damos conta do inevit\u00e1vel para os de nossa esp\u00e9cie que atrevemos a durar. E, por favor, n\u00e3o me entenda mal. Quero durar o tempo que der e, se n\u00e3o for pedir muito, ainda mais um tanto para me esbaldar com um pote inteiro de sorvete em Copacabana. Em frente ao mar, antes que o corpo se derreta por completo.<\/p>\n<p>\u2014 \u00c9 isso a\u00ed, Laura!<\/p>\n<p>\u2014 Maravilhosa!<\/p>\n<p>\u2014 Voc\u00ea me inspira, Laurinha!<\/p>\n<p>Tantas bajula\u00e7\u00f5es, e eu ali, aquele desconforto t\u00edpico de quem foi pego com um coringa extra na manga. Por um instante, a d\u00favida de levantar ou n\u00e3o me consumiu. Queria sair dali, mesmo que por um momento. Falariam de mim? Certamente! Mas o qu\u00ea? &#8220;Voc\u00eas viram como o J\u00falio t\u00e1 razinza?&#8221;, &#8220;Ah, isso \u00e9 por causa da idade&#8221;, &#8220;S\u00e9rio?&#8221;, &#8220;\u00c9, meu av\u00f4 ficou assim tamb\u00e9m&#8221;. As frases come\u00e7aram a invadir a minha mente sem cerim\u00f4nia, que n\u00e3o aguentei, me levantei e fui at\u00e9 a copa tomar caf\u00e9. Precisava me acalmar me empanturrando de cafe\u00edna.<\/p>\n<p>N\u00e3o me lembro exatamente de quanto tempo fiquei por ali. Os ponteiros do rel\u00f3gio correm de modo estranho quando estamos incomodados com algo, \u00e0s vezes ansiosos; outras, apenas com desejos honestos de pular de um viaduto.<\/p>\n<p>Quando percebi que precisava encarar o trabalho novamente, dei um \u00faltimo gole no caf\u00e9. Ali\u00e1s, deveriam melhorar a qualidade do p\u00f3 por aqui. Seja como for, desprovido da coragem como sempre, minhas pernas me arrastaram at\u00e9 a minha mesa. Tudo parecia normal, mesmo que normalidade seja algo subjetivo. Emerson, um dos que haviam enaltecido a jovialidade da Laura, se aproximou.<\/p>\n<p>\u2014 J\u00falio, esse processo est\u00e1 com voc\u00ea?<\/p>\n<p>Devo ter feito cara de esquisito, pois o meu colega deu dois passos para tr\u00e1s.<\/p>\n<p>\u2014 Tu t\u00e1 legal, J\u00falio?<\/p>\n<p>\u2014 T\u00f4.<\/p>\n<p>Ainda ressabiado, mas decidido a obter a tal informa\u00e7\u00e3o, ele insistiu.<\/p>\n<p>\u2014 Veja se esse processo t\u00e1 a\u00ed com voc\u00ea, por favor.<\/p>\n<p>Depois de breve pesquisa, constatei que sim e, ent\u00e3o, o entreguei ao sujeito. No entanto, talvez para demonstrar camaradagem ou algo do tipo, pisei em um campo desconhecido.<\/p>\n<p>\u2014 E o nosso Vasc\u00e3o?<\/p>\n<p>\u2014 T\u00e1 maluco, J\u00falio? Sou Fluminense!<\/p>\n<p><strong>\u2026\u2026\u2026\u2026\u2026\u2026\u2026\u2026<\/strong><\/p>\n<p><strong>Eduardo Cesario-Mart\u00ednez \u00e9 autor do livro \u201957 Contos e Cr\u00f4nicas por um Autor Muito Velho\u2019 (Vencedor do Pr\u00eamio Liter\u00e1rio Clarice Lispector \u2013 2025 na categoria livro de contos).<\/strong><\/p>\n<p><strong>Compre aqui<\/strong><\/p>\n<p><a href=\"https:\/\/www.joanineditora.com.br\/57-contos-e-cronicas-por-um-autor-muito-velho\"><strong>https:\/\/www.joanineditora.com.br\/57-contos-e-cronicas-por-um-autor-muito-velho<\/strong><\/a><\/p>\n","protected":false},"excerpt":{"rendered":"<p>A velhice n\u00e3o me incomoda. Mentira, incomoda em parte. Dia desses uma colega de trabalho, a Laura, me disse que o seu corpo havia envelhecido, mas a mente continuava jovem. O que isso significa? Eu n\u00e3o quero ter a mente jovem, quando a paix\u00e3o por motores e velocidade me afastavam de Kafka. Ah, qu\u00e3o tolos [&hellip;]<\/p>\n","protected":false},"author":21,"featured_media":393070,"comment_status":"closed","ping_status":"closed","sticky":false,"template":"","format":"standard","meta":{"_acf_changed":false,"footnotes":""},"categories":[161],"tags":[],"class_list":["post-393069","post","type-post","status-publish","format-standard","has-post-thumbnail","hentry","category-quadradinho-em-foco"],"acf":[],"yoast_head":"<!-- This site is optimized with the Yoast SEO plugin v27.2 - https:\/\/yoast.com\/product\/yoast-seo-wordpress\/ -->\n<title>Os estranhos ponteiros do rel\u00f3gio - Notibras<\/title>\n<meta name=\"robots\" content=\"index, follow, max-snippet:-1, max-image-preview:large, max-video-preview:-1\" \/>\n<link rel=\"canonical\" href=\"https:\/\/www.notibras.com\/site\/os-estranhos-ponteiros-do-relogio\/\" \/>\n<meta property=\"og:locale\" content=\"pt_BR\" \/>\n<meta property=\"og:type\" content=\"article\" \/>\n<meta property=\"og:title\" content=\"Os estranhos ponteiros do rel\u00f3gio - Notibras\" \/>\n<meta property=\"og:description\" content=\"A velhice n\u00e3o me incomoda. Mentira, incomoda em parte. Dia desses uma colega de trabalho, a Laura, me disse que o seu corpo havia envelhecido, mas a mente continuava jovem. O que isso significa? Eu n\u00e3o quero ter a mente jovem, quando a paix\u00e3o por motores e velocidade me afastavam de Kafka. Ah, qu\u00e3o tolos [&hellip;]\" \/>\n<meta property=\"og:url\" content=\"https:\/\/www.notibras.com\/site\/os-estranhos-ponteiros-do-relogio\/\" \/>\n<meta property=\"og:site_name\" content=\"Notibras\" \/>\n<meta property=\"article:publisher\" content=\"https:\/\/www.facebook.com\/notibras\/\" \/>\n<meta property=\"article:published_time\" content=\"2026-05-01T05:00:22+00:00\" \/>\n<meta property=\"og:image\" content=\"https:\/\/www.notibras.com\/site\/wp-content\/uploads\/2026\/04\/WhatsApp-Image-2026-04-30-at-05.23.01.jpeg\" \/>\n\t<meta property=\"og:image:width\" content=\"816\" \/>\n\t<meta property=\"og:image:height\" content=\"481\" \/>\n\t<meta property=\"og:image:type\" content=\"image\/jpeg\" \/>\n<meta name=\"author\" content=\"Eduardo Mart\u00ednez\" \/>\n<meta name=\"twitter:card\" content=\"summary_large_image\" \/>\n<meta name=\"twitter:creator\" content=\"@Notibras\" \/>\n<meta name=\"twitter:site\" content=\"@Notibras\" \/>\n<meta name=\"twitter:label1\" content=\"Escrito por\" \/>\n\t<meta name=\"twitter:data1\" content=\"Eduardo Mart\u00ednez\" \/>\n\t<meta name=\"twitter:label2\" content=\"Est. tempo de leitura\" \/>\n\t<meta name=\"twitter:data2\" content=\"4 minutos\" \/>\n<script type=\"application\/ld+json\" class=\"yoast-schema-graph\">{\"@context\":\"https:\/\/schema.org\",\"@graph\":[{\"@type\":\"Article\",\"@id\":\"https:\/\/www.notibras.com\/site\/os-estranhos-ponteiros-do-relogio\/#article\",\"isPartOf\":{\"@id\":\"https:\/\/www.notibras.com\/site\/os-estranhos-ponteiros-do-relogio\/\"},\"author\":{\"name\":\"Eduardo Mart\u00ednez\",\"@id\":\"https:\/\/www.notibras.com\/site\/#\/schema\/person\/5b7fabf2aedc3ada2105f03b22b4d3dd\"},\"headline\":\"Os estranhos ponteiros do rel\u00f3gio\",\"datePublished\":\"2026-05-01T05:00:22+00:00\",\"mainEntityOfPage\":{\"@id\":\"https:\/\/www.notibras.com\/site\/os-estranhos-ponteiros-do-relogio\/\"},\"wordCount\":569,\"publisher\":{\"@id\":\"https:\/\/www.notibras.com\/site\/#organization\"},\"image\":{\"@id\":\"https:\/\/www.notibras.com\/site\/os-estranhos-ponteiros-do-relogio\/#primaryimage\"},\"thumbnailUrl\":\"https:\/\/www.notibras.com\/site\/wp-content\/uploads\/2026\/04\/WhatsApp-Image-2026-04-30-at-05.23.01.jpeg\",\"articleSection\":[\"Quadradinho em Foco\"],\"inLanguage\":\"pt-BR\"},{\"@type\":\"WebPage\",\"@id\":\"https:\/\/www.notibras.com\/site\/os-estranhos-ponteiros-do-relogio\/\",\"url\":\"https:\/\/www.notibras.com\/site\/os-estranhos-ponteiros-do-relogio\/\",\"name\":\"Os estranhos ponteiros do rel\u00f3gio - Notibras\",\"isPartOf\":{\"@id\":\"https:\/\/www.notibras.com\/site\/#website\"},\"primaryImageOfPage\":{\"@id\":\"https:\/\/www.notibras.com\/site\/os-estranhos-ponteiros-do-relogio\/#primaryimage\"},\"image\":{\"@id\":\"https:\/\/www.notibras.com\/site\/os-estranhos-ponteiros-do-relogio\/#primaryimage\"},\"thumbnailUrl\":\"https:\/\/www.notibras.com\/site\/wp-content\/uploads\/2026\/04\/WhatsApp-Image-2026-04-30-at-05.23.01.jpeg\",\"datePublished\":\"2026-05-01T05:00:22+00:00\",\"breadcrumb\":{\"@id\":\"https:\/\/www.notibras.com\/site\/os-estranhos-ponteiros-do-relogio\/#breadcrumb\"},\"inLanguage\":\"pt-BR\",\"potentialAction\":[{\"@type\":\"ReadAction\",\"target\":[\"https:\/\/www.notibras.com\/site\/os-estranhos-ponteiros-do-relogio\/\"]}]},{\"@type\":\"ImageObject\",\"inLanguage\":\"pt-BR\",\"@id\":\"https:\/\/www.notibras.com\/site\/os-estranhos-ponteiros-do-relogio\/#primaryimage\",\"url\":\"https:\/\/www.notibras.com\/site\/wp-content\/uploads\/2026\/04\/WhatsApp-Image-2026-04-30-at-05.23.01.jpeg\",\"contentUrl\":\"https:\/\/www.notibras.com\/site\/wp-content\/uploads\/2026\/04\/WhatsApp-Image-2026-04-30-at-05.23.01.jpeg\",\"width\":816,\"height\":481},{\"@type\":\"BreadcrumbList\",\"@id\":\"https:\/\/www.notibras.com\/site\/os-estranhos-ponteiros-do-relogio\/#breadcrumb\",\"itemListElement\":[{\"@type\":\"ListItem\",\"position\":1,\"name\":\"In\u00edcio\",\"item\":\"https:\/\/www.notibras.com\/site\/\"},{\"@type\":\"ListItem\",\"position\":2,\"name\":\"Os estranhos ponteiros do rel\u00f3gio\"}]},{\"@type\":\"WebSite\",\"@id\":\"https:\/\/www.notibras.com\/site\/#website\",\"url\":\"https:\/\/www.notibras.com\/site\/\",\"name\":\"Notibras\",\"description\":\"Not\u00edcias de Bras\u00edlia, do Brasil e do Mundo\",\"publisher\":{\"@id\":\"https:\/\/www.notibras.com\/site\/#organization\"},\"potentialAction\":[{\"@type\":\"SearchAction\",\"target\":{\"@type\":\"EntryPoint\",\"urlTemplate\":\"https:\/\/www.notibras.com\/site\/?s={search_term_string}\"},\"query-input\":{\"@type\":\"PropertyValueSpecification\",\"valueRequired\":true,\"valueName\":\"search_term_string\"}}],\"inLanguage\":\"pt-BR\"},{\"@type\":\"Organization\",\"@id\":\"https:\/\/www.notibras.com\/site\/#organization\",\"name\":\"Grupo Notibras de Comunica\u00e7\u00e3o\",\"url\":\"https:\/\/www.notibras.com\/site\/\",\"logo\":{\"@type\":\"ImageObject\",\"inLanguage\":\"pt-BR\",\"@id\":\"https:\/\/www.notibras.com\/site\/#\/schema\/logo\/image\/\",\"url\":\"https:\/\/www.notibras.com\/site\/wp-content\/uploads\/2023\/01\/notibras23.png\",\"contentUrl\":\"https:\/\/www.notibras.com\/site\/wp-content\/uploads\/2023\/01\/notibras23.png\",\"width\":350,\"height\":87,\"caption\":\"Grupo Notibras de Comunica\u00e7\u00e3o\"},\"image\":{\"@id\":\"https:\/\/www.notibras.com\/site\/#\/schema\/logo\/image\/\"},\"sameAs\":[\"https:\/\/www.facebook.com\/notibras\/\",\"https:\/\/x.com\/Notibras\",\"https:\/\/www.instagram.com\/notibras\/\"]},{\"@type\":\"Person\",\"@id\":\"https:\/\/www.notibras.com\/site\/#\/schema\/person\/5b7fabf2aedc3ada2105f03b22b4d3dd\",\"name\":\"Eduardo Mart\u00ednez\",\"image\":{\"@type\":\"ImageObject\",\"inLanguage\":\"pt-BR\",\"@id\":\"https:\/\/secure.gravatar.com\/avatar\/7902f906289926289cbcda644b5197c796b893c6ffd7b9a536a42d290f7704a0?s=96&d=mm&r=g\",\"url\":\"https:\/\/secure.gravatar.com\/avatar\/7902f906289926289cbcda644b5197c796b893c6ffd7b9a536a42d290f7704a0?s=96&d=mm&r=g\",\"contentUrl\":\"https:\/\/secure.gravatar.com\/avatar\/7902f906289926289cbcda644b5197c796b893c6ffd7b9a536a42d290f7704a0?s=96&d=mm&r=g\",\"caption\":\"Eduardo Mart\u00ednez\"}}]}<\/script>\n<!-- \/ Yoast SEO plugin. -->","yoast_head_json":{"title":"Os estranhos ponteiros do rel\u00f3gio - Notibras","robots":{"index":"index","follow":"follow","max-snippet":"max-snippet:-1","max-image-preview":"max-image-preview:large","max-video-preview":"max-video-preview:-1"},"canonical":"https:\/\/www.notibras.com\/site\/os-estranhos-ponteiros-do-relogio\/","og_locale":"pt_BR","og_type":"article","og_title":"Os estranhos ponteiros do rel\u00f3gio - Notibras","og_description":"A velhice n\u00e3o me incomoda. Mentira, incomoda em parte. Dia desses uma colega de trabalho, a Laura, me disse que o seu corpo havia envelhecido, mas a mente continuava jovem. O que isso significa? Eu n\u00e3o quero ter a mente jovem, quando a paix\u00e3o por motores e velocidade me afastavam de Kafka. Ah, qu\u00e3o tolos [&hellip;]","og_url":"https:\/\/www.notibras.com\/site\/os-estranhos-ponteiros-do-relogio\/","og_site_name":"Notibras","article_publisher":"https:\/\/www.facebook.com\/notibras\/","article_published_time":"2026-05-01T05:00:22+00:00","og_image":[{"width":816,"height":481,"url":"https:\/\/www.notibras.com\/site\/wp-content\/uploads\/2026\/04\/WhatsApp-Image-2026-04-30-at-05.23.01.jpeg","type":"image\/jpeg"}],"author":"Eduardo Mart\u00ednez","twitter_card":"summary_large_image","twitter_creator":"@Notibras","twitter_site":"@Notibras","twitter_misc":{"Escrito por":"Eduardo Mart\u00ednez","Est. tempo de leitura":"4 minutos"},"schema":{"@context":"https:\/\/schema.org","@graph":[{"@type":"Article","@id":"https:\/\/www.notibras.com\/site\/os-estranhos-ponteiros-do-relogio\/#article","isPartOf":{"@id":"https:\/\/www.notibras.com\/site\/os-estranhos-ponteiros-do-relogio\/"},"author":{"name":"Eduardo Mart\u00ednez","@id":"https:\/\/www.notibras.com\/site\/#\/schema\/person\/5b7fabf2aedc3ada2105f03b22b4d3dd"},"headline":"Os estranhos ponteiros do rel\u00f3gio","datePublished":"2026-05-01T05:00:22+00:00","mainEntityOfPage":{"@id":"https:\/\/www.notibras.com\/site\/os-estranhos-ponteiros-do-relogio\/"},"wordCount":569,"publisher":{"@id":"https:\/\/www.notibras.com\/site\/#organization"},"image":{"@id":"https:\/\/www.notibras.com\/site\/os-estranhos-ponteiros-do-relogio\/#primaryimage"},"thumbnailUrl":"https:\/\/www.notibras.com\/site\/wp-content\/uploads\/2026\/04\/WhatsApp-Image-2026-04-30-at-05.23.01.jpeg","articleSection":["Quadradinho em Foco"],"inLanguage":"pt-BR"},{"@type":"WebPage","@id":"https:\/\/www.notibras.com\/site\/os-estranhos-ponteiros-do-relogio\/","url":"https:\/\/www.notibras.com\/site\/os-estranhos-ponteiros-do-relogio\/","name":"Os estranhos ponteiros do rel\u00f3gio - Notibras","isPartOf":{"@id":"https:\/\/www.notibras.com\/site\/#website"},"primaryImageOfPage":{"@id":"https:\/\/www.notibras.com\/site\/os-estranhos-ponteiros-do-relogio\/#primaryimage"},"image":{"@id":"https:\/\/www.notibras.com\/site\/os-estranhos-ponteiros-do-relogio\/#primaryimage"},"thumbnailUrl":"https:\/\/www.notibras.com\/site\/wp-content\/uploads\/2026\/04\/WhatsApp-Image-2026-04-30-at-05.23.01.jpeg","datePublished":"2026-05-01T05:00:22+00:00","breadcrumb":{"@id":"https:\/\/www.notibras.com\/site\/os-estranhos-ponteiros-do-relogio\/#breadcrumb"},"inLanguage":"pt-BR","potentialAction":[{"@type":"ReadAction","target":["https:\/\/www.notibras.com\/site\/os-estranhos-ponteiros-do-relogio\/"]}]},{"@type":"ImageObject","inLanguage":"pt-BR","@id":"https:\/\/www.notibras.com\/site\/os-estranhos-ponteiros-do-relogio\/#primaryimage","url":"https:\/\/www.notibras.com\/site\/wp-content\/uploads\/2026\/04\/WhatsApp-Image-2026-04-30-at-05.23.01.jpeg","contentUrl":"https:\/\/www.notibras.com\/site\/wp-content\/uploads\/2026\/04\/WhatsApp-Image-2026-04-30-at-05.23.01.jpeg","width":816,"height":481},{"@type":"BreadcrumbList","@id":"https:\/\/www.notibras.com\/site\/os-estranhos-ponteiros-do-relogio\/#breadcrumb","itemListElement":[{"@type":"ListItem","position":1,"name":"In\u00edcio","item":"https:\/\/www.notibras.com\/site\/"},{"@type":"ListItem","position":2,"name":"Os estranhos ponteiros do rel\u00f3gio"}]},{"@type":"WebSite","@id":"https:\/\/www.notibras.com\/site\/#website","url":"https:\/\/www.notibras.com\/site\/","name":"Notibras","description":"Not\u00edcias de Bras\u00edlia, do Brasil e do Mundo","publisher":{"@id":"https:\/\/www.notibras.com\/site\/#organization"},"potentialAction":[{"@type":"SearchAction","target":{"@type":"EntryPoint","urlTemplate":"https:\/\/www.notibras.com\/site\/?s={search_term_string}"},"query-input":{"@type":"PropertyValueSpecification","valueRequired":true,"valueName":"search_term_string"}}],"inLanguage":"pt-BR"},{"@type":"Organization","@id":"https:\/\/www.notibras.com\/site\/#organization","name":"Grupo Notibras de Comunica\u00e7\u00e3o","url":"https:\/\/www.notibras.com\/site\/","logo":{"@type":"ImageObject","inLanguage":"pt-BR","@id":"https:\/\/www.notibras.com\/site\/#\/schema\/logo\/image\/","url":"https:\/\/www.notibras.com\/site\/wp-content\/uploads\/2023\/01\/notibras23.png","contentUrl":"https:\/\/www.notibras.com\/site\/wp-content\/uploads\/2023\/01\/notibras23.png","width":350,"height":87,"caption":"Grupo Notibras de Comunica\u00e7\u00e3o"},"image":{"@id":"https:\/\/www.notibras.com\/site\/#\/schema\/logo\/image\/"},"sameAs":["https:\/\/www.facebook.com\/notibras\/","https:\/\/x.com\/Notibras","https:\/\/www.instagram.com\/notibras\/"]},{"@type":"Person","@id":"https:\/\/www.notibras.com\/site\/#\/schema\/person\/5b7fabf2aedc3ada2105f03b22b4d3dd","name":"Eduardo Mart\u00ednez","image":{"@type":"ImageObject","inLanguage":"pt-BR","@id":"https:\/\/secure.gravatar.com\/avatar\/7902f906289926289cbcda644b5197c796b893c6ffd7b9a536a42d290f7704a0?s=96&d=mm&r=g","url":"https:\/\/secure.gravatar.com\/avatar\/7902f906289926289cbcda644b5197c796b893c6ffd7b9a536a42d290f7704a0?s=96&d=mm&r=g","contentUrl":"https:\/\/secure.gravatar.com\/avatar\/7902f906289926289cbcda644b5197c796b893c6ffd7b9a536a42d290f7704a0?s=96&d=mm&r=g","caption":"Eduardo Mart\u00ednez"}}]}},"amp_enabled":true,"_links":{"self":[{"href":"https:\/\/www.notibras.com\/site\/wp-json\/wp\/v2\/posts\/393069","targetHints":{"allow":["GET"]}}],"collection":[{"href":"https:\/\/www.notibras.com\/site\/wp-json\/wp\/v2\/posts"}],"about":[{"href":"https:\/\/www.notibras.com\/site\/wp-json\/wp\/v2\/types\/post"}],"author":[{"embeddable":true,"href":"https:\/\/www.notibras.com\/site\/wp-json\/wp\/v2\/users\/21"}],"replies":[{"embeddable":true,"href":"https:\/\/www.notibras.com\/site\/wp-json\/wp\/v2\/comments?post=393069"}],"version-history":[{"count":2,"href":"https:\/\/www.notibras.com\/site\/wp-json\/wp\/v2\/posts\/393069\/revisions"}],"predecessor-version":[{"id":393072,"href":"https:\/\/www.notibras.com\/site\/wp-json\/wp\/v2\/posts\/393069\/revisions\/393072"}],"wp:featuredmedia":[{"embeddable":true,"href":"https:\/\/www.notibras.com\/site\/wp-json\/wp\/v2\/media\/393070"}],"wp:attachment":[{"href":"https:\/\/www.notibras.com\/site\/wp-json\/wp\/v2\/media?parent=393069"}],"wp:term":[{"taxonomy":"category","embeddable":true,"href":"https:\/\/www.notibras.com\/site\/wp-json\/wp\/v2\/categories?post=393069"},{"taxonomy":"post_tag","embeddable":true,"href":"https:\/\/www.notibras.com\/site\/wp-json\/wp\/v2\/tags?post=393069"}],"curies":[{"name":"wp","href":"https:\/\/api.w.org\/{rel}","templated":true}]}}