{"id":39307,"date":"2015-03-09T07:10:25","date_gmt":"2015-03-09T10:10:25","guid":{"rendered":"http:\/\/www.notibras.com\/site\/?p=39307"},"modified":"2015-03-09T07:10:25","modified_gmt":"2015-03-09T10:10:25","slug":"dinheiro-das-empreiteiras-pode-falar-alto-e-calar-cpi-da-petrobras","status":"publish","type":"post","link":"https:\/\/www.notibras.com\/site\/dinheiro-das-empreiteiras-pode-falar-alto-e-calar-cpi-da-petrobras\/","title":{"rendered":"Dinheiro das empreiteiras pode falar alto e calar CPI da Petrobras"},"content":{"rendered":"<p>A nova Comiss\u00e3o Parlamentar de Inqu\u00e9rito, criada para apurar os desvios na Petrobras, j\u00e1 foi instalada com uma m\u00e1cula: 26 de seus 50 membros receberam doa\u00e7\u00f5es de empreiteiras envolvidas no esc\u00e2ndalo da estatal. Ou seja, mais da metade daqueles que est\u00e3o respons\u00e1veis por investigar, foram financiados pelos investigados em quest\u00e3o. N\u00e3o h\u00e1 imparcialidade que suporte tanta promiscuidade.<\/p>\n<p>N\u00e3o por acaso, como membro da CPI pelo PSOL, apresentei, logo na primeira sess\u00e3o, uma quest\u00e3o de ordem solicitando a substitui\u00e7\u00e3o dos deputados cujas campanhas eleitorais foram pagas pelas empresas citadas na Opera\u00e7\u00e3o Lava Jato.<\/p>\n<p>Entretanto, como j\u00e1 era esperado, a maioria dos partidos votou contra a quest\u00e3o de ordem, numa indica\u00e7\u00e3o de que as empreiteiras acusadas est\u00e3o devidamente representadas na CPI pelos deputados que elas ajudaram a eleger. A base do governo e a oposi\u00e7\u00e3o de direita se igualam e se aliam, para maquiar seus v\u00ednculos com as empreiteiras e evitar debater aquilo que \u00e9 a raiz da corrup\u00e7\u00e3o no Brasil: o financiamento privado de campanha.<\/p>\n<p>Vale ressaltar que o n\u00famero de parlamentares financiados pelas empresas envolvidas na Lava Jato \u00e9 t\u00e3o grande que muitos partidos n\u00e3o tinham como substituir os nomes indicados para a Comiss\u00e3o. Isso \u00e9 um demonstrativo cabal do quanto o poder econ\u00f4mico interfere na pol\u00edtica brasileira. Cerca de dez empresas financiaram praticamente 70% dos deputados.<\/p>\n<blockquote><p>Um agravante do financiamento privado de campanha \u00e9 justamente a concentra\u00e7\u00e3o desse financiamento, visto que h\u00e1 um &#8220;n\u00facleo duro&#8221; de empresas que financiam amplamente governos e partidos. Isso compromete a isen\u00e7\u00e3o do Parlamento brasileiro e evidencia uma defici\u00eancia na capacidade investigativa em que essa CPI foi instalada.<\/p><\/blockquote>\n<p>A indica\u00e7\u00e3o e perman\u00eancia desses parlamentares, numa clara tentativa de tornar in\u00f3cuos os trabalhos da CPI, descumpre o C\u00f3digo de \u00c9tica e Decoro Parlamentar da C\u00e2mara, que considera quebra de decoro que um deputado &#8220;relate mat\u00e9ria submetida \u00e0 aprecia\u00e7\u00e3o da C\u00e2mara, de interesse espec\u00edfico de pessoa f\u00edsica ou jur\u00eddica que tenha contribu\u00eddo para o financiamento de sua campanha eleitoral&#8221;.<\/p>\n<p>Tamb\u00e9m descumpre o Regimento Interno da Casa, segundo o qual &#8220;tratando-se de causa pr\u00f3pria ou de assunto em que tenha interesse individual, dever\u00e1 o deputado dar-se por impedido&#8221;. Tal viola\u00e7\u00e3o, em tese,\u00a0 \u00e9 pass\u00edvel de ser punida com a perda do mandato. No entanto, contraditoriamente, na pr\u00f3pria Casa de Leis, o C\u00f3digo \u00e9 &#8220;letra morta&#8221;, e sua aplica\u00e7\u00e3o somente \u00e9 cumprida quando h\u00e1 interesses em jogo.<\/p>\n<p>Tal fato, al\u00e9m de levantar suspeitas sobre a isen\u00e7\u00e3o do trabalho a ser desempenhado pela CPI, tamb\u00e9m representa um desrespeito \u00e0 Constitui\u00e7\u00e3o Federal, quando esta determina que a atua\u00e7\u00e3o do agente p\u00fablico, al\u00e9m de atender ao princ\u00edpio da legalidade, deve estar submetida tamb\u00e9m ao princ\u00edpio da moralidade.<\/p>\n<p>A den\u00fancia elaborada pelo Minist\u00e9rio P\u00fablico Federal aponta, inclusive, que boa parte das doa\u00e7\u00f5es realizadas pelas empreiteiras pode representar pagamento de propina a agentes p\u00fablicos para a obten\u00e7\u00e3o de vantagem indevida, &#8220;sendo as doa\u00e7\u00f5es formais de campanha mera estrat\u00e9gia de lavagem de capitais&#8221;. Na pr\u00e1tica, n\u00e3o h\u00e1 como distinguir o dinheiro do lucro das empresas do dinheiro das propinas.<\/p>\n<blockquote><p>O sentimento p\u00fablico de indigna\u00e7\u00e3o est\u00e1 cada vez mais presente na sociedade que questiona essas pr\u00e1ticas il\u00edcitas arraigadas na velha pol\u00edtica. Est\u00e1 claro que o financiamento empresarial de campanha \u00e9 a porta da corrup\u00e7\u00e3o, uma vez que visa interesses econ\u00f4micos e favorecimentos do Estado em detrimento do interesse p\u00fablico. Neste sentido, vemos aumentar a press\u00e3o popular sobre o ministro Gilmar Mendes, que h\u00e1 mais de dez meses solicitou vistas da Adin (A\u00e7\u00e3o Direta de Inconstitucionalidade) da OAB, que acaba com o financiamento privado de campanha e que j\u00e1 tem seis votos favor\u00e1veis no STF.<\/p><\/blockquote>\n<p>Essa manobra \u00e9 feita em sintonia com o presidente da C\u00e2mara, Eduardo Cunha, que apressa a vota\u00e7\u00e3o em plen\u00e1rio do projeto de lei que visa constitucionalizar esse tipo de financiamento, antes de o Supremo proibir a pr\u00e1tica no pa\u00eds.<\/p>\n<p>Ao ignorar nosso pedido, a maioria da CPI optou por virar \u00e0s costas \u00e0 opini\u00e3o p\u00fablica e adentrou por um caminho perigoso. A gravidade e extens\u00e3o da corrup\u00e7\u00e3o na Petrobras, que vai do governo FHC ao governo Dilma, e envolve as maiores construtoras do pa\u00eds, bem como os partidos governistas e da oposi\u00e7\u00e3o de direita, exige redobrada aten\u00e7\u00e3o com a comiss\u00e3o.<\/p>\n<p>De modo que tanto as investiga\u00e7\u00f5es em curso na PF e no Minist\u00e9rio P\u00fablico Federal como as investiga\u00e7\u00f5es da CPI podem levar a novas descobertas de empresas e pessoas envolvidas, inclusive de parlamentares que comp\u00f5em a CPI ou ocupam posi\u00e7\u00f5es de mando no Congresso.<\/p>\n<p>Por um lado, a CPI significa uma oportunidade \u00fanica para se combater a corrup\u00e7\u00e3o sist\u00eamica, que virou marca do nosso capitalismo ancorado na m\u00e1quina p\u00fablica, criando as condi\u00e7\u00f5es para que se puna corruptos e corruptores. Por outro, considerando a complexidade de atores e interesses envolvidos, ela pode ser palco de acordos esp\u00farios e de solu\u00e7\u00f5es em que os detentores de grande poder econ\u00f4mico e pol\u00edtico sejam preservados.<\/p>\n<p>A atual composi\u00e7\u00e3o da CPI, cujo presidente teve 60% e o relator 39,6% de suas \u00faltimas campanhas pagas com recursos dessas empresas, pavimenta o caminho para a segunda op\u00e7\u00e3o. O dinheiro dos financiadores tende a falar mais alto.<\/p>\n<p>O envolvimento direto dos partidos nos esquemas de recebimento de propina maquiados como doa\u00e7\u00e3o tende a cobrar seu sil\u00eancio e seus servi\u00e7os. Caber\u00e1 mais uma vez \u00e0 press\u00e3o popular fazer a diferen\u00e7a. S\u00f3 com a sociedade mobilizada exigindo o fim da corrup\u00e7\u00e3o, a puni\u00e7\u00e3o dos respons\u00e1veis e a manuten\u00e7\u00e3o da estatal como patrim\u00f4nio do povo brasileiro \u00e9 que poderemos ter um desfecho satisfat\u00f3rio na CPI.<\/p>\n<p>Nesse sentido, reiteramos o nosso compromisso com uma investiga\u00e7\u00e3o ampla, independente de pol\u00edtico, partido ou empresa envolvida. N\u00e3o pouparemos esfor\u00e7os para que todo esse esquema seja desmantelado e que a empresa venha a ter uma administra\u00e7\u00e3o democr\u00e1tica, transparente e sob controle p\u00fablico.<\/p>\n<p>A Petrobras \u00e9 um patrim\u00f4nio do povo brasileiro, que deve ser preservado e servir aos interesses estrat\u00e9gicos do pa\u00eds, proporcionando desenvolvimento e melhorias das condi\u00e7\u00f5es de vida da popula\u00e7\u00e3o. Atuaremos contra quaisquer interesses escusos que querem a privatiza\u00e7\u00e3o desta riqueza.<\/p>\n<p><strong>Ivan Valente<\/strong><\/p>\n","protected":false},"excerpt":{"rendered":"<p>A nova Comiss\u00e3o Parlamentar de Inqu\u00e9rito, criada para apurar os desvios na Petrobras, j\u00e1 foi instalada com uma m\u00e1cula: 26 de seus 50 membros receberam doa\u00e7\u00f5es de empreiteiras envolvidas no esc\u00e2ndalo da estatal. Ou seja, mais da metade daqueles que est\u00e3o respons\u00e1veis por investigar, foram financiados pelos investigados em quest\u00e3o. N\u00e3o h\u00e1 imparcialidade que suporte [&hellip;]<\/p>\n","protected":false},"author":2,"featured_media":39308,"comment_status":"open","ping_status":"closed","sticky":false,"template":"","format":"standard","meta":{"_acf_changed":false,"footnotes":""},"categories":[25],"tags":[],"class_list":["post-39307","post","type-post","status-publish","format-standard","has-post-thumbnail","hentry","category-opina-ai"],"acf":[],"yoast_head":"<!-- This site is optimized with the Yoast SEO plugin v27.2 - https:\/\/yoast.com\/product\/yoast-seo-wordpress\/ -->\n<title>Dinheiro das empreiteiras pode falar alto e calar CPI da Petrobras - Notibras<\/title>\n<meta name=\"robots\" content=\"index, follow, max-snippet:-1, max-image-preview:large, max-video-preview:-1\" \/>\n<link rel=\"canonical\" href=\"https:\/\/www.notibras.com\/site\/dinheiro-das-empreiteiras-pode-falar-alto-e-calar-cpi-da-petrobras\/\" \/>\n<meta property=\"og:locale\" content=\"pt_BR\" \/>\n<meta property=\"og:type\" content=\"article\" \/>\n<meta property=\"og:title\" content=\"Dinheiro das empreiteiras pode falar alto e calar CPI da Petrobras - Notibras\" \/>\n<meta property=\"og:description\" content=\"A nova Comiss\u00e3o Parlamentar de Inqu\u00e9rito, criada para apurar os desvios na Petrobras, j\u00e1 foi instalada com uma m\u00e1cula: 26 de seus 50 membros receberam doa\u00e7\u00f5es de empreiteiras envolvidas no esc\u00e2ndalo da estatal. Ou seja, mais da metade daqueles que est\u00e3o respons\u00e1veis por investigar, foram financiados pelos investigados em quest\u00e3o. N\u00e3o h\u00e1 imparcialidade que suporte [&hellip;]\" \/>\n<meta property=\"og:url\" content=\"https:\/\/www.notibras.com\/site\/dinheiro-das-empreiteiras-pode-falar-alto-e-calar-cpi-da-petrobras\/\" \/>\n<meta property=\"og:site_name\" content=\"Notibras\" \/>\n<meta property=\"article:publisher\" content=\"https:\/\/www.facebook.com\/notibras\/\" \/>\n<meta property=\"article:published_time\" content=\"2015-03-09T10:10:25+00:00\" \/>\n<meta property=\"og:image\" content=\"https:\/\/www.notibras.com\/site\/wp-content\/uploads\/2015\/03\/op.9.jpg\" \/>\n\t<meta property=\"og:image:width\" content=\"590\" \/>\n\t<meta property=\"og:image:height\" content=\"388\" \/>\n\t<meta property=\"og:image:type\" content=\"image\/jpeg\" \/>\n<meta name=\"author\" content=\"Reda\u00e7\u00e3o\" \/>\n<meta name=\"twitter:card\" content=\"summary_large_image\" \/>\n<meta name=\"twitter:creator\" content=\"@Notibras\" \/>\n<meta name=\"twitter:site\" content=\"@Notibras\" \/>\n<meta name=\"twitter:label1\" content=\"Escrito por\" \/>\n\t<meta name=\"twitter:data1\" content=\"Reda\u00e7\u00e3o\" \/>\n\t<meta name=\"twitter:label2\" content=\"Est. tempo de leitura\" \/>\n\t<meta name=\"twitter:data2\" content=\"6 minutos\" \/>\n<script type=\"application\/ld+json\" class=\"yoast-schema-graph\">{\"@context\":\"https:\/\/schema.org\",\"@graph\":[{\"@type\":\"Article\",\"@id\":\"https:\/\/www.notibras.com\/site\/dinheiro-das-empreiteiras-pode-falar-alto-e-calar-cpi-da-petrobras\/#article\",\"isPartOf\":{\"@id\":\"https:\/\/www.notibras.com\/site\/dinheiro-das-empreiteiras-pode-falar-alto-e-calar-cpi-da-petrobras\/\"},\"author\":{\"name\":\"Reda\u00e7\u00e3o\",\"@id\":\"https:\/\/www.notibras.com\/site\/#\/schema\/person\/36ab0979449956132d3e5b517ea76ac8\"},\"headline\":\"Dinheiro das empreiteiras pode falar alto e calar CPI da Petrobras\",\"datePublished\":\"2015-03-09T10:10:25+00:00\",\"mainEntityOfPage\":{\"@id\":\"https:\/\/www.notibras.com\/site\/dinheiro-das-empreiteiras-pode-falar-alto-e-calar-cpi-da-petrobras\/\"},\"wordCount\":1112,\"commentCount\":0,\"publisher\":{\"@id\":\"https:\/\/www.notibras.com\/site\/#organization\"},\"image\":{\"@id\":\"https:\/\/www.notibras.com\/site\/dinheiro-das-empreiteiras-pode-falar-alto-e-calar-cpi-da-petrobras\/#primaryimage\"},\"thumbnailUrl\":\"https:\/\/www.notibras.com\/site\/wp-content\/uploads\/2015\/03\/op.9.jpg\",\"articleSection\":[\"Opina a\u00ed\"],\"inLanguage\":\"pt-BR\",\"potentialAction\":[{\"@type\":\"CommentAction\",\"name\":\"Comment\",\"target\":[\"https:\/\/www.notibras.com\/site\/dinheiro-das-empreiteiras-pode-falar-alto-e-calar-cpi-da-petrobras\/#respond\"]}]},{\"@type\":\"WebPage\",\"@id\":\"https:\/\/www.notibras.com\/site\/dinheiro-das-empreiteiras-pode-falar-alto-e-calar-cpi-da-petrobras\/\",\"url\":\"https:\/\/www.notibras.com\/site\/dinheiro-das-empreiteiras-pode-falar-alto-e-calar-cpi-da-petrobras\/\",\"name\":\"Dinheiro das empreiteiras pode falar alto e calar CPI da Petrobras - Notibras\",\"isPartOf\":{\"@id\":\"https:\/\/www.notibras.com\/site\/#website\"},\"primaryImageOfPage\":{\"@id\":\"https:\/\/www.notibras.com\/site\/dinheiro-das-empreiteiras-pode-falar-alto-e-calar-cpi-da-petrobras\/#primaryimage\"},\"image\":{\"@id\":\"https:\/\/www.notibras.com\/site\/dinheiro-das-empreiteiras-pode-falar-alto-e-calar-cpi-da-petrobras\/#primaryimage\"},\"thumbnailUrl\":\"https:\/\/www.notibras.com\/site\/wp-content\/uploads\/2015\/03\/op.9.jpg\",\"datePublished\":\"2015-03-09T10:10:25+00:00\",\"breadcrumb\":{\"@id\":\"https:\/\/www.notibras.com\/site\/dinheiro-das-empreiteiras-pode-falar-alto-e-calar-cpi-da-petrobras\/#breadcrumb\"},\"inLanguage\":\"pt-BR\",\"potentialAction\":[{\"@type\":\"ReadAction\",\"target\":[\"https:\/\/www.notibras.com\/site\/dinheiro-das-empreiteiras-pode-falar-alto-e-calar-cpi-da-petrobras\/\"]}]},{\"@type\":\"ImageObject\",\"inLanguage\":\"pt-BR\",\"@id\":\"https:\/\/www.notibras.com\/site\/dinheiro-das-empreiteiras-pode-falar-alto-e-calar-cpi-da-petrobras\/#primaryimage\",\"url\":\"https:\/\/www.notibras.com\/site\/wp-content\/uploads\/2015\/03\/op.9.jpg\",\"contentUrl\":\"https:\/\/www.notibras.com\/site\/wp-content\/uploads\/2015\/03\/op.9.jpg\",\"width\":590,\"height\":388},{\"@type\":\"BreadcrumbList\",\"@id\":\"https:\/\/www.notibras.com\/site\/dinheiro-das-empreiteiras-pode-falar-alto-e-calar-cpi-da-petrobras\/#breadcrumb\",\"itemListElement\":[{\"@type\":\"ListItem\",\"position\":1,\"name\":\"In\u00edcio\",\"item\":\"https:\/\/www.notibras.com\/site\/\"},{\"@type\":\"ListItem\",\"position\":2,\"name\":\"Dinheiro das empreiteiras pode falar alto e calar CPI da Petrobras\"}]},{\"@type\":\"WebSite\",\"@id\":\"https:\/\/www.notibras.com\/site\/#website\",\"url\":\"https:\/\/www.notibras.com\/site\/\",\"name\":\"Notibras\",\"description\":\"Not\u00edcias de Bras\u00edlia, do Brasil e do Mundo\",\"publisher\":{\"@id\":\"https:\/\/www.notibras.com\/site\/#organization\"},\"potentialAction\":[{\"@type\":\"SearchAction\",\"target\":{\"@type\":\"EntryPoint\",\"urlTemplate\":\"https:\/\/www.notibras.com\/site\/?s={search_term_string}\"},\"query-input\":{\"@type\":\"PropertyValueSpecification\",\"valueRequired\":true,\"valueName\":\"search_term_string\"}}],\"inLanguage\":\"pt-BR\"},{\"@type\":\"Organization\",\"@id\":\"https:\/\/www.notibras.com\/site\/#organization\",\"name\":\"Grupo Notibras de Comunica\u00e7\u00e3o\",\"url\":\"https:\/\/www.notibras.com\/site\/\",\"logo\":{\"@type\":\"ImageObject\",\"inLanguage\":\"pt-BR\",\"@id\":\"https:\/\/www.notibras.com\/site\/#\/schema\/logo\/image\/\",\"url\":\"https:\/\/www.notibras.com\/site\/wp-content\/uploads\/2023\/01\/notibras23.png\",\"contentUrl\":\"https:\/\/www.notibras.com\/site\/wp-content\/uploads\/2023\/01\/notibras23.png\",\"width\":350,\"height\":87,\"caption\":\"Grupo Notibras de Comunica\u00e7\u00e3o\"},\"image\":{\"@id\":\"https:\/\/www.notibras.com\/site\/#\/schema\/logo\/image\/\"},\"sameAs\":[\"https:\/\/www.facebook.com\/notibras\/\",\"https:\/\/x.com\/Notibras\",\"https:\/\/www.instagram.com\/notibras\/\"]},{\"@type\":\"Person\",\"@id\":\"https:\/\/www.notibras.com\/site\/#\/schema\/person\/36ab0979449956132d3e5b517ea76ac8\",\"name\":\"Reda\u00e7\u00e3o\",\"image\":{\"@type\":\"ImageObject\",\"inLanguage\":\"pt-BR\",\"@id\":\"https:\/\/secure.gravatar.com\/avatar\/e0a867bdedb85fd243eadf09663511f96fc81e0720a4a42581f334ad4303aa6b?s=96&d=mm&r=g\",\"url\":\"https:\/\/secure.gravatar.com\/avatar\/e0a867bdedb85fd243eadf09663511f96fc81e0720a4a42581f334ad4303aa6b?s=96&d=mm&r=g\",\"contentUrl\":\"https:\/\/secure.gravatar.com\/avatar\/e0a867bdedb85fd243eadf09663511f96fc81e0720a4a42581f334ad4303aa6b?s=96&d=mm&r=g\",\"caption\":\"Reda\u00e7\u00e3o\"}}]}<\/script>\n<!-- \/ Yoast SEO plugin. -->","yoast_head_json":{"title":"Dinheiro das empreiteiras pode falar alto e calar CPI da Petrobras - Notibras","robots":{"index":"index","follow":"follow","max-snippet":"max-snippet:-1","max-image-preview":"max-image-preview:large","max-video-preview":"max-video-preview:-1"},"canonical":"https:\/\/www.notibras.com\/site\/dinheiro-das-empreiteiras-pode-falar-alto-e-calar-cpi-da-petrobras\/","og_locale":"pt_BR","og_type":"article","og_title":"Dinheiro das empreiteiras pode falar alto e calar CPI da Petrobras - Notibras","og_description":"A nova Comiss\u00e3o Parlamentar de Inqu\u00e9rito, criada para apurar os desvios na Petrobras, j\u00e1 foi instalada com uma m\u00e1cula: 26 de seus 50 membros receberam doa\u00e7\u00f5es de empreiteiras envolvidas no esc\u00e2ndalo da estatal. Ou seja, mais da metade daqueles que est\u00e3o respons\u00e1veis por investigar, foram financiados pelos investigados em quest\u00e3o. N\u00e3o h\u00e1 imparcialidade que suporte [&hellip;]","og_url":"https:\/\/www.notibras.com\/site\/dinheiro-das-empreiteiras-pode-falar-alto-e-calar-cpi-da-petrobras\/","og_site_name":"Notibras","article_publisher":"https:\/\/www.facebook.com\/notibras\/","article_published_time":"2015-03-09T10:10:25+00:00","og_image":[{"width":590,"height":388,"url":"https:\/\/www.notibras.com\/site\/wp-content\/uploads\/2015\/03\/op.9.jpg","type":"image\/jpeg"}],"author":"Reda\u00e7\u00e3o","twitter_card":"summary_large_image","twitter_creator":"@Notibras","twitter_site":"@Notibras","twitter_misc":{"Escrito por":"Reda\u00e7\u00e3o","Est. tempo de leitura":"6 minutos"},"schema":{"@context":"https:\/\/schema.org","@graph":[{"@type":"Article","@id":"https:\/\/www.notibras.com\/site\/dinheiro-das-empreiteiras-pode-falar-alto-e-calar-cpi-da-petrobras\/#article","isPartOf":{"@id":"https:\/\/www.notibras.com\/site\/dinheiro-das-empreiteiras-pode-falar-alto-e-calar-cpi-da-petrobras\/"},"author":{"name":"Reda\u00e7\u00e3o","@id":"https:\/\/www.notibras.com\/site\/#\/schema\/person\/36ab0979449956132d3e5b517ea76ac8"},"headline":"Dinheiro das empreiteiras pode falar alto e calar CPI da Petrobras","datePublished":"2015-03-09T10:10:25+00:00","mainEntityOfPage":{"@id":"https:\/\/www.notibras.com\/site\/dinheiro-das-empreiteiras-pode-falar-alto-e-calar-cpi-da-petrobras\/"},"wordCount":1112,"commentCount":0,"publisher":{"@id":"https:\/\/www.notibras.com\/site\/#organization"},"image":{"@id":"https:\/\/www.notibras.com\/site\/dinheiro-das-empreiteiras-pode-falar-alto-e-calar-cpi-da-petrobras\/#primaryimage"},"thumbnailUrl":"https:\/\/www.notibras.com\/site\/wp-content\/uploads\/2015\/03\/op.9.jpg","articleSection":["Opina a\u00ed"],"inLanguage":"pt-BR","potentialAction":[{"@type":"CommentAction","name":"Comment","target":["https:\/\/www.notibras.com\/site\/dinheiro-das-empreiteiras-pode-falar-alto-e-calar-cpi-da-petrobras\/#respond"]}]},{"@type":"WebPage","@id":"https:\/\/www.notibras.com\/site\/dinheiro-das-empreiteiras-pode-falar-alto-e-calar-cpi-da-petrobras\/","url":"https:\/\/www.notibras.com\/site\/dinheiro-das-empreiteiras-pode-falar-alto-e-calar-cpi-da-petrobras\/","name":"Dinheiro das empreiteiras pode falar alto e calar CPI da Petrobras - Notibras","isPartOf":{"@id":"https:\/\/www.notibras.com\/site\/#website"},"primaryImageOfPage":{"@id":"https:\/\/www.notibras.com\/site\/dinheiro-das-empreiteiras-pode-falar-alto-e-calar-cpi-da-petrobras\/#primaryimage"},"image":{"@id":"https:\/\/www.notibras.com\/site\/dinheiro-das-empreiteiras-pode-falar-alto-e-calar-cpi-da-petrobras\/#primaryimage"},"thumbnailUrl":"https:\/\/www.notibras.com\/site\/wp-content\/uploads\/2015\/03\/op.9.jpg","datePublished":"2015-03-09T10:10:25+00:00","breadcrumb":{"@id":"https:\/\/www.notibras.com\/site\/dinheiro-das-empreiteiras-pode-falar-alto-e-calar-cpi-da-petrobras\/#breadcrumb"},"inLanguage":"pt-BR","potentialAction":[{"@type":"ReadAction","target":["https:\/\/www.notibras.com\/site\/dinheiro-das-empreiteiras-pode-falar-alto-e-calar-cpi-da-petrobras\/"]}]},{"@type":"ImageObject","inLanguage":"pt-BR","@id":"https:\/\/www.notibras.com\/site\/dinheiro-das-empreiteiras-pode-falar-alto-e-calar-cpi-da-petrobras\/#primaryimage","url":"https:\/\/www.notibras.com\/site\/wp-content\/uploads\/2015\/03\/op.9.jpg","contentUrl":"https:\/\/www.notibras.com\/site\/wp-content\/uploads\/2015\/03\/op.9.jpg","width":590,"height":388},{"@type":"BreadcrumbList","@id":"https:\/\/www.notibras.com\/site\/dinheiro-das-empreiteiras-pode-falar-alto-e-calar-cpi-da-petrobras\/#breadcrumb","itemListElement":[{"@type":"ListItem","position":1,"name":"In\u00edcio","item":"https:\/\/www.notibras.com\/site\/"},{"@type":"ListItem","position":2,"name":"Dinheiro das empreiteiras pode falar alto e calar CPI da Petrobras"}]},{"@type":"WebSite","@id":"https:\/\/www.notibras.com\/site\/#website","url":"https:\/\/www.notibras.com\/site\/","name":"Notibras","description":"Not\u00edcias de Bras\u00edlia, do Brasil e do Mundo","publisher":{"@id":"https:\/\/www.notibras.com\/site\/#organization"},"potentialAction":[{"@type":"SearchAction","target":{"@type":"EntryPoint","urlTemplate":"https:\/\/www.notibras.com\/site\/?s={search_term_string}"},"query-input":{"@type":"PropertyValueSpecification","valueRequired":true,"valueName":"search_term_string"}}],"inLanguage":"pt-BR"},{"@type":"Organization","@id":"https:\/\/www.notibras.com\/site\/#organization","name":"Grupo Notibras de Comunica\u00e7\u00e3o","url":"https:\/\/www.notibras.com\/site\/","logo":{"@type":"ImageObject","inLanguage":"pt-BR","@id":"https:\/\/www.notibras.com\/site\/#\/schema\/logo\/image\/","url":"https:\/\/www.notibras.com\/site\/wp-content\/uploads\/2023\/01\/notibras23.png","contentUrl":"https:\/\/www.notibras.com\/site\/wp-content\/uploads\/2023\/01\/notibras23.png","width":350,"height":87,"caption":"Grupo Notibras de Comunica\u00e7\u00e3o"},"image":{"@id":"https:\/\/www.notibras.com\/site\/#\/schema\/logo\/image\/"},"sameAs":["https:\/\/www.facebook.com\/notibras\/","https:\/\/x.com\/Notibras","https:\/\/www.instagram.com\/notibras\/"]},{"@type":"Person","@id":"https:\/\/www.notibras.com\/site\/#\/schema\/person\/36ab0979449956132d3e5b517ea76ac8","name":"Reda\u00e7\u00e3o","image":{"@type":"ImageObject","inLanguage":"pt-BR","@id":"https:\/\/secure.gravatar.com\/avatar\/e0a867bdedb85fd243eadf09663511f96fc81e0720a4a42581f334ad4303aa6b?s=96&d=mm&r=g","url":"https:\/\/secure.gravatar.com\/avatar\/e0a867bdedb85fd243eadf09663511f96fc81e0720a4a42581f334ad4303aa6b?s=96&d=mm&r=g","contentUrl":"https:\/\/secure.gravatar.com\/avatar\/e0a867bdedb85fd243eadf09663511f96fc81e0720a4a42581f334ad4303aa6b?s=96&d=mm&r=g","caption":"Reda\u00e7\u00e3o"}}]}},"amp_enabled":true,"_links":{"self":[{"href":"https:\/\/www.notibras.com\/site\/wp-json\/wp\/v2\/posts\/39307","targetHints":{"allow":["GET"]}}],"collection":[{"href":"https:\/\/www.notibras.com\/site\/wp-json\/wp\/v2\/posts"}],"about":[{"href":"https:\/\/www.notibras.com\/site\/wp-json\/wp\/v2\/types\/post"}],"author":[{"embeddable":true,"href":"https:\/\/www.notibras.com\/site\/wp-json\/wp\/v2\/users\/2"}],"replies":[{"embeddable":true,"href":"https:\/\/www.notibras.com\/site\/wp-json\/wp\/v2\/comments?post=39307"}],"version-history":[{"count":0,"href":"https:\/\/www.notibras.com\/site\/wp-json\/wp\/v2\/posts\/39307\/revisions"}],"wp:featuredmedia":[{"embeddable":true,"href":"https:\/\/www.notibras.com\/site\/wp-json\/wp\/v2\/media\/39308"}],"wp:attachment":[{"href":"https:\/\/www.notibras.com\/site\/wp-json\/wp\/v2\/media?parent=39307"}],"wp:term":[{"taxonomy":"category","embeddable":true,"href":"https:\/\/www.notibras.com\/site\/wp-json\/wp\/v2\/categories?post=39307"},{"taxonomy":"post_tag","embeddable":true,"href":"https:\/\/www.notibras.com\/site\/wp-json\/wp\/v2\/tags?post=39307"}],"curies":[{"name":"wp","href":"https:\/\/api.w.org\/{rel}","templated":true}]}}