{"id":393077,"date":"2026-04-30T07:39:44","date_gmt":"2026-04-30T10:39:44","guid":{"rendered":"https:\/\/www.notibras.com\/site\/?p=393077"},"modified":"2026-04-30T07:43:48","modified_gmt":"2026-04-30T10:43:48","slug":"gancho-de-direita-joga-lula-na-lona-e-anima-oposicao-para-a-eleicao","status":"publish","type":"post","link":"https:\/\/www.notibras.com\/site\/gancho-de-direita-joga-lula-na-lona-e-anima-oposicao-para-a-eleicao\/","title":{"rendered":"Gancho de direita joga Lula na lona e anima oposi\u00e7\u00e3o para a elei\u00e7\u00e3o"},"content":{"rendered":"<p>Pela segunda vez na hist\u00f3ria deste pa\u00eds republicano, o Senado rejeita uma indica\u00e7\u00e3o de um presidente da Rep\u00fablica para uma das 11 cadeiras do Supremo Tribunal Federal. Recomendado por Luiz In\u00e1cio Lula da Silva, o atual Advogado-Geral da Uni\u00e3o, Jorge Messias, obteve apenas 34 dos 41 votos necess\u00e1rios para sua aprova\u00e7\u00e3o. A primeira rejei\u00e7\u00e3o ocorreu em 1894, quando o Marechal Floriano Peixoto teve nada menos do que cinco nomes barrados para o STF. Ou seja, h\u00e1 132 anos o Senado n\u00e3o reprovava uma indica\u00e7\u00e3o presidencial para a Corte Constitucional.<\/p>\n<p>O caso mais emblem\u00e1tico foi o do m\u00e9dico-cirurgi\u00e3o C\u00e2ndido Barata Ribeiro, rejeitado quando fazia dez meses que ele j\u00e1 atuava como ministro da Suprema Corte. A rejei\u00e7\u00e3o a Messias pode n\u00e3o significar o fim do governo Lula, mas indiscutivelmente \u00e9 o maior rev\u00e9s de todos os tempos do petismo e um malogro pessoal para o curr\u00edculo e para a biografia daquele que ainda \u00e9 considerado o maior l\u00edder da esquerda brasileira.<\/p>\n<p>\u00c0 revelia do presidente do Senado, Davi Alcolumbre (Uni\u00e3o Brasil-AP), o evang\u00e9lico Jorge Messias foi indicado por Lula da Silva para ocupar a vaga aberta por conta da aposentadoria do ministro Lu\u00eds Roberto Barroso. Hist\u00f3rica, marcante e ruidosa, a desaprova\u00e7\u00e3o ocorreu em meio a um intenso debate sobre as decis\u00f5es do Supremo Tribunal e o esc\u00e2ndalo envolvendo o Banco Master e Daniel Vorcaro, conhecido como o homem da mala. Obviamente que o Master foi s\u00f3 o pretexto.<\/p>\n<p>Na verdade, est\u00e1 consolidada a oposi\u00e7\u00e3o ao Lula 3 no Congresso Nacional, particularmente no Senado, casa de maioria oposicionista. Al\u00e9m de engolir o choro, resta a Lula e ao PT indicarem \u00e0s pressas o senador Rodrigo Pacheco (PSD-MG), menino dos olhos de Alcolumbre, esperar a poeira abaixar, escolher um nome que atenda a gregos e baiano ou dar tempo ao tempo e aguardar a elei\u00e7\u00e3o de outubro. Caso ven\u00e7a pela quarta vez, ele poder\u00e1 indicar seu terceiro ministro do STF neste mandato. No acumulado, Lula \u00e9 o recordista, com dez ministros nomeados para a Corte.<\/p>\n<p>Ao contr\u00e1rio de Floriano Peixoto, que fracassou em decorr\u00eancia de uma s\u00e9rie de conflitos com o Tribunal da \u00e9poca, Lula perdeu de exibido. Ele foi avisado da possibilidade de um fiasco por Alcolumbre, por alguns ministros do pr\u00f3prio STF e por quase toda a torcida do Flamengo e do Corinthians. Bancou um nome que agradava a poucos senadores e agora se v\u00ea obrigado a assistir da geral \u00e0 vit\u00f3ria da oposi\u00e7\u00e3o, representada neste ato por Fl\u00e1vio Bolsonaro e o sempre bajulador S\u00e9rgio Moro. Coisas da democracia, mas um inc\u00f4modo inesperado. Reitero que ainda \u00e9 cedo para apostar no fim do Lula 3.<\/p>\n<p>Entretanto, pode ser o come\u00e7o do fim. A sorte do presidente da Rep\u00fablica \u00e9 que as indica\u00e7\u00f5es para o STF ficam restritas \u00e0 imprensa especializada e \u00e0queles que se op\u00f5em aos nomes enviados ao Senado. Resumindo, \u00e9 o tipo de assunto que pouco interessa \u00e0 massa que vota e que elege presidentes. O insucesso de Luiz In\u00e1cio pode n\u00e3o ter alcan\u00e7ado a sucess\u00e3o presidencial, mas certamente a rejei\u00e7\u00e3o acabou com as aspira\u00e7\u00f5es de Jorge Messias de galgar o sonhado posto de autoridade. O parquinho bolsonarista est\u00e1 em festa. Todavia, a lona do circo lulista permanece de p\u00e9. Tor\u00e7o para que essa briga de c\u00e3es raivosos n\u00e3o contamine o eleitor. Para evitar a ru\u00edna do pa\u00eds e o nocaute do povo, oremos.<\/p>\n<p>&#8230;&#8230;&#8230;&#8230;.<\/p>\n<p><strong>Mathuzal\u00e9m J\u00fanior \u00e9 jornalista profissional desde 1978<\/strong><\/p>\n","protected":false},"excerpt":{"rendered":"<p>Pela segunda vez na hist\u00f3ria deste pa\u00eds republicano, o Senado rejeita uma indica\u00e7\u00e3o de um presidente da Rep\u00fablica para uma das 11 cadeiras do Supremo Tribunal Federal. Recomendado por Luiz In\u00e1cio Lula da Silva, o atual Advogado-Geral da Uni\u00e3o, Jorge Messias, obteve apenas 34 dos 41 votos necess\u00e1rios para sua aprova\u00e7\u00e3o. A primeira rejei\u00e7\u00e3o ocorreu [&hellip;]<\/p>\n","protected":false},"author":2,"featured_media":393078,"comment_status":"closed","ping_status":"closed","sticky":false,"template":"","format":"standard","meta":{"_acf_changed":false,"footnotes":""},"categories":[16],"tags":[95],"class_list":["post-393077","post","type-post","status-publish","format-standard","has-post-thumbnail","hentry","category-brasil","tag-capa"],"acf":[],"yoast_head":"<!-- This site is optimized with the Yoast SEO plugin v27.2 - https:\/\/yoast.com\/product\/yoast-seo-wordpress\/ -->\n<title>Gancho de direita joga Lula na lona e anima oposi\u00e7\u00e3o para a elei\u00e7\u00e3o - Notibras<\/title>\n<meta name=\"robots\" content=\"index, follow, max-snippet:-1, max-image-preview:large, max-video-preview:-1\" \/>\n<link rel=\"canonical\" href=\"https:\/\/www.notibras.com\/site\/gancho-de-direita-joga-lula-na-lona-e-anima-oposicao-para-a-eleicao\/\" \/>\n<meta property=\"og:locale\" content=\"pt_BR\" \/>\n<meta property=\"og:type\" content=\"article\" \/>\n<meta property=\"og:title\" content=\"Gancho de direita joga Lula na lona e anima oposi\u00e7\u00e3o para a elei\u00e7\u00e3o - Notibras\" \/>\n<meta property=\"og:description\" content=\"Pela segunda vez na hist\u00f3ria deste pa\u00eds republicano, o Senado rejeita uma indica\u00e7\u00e3o de um presidente da Rep\u00fablica para uma das 11 cadeiras do Supremo Tribunal Federal. Recomendado por Luiz In\u00e1cio Lula da Silva, o atual Advogado-Geral da Uni\u00e3o, Jorge Messias, obteve apenas 34 dos 41 votos necess\u00e1rios para sua aprova\u00e7\u00e3o. A primeira rejei\u00e7\u00e3o ocorreu [&hellip;]\" \/>\n<meta property=\"og:url\" content=\"https:\/\/www.notibras.com\/site\/gancho-de-direita-joga-lula-na-lona-e-anima-oposicao-para-a-eleicao\/\" \/>\n<meta property=\"og:site_name\" content=\"Notibras\" \/>\n<meta property=\"article:publisher\" content=\"https:\/\/www.facebook.com\/notibras\/\" \/>\n<meta property=\"article:published_time\" content=\"2026-04-30T10:39:44+00:00\" \/>\n<meta property=\"article:modified_time\" content=\"2026-04-30T10:43:48+00:00\" \/>\n<meta property=\"og:image\" content=\"https:\/\/www.notibras.com\/site\/wp-content\/uploads\/2026\/04\/55239301581_c88014dfdb_o.webp\" \/>\n\t<meta property=\"og:image:width\" content=\"1170\" \/>\n\t<meta property=\"og:image:height\" content=\"700\" \/>\n\t<meta property=\"og:image:type\" content=\"image\/webp\" \/>\n<meta name=\"author\" content=\"Reda\u00e7\u00e3o\" \/>\n<meta name=\"twitter:card\" content=\"summary_large_image\" \/>\n<meta name=\"twitter:creator\" content=\"@Notibras\" \/>\n<meta name=\"twitter:site\" content=\"@Notibras\" \/>\n<meta name=\"twitter:label1\" content=\"Escrito por\" \/>\n\t<meta name=\"twitter:data1\" content=\"Reda\u00e7\u00e3o\" \/>\n\t<meta name=\"twitter:label2\" content=\"Est. tempo de leitura\" \/>\n\t<meta name=\"twitter:data2\" content=\"4 minutos\" \/>\n<script type=\"application\/ld+json\" class=\"yoast-schema-graph\">{\"@context\":\"https:\/\/schema.org\",\"@graph\":[{\"@type\":\"Article\",\"@id\":\"https:\/\/www.notibras.com\/site\/gancho-de-direita-joga-lula-na-lona-e-anima-oposicao-para-a-eleicao\/#article\",\"isPartOf\":{\"@id\":\"https:\/\/www.notibras.com\/site\/gancho-de-direita-joga-lula-na-lona-e-anima-oposicao-para-a-eleicao\/\"},\"author\":{\"name\":\"Reda\u00e7\u00e3o\",\"@id\":\"https:\/\/www.notibras.com\/site\/#\/schema\/person\/36ab0979449956132d3e5b517ea76ac8\"},\"headline\":\"Gancho de direita joga Lula na lona e anima oposi\u00e7\u00e3o para a elei\u00e7\u00e3o\",\"datePublished\":\"2026-04-30T10:39:44+00:00\",\"dateModified\":\"2026-04-30T10:43:48+00:00\",\"mainEntityOfPage\":{\"@id\":\"https:\/\/www.notibras.com\/site\/gancho-de-direita-joga-lula-na-lona-e-anima-oposicao-para-a-eleicao\/\"},\"wordCount\":615,\"publisher\":{\"@id\":\"https:\/\/www.notibras.com\/site\/#organization\"},\"image\":{\"@id\":\"https:\/\/www.notibras.com\/site\/gancho-de-direita-joga-lula-na-lona-e-anima-oposicao-para-a-eleicao\/#primaryimage\"},\"thumbnailUrl\":\"https:\/\/www.notibras.com\/site\/wp-content\/uploads\/2026\/04\/55239301581_c88014dfdb_o.webp\",\"keywords\":[\"capa\"],\"articleSection\":[\"Brasil\"],\"inLanguage\":\"pt-BR\"},{\"@type\":\"WebPage\",\"@id\":\"https:\/\/www.notibras.com\/site\/gancho-de-direita-joga-lula-na-lona-e-anima-oposicao-para-a-eleicao\/\",\"url\":\"https:\/\/www.notibras.com\/site\/gancho-de-direita-joga-lula-na-lona-e-anima-oposicao-para-a-eleicao\/\",\"name\":\"Gancho de direita joga Lula na lona e anima oposi\u00e7\u00e3o para a elei\u00e7\u00e3o - Notibras\",\"isPartOf\":{\"@id\":\"https:\/\/www.notibras.com\/site\/#website\"},\"primaryImageOfPage\":{\"@id\":\"https:\/\/www.notibras.com\/site\/gancho-de-direita-joga-lula-na-lona-e-anima-oposicao-para-a-eleicao\/#primaryimage\"},\"image\":{\"@id\":\"https:\/\/www.notibras.com\/site\/gancho-de-direita-joga-lula-na-lona-e-anima-oposicao-para-a-eleicao\/#primaryimage\"},\"thumbnailUrl\":\"https:\/\/www.notibras.com\/site\/wp-content\/uploads\/2026\/04\/55239301581_c88014dfdb_o.webp\",\"datePublished\":\"2026-04-30T10:39:44+00:00\",\"dateModified\":\"2026-04-30T10:43:48+00:00\",\"breadcrumb\":{\"@id\":\"https:\/\/www.notibras.com\/site\/gancho-de-direita-joga-lula-na-lona-e-anima-oposicao-para-a-eleicao\/#breadcrumb\"},\"inLanguage\":\"pt-BR\",\"potentialAction\":[{\"@type\":\"ReadAction\",\"target\":[\"https:\/\/www.notibras.com\/site\/gancho-de-direita-joga-lula-na-lona-e-anima-oposicao-para-a-eleicao\/\"]}]},{\"@type\":\"ImageObject\",\"inLanguage\":\"pt-BR\",\"@id\":\"https:\/\/www.notibras.com\/site\/gancho-de-direita-joga-lula-na-lona-e-anima-oposicao-para-a-eleicao\/#primaryimage\",\"url\":\"https:\/\/www.notibras.com\/site\/wp-content\/uploads\/2026\/04\/55239301581_c88014dfdb_o.webp\",\"contentUrl\":\"https:\/\/www.notibras.com\/site\/wp-content\/uploads\/2026\/04\/55239301581_c88014dfdb_o.webp\",\"width\":1170,\"height\":700},{\"@type\":\"BreadcrumbList\",\"@id\":\"https:\/\/www.notibras.com\/site\/gancho-de-direita-joga-lula-na-lona-e-anima-oposicao-para-a-eleicao\/#breadcrumb\",\"itemListElement\":[{\"@type\":\"ListItem\",\"position\":1,\"name\":\"In\u00edcio\",\"item\":\"https:\/\/www.notibras.com\/site\/\"},{\"@type\":\"ListItem\",\"position\":2,\"name\":\"Gancho de direita joga Lula na lona e anima oposi\u00e7\u00e3o para a elei\u00e7\u00e3o\"}]},{\"@type\":\"WebSite\",\"@id\":\"https:\/\/www.notibras.com\/site\/#website\",\"url\":\"https:\/\/www.notibras.com\/site\/\",\"name\":\"Notibras\",\"description\":\"Not\u00edcias de Bras\u00edlia, do Brasil e do Mundo\",\"publisher\":{\"@id\":\"https:\/\/www.notibras.com\/site\/#organization\"},\"potentialAction\":[{\"@type\":\"SearchAction\",\"target\":{\"@type\":\"EntryPoint\",\"urlTemplate\":\"https:\/\/www.notibras.com\/site\/?s={search_term_string}\"},\"query-input\":{\"@type\":\"PropertyValueSpecification\",\"valueRequired\":true,\"valueName\":\"search_term_string\"}}],\"inLanguage\":\"pt-BR\"},{\"@type\":\"Organization\",\"@id\":\"https:\/\/www.notibras.com\/site\/#organization\",\"name\":\"Grupo Notibras de Comunica\u00e7\u00e3o\",\"url\":\"https:\/\/www.notibras.com\/site\/\",\"logo\":{\"@type\":\"ImageObject\",\"inLanguage\":\"pt-BR\",\"@id\":\"https:\/\/www.notibras.com\/site\/#\/schema\/logo\/image\/\",\"url\":\"https:\/\/www.notibras.com\/site\/wp-content\/uploads\/2023\/01\/notibras23.png\",\"contentUrl\":\"https:\/\/www.notibras.com\/site\/wp-content\/uploads\/2023\/01\/notibras23.png\",\"width\":350,\"height\":87,\"caption\":\"Grupo Notibras de Comunica\u00e7\u00e3o\"},\"image\":{\"@id\":\"https:\/\/www.notibras.com\/site\/#\/schema\/logo\/image\/\"},\"sameAs\":[\"https:\/\/www.facebook.com\/notibras\/\",\"https:\/\/x.com\/Notibras\",\"https:\/\/www.instagram.com\/notibras\/\"]},{\"@type\":\"Person\",\"@id\":\"https:\/\/www.notibras.com\/site\/#\/schema\/person\/36ab0979449956132d3e5b517ea76ac8\",\"name\":\"Reda\u00e7\u00e3o\",\"image\":{\"@type\":\"ImageObject\",\"inLanguage\":\"pt-BR\",\"@id\":\"https:\/\/secure.gravatar.com\/avatar\/e0a867bdedb85fd243eadf09663511f96fc81e0720a4a42581f334ad4303aa6b?s=96&d=mm&r=g\",\"url\":\"https:\/\/secure.gravatar.com\/avatar\/e0a867bdedb85fd243eadf09663511f96fc81e0720a4a42581f334ad4303aa6b?s=96&d=mm&r=g\",\"contentUrl\":\"https:\/\/secure.gravatar.com\/avatar\/e0a867bdedb85fd243eadf09663511f96fc81e0720a4a42581f334ad4303aa6b?s=96&d=mm&r=g\",\"caption\":\"Reda\u00e7\u00e3o\"}}]}<\/script>\n<!-- \/ Yoast SEO plugin. -->","yoast_head_json":{"title":"Gancho de direita joga Lula na lona e anima oposi\u00e7\u00e3o para a elei\u00e7\u00e3o - Notibras","robots":{"index":"index","follow":"follow","max-snippet":"max-snippet:-1","max-image-preview":"max-image-preview:large","max-video-preview":"max-video-preview:-1"},"canonical":"https:\/\/www.notibras.com\/site\/gancho-de-direita-joga-lula-na-lona-e-anima-oposicao-para-a-eleicao\/","og_locale":"pt_BR","og_type":"article","og_title":"Gancho de direita joga Lula na lona e anima oposi\u00e7\u00e3o para a elei\u00e7\u00e3o - Notibras","og_description":"Pela segunda vez na hist\u00f3ria deste pa\u00eds republicano, o Senado rejeita uma indica\u00e7\u00e3o de um presidente da Rep\u00fablica para uma das 11 cadeiras do Supremo Tribunal Federal. Recomendado por Luiz In\u00e1cio Lula da Silva, o atual Advogado-Geral da Uni\u00e3o, Jorge Messias, obteve apenas 34 dos 41 votos necess\u00e1rios para sua aprova\u00e7\u00e3o. A primeira rejei\u00e7\u00e3o ocorreu [&hellip;]","og_url":"https:\/\/www.notibras.com\/site\/gancho-de-direita-joga-lula-na-lona-e-anima-oposicao-para-a-eleicao\/","og_site_name":"Notibras","article_publisher":"https:\/\/www.facebook.com\/notibras\/","article_published_time":"2026-04-30T10:39:44+00:00","article_modified_time":"2026-04-30T10:43:48+00:00","og_image":[{"width":1170,"height":700,"url":"https:\/\/www.notibras.com\/site\/wp-content\/uploads\/2026\/04\/55239301581_c88014dfdb_o.webp","type":"image\/webp"}],"author":"Reda\u00e7\u00e3o","twitter_card":"summary_large_image","twitter_creator":"@Notibras","twitter_site":"@Notibras","twitter_misc":{"Escrito por":"Reda\u00e7\u00e3o","Est. tempo de leitura":"4 minutos"},"schema":{"@context":"https:\/\/schema.org","@graph":[{"@type":"Article","@id":"https:\/\/www.notibras.com\/site\/gancho-de-direita-joga-lula-na-lona-e-anima-oposicao-para-a-eleicao\/#article","isPartOf":{"@id":"https:\/\/www.notibras.com\/site\/gancho-de-direita-joga-lula-na-lona-e-anima-oposicao-para-a-eleicao\/"},"author":{"name":"Reda\u00e7\u00e3o","@id":"https:\/\/www.notibras.com\/site\/#\/schema\/person\/36ab0979449956132d3e5b517ea76ac8"},"headline":"Gancho de direita joga Lula na lona e anima oposi\u00e7\u00e3o para a elei\u00e7\u00e3o","datePublished":"2026-04-30T10:39:44+00:00","dateModified":"2026-04-30T10:43:48+00:00","mainEntityOfPage":{"@id":"https:\/\/www.notibras.com\/site\/gancho-de-direita-joga-lula-na-lona-e-anima-oposicao-para-a-eleicao\/"},"wordCount":615,"publisher":{"@id":"https:\/\/www.notibras.com\/site\/#organization"},"image":{"@id":"https:\/\/www.notibras.com\/site\/gancho-de-direita-joga-lula-na-lona-e-anima-oposicao-para-a-eleicao\/#primaryimage"},"thumbnailUrl":"https:\/\/www.notibras.com\/site\/wp-content\/uploads\/2026\/04\/55239301581_c88014dfdb_o.webp","keywords":["capa"],"articleSection":["Brasil"],"inLanguage":"pt-BR"},{"@type":"WebPage","@id":"https:\/\/www.notibras.com\/site\/gancho-de-direita-joga-lula-na-lona-e-anima-oposicao-para-a-eleicao\/","url":"https:\/\/www.notibras.com\/site\/gancho-de-direita-joga-lula-na-lona-e-anima-oposicao-para-a-eleicao\/","name":"Gancho de direita joga Lula na lona e anima oposi\u00e7\u00e3o para a elei\u00e7\u00e3o - Notibras","isPartOf":{"@id":"https:\/\/www.notibras.com\/site\/#website"},"primaryImageOfPage":{"@id":"https:\/\/www.notibras.com\/site\/gancho-de-direita-joga-lula-na-lona-e-anima-oposicao-para-a-eleicao\/#primaryimage"},"image":{"@id":"https:\/\/www.notibras.com\/site\/gancho-de-direita-joga-lula-na-lona-e-anima-oposicao-para-a-eleicao\/#primaryimage"},"thumbnailUrl":"https:\/\/www.notibras.com\/site\/wp-content\/uploads\/2026\/04\/55239301581_c88014dfdb_o.webp","datePublished":"2026-04-30T10:39:44+00:00","dateModified":"2026-04-30T10:43:48+00:00","breadcrumb":{"@id":"https:\/\/www.notibras.com\/site\/gancho-de-direita-joga-lula-na-lona-e-anima-oposicao-para-a-eleicao\/#breadcrumb"},"inLanguage":"pt-BR","potentialAction":[{"@type":"ReadAction","target":["https:\/\/www.notibras.com\/site\/gancho-de-direita-joga-lula-na-lona-e-anima-oposicao-para-a-eleicao\/"]}]},{"@type":"ImageObject","inLanguage":"pt-BR","@id":"https:\/\/www.notibras.com\/site\/gancho-de-direita-joga-lula-na-lona-e-anima-oposicao-para-a-eleicao\/#primaryimage","url":"https:\/\/www.notibras.com\/site\/wp-content\/uploads\/2026\/04\/55239301581_c88014dfdb_o.webp","contentUrl":"https:\/\/www.notibras.com\/site\/wp-content\/uploads\/2026\/04\/55239301581_c88014dfdb_o.webp","width":1170,"height":700},{"@type":"BreadcrumbList","@id":"https:\/\/www.notibras.com\/site\/gancho-de-direita-joga-lula-na-lona-e-anima-oposicao-para-a-eleicao\/#breadcrumb","itemListElement":[{"@type":"ListItem","position":1,"name":"In\u00edcio","item":"https:\/\/www.notibras.com\/site\/"},{"@type":"ListItem","position":2,"name":"Gancho de direita joga Lula na lona e anima oposi\u00e7\u00e3o para a elei\u00e7\u00e3o"}]},{"@type":"WebSite","@id":"https:\/\/www.notibras.com\/site\/#website","url":"https:\/\/www.notibras.com\/site\/","name":"Notibras","description":"Not\u00edcias de Bras\u00edlia, do Brasil e do Mundo","publisher":{"@id":"https:\/\/www.notibras.com\/site\/#organization"},"potentialAction":[{"@type":"SearchAction","target":{"@type":"EntryPoint","urlTemplate":"https:\/\/www.notibras.com\/site\/?s={search_term_string}"},"query-input":{"@type":"PropertyValueSpecification","valueRequired":true,"valueName":"search_term_string"}}],"inLanguage":"pt-BR"},{"@type":"Organization","@id":"https:\/\/www.notibras.com\/site\/#organization","name":"Grupo Notibras de Comunica\u00e7\u00e3o","url":"https:\/\/www.notibras.com\/site\/","logo":{"@type":"ImageObject","inLanguage":"pt-BR","@id":"https:\/\/www.notibras.com\/site\/#\/schema\/logo\/image\/","url":"https:\/\/www.notibras.com\/site\/wp-content\/uploads\/2023\/01\/notibras23.png","contentUrl":"https:\/\/www.notibras.com\/site\/wp-content\/uploads\/2023\/01\/notibras23.png","width":350,"height":87,"caption":"Grupo Notibras de Comunica\u00e7\u00e3o"},"image":{"@id":"https:\/\/www.notibras.com\/site\/#\/schema\/logo\/image\/"},"sameAs":["https:\/\/www.facebook.com\/notibras\/","https:\/\/x.com\/Notibras","https:\/\/www.instagram.com\/notibras\/"]},{"@type":"Person","@id":"https:\/\/www.notibras.com\/site\/#\/schema\/person\/36ab0979449956132d3e5b517ea76ac8","name":"Reda\u00e7\u00e3o","image":{"@type":"ImageObject","inLanguage":"pt-BR","@id":"https:\/\/secure.gravatar.com\/avatar\/e0a867bdedb85fd243eadf09663511f96fc81e0720a4a42581f334ad4303aa6b?s=96&d=mm&r=g","url":"https:\/\/secure.gravatar.com\/avatar\/e0a867bdedb85fd243eadf09663511f96fc81e0720a4a42581f334ad4303aa6b?s=96&d=mm&r=g","contentUrl":"https:\/\/secure.gravatar.com\/avatar\/e0a867bdedb85fd243eadf09663511f96fc81e0720a4a42581f334ad4303aa6b?s=96&d=mm&r=g","caption":"Reda\u00e7\u00e3o"}}]}},"amp_enabled":true,"_links":{"self":[{"href":"https:\/\/www.notibras.com\/site\/wp-json\/wp\/v2\/posts\/393077","targetHints":{"allow":["GET"]}}],"collection":[{"href":"https:\/\/www.notibras.com\/site\/wp-json\/wp\/v2\/posts"}],"about":[{"href":"https:\/\/www.notibras.com\/site\/wp-json\/wp\/v2\/types\/post"}],"author":[{"embeddable":true,"href":"https:\/\/www.notibras.com\/site\/wp-json\/wp\/v2\/users\/2"}],"replies":[{"embeddable":true,"href":"https:\/\/www.notibras.com\/site\/wp-json\/wp\/v2\/comments?post=393077"}],"version-history":[{"count":4,"href":"https:\/\/www.notibras.com\/site\/wp-json\/wp\/v2\/posts\/393077\/revisions"}],"predecessor-version":[{"id":393082,"href":"https:\/\/www.notibras.com\/site\/wp-json\/wp\/v2\/posts\/393077\/revisions\/393082"}],"wp:featuredmedia":[{"embeddable":true,"href":"https:\/\/www.notibras.com\/site\/wp-json\/wp\/v2\/media\/393078"}],"wp:attachment":[{"href":"https:\/\/www.notibras.com\/site\/wp-json\/wp\/v2\/media?parent=393077"}],"wp:term":[{"taxonomy":"category","embeddable":true,"href":"https:\/\/www.notibras.com\/site\/wp-json\/wp\/v2\/categories?post=393077"},{"taxonomy":"post_tag","embeddable":true,"href":"https:\/\/www.notibras.com\/site\/wp-json\/wp\/v2\/tags?post=393077"}],"curies":[{"name":"wp","href":"https:\/\/api.w.org\/{rel}","templated":true}]}}