{"id":393083,"date":"2026-04-30T06:45:53","date_gmt":"2026-04-30T09:45:53","guid":{"rendered":"https:\/\/www.notibras.com\/site\/?p=393083"},"modified":"2026-04-30T07:51:39","modified_gmt":"2026-04-30T10:51:39","slug":"messias-cai-entre-lula-e-o-supremo-sem-limites","status":"publish","type":"post","link":"https:\/\/www.notibras.com\/site\/messias-cai-entre-lula-e-o-supremo-sem-limites\/","title":{"rendered":"Messias cai entre Lula e o Supremo sem limites"},"content":{"rendered":"<p>O epis\u00f3dio envolvendo Jorge Messias e a rejei\u00e7\u00e3o de seu nome pelo Senado Federal n\u00e3o cabe dentro da leitura confort\u00e1vel de derrota pessoal, embora essa seja a interpreta\u00e7\u00e3o mais imediata e, por isso mesmo, a mais superficial, porque o que se viu n\u00e3o foi um julgamento sobre preparo ou trajet\u00f3ria, mas a converg\u00eancia de um ambiente pol\u00edtico j\u00e1 tensionado antes mesmo de seu nome entrar em pauta.<\/p>\n<p>Messias n\u00e3o foi recusado por insufici\u00eancia t\u00e9cnica nem por fragilidade de percurso institucional, mas acabou inserido em um cen\u00e1rio onde a indica\u00e7\u00e3o passou a carregar significados que a ultrapassam, especialmente porque o governo do presidente Luiz In\u00e1cio Lula da Silva j\u00e1 n\u00e3o consegue transferir com naturalidade o peso pol\u00edtico necess\u00e1rio para sustentar suas escolhas, o que altera de forma decisiva o comportamento do Senado diante de nomes que, em outro momento, atravessariam o processo com menos resist\u00eancia.<\/p>\n<p>Essa \u00e9 apenas a camada mais vis\u00edvel, porque h\u00e1 outra, mais sens\u00edvel e mais inc\u00f4moda, que diz respeito ao papel que o Supremo Tribunal Federal passou a desempenhar no ambiente institucional, n\u00e3o mais como ator que atua dentro de limites reconhecidos, mas como protagonista que, ao expandir sua presen\u00e7a e sua capacidade de interfer\u00eancia, passou tamb\u00e9m a concentrar sobre si um volume crescente de questionamentos.<\/p>\n<p>N\u00e3o se trata aqui de um debate te\u00f3rico sobre interpreta\u00e7\u00e3o constitucional, mas de uma percep\u00e7\u00e3o concreta de que o limite entre julgar e influenciar o jogo pol\u00edtico foi sendo progressivamente tensionado, a ponto de gerar a sensa\u00e7\u00e3o de que a conten\u00e7\u00e3o que sempre se esperou da magistratura perdeu espa\u00e7o para um exerc\u00edcio de poder mais amplo, amparado pela autoridade incontest\u00e1vel da toga, mas j\u00e1 n\u00e3o acompanhado pelo mesmo rigor na preserva\u00e7\u00e3o da liturgia do cargo.<\/p>\n<p>A exposi\u00e7\u00e3o excessiva de ministros, a amplia\u00e7\u00e3o do alcance de decis\u00f5es, a aproxima\u00e7\u00e3o com ambientes que tangenciam o universo pol\u00edtico e a perman\u00eancia de benef\u00edcios que refor\u00e7am a ideia de distanciamento da realidade social formam um conjunto que, isoladamente, pode ser relativizado, mas que, reunido, passa a produzir desgaste institucional e a contaminar o ambiente em que indica\u00e7\u00f5es ao Supremo s\u00e3o analisadas.<\/p>\n<p>Foi nesse contexto que o nome de Messias chegou ao Senado, j\u00e1 carregando um peso que n\u00e3o lhe pertencia integralmente, mas que passou a ser projetado sobre ele.<\/p>\n<p>H\u00e1, ainda, um vetor adicional que ajuda a compreender o desfecho e que n\u00e3o se apresenta de forma expl\u00edcita, mas atua com grande efic\u00e1cia nos bastidores, que \u00e9 a condu\u00e7\u00e3o pol\u00edtica do processo por Davi Alcolumbre, que, contrariado pela n\u00e3o indica\u00e7\u00e3o de seu candidato \u00e0 vaga, o senador Rodrigo Pacheco, optou por n\u00e3o tensionar o processo de forma aberta, mas por esvazi\u00e1-lo naquilo que \u00e9 mais determinante, que \u00e9 a constru\u00e7\u00e3o de maioria.<\/p>\n<p>A pol\u00edtica, quando decide aprovar, mobiliza-se, articula, organiza o ambiente e conduz o resultado, mas, quando decide n\u00e3o faz\u00ea-lo, opera de maneira inversa, retirando energia do processo at\u00e9 que ele se inviabilize por aus\u00eancia de sustenta\u00e7\u00e3o, e foi exatamente esse movimento que se consolidou ao longo da tramita\u00e7\u00e3o, n\u00e3o no plano do discurso, mas no da pr\u00e1tica silenciosa.<\/p>\n<p>Esse comportamento n\u00e3o \u00e9 epis\u00f3dico, mas express\u00e3o de um padr\u00e3o que se consolidou nas rela\u00e7\u00f5es institucionais brasileiras e que ultrapassou o limite do pragmatismo para ingressar em um terreno mais sens\u00edvel, em que o chamado \u201ctoma l\u00e1 d\u00e1 c\u00e1\u201d deixou de ser instrumento de negocia\u00e7\u00e3o para se transformar em mecanismo de condicionamento pol\u00edtico, no qual o apoio n\u00e3o \u00e9 constru\u00eddo, mas exigido, e sua aus\u00eancia passa a produzir consequ\u00eancias concretas.<\/p>\n<p>A rejei\u00e7\u00e3o de Messias, portanto, n\u00e3o pode ser compreendida como um ato isolado, mas como o resultado da combina\u00e7\u00e3o entre desgaste do Executivo, desconforto crescente com o papel do Supremo e uma articula\u00e7\u00e3o legislativa que, deliberadamente, deixou de existir, fazendo com que o Senado, ao votar, expressasse n\u00e3o apenas sua posi\u00e7\u00e3o sobre o indicado, mas o ac\u00famulo de tens\u00f5es que vinha sendo administrado de forma cada vez mais prec\u00e1ria.<\/p>\n<p>Ainda assim, \u00e9 preciso registrar que, diante desse cen\u00e1rio, a postura de Jorge Messias foi marcada pela sobriedade, sem rea\u00e7\u00e3o exagerada, sem tentativa de converter o epis\u00f3dio em confronto p\u00fablico e com a aceita\u00e7\u00e3o do resultado dentro dos limites institucionais, o que, em um ambiente pol\u00edtico frequentemente marcado por excessos, acaba por diferenci\u00e1-lo.<\/p>\n<p>O que permanece n\u00e3o \u00e9 a biografia de um derrotado, mas o retrato de um sistema em desgaste, no qual Executivo, Legislativo e Judici\u00e1rio operam sob permanente tens\u00e3o, com rela\u00e7\u00f5es marcadas mais por cobran\u00e7a do que por coopera\u00e7\u00e3o e com um ambiente institucional em que decis\u00f5es como essa deixam de ser apenas pontuais e passam a refletir algo maior.<\/p>\n<p>Messias saiu sem a aprova\u00e7\u00e3o, mas o epis\u00f3dio que o envolve diz muito mais sobre o funcionamento atual do poder no Brasil do que sobre ele pr\u00f3prio.<\/p>\n","protected":false},"excerpt":{"rendered":"<p>O epis\u00f3dio envolvendo Jorge Messias e a rejei\u00e7\u00e3o de seu nome pelo Senado Federal n\u00e3o cabe dentro da leitura confort\u00e1vel de derrota pessoal, embora essa seja a interpreta\u00e7\u00e3o mais imediata e, por isso mesmo, a mais superficial, porque o que se viu n\u00e3o foi um julgamento sobre preparo ou trajet\u00f3ria, mas a converg\u00eancia de um [&hellip;]<\/p>\n","protected":false},"author":2,"featured_media":393084,"comment_status":"closed","ping_status":"closed","sticky":false,"template":"","format":"standard","meta":{"_acf_changed":false,"footnotes":""},"categories":[16],"tags":[],"class_list":["post-393083","post","type-post","status-publish","format-standard","has-post-thumbnail","hentry","category-brasil"],"acf":[],"yoast_head":"<!-- This site is optimized with the Yoast SEO plugin v27.2 - https:\/\/yoast.com\/product\/yoast-seo-wordpress\/ -->\n<title>Messias cai entre Lula e o Supremo sem limites - Notibras<\/title>\n<meta name=\"robots\" content=\"index, follow, max-snippet:-1, max-image-preview:large, max-video-preview:-1\" \/>\n<link rel=\"canonical\" href=\"https:\/\/www.notibras.com\/site\/messias-cai-entre-lula-e-o-supremo-sem-limites\/\" \/>\n<meta property=\"og:locale\" content=\"pt_BR\" \/>\n<meta property=\"og:type\" content=\"article\" \/>\n<meta property=\"og:title\" content=\"Messias cai entre Lula e o Supremo sem limites - Notibras\" \/>\n<meta property=\"og:description\" content=\"O epis\u00f3dio envolvendo Jorge Messias e a rejei\u00e7\u00e3o de seu nome pelo Senado Federal n\u00e3o cabe dentro da leitura confort\u00e1vel de derrota pessoal, embora essa seja a interpreta\u00e7\u00e3o mais imediata e, por isso mesmo, a mais superficial, porque o que se viu n\u00e3o foi um julgamento sobre preparo ou trajet\u00f3ria, mas a converg\u00eancia de um [&hellip;]\" \/>\n<meta property=\"og:url\" content=\"https:\/\/www.notibras.com\/site\/messias-cai-entre-lula-e-o-supremo-sem-limites\/\" \/>\n<meta property=\"og:site_name\" content=\"Notibras\" \/>\n<meta property=\"article:publisher\" content=\"https:\/\/www.facebook.com\/notibras\/\" \/>\n<meta property=\"article:published_time\" content=\"2026-04-30T09:45:53+00:00\" \/>\n<meta property=\"article:modified_time\" content=\"2026-04-30T10:51:39+00:00\" \/>\n<meta property=\"og:image\" content=\"https:\/\/www.notibras.com\/site\/wp-content\/uploads\/2026\/04\/0d9a4262.webp\" \/>\n\t<meta property=\"og:image:width\" content=\"1170\" \/>\n\t<meta property=\"og:image:height\" content=\"700\" \/>\n\t<meta property=\"og:image:type\" content=\"image\/webp\" \/>\n<meta name=\"author\" content=\"Reda\u00e7\u00e3o\" \/>\n<meta name=\"twitter:card\" content=\"summary_large_image\" \/>\n<meta name=\"twitter:creator\" content=\"@Notibras\" \/>\n<meta name=\"twitter:site\" content=\"@Notibras\" \/>\n<meta name=\"twitter:label1\" content=\"Escrito por\" \/>\n\t<meta name=\"twitter:data1\" content=\"Reda\u00e7\u00e3o\" \/>\n\t<meta name=\"twitter:label2\" content=\"Est. tempo de leitura\" \/>\n\t<meta name=\"twitter:data2\" content=\"5 minutos\" \/>\n<script type=\"application\/ld+json\" class=\"yoast-schema-graph\">{\"@context\":\"https:\/\/schema.org\",\"@graph\":[{\"@type\":\"Article\",\"@id\":\"https:\/\/www.notibras.com\/site\/messias-cai-entre-lula-e-o-supremo-sem-limites\/#article\",\"isPartOf\":{\"@id\":\"https:\/\/www.notibras.com\/site\/messias-cai-entre-lula-e-o-supremo-sem-limites\/\"},\"author\":{\"name\":\"Reda\u00e7\u00e3o\",\"@id\":\"https:\/\/www.notibras.com\/site\/#\/schema\/person\/36ab0979449956132d3e5b517ea76ac8\"},\"headline\":\"Messias cai entre Lula e o Supremo sem limites\",\"datePublished\":\"2026-04-30T09:45:53+00:00\",\"dateModified\":\"2026-04-30T10:51:39+00:00\",\"mainEntityOfPage\":{\"@id\":\"https:\/\/www.notibras.com\/site\/messias-cai-entre-lula-e-o-supremo-sem-limites\/\"},\"wordCount\":888,\"publisher\":{\"@id\":\"https:\/\/www.notibras.com\/site\/#organization\"},\"image\":{\"@id\":\"https:\/\/www.notibras.com\/site\/messias-cai-entre-lula-e-o-supremo-sem-limites\/#primaryimage\"},\"thumbnailUrl\":\"https:\/\/www.notibras.com\/site\/wp-content\/uploads\/2026\/04\/0d9a4262.webp\",\"articleSection\":[\"Brasil\"],\"inLanguage\":\"pt-BR\"},{\"@type\":\"WebPage\",\"@id\":\"https:\/\/www.notibras.com\/site\/messias-cai-entre-lula-e-o-supremo-sem-limites\/\",\"url\":\"https:\/\/www.notibras.com\/site\/messias-cai-entre-lula-e-o-supremo-sem-limites\/\",\"name\":\"Messias cai entre Lula e o Supremo sem limites - Notibras\",\"isPartOf\":{\"@id\":\"https:\/\/www.notibras.com\/site\/#website\"},\"primaryImageOfPage\":{\"@id\":\"https:\/\/www.notibras.com\/site\/messias-cai-entre-lula-e-o-supremo-sem-limites\/#primaryimage\"},\"image\":{\"@id\":\"https:\/\/www.notibras.com\/site\/messias-cai-entre-lula-e-o-supremo-sem-limites\/#primaryimage\"},\"thumbnailUrl\":\"https:\/\/www.notibras.com\/site\/wp-content\/uploads\/2026\/04\/0d9a4262.webp\",\"datePublished\":\"2026-04-30T09:45:53+00:00\",\"dateModified\":\"2026-04-30T10:51:39+00:00\",\"breadcrumb\":{\"@id\":\"https:\/\/www.notibras.com\/site\/messias-cai-entre-lula-e-o-supremo-sem-limites\/#breadcrumb\"},\"inLanguage\":\"pt-BR\",\"potentialAction\":[{\"@type\":\"ReadAction\",\"target\":[\"https:\/\/www.notibras.com\/site\/messias-cai-entre-lula-e-o-supremo-sem-limites\/\"]}]},{\"@type\":\"ImageObject\",\"inLanguage\":\"pt-BR\",\"@id\":\"https:\/\/www.notibras.com\/site\/messias-cai-entre-lula-e-o-supremo-sem-limites\/#primaryimage\",\"url\":\"https:\/\/www.notibras.com\/site\/wp-content\/uploads\/2026\/04\/0d9a4262.webp\",\"contentUrl\":\"https:\/\/www.notibras.com\/site\/wp-content\/uploads\/2026\/04\/0d9a4262.webp\",\"width\":1170,\"height\":700},{\"@type\":\"BreadcrumbList\",\"@id\":\"https:\/\/www.notibras.com\/site\/messias-cai-entre-lula-e-o-supremo-sem-limites\/#breadcrumb\",\"itemListElement\":[{\"@type\":\"ListItem\",\"position\":1,\"name\":\"In\u00edcio\",\"item\":\"https:\/\/www.notibras.com\/site\/\"},{\"@type\":\"ListItem\",\"position\":2,\"name\":\"Messias cai entre Lula e o Supremo sem limites\"}]},{\"@type\":\"WebSite\",\"@id\":\"https:\/\/www.notibras.com\/site\/#website\",\"url\":\"https:\/\/www.notibras.com\/site\/\",\"name\":\"Notibras\",\"description\":\"Not\u00edcias de Bras\u00edlia, do Brasil e do Mundo\",\"publisher\":{\"@id\":\"https:\/\/www.notibras.com\/site\/#organization\"},\"potentialAction\":[{\"@type\":\"SearchAction\",\"target\":{\"@type\":\"EntryPoint\",\"urlTemplate\":\"https:\/\/www.notibras.com\/site\/?s={search_term_string}\"},\"query-input\":{\"@type\":\"PropertyValueSpecification\",\"valueRequired\":true,\"valueName\":\"search_term_string\"}}],\"inLanguage\":\"pt-BR\"},{\"@type\":\"Organization\",\"@id\":\"https:\/\/www.notibras.com\/site\/#organization\",\"name\":\"Grupo Notibras de Comunica\u00e7\u00e3o\",\"url\":\"https:\/\/www.notibras.com\/site\/\",\"logo\":{\"@type\":\"ImageObject\",\"inLanguage\":\"pt-BR\",\"@id\":\"https:\/\/www.notibras.com\/site\/#\/schema\/logo\/image\/\",\"url\":\"https:\/\/www.notibras.com\/site\/wp-content\/uploads\/2023\/01\/notibras23.png\",\"contentUrl\":\"https:\/\/www.notibras.com\/site\/wp-content\/uploads\/2023\/01\/notibras23.png\",\"width\":350,\"height\":87,\"caption\":\"Grupo Notibras de Comunica\u00e7\u00e3o\"},\"image\":{\"@id\":\"https:\/\/www.notibras.com\/site\/#\/schema\/logo\/image\/\"},\"sameAs\":[\"https:\/\/www.facebook.com\/notibras\/\",\"https:\/\/x.com\/Notibras\",\"https:\/\/www.instagram.com\/notibras\/\"]},{\"@type\":\"Person\",\"@id\":\"https:\/\/www.notibras.com\/site\/#\/schema\/person\/36ab0979449956132d3e5b517ea76ac8\",\"name\":\"Reda\u00e7\u00e3o\",\"image\":{\"@type\":\"ImageObject\",\"inLanguage\":\"pt-BR\",\"@id\":\"https:\/\/secure.gravatar.com\/avatar\/e0a867bdedb85fd243eadf09663511f96fc81e0720a4a42581f334ad4303aa6b?s=96&d=mm&r=g\",\"url\":\"https:\/\/secure.gravatar.com\/avatar\/e0a867bdedb85fd243eadf09663511f96fc81e0720a4a42581f334ad4303aa6b?s=96&d=mm&r=g\",\"contentUrl\":\"https:\/\/secure.gravatar.com\/avatar\/e0a867bdedb85fd243eadf09663511f96fc81e0720a4a42581f334ad4303aa6b?s=96&d=mm&r=g\",\"caption\":\"Reda\u00e7\u00e3o\"}}]}<\/script>\n<!-- \/ Yoast SEO plugin. -->","yoast_head_json":{"title":"Messias cai entre Lula e o Supremo sem limites - Notibras","robots":{"index":"index","follow":"follow","max-snippet":"max-snippet:-1","max-image-preview":"max-image-preview:large","max-video-preview":"max-video-preview:-1"},"canonical":"https:\/\/www.notibras.com\/site\/messias-cai-entre-lula-e-o-supremo-sem-limites\/","og_locale":"pt_BR","og_type":"article","og_title":"Messias cai entre Lula e o Supremo sem limites - Notibras","og_description":"O epis\u00f3dio envolvendo Jorge Messias e a rejei\u00e7\u00e3o de seu nome pelo Senado Federal n\u00e3o cabe dentro da leitura confort\u00e1vel de derrota pessoal, embora essa seja a interpreta\u00e7\u00e3o mais imediata e, por isso mesmo, a mais superficial, porque o que se viu n\u00e3o foi um julgamento sobre preparo ou trajet\u00f3ria, mas a converg\u00eancia de um [&hellip;]","og_url":"https:\/\/www.notibras.com\/site\/messias-cai-entre-lula-e-o-supremo-sem-limites\/","og_site_name":"Notibras","article_publisher":"https:\/\/www.facebook.com\/notibras\/","article_published_time":"2026-04-30T09:45:53+00:00","article_modified_time":"2026-04-30T10:51:39+00:00","og_image":[{"width":1170,"height":700,"url":"https:\/\/www.notibras.com\/site\/wp-content\/uploads\/2026\/04\/0d9a4262.webp","type":"image\/webp"}],"author":"Reda\u00e7\u00e3o","twitter_card":"summary_large_image","twitter_creator":"@Notibras","twitter_site":"@Notibras","twitter_misc":{"Escrito por":"Reda\u00e7\u00e3o","Est. tempo de leitura":"5 minutos"},"schema":{"@context":"https:\/\/schema.org","@graph":[{"@type":"Article","@id":"https:\/\/www.notibras.com\/site\/messias-cai-entre-lula-e-o-supremo-sem-limites\/#article","isPartOf":{"@id":"https:\/\/www.notibras.com\/site\/messias-cai-entre-lula-e-o-supremo-sem-limites\/"},"author":{"name":"Reda\u00e7\u00e3o","@id":"https:\/\/www.notibras.com\/site\/#\/schema\/person\/36ab0979449956132d3e5b517ea76ac8"},"headline":"Messias cai entre Lula e o Supremo sem limites","datePublished":"2026-04-30T09:45:53+00:00","dateModified":"2026-04-30T10:51:39+00:00","mainEntityOfPage":{"@id":"https:\/\/www.notibras.com\/site\/messias-cai-entre-lula-e-o-supremo-sem-limites\/"},"wordCount":888,"publisher":{"@id":"https:\/\/www.notibras.com\/site\/#organization"},"image":{"@id":"https:\/\/www.notibras.com\/site\/messias-cai-entre-lula-e-o-supremo-sem-limites\/#primaryimage"},"thumbnailUrl":"https:\/\/www.notibras.com\/site\/wp-content\/uploads\/2026\/04\/0d9a4262.webp","articleSection":["Brasil"],"inLanguage":"pt-BR"},{"@type":"WebPage","@id":"https:\/\/www.notibras.com\/site\/messias-cai-entre-lula-e-o-supremo-sem-limites\/","url":"https:\/\/www.notibras.com\/site\/messias-cai-entre-lula-e-o-supremo-sem-limites\/","name":"Messias cai entre Lula e o Supremo sem limites - Notibras","isPartOf":{"@id":"https:\/\/www.notibras.com\/site\/#website"},"primaryImageOfPage":{"@id":"https:\/\/www.notibras.com\/site\/messias-cai-entre-lula-e-o-supremo-sem-limites\/#primaryimage"},"image":{"@id":"https:\/\/www.notibras.com\/site\/messias-cai-entre-lula-e-o-supremo-sem-limites\/#primaryimage"},"thumbnailUrl":"https:\/\/www.notibras.com\/site\/wp-content\/uploads\/2026\/04\/0d9a4262.webp","datePublished":"2026-04-30T09:45:53+00:00","dateModified":"2026-04-30T10:51:39+00:00","breadcrumb":{"@id":"https:\/\/www.notibras.com\/site\/messias-cai-entre-lula-e-o-supremo-sem-limites\/#breadcrumb"},"inLanguage":"pt-BR","potentialAction":[{"@type":"ReadAction","target":["https:\/\/www.notibras.com\/site\/messias-cai-entre-lula-e-o-supremo-sem-limites\/"]}]},{"@type":"ImageObject","inLanguage":"pt-BR","@id":"https:\/\/www.notibras.com\/site\/messias-cai-entre-lula-e-o-supremo-sem-limites\/#primaryimage","url":"https:\/\/www.notibras.com\/site\/wp-content\/uploads\/2026\/04\/0d9a4262.webp","contentUrl":"https:\/\/www.notibras.com\/site\/wp-content\/uploads\/2026\/04\/0d9a4262.webp","width":1170,"height":700},{"@type":"BreadcrumbList","@id":"https:\/\/www.notibras.com\/site\/messias-cai-entre-lula-e-o-supremo-sem-limites\/#breadcrumb","itemListElement":[{"@type":"ListItem","position":1,"name":"In\u00edcio","item":"https:\/\/www.notibras.com\/site\/"},{"@type":"ListItem","position":2,"name":"Messias cai entre Lula e o Supremo sem limites"}]},{"@type":"WebSite","@id":"https:\/\/www.notibras.com\/site\/#website","url":"https:\/\/www.notibras.com\/site\/","name":"Notibras","description":"Not\u00edcias de Bras\u00edlia, do Brasil e do Mundo","publisher":{"@id":"https:\/\/www.notibras.com\/site\/#organization"},"potentialAction":[{"@type":"SearchAction","target":{"@type":"EntryPoint","urlTemplate":"https:\/\/www.notibras.com\/site\/?s={search_term_string}"},"query-input":{"@type":"PropertyValueSpecification","valueRequired":true,"valueName":"search_term_string"}}],"inLanguage":"pt-BR"},{"@type":"Organization","@id":"https:\/\/www.notibras.com\/site\/#organization","name":"Grupo Notibras de Comunica\u00e7\u00e3o","url":"https:\/\/www.notibras.com\/site\/","logo":{"@type":"ImageObject","inLanguage":"pt-BR","@id":"https:\/\/www.notibras.com\/site\/#\/schema\/logo\/image\/","url":"https:\/\/www.notibras.com\/site\/wp-content\/uploads\/2023\/01\/notibras23.png","contentUrl":"https:\/\/www.notibras.com\/site\/wp-content\/uploads\/2023\/01\/notibras23.png","width":350,"height":87,"caption":"Grupo Notibras de Comunica\u00e7\u00e3o"},"image":{"@id":"https:\/\/www.notibras.com\/site\/#\/schema\/logo\/image\/"},"sameAs":["https:\/\/www.facebook.com\/notibras\/","https:\/\/x.com\/Notibras","https:\/\/www.instagram.com\/notibras\/"]},{"@type":"Person","@id":"https:\/\/www.notibras.com\/site\/#\/schema\/person\/36ab0979449956132d3e5b517ea76ac8","name":"Reda\u00e7\u00e3o","image":{"@type":"ImageObject","inLanguage":"pt-BR","@id":"https:\/\/secure.gravatar.com\/avatar\/e0a867bdedb85fd243eadf09663511f96fc81e0720a4a42581f334ad4303aa6b?s=96&d=mm&r=g","url":"https:\/\/secure.gravatar.com\/avatar\/e0a867bdedb85fd243eadf09663511f96fc81e0720a4a42581f334ad4303aa6b?s=96&d=mm&r=g","contentUrl":"https:\/\/secure.gravatar.com\/avatar\/e0a867bdedb85fd243eadf09663511f96fc81e0720a4a42581f334ad4303aa6b?s=96&d=mm&r=g","caption":"Reda\u00e7\u00e3o"}}]}},"amp_enabled":true,"_links":{"self":[{"href":"https:\/\/www.notibras.com\/site\/wp-json\/wp\/v2\/posts\/393083","targetHints":{"allow":["GET"]}}],"collection":[{"href":"https:\/\/www.notibras.com\/site\/wp-json\/wp\/v2\/posts"}],"about":[{"href":"https:\/\/www.notibras.com\/site\/wp-json\/wp\/v2\/types\/post"}],"author":[{"embeddable":true,"href":"https:\/\/www.notibras.com\/site\/wp-json\/wp\/v2\/users\/2"}],"replies":[{"embeddable":true,"href":"https:\/\/www.notibras.com\/site\/wp-json\/wp\/v2\/comments?post=393083"}],"version-history":[{"count":1,"href":"https:\/\/www.notibras.com\/site\/wp-json\/wp\/v2\/posts\/393083\/revisions"}],"predecessor-version":[{"id":393085,"href":"https:\/\/www.notibras.com\/site\/wp-json\/wp\/v2\/posts\/393083\/revisions\/393085"}],"wp:featuredmedia":[{"embeddable":true,"href":"https:\/\/www.notibras.com\/site\/wp-json\/wp\/v2\/media\/393084"}],"wp:attachment":[{"href":"https:\/\/www.notibras.com\/site\/wp-json\/wp\/v2\/media?parent=393083"}],"wp:term":[{"taxonomy":"category","embeddable":true,"href":"https:\/\/www.notibras.com\/site\/wp-json\/wp\/v2\/categories?post=393083"},{"taxonomy":"post_tag","embeddable":true,"href":"https:\/\/www.notibras.com\/site\/wp-json\/wp\/v2\/tags?post=393083"}],"curies":[{"name":"wp","href":"https:\/\/api.w.org\/{rel}","templated":true}]}}