{"id":393088,"date":"2026-04-30T05:59:30","date_gmt":"2026-04-30T08:59:30","guid":{"rendered":"https:\/\/www.notibras.com\/site\/?p=393088"},"modified":"2026-04-30T08:14:14","modified_gmt":"2026-04-30T11:14:14","slug":"insensatez-politica-ressuscita-judas-e-caifas","status":"publish","type":"post","link":"https:\/\/www.notibras.com\/site\/insensatez-politica-ressuscita-judas-e-caifas\/","title":{"rendered":"Insensatez pol\u00edtica ressuscita Judas e Caif\u00e1s"},"content":{"rendered":"<p style=\"font-weight: 400;\">Diferente da maioria das na\u00e7\u00f5es mundiais, o Brasil \u00e9 um dos poucos pa\u00edses nos quais o pol\u00edtico travestido de parlamentar, al\u00e9m de fazer leis que um dia os beneficiar\u00e1, pode votar o pr\u00f3prio sal\u00e1rio. \u00c9 a\u00ed que Judas Iscariotes, o disc\u00edpulo traidor, se une a Caif\u00e1s, o sumo e cruel sacerdote, para prosperarem econ\u00f4mica, pol\u00edtica e socialmente, ao mesmo tempo em que condenam o humilde povo brasileiro \u00e0 eterna e cong\u00eanita ignor\u00e2ncia e \u00e0 consequente subservi\u00eancia.<\/p>\n<p style=\"font-weight: 400;\">\u00c9 a\u00ed que a democracia revela seu lado mais fantasmag\u00f3rico e nocivo \u00e0 sociedade. Seriam os candidatos a pol\u00edticos afeitos \u00e0 vigarice os \u00fanicos culpados pelas mazelas do pa\u00eds? Ser\u00e1 que estamos certos nessa louca caminhada em busca de mudan\u00e7as para a Rep\u00fablica? Depende de onde queiramos mudar. \u00c9 verdade que os corruptos e vigaristas est\u00e3o instalados em todos os setores e inst\u00e2ncias da Rep\u00fablica. Entretanto, basta que pensemos um pouco para identificarmos a nascente e o poente da bandidagem pol\u00edtica.<\/p>\n<p style=\"font-weight: 400;\">Na pol\u00edtica mentirosa como \u00e9 a nossa qualquer um candidato a cargos eletivos pode ser falsificado. Entretanto, uma r\u00e1pida consulta \u00e0 mem\u00f3ria pode levar qualquer brasileiro \u00e0 conclus\u00e3o de que, por pior que seja o eleito, o melhor ainda \u00e9 apoiar aquele que claramente se identifica com a causa chamada Brasil. Sou daqueles que se importam menos com as futricas do tipo quem \u00e9 o sujeito e onde ele est\u00e1 e muito mais com a certeza de que ele pretende chegar aonde todos desejamos.<\/p>\n<p style=\"font-weight: 400;\">Recuperar a autoestima \u00e9 a melhor forma de voltarmos a ser respeitados pelos politiqueiros deste pa\u00eds. Por isso, podemos at\u00e9 mudar, desde que n\u00e3o troquemos a dignidade e a liberdade conquistadas ap\u00f3s o arb\u00edtrio pela desmoraliza\u00e7\u00e3o do voto. Hoje, independentemente do partido vencedor, o povo deve estar \u00e0 frente das picuinhas ideol\u00f3gicas. Ven\u00e7a a direita, a esquerda ou o centro, o bem comum da popula\u00e7\u00e3o precisar ser mais importante do que qualquer diverg\u00eancia que o presidente eleito ou seus simpatizantes possam ter. Mudar \u00e9 bom, mas trocar o que est\u00e1 dando certo pelo retorno do duvidoso \u00e9 um desservi\u00e7o ao futuro da na\u00e7\u00e3o.<\/p>\n<p style=\"font-weight: 400;\">Seja para presidente da Rep\u00fablica, deputados e senadores, governadores, prefeitos e vereadores, quando algu\u00e9m escolhe apoiar ou caminhar ao lado de um pol\u00edtico corrupto ou mentiroso n\u00e3o est\u00e1 apenas fazendo uma escolha pol\u00edtica, mas uma escolha moral que diz muito mais sobre si do que sobre o candidato. \u00c9 triste afirmar que a maior fa\u00e7anha desses pol\u00edticos n\u00e3o \u00e9 ganhar as elei\u00e7\u00f5es ou renovar seus mandatos, mas deixar seus eleitores com a consci\u00eancia e o c\u00e9rebro cauterizados. Como disse um presidente que \u00e9 amado por milh\u00f5es de brasileiros e odiado por outros milh\u00f5es, a hist\u00f3ria n\u00e3o \u00e9 escrita pelos covardes. Segundo esse mandat\u00e1rio, esses n\u00e3o aparecer\u00e3o nem no rodap\u00e9.<\/p>\n<p style=\"font-weight: 400;\">A exemplo da maioria esmagadora da sociedade, eu n\u00e3o estou em busca de her\u00f3is. Muito pelo contr\u00e1rio. O que procuro \u00e9 sensatez no trato pol\u00edtico neste momento de crise vivida pelo Brasil. Eleger quem tem mais d\u00favidas e d\u00edvidas do que projetos significa abdicar do direito de vencer socialmente e, sobretudo, de garantir a consolida\u00e7\u00e3o da democracia. O tamanho do desafio que se avizinha obriga a cada um dos cerca de 160 milh\u00f5es de eleitores a se transformar em aliado de primeira hora do candidato que se apresentar como indutor do desenvolvimento socioecon\u00f4mico da na\u00e7\u00e3o. Como toda escolha implica em uma ren\u00fancia e em uma consequ\u00eancia, a melhor op\u00e7\u00e3o ser\u00e1 sempre a da seguran\u00e7a. Seguindo os caminhos da democracia e da liberdade, n\u00e3o h\u00e1 como errar.<\/p>\n","protected":false},"excerpt":{"rendered":"<p>Diferente da maioria das na\u00e7\u00f5es mundiais, o Brasil \u00e9 um dos poucos pa\u00edses nos quais o pol\u00edtico travestido de parlamentar, al\u00e9m de fazer leis que um dia os beneficiar\u00e1, pode votar o pr\u00f3prio sal\u00e1rio. \u00c9 a\u00ed que Judas Iscariotes, o disc\u00edpulo traidor, se une a Caif\u00e1s, o sumo e cruel sacerdote, para prosperarem econ\u00f4mica, pol\u00edtica [&hellip;]<\/p>\n","protected":false},"author":2,"featured_media":393089,"comment_status":"closed","ping_status":"closed","sticky":false,"template":"","format":"standard","meta":{"_acf_changed":false,"footnotes":""},"categories":[16],"tags":[],"class_list":["post-393088","post","type-post","status-publish","format-standard","has-post-thumbnail","hentry","category-brasil"],"acf":[],"yoast_head":"<!-- This site is optimized with the Yoast SEO plugin v27.2 - https:\/\/yoast.com\/product\/yoast-seo-wordpress\/ -->\n<title>Insensatez pol\u00edtica ressuscita Judas e Caif\u00e1s - Notibras<\/title>\n<meta name=\"robots\" content=\"index, follow, max-snippet:-1, max-image-preview:large, max-video-preview:-1\" \/>\n<link rel=\"canonical\" href=\"https:\/\/www.notibras.com\/site\/insensatez-politica-ressuscita-judas-e-caifas\/\" \/>\n<meta property=\"og:locale\" content=\"pt_BR\" \/>\n<meta property=\"og:type\" content=\"article\" \/>\n<meta property=\"og:title\" content=\"Insensatez pol\u00edtica ressuscita Judas e Caif\u00e1s - Notibras\" \/>\n<meta property=\"og:description\" content=\"Diferente da maioria das na\u00e7\u00f5es mundiais, o Brasil \u00e9 um dos poucos pa\u00edses nos quais o pol\u00edtico travestido de parlamentar, al\u00e9m de fazer leis que um dia os beneficiar\u00e1, pode votar o pr\u00f3prio sal\u00e1rio. \u00c9 a\u00ed que Judas Iscariotes, o disc\u00edpulo traidor, se une a Caif\u00e1s, o sumo e cruel sacerdote, para prosperarem econ\u00f4mica, pol\u00edtica [&hellip;]\" \/>\n<meta property=\"og:url\" content=\"https:\/\/www.notibras.com\/site\/insensatez-politica-ressuscita-judas-e-caifas\/\" \/>\n<meta property=\"og:site_name\" content=\"Notibras\" \/>\n<meta property=\"article:publisher\" content=\"https:\/\/www.facebook.com\/notibras\/\" \/>\n<meta property=\"article:published_time\" content=\"2026-04-30T08:59:30+00:00\" \/>\n<meta property=\"article:modified_time\" content=\"2026-04-30T11:14:14+00:00\" \/>\n<meta property=\"og:image\" content=\"https:\/\/www.notibras.com\/site\/wp-content\/uploads\/2026\/04\/992aae83-3677-47c2-909f-20d1e18f2b35-1024x819.png\" \/>\n\t<meta property=\"og:image:width\" content=\"1024\" \/>\n\t<meta property=\"og:image:height\" content=\"819\" \/>\n\t<meta property=\"og:image:type\" content=\"image\/png\" \/>\n<meta name=\"author\" content=\"Reda\u00e7\u00e3o\" \/>\n<meta name=\"twitter:card\" content=\"summary_large_image\" \/>\n<meta name=\"twitter:creator\" content=\"@Notibras\" \/>\n<meta name=\"twitter:site\" content=\"@Notibras\" \/>\n<meta name=\"twitter:label1\" content=\"Escrito por\" \/>\n\t<meta name=\"twitter:data1\" content=\"Reda\u00e7\u00e3o\" \/>\n\t<meta name=\"twitter:label2\" content=\"Est. tempo de leitura\" \/>\n\t<meta name=\"twitter:data2\" content=\"4 minutos\" \/>\n<script type=\"application\/ld+json\" class=\"yoast-schema-graph\">{\"@context\":\"https:\/\/schema.org\",\"@graph\":[{\"@type\":\"Article\",\"@id\":\"https:\/\/www.notibras.com\/site\/insensatez-politica-ressuscita-judas-e-caifas\/#article\",\"isPartOf\":{\"@id\":\"https:\/\/www.notibras.com\/site\/insensatez-politica-ressuscita-judas-e-caifas\/\"},\"author\":{\"name\":\"Reda\u00e7\u00e3o\",\"@id\":\"https:\/\/www.notibras.com\/site\/#\/schema\/person\/36ab0979449956132d3e5b517ea76ac8\"},\"headline\":\"Insensatez pol\u00edtica ressuscita Judas e Caif\u00e1s\",\"datePublished\":\"2026-04-30T08:59:30+00:00\",\"dateModified\":\"2026-04-30T11:14:14+00:00\",\"mainEntityOfPage\":{\"@id\":\"https:\/\/www.notibras.com\/site\/insensatez-politica-ressuscita-judas-e-caifas\/\"},\"wordCount\":634,\"publisher\":{\"@id\":\"https:\/\/www.notibras.com\/site\/#organization\"},\"image\":{\"@id\":\"https:\/\/www.notibras.com\/site\/insensatez-politica-ressuscita-judas-e-caifas\/#primaryimage\"},\"thumbnailUrl\":\"https:\/\/www.notibras.com\/site\/wp-content\/uploads\/2026\/04\/992aae83-3677-47c2-909f-20d1e18f2b35.png\",\"articleSection\":[\"Brasil\"],\"inLanguage\":\"pt-BR\"},{\"@type\":\"WebPage\",\"@id\":\"https:\/\/www.notibras.com\/site\/insensatez-politica-ressuscita-judas-e-caifas\/\",\"url\":\"https:\/\/www.notibras.com\/site\/insensatez-politica-ressuscita-judas-e-caifas\/\",\"name\":\"Insensatez pol\u00edtica ressuscita Judas e Caif\u00e1s - Notibras\",\"isPartOf\":{\"@id\":\"https:\/\/www.notibras.com\/site\/#website\"},\"primaryImageOfPage\":{\"@id\":\"https:\/\/www.notibras.com\/site\/insensatez-politica-ressuscita-judas-e-caifas\/#primaryimage\"},\"image\":{\"@id\":\"https:\/\/www.notibras.com\/site\/insensatez-politica-ressuscita-judas-e-caifas\/#primaryimage\"},\"thumbnailUrl\":\"https:\/\/www.notibras.com\/site\/wp-content\/uploads\/2026\/04\/992aae83-3677-47c2-909f-20d1e18f2b35.png\",\"datePublished\":\"2026-04-30T08:59:30+00:00\",\"dateModified\":\"2026-04-30T11:14:14+00:00\",\"breadcrumb\":{\"@id\":\"https:\/\/www.notibras.com\/site\/insensatez-politica-ressuscita-judas-e-caifas\/#breadcrumb\"},\"inLanguage\":\"pt-BR\",\"potentialAction\":[{\"@type\":\"ReadAction\",\"target\":[\"https:\/\/www.notibras.com\/site\/insensatez-politica-ressuscita-judas-e-caifas\/\"]}]},{\"@type\":\"ImageObject\",\"inLanguage\":\"pt-BR\",\"@id\":\"https:\/\/www.notibras.com\/site\/insensatez-politica-ressuscita-judas-e-caifas\/#primaryimage\",\"url\":\"https:\/\/www.notibras.com\/site\/wp-content\/uploads\/2026\/04\/992aae83-3677-47c2-909f-20d1e18f2b35.png\",\"contentUrl\":\"https:\/\/www.notibras.com\/site\/wp-content\/uploads\/2026\/04\/992aae83-3677-47c2-909f-20d1e18f2b35.png\",\"width\":1402,\"height\":1122},{\"@type\":\"BreadcrumbList\",\"@id\":\"https:\/\/www.notibras.com\/site\/insensatez-politica-ressuscita-judas-e-caifas\/#breadcrumb\",\"itemListElement\":[{\"@type\":\"ListItem\",\"position\":1,\"name\":\"In\u00edcio\",\"item\":\"https:\/\/www.notibras.com\/site\/\"},{\"@type\":\"ListItem\",\"position\":2,\"name\":\"Insensatez pol\u00edtica ressuscita Judas e Caif\u00e1s\"}]},{\"@type\":\"WebSite\",\"@id\":\"https:\/\/www.notibras.com\/site\/#website\",\"url\":\"https:\/\/www.notibras.com\/site\/\",\"name\":\"Notibras\",\"description\":\"Not\u00edcias de Bras\u00edlia, do Brasil e do Mundo\",\"publisher\":{\"@id\":\"https:\/\/www.notibras.com\/site\/#organization\"},\"potentialAction\":[{\"@type\":\"SearchAction\",\"target\":{\"@type\":\"EntryPoint\",\"urlTemplate\":\"https:\/\/www.notibras.com\/site\/?s={search_term_string}\"},\"query-input\":{\"@type\":\"PropertyValueSpecification\",\"valueRequired\":true,\"valueName\":\"search_term_string\"}}],\"inLanguage\":\"pt-BR\"},{\"@type\":\"Organization\",\"@id\":\"https:\/\/www.notibras.com\/site\/#organization\",\"name\":\"Grupo Notibras de Comunica\u00e7\u00e3o\",\"url\":\"https:\/\/www.notibras.com\/site\/\",\"logo\":{\"@type\":\"ImageObject\",\"inLanguage\":\"pt-BR\",\"@id\":\"https:\/\/www.notibras.com\/site\/#\/schema\/logo\/image\/\",\"url\":\"https:\/\/www.notibras.com\/site\/wp-content\/uploads\/2023\/01\/notibras23.png\",\"contentUrl\":\"https:\/\/www.notibras.com\/site\/wp-content\/uploads\/2023\/01\/notibras23.png\",\"width\":350,\"height\":87,\"caption\":\"Grupo Notibras de Comunica\u00e7\u00e3o\"},\"image\":{\"@id\":\"https:\/\/www.notibras.com\/site\/#\/schema\/logo\/image\/\"},\"sameAs\":[\"https:\/\/www.facebook.com\/notibras\/\",\"https:\/\/x.com\/Notibras\",\"https:\/\/www.instagram.com\/notibras\/\"]},{\"@type\":\"Person\",\"@id\":\"https:\/\/www.notibras.com\/site\/#\/schema\/person\/36ab0979449956132d3e5b517ea76ac8\",\"name\":\"Reda\u00e7\u00e3o\",\"image\":{\"@type\":\"ImageObject\",\"inLanguage\":\"pt-BR\",\"@id\":\"https:\/\/secure.gravatar.com\/avatar\/e0a867bdedb85fd243eadf09663511f96fc81e0720a4a42581f334ad4303aa6b?s=96&d=mm&r=g\",\"url\":\"https:\/\/secure.gravatar.com\/avatar\/e0a867bdedb85fd243eadf09663511f96fc81e0720a4a42581f334ad4303aa6b?s=96&d=mm&r=g\",\"contentUrl\":\"https:\/\/secure.gravatar.com\/avatar\/e0a867bdedb85fd243eadf09663511f96fc81e0720a4a42581f334ad4303aa6b?s=96&d=mm&r=g\",\"caption\":\"Reda\u00e7\u00e3o\"}}]}<\/script>\n<!-- \/ Yoast SEO plugin. -->","yoast_head_json":{"title":"Insensatez pol\u00edtica ressuscita Judas e Caif\u00e1s - Notibras","robots":{"index":"index","follow":"follow","max-snippet":"max-snippet:-1","max-image-preview":"max-image-preview:large","max-video-preview":"max-video-preview:-1"},"canonical":"https:\/\/www.notibras.com\/site\/insensatez-politica-ressuscita-judas-e-caifas\/","og_locale":"pt_BR","og_type":"article","og_title":"Insensatez pol\u00edtica ressuscita Judas e Caif\u00e1s - Notibras","og_description":"Diferente da maioria das na\u00e7\u00f5es mundiais, o Brasil \u00e9 um dos poucos pa\u00edses nos quais o pol\u00edtico travestido de parlamentar, al\u00e9m de fazer leis que um dia os beneficiar\u00e1, pode votar o pr\u00f3prio sal\u00e1rio. \u00c9 a\u00ed que Judas Iscariotes, o disc\u00edpulo traidor, se une a Caif\u00e1s, o sumo e cruel sacerdote, para prosperarem econ\u00f4mica, pol\u00edtica [&hellip;]","og_url":"https:\/\/www.notibras.com\/site\/insensatez-politica-ressuscita-judas-e-caifas\/","og_site_name":"Notibras","article_publisher":"https:\/\/www.facebook.com\/notibras\/","article_published_time":"2026-04-30T08:59:30+00:00","article_modified_time":"2026-04-30T11:14:14+00:00","og_image":[{"width":1024,"height":819,"url":"https:\/\/www.notibras.com\/site\/wp-content\/uploads\/2026\/04\/992aae83-3677-47c2-909f-20d1e18f2b35-1024x819.png","type":"image\/png"}],"author":"Reda\u00e7\u00e3o","twitter_card":"summary_large_image","twitter_creator":"@Notibras","twitter_site":"@Notibras","twitter_misc":{"Escrito por":"Reda\u00e7\u00e3o","Est. tempo de leitura":"4 minutos"},"schema":{"@context":"https:\/\/schema.org","@graph":[{"@type":"Article","@id":"https:\/\/www.notibras.com\/site\/insensatez-politica-ressuscita-judas-e-caifas\/#article","isPartOf":{"@id":"https:\/\/www.notibras.com\/site\/insensatez-politica-ressuscita-judas-e-caifas\/"},"author":{"name":"Reda\u00e7\u00e3o","@id":"https:\/\/www.notibras.com\/site\/#\/schema\/person\/36ab0979449956132d3e5b517ea76ac8"},"headline":"Insensatez pol\u00edtica ressuscita Judas e Caif\u00e1s","datePublished":"2026-04-30T08:59:30+00:00","dateModified":"2026-04-30T11:14:14+00:00","mainEntityOfPage":{"@id":"https:\/\/www.notibras.com\/site\/insensatez-politica-ressuscita-judas-e-caifas\/"},"wordCount":634,"publisher":{"@id":"https:\/\/www.notibras.com\/site\/#organization"},"image":{"@id":"https:\/\/www.notibras.com\/site\/insensatez-politica-ressuscita-judas-e-caifas\/#primaryimage"},"thumbnailUrl":"https:\/\/www.notibras.com\/site\/wp-content\/uploads\/2026\/04\/992aae83-3677-47c2-909f-20d1e18f2b35.png","articleSection":["Brasil"],"inLanguage":"pt-BR"},{"@type":"WebPage","@id":"https:\/\/www.notibras.com\/site\/insensatez-politica-ressuscita-judas-e-caifas\/","url":"https:\/\/www.notibras.com\/site\/insensatez-politica-ressuscita-judas-e-caifas\/","name":"Insensatez pol\u00edtica ressuscita Judas e Caif\u00e1s - Notibras","isPartOf":{"@id":"https:\/\/www.notibras.com\/site\/#website"},"primaryImageOfPage":{"@id":"https:\/\/www.notibras.com\/site\/insensatez-politica-ressuscita-judas-e-caifas\/#primaryimage"},"image":{"@id":"https:\/\/www.notibras.com\/site\/insensatez-politica-ressuscita-judas-e-caifas\/#primaryimage"},"thumbnailUrl":"https:\/\/www.notibras.com\/site\/wp-content\/uploads\/2026\/04\/992aae83-3677-47c2-909f-20d1e18f2b35.png","datePublished":"2026-04-30T08:59:30+00:00","dateModified":"2026-04-30T11:14:14+00:00","breadcrumb":{"@id":"https:\/\/www.notibras.com\/site\/insensatez-politica-ressuscita-judas-e-caifas\/#breadcrumb"},"inLanguage":"pt-BR","potentialAction":[{"@type":"ReadAction","target":["https:\/\/www.notibras.com\/site\/insensatez-politica-ressuscita-judas-e-caifas\/"]}]},{"@type":"ImageObject","inLanguage":"pt-BR","@id":"https:\/\/www.notibras.com\/site\/insensatez-politica-ressuscita-judas-e-caifas\/#primaryimage","url":"https:\/\/www.notibras.com\/site\/wp-content\/uploads\/2026\/04\/992aae83-3677-47c2-909f-20d1e18f2b35.png","contentUrl":"https:\/\/www.notibras.com\/site\/wp-content\/uploads\/2026\/04\/992aae83-3677-47c2-909f-20d1e18f2b35.png","width":1402,"height":1122},{"@type":"BreadcrumbList","@id":"https:\/\/www.notibras.com\/site\/insensatez-politica-ressuscita-judas-e-caifas\/#breadcrumb","itemListElement":[{"@type":"ListItem","position":1,"name":"In\u00edcio","item":"https:\/\/www.notibras.com\/site\/"},{"@type":"ListItem","position":2,"name":"Insensatez pol\u00edtica ressuscita Judas e Caif\u00e1s"}]},{"@type":"WebSite","@id":"https:\/\/www.notibras.com\/site\/#website","url":"https:\/\/www.notibras.com\/site\/","name":"Notibras","description":"Not\u00edcias de Bras\u00edlia, do Brasil e do Mundo","publisher":{"@id":"https:\/\/www.notibras.com\/site\/#organization"},"potentialAction":[{"@type":"SearchAction","target":{"@type":"EntryPoint","urlTemplate":"https:\/\/www.notibras.com\/site\/?s={search_term_string}"},"query-input":{"@type":"PropertyValueSpecification","valueRequired":true,"valueName":"search_term_string"}}],"inLanguage":"pt-BR"},{"@type":"Organization","@id":"https:\/\/www.notibras.com\/site\/#organization","name":"Grupo Notibras de Comunica\u00e7\u00e3o","url":"https:\/\/www.notibras.com\/site\/","logo":{"@type":"ImageObject","inLanguage":"pt-BR","@id":"https:\/\/www.notibras.com\/site\/#\/schema\/logo\/image\/","url":"https:\/\/www.notibras.com\/site\/wp-content\/uploads\/2023\/01\/notibras23.png","contentUrl":"https:\/\/www.notibras.com\/site\/wp-content\/uploads\/2023\/01\/notibras23.png","width":350,"height":87,"caption":"Grupo Notibras de Comunica\u00e7\u00e3o"},"image":{"@id":"https:\/\/www.notibras.com\/site\/#\/schema\/logo\/image\/"},"sameAs":["https:\/\/www.facebook.com\/notibras\/","https:\/\/x.com\/Notibras","https:\/\/www.instagram.com\/notibras\/"]},{"@type":"Person","@id":"https:\/\/www.notibras.com\/site\/#\/schema\/person\/36ab0979449956132d3e5b517ea76ac8","name":"Reda\u00e7\u00e3o","image":{"@type":"ImageObject","inLanguage":"pt-BR","@id":"https:\/\/secure.gravatar.com\/avatar\/e0a867bdedb85fd243eadf09663511f96fc81e0720a4a42581f334ad4303aa6b?s=96&d=mm&r=g","url":"https:\/\/secure.gravatar.com\/avatar\/e0a867bdedb85fd243eadf09663511f96fc81e0720a4a42581f334ad4303aa6b?s=96&d=mm&r=g","contentUrl":"https:\/\/secure.gravatar.com\/avatar\/e0a867bdedb85fd243eadf09663511f96fc81e0720a4a42581f334ad4303aa6b?s=96&d=mm&r=g","caption":"Reda\u00e7\u00e3o"}}]}},"amp_enabled":true,"_links":{"self":[{"href":"https:\/\/www.notibras.com\/site\/wp-json\/wp\/v2\/posts\/393088","targetHints":{"allow":["GET"]}}],"collection":[{"href":"https:\/\/www.notibras.com\/site\/wp-json\/wp\/v2\/posts"}],"about":[{"href":"https:\/\/www.notibras.com\/site\/wp-json\/wp\/v2\/types\/post"}],"author":[{"embeddable":true,"href":"https:\/\/www.notibras.com\/site\/wp-json\/wp\/v2\/users\/2"}],"replies":[{"embeddable":true,"href":"https:\/\/www.notibras.com\/site\/wp-json\/wp\/v2\/comments?post=393088"}],"version-history":[{"count":1,"href":"https:\/\/www.notibras.com\/site\/wp-json\/wp\/v2\/posts\/393088\/revisions"}],"predecessor-version":[{"id":393090,"href":"https:\/\/www.notibras.com\/site\/wp-json\/wp\/v2\/posts\/393088\/revisions\/393090"}],"wp:featuredmedia":[{"embeddable":true,"href":"https:\/\/www.notibras.com\/site\/wp-json\/wp\/v2\/media\/393089"}],"wp:attachment":[{"href":"https:\/\/www.notibras.com\/site\/wp-json\/wp\/v2\/media?parent=393088"}],"wp:term":[{"taxonomy":"category","embeddable":true,"href":"https:\/\/www.notibras.com\/site\/wp-json\/wp\/v2\/categories?post=393088"},{"taxonomy":"post_tag","embeddable":true,"href":"https:\/\/www.notibras.com\/site\/wp-json\/wp\/v2\/tags?post=393088"}],"curies":[{"name":"wp","href":"https:\/\/api.w.org\/{rel}","templated":true}]}}