{"id":393091,"date":"2026-04-30T00:00:21","date_gmt":"2026-04-30T03:00:21","guid":{"rendered":"https:\/\/www.notibras.com\/site\/?p=393091"},"modified":"2026-04-30T08:23:04","modified_gmt":"2026-04-30T11:23:04","slug":"celso-de-mello-ve-grave-equivoco-institucional-no-veto-a-messias","status":"publish","type":"post","link":"https:\/\/www.notibras.com\/site\/celso-de-mello-ve-grave-equivoco-institucional-no-veto-a-messias\/","title":{"rendered":"Celso de Mello v\u00ea &#8216;grave equ\u00edvoco institucional&#8217; no veto a Messias"},"content":{"rendered":"<p>O ministro aposentado do Supremo Tribunal Federal (STF) Celso de Mello afirmou nesta quarta-feira (29) que o Senado cometeu um \u201cgrave equ\u00edvoco institucional\u201d ao rejeitar a indica\u00e7\u00e3o do advogado-geral da Uni\u00e3o, Jorge Messias, para uma ocupar uma vaga na Corte.<\/p>\n<p>Em nota \u00e0 imprensa, Mello, que ficou no tribunal entre 1989 e 2020, classificou a vota\u00e7\u00e3o como injustific\u00e1vel e disse que o entendimento n\u00e3o est\u00e1 de acordo com a trajet\u00f3ria profissional do advogado-geral.<\/p>\n<p>\u201cTrata-se de grave equ\u00edvoco institucional, pois o Dr. Jorge Messias re\u00fane, de modo pleno, os requisitos que a Constitui\u00e7\u00e3o da Rep\u00fablica exige para a leg\u00edtima investidura no cargo de ministro da Suprema Corte\u201d, disse Mello.<\/p>\n<p>O ministro aposentado tamb\u00e9m ressaltou que n\u00e3o h\u00e1 causa legitima para o Senado rejeitar a indica\u00e7\u00e3o do presidente Luiz In\u00e1cio Lula da Silva para a Suprema Corte.<\/p>\n<p>\u201cConsidero profundamente infeliz a decis\u00e3o do Senado Federal. Perdeu-se a oportunidade de incorporar ao Supremo Tribunal Federal um jurista s\u00e9rio, preparado, experiente e comprometido com os valores superiores do Estado Democr\u00e1tico de Direito\u201d, completou.<\/p>\n<p>No in\u00edcio da noite, o plen\u00e1rio do Senado rejeitou a indica\u00e7\u00e3o feita pelo presidente Lula para que Messias assuma a vaga deixada pela aposentadoria do ministro Lu\u00eds Roberto Barroso.<\/p>\n","protected":false},"excerpt":{"rendered":"<p>O ministro aposentado do Supremo Tribunal Federal (STF) Celso de Mello afirmou nesta quarta-feira (29) que o Senado cometeu um \u201cgrave equ\u00edvoco institucional\u201d ao rejeitar a indica\u00e7\u00e3o do advogado-geral da Uni\u00e3o, Jorge Messias, para uma ocupar uma vaga na Corte. Em nota \u00e0 imprensa, Mello, que ficou no tribunal entre 1989 e 2020, classificou a [&hellip;]<\/p>\n","protected":false},"author":2,"featured_media":393092,"comment_status":"closed","ping_status":"closed","sticky":false,"template":"","format":"standard","meta":{"_acf_changed":false,"footnotes":""},"categories":[16],"tags":[],"class_list":["post-393091","post","type-post","status-publish","format-standard","has-post-thumbnail","hentry","category-brasil"],"acf":[],"yoast_head":"<!-- This site is optimized with the Yoast SEO plugin v27.2 - https:\/\/yoast.com\/product\/yoast-seo-wordpress\/ -->\n<title>Celso de Mello v\u00ea &#039;grave equ\u00edvoco institucional&#039; no veto a Messias - Notibras<\/title>\n<meta name=\"robots\" content=\"index, follow, max-snippet:-1, max-image-preview:large, max-video-preview:-1\" \/>\n<link rel=\"canonical\" href=\"https:\/\/www.notibras.com\/site\/celso-de-mello-ve-grave-equivoco-institucional-no-veto-a-messias\/\" \/>\n<meta property=\"og:locale\" content=\"pt_BR\" \/>\n<meta property=\"og:type\" content=\"article\" \/>\n<meta property=\"og:title\" content=\"Celso de Mello v\u00ea &#039;grave equ\u00edvoco institucional&#039; no veto a Messias - Notibras\" \/>\n<meta property=\"og:description\" content=\"O ministro aposentado do Supremo Tribunal Federal (STF) Celso de Mello afirmou nesta quarta-feira (29) que o Senado cometeu um \u201cgrave equ\u00edvoco institucional\u201d ao rejeitar a indica\u00e7\u00e3o do advogado-geral da Uni\u00e3o, Jorge Messias, para uma ocupar uma vaga na Corte. Em nota \u00e0 imprensa, Mello, que ficou no tribunal entre 1989 e 2020, classificou a [&hellip;]\" \/>\n<meta property=\"og:url\" content=\"https:\/\/www.notibras.com\/site\/celso-de-mello-ve-grave-equivoco-institucional-no-veto-a-messias\/\" \/>\n<meta property=\"og:site_name\" content=\"Notibras\" \/>\n<meta property=\"article:publisher\" content=\"https:\/\/www.facebook.com\/notibras\/\" \/>\n<meta property=\"article:published_time\" content=\"2026-04-30T03:00:21+00:00\" \/>\n<meta property=\"article:modified_time\" content=\"2026-04-30T11:23:04+00:00\" \/>\n<meta property=\"og:image\" content=\"https:\/\/www.notibras.com\/site\/wp-content\/uploads\/2026\/04\/edit_fcpzzb_abr_241020196141.webp\" \/>\n\t<meta property=\"og:image:width\" content=\"1170\" \/>\n\t<meta property=\"og:image:height\" content=\"700\" \/>\n\t<meta property=\"og:image:type\" content=\"image\/webp\" \/>\n<meta name=\"author\" content=\"Reda\u00e7\u00e3o\" \/>\n<meta name=\"twitter:card\" content=\"summary_large_image\" \/>\n<meta name=\"twitter:creator\" content=\"@Notibras\" \/>\n<meta name=\"twitter:site\" content=\"@Notibras\" \/>\n<meta name=\"twitter:label1\" content=\"Escrito por\" \/>\n\t<meta name=\"twitter:data1\" content=\"Reda\u00e7\u00e3o\" \/>\n\t<meta name=\"twitter:label2\" content=\"Est. tempo de leitura\" \/>\n\t<meta name=\"twitter:data2\" content=\"2 minutos\" \/>\n<script type=\"application\/ld+json\" class=\"yoast-schema-graph\">{\"@context\":\"https:\/\/schema.org\",\"@graph\":[{\"@type\":\"Article\",\"@id\":\"https:\/\/www.notibras.com\/site\/celso-de-mello-ve-grave-equivoco-institucional-no-veto-a-messias\/#article\",\"isPartOf\":{\"@id\":\"https:\/\/www.notibras.com\/site\/celso-de-mello-ve-grave-equivoco-institucional-no-veto-a-messias\/\"},\"author\":{\"name\":\"Reda\u00e7\u00e3o\",\"@id\":\"https:\/\/www.notibras.com\/site\/#\/schema\/person\/36ab0979449956132d3e5b517ea76ac8\"},\"headline\":\"Celso de Mello v\u00ea &#8216;grave equ\u00edvoco institucional&#8217; no veto a Messias\",\"datePublished\":\"2026-04-30T03:00:21+00:00\",\"dateModified\":\"2026-04-30T11:23:04+00:00\",\"mainEntityOfPage\":{\"@id\":\"https:\/\/www.notibras.com\/site\/celso-de-mello-ve-grave-equivoco-institucional-no-veto-a-messias\/\"},\"wordCount\":229,\"publisher\":{\"@id\":\"https:\/\/www.notibras.com\/site\/#organization\"},\"image\":{\"@id\":\"https:\/\/www.notibras.com\/site\/celso-de-mello-ve-grave-equivoco-institucional-no-veto-a-messias\/#primaryimage\"},\"thumbnailUrl\":\"https:\/\/www.notibras.com\/site\/wp-content\/uploads\/2026\/04\/edit_fcpzzb_abr_241020196141.webp\",\"articleSection\":[\"Brasil\"],\"inLanguage\":\"pt-BR\"},{\"@type\":\"WebPage\",\"@id\":\"https:\/\/www.notibras.com\/site\/celso-de-mello-ve-grave-equivoco-institucional-no-veto-a-messias\/\",\"url\":\"https:\/\/www.notibras.com\/site\/celso-de-mello-ve-grave-equivoco-institucional-no-veto-a-messias\/\",\"name\":\"Celso de Mello v\u00ea 'grave equ\u00edvoco institucional' no veto a Messias - Notibras\",\"isPartOf\":{\"@id\":\"https:\/\/www.notibras.com\/site\/#website\"},\"primaryImageOfPage\":{\"@id\":\"https:\/\/www.notibras.com\/site\/celso-de-mello-ve-grave-equivoco-institucional-no-veto-a-messias\/#primaryimage\"},\"image\":{\"@id\":\"https:\/\/www.notibras.com\/site\/celso-de-mello-ve-grave-equivoco-institucional-no-veto-a-messias\/#primaryimage\"},\"thumbnailUrl\":\"https:\/\/www.notibras.com\/site\/wp-content\/uploads\/2026\/04\/edit_fcpzzb_abr_241020196141.webp\",\"datePublished\":\"2026-04-30T03:00:21+00:00\",\"dateModified\":\"2026-04-30T11:23:04+00:00\",\"breadcrumb\":{\"@id\":\"https:\/\/www.notibras.com\/site\/celso-de-mello-ve-grave-equivoco-institucional-no-veto-a-messias\/#breadcrumb\"},\"inLanguage\":\"pt-BR\",\"potentialAction\":[{\"@type\":\"ReadAction\",\"target\":[\"https:\/\/www.notibras.com\/site\/celso-de-mello-ve-grave-equivoco-institucional-no-veto-a-messias\/\"]}]},{\"@type\":\"ImageObject\",\"inLanguage\":\"pt-BR\",\"@id\":\"https:\/\/www.notibras.com\/site\/celso-de-mello-ve-grave-equivoco-institucional-no-veto-a-messias\/#primaryimage\",\"url\":\"https:\/\/www.notibras.com\/site\/wp-content\/uploads\/2026\/04\/edit_fcpzzb_abr_241020196141.webp\",\"contentUrl\":\"https:\/\/www.notibras.com\/site\/wp-content\/uploads\/2026\/04\/edit_fcpzzb_abr_241020196141.webp\",\"width\":1170,\"height\":700},{\"@type\":\"BreadcrumbList\",\"@id\":\"https:\/\/www.notibras.com\/site\/celso-de-mello-ve-grave-equivoco-institucional-no-veto-a-messias\/#breadcrumb\",\"itemListElement\":[{\"@type\":\"ListItem\",\"position\":1,\"name\":\"In\u00edcio\",\"item\":\"https:\/\/www.notibras.com\/site\/\"},{\"@type\":\"ListItem\",\"position\":2,\"name\":\"Celso de Mello v\u00ea &#8216;grave equ\u00edvoco institucional&#8217; no veto a Messias\"}]},{\"@type\":\"WebSite\",\"@id\":\"https:\/\/www.notibras.com\/site\/#website\",\"url\":\"https:\/\/www.notibras.com\/site\/\",\"name\":\"Notibras\",\"description\":\"Not\u00edcias de Bras\u00edlia, do Brasil e do Mundo\",\"publisher\":{\"@id\":\"https:\/\/www.notibras.com\/site\/#organization\"},\"potentialAction\":[{\"@type\":\"SearchAction\",\"target\":{\"@type\":\"EntryPoint\",\"urlTemplate\":\"https:\/\/www.notibras.com\/site\/?s={search_term_string}\"},\"query-input\":{\"@type\":\"PropertyValueSpecification\",\"valueRequired\":true,\"valueName\":\"search_term_string\"}}],\"inLanguage\":\"pt-BR\"},{\"@type\":\"Organization\",\"@id\":\"https:\/\/www.notibras.com\/site\/#organization\",\"name\":\"Grupo Notibras de Comunica\u00e7\u00e3o\",\"url\":\"https:\/\/www.notibras.com\/site\/\",\"logo\":{\"@type\":\"ImageObject\",\"inLanguage\":\"pt-BR\",\"@id\":\"https:\/\/www.notibras.com\/site\/#\/schema\/logo\/image\/\",\"url\":\"https:\/\/www.notibras.com\/site\/wp-content\/uploads\/2023\/01\/notibras23.png\",\"contentUrl\":\"https:\/\/www.notibras.com\/site\/wp-content\/uploads\/2023\/01\/notibras23.png\",\"width\":350,\"height\":87,\"caption\":\"Grupo Notibras de Comunica\u00e7\u00e3o\"},\"image\":{\"@id\":\"https:\/\/www.notibras.com\/site\/#\/schema\/logo\/image\/\"},\"sameAs\":[\"https:\/\/www.facebook.com\/notibras\/\",\"https:\/\/x.com\/Notibras\",\"https:\/\/www.instagram.com\/notibras\/\"]},{\"@type\":\"Person\",\"@id\":\"https:\/\/www.notibras.com\/site\/#\/schema\/person\/36ab0979449956132d3e5b517ea76ac8\",\"name\":\"Reda\u00e7\u00e3o\",\"image\":{\"@type\":\"ImageObject\",\"inLanguage\":\"pt-BR\",\"@id\":\"https:\/\/secure.gravatar.com\/avatar\/e0a867bdedb85fd243eadf09663511f96fc81e0720a4a42581f334ad4303aa6b?s=96&d=mm&r=g\",\"url\":\"https:\/\/secure.gravatar.com\/avatar\/e0a867bdedb85fd243eadf09663511f96fc81e0720a4a42581f334ad4303aa6b?s=96&d=mm&r=g\",\"contentUrl\":\"https:\/\/secure.gravatar.com\/avatar\/e0a867bdedb85fd243eadf09663511f96fc81e0720a4a42581f334ad4303aa6b?s=96&d=mm&r=g\",\"caption\":\"Reda\u00e7\u00e3o\"}}]}<\/script>\n<!-- \/ Yoast SEO plugin. -->","yoast_head_json":{"title":"Celso de Mello v\u00ea 'grave equ\u00edvoco institucional' no veto a Messias - Notibras","robots":{"index":"index","follow":"follow","max-snippet":"max-snippet:-1","max-image-preview":"max-image-preview:large","max-video-preview":"max-video-preview:-1"},"canonical":"https:\/\/www.notibras.com\/site\/celso-de-mello-ve-grave-equivoco-institucional-no-veto-a-messias\/","og_locale":"pt_BR","og_type":"article","og_title":"Celso de Mello v\u00ea 'grave equ\u00edvoco institucional' no veto a Messias - Notibras","og_description":"O ministro aposentado do Supremo Tribunal Federal (STF) Celso de Mello afirmou nesta quarta-feira (29) que o Senado cometeu um \u201cgrave equ\u00edvoco institucional\u201d ao rejeitar a indica\u00e7\u00e3o do advogado-geral da Uni\u00e3o, Jorge Messias, para uma ocupar uma vaga na Corte. Em nota \u00e0 imprensa, Mello, que ficou no tribunal entre 1989 e 2020, classificou a [&hellip;]","og_url":"https:\/\/www.notibras.com\/site\/celso-de-mello-ve-grave-equivoco-institucional-no-veto-a-messias\/","og_site_name":"Notibras","article_publisher":"https:\/\/www.facebook.com\/notibras\/","article_published_time":"2026-04-30T03:00:21+00:00","article_modified_time":"2026-04-30T11:23:04+00:00","og_image":[{"width":1170,"height":700,"url":"https:\/\/www.notibras.com\/site\/wp-content\/uploads\/2026\/04\/edit_fcpzzb_abr_241020196141.webp","type":"image\/webp"}],"author":"Reda\u00e7\u00e3o","twitter_card":"summary_large_image","twitter_creator":"@Notibras","twitter_site":"@Notibras","twitter_misc":{"Escrito por":"Reda\u00e7\u00e3o","Est. tempo de leitura":"2 minutos"},"schema":{"@context":"https:\/\/schema.org","@graph":[{"@type":"Article","@id":"https:\/\/www.notibras.com\/site\/celso-de-mello-ve-grave-equivoco-institucional-no-veto-a-messias\/#article","isPartOf":{"@id":"https:\/\/www.notibras.com\/site\/celso-de-mello-ve-grave-equivoco-institucional-no-veto-a-messias\/"},"author":{"name":"Reda\u00e7\u00e3o","@id":"https:\/\/www.notibras.com\/site\/#\/schema\/person\/36ab0979449956132d3e5b517ea76ac8"},"headline":"Celso de Mello v\u00ea &#8216;grave equ\u00edvoco institucional&#8217; no veto a Messias","datePublished":"2026-04-30T03:00:21+00:00","dateModified":"2026-04-30T11:23:04+00:00","mainEntityOfPage":{"@id":"https:\/\/www.notibras.com\/site\/celso-de-mello-ve-grave-equivoco-institucional-no-veto-a-messias\/"},"wordCount":229,"publisher":{"@id":"https:\/\/www.notibras.com\/site\/#organization"},"image":{"@id":"https:\/\/www.notibras.com\/site\/celso-de-mello-ve-grave-equivoco-institucional-no-veto-a-messias\/#primaryimage"},"thumbnailUrl":"https:\/\/www.notibras.com\/site\/wp-content\/uploads\/2026\/04\/edit_fcpzzb_abr_241020196141.webp","articleSection":["Brasil"],"inLanguage":"pt-BR"},{"@type":"WebPage","@id":"https:\/\/www.notibras.com\/site\/celso-de-mello-ve-grave-equivoco-institucional-no-veto-a-messias\/","url":"https:\/\/www.notibras.com\/site\/celso-de-mello-ve-grave-equivoco-institucional-no-veto-a-messias\/","name":"Celso de Mello v\u00ea 'grave equ\u00edvoco institucional' no veto a Messias - Notibras","isPartOf":{"@id":"https:\/\/www.notibras.com\/site\/#website"},"primaryImageOfPage":{"@id":"https:\/\/www.notibras.com\/site\/celso-de-mello-ve-grave-equivoco-institucional-no-veto-a-messias\/#primaryimage"},"image":{"@id":"https:\/\/www.notibras.com\/site\/celso-de-mello-ve-grave-equivoco-institucional-no-veto-a-messias\/#primaryimage"},"thumbnailUrl":"https:\/\/www.notibras.com\/site\/wp-content\/uploads\/2026\/04\/edit_fcpzzb_abr_241020196141.webp","datePublished":"2026-04-30T03:00:21+00:00","dateModified":"2026-04-30T11:23:04+00:00","breadcrumb":{"@id":"https:\/\/www.notibras.com\/site\/celso-de-mello-ve-grave-equivoco-institucional-no-veto-a-messias\/#breadcrumb"},"inLanguage":"pt-BR","potentialAction":[{"@type":"ReadAction","target":["https:\/\/www.notibras.com\/site\/celso-de-mello-ve-grave-equivoco-institucional-no-veto-a-messias\/"]}]},{"@type":"ImageObject","inLanguage":"pt-BR","@id":"https:\/\/www.notibras.com\/site\/celso-de-mello-ve-grave-equivoco-institucional-no-veto-a-messias\/#primaryimage","url":"https:\/\/www.notibras.com\/site\/wp-content\/uploads\/2026\/04\/edit_fcpzzb_abr_241020196141.webp","contentUrl":"https:\/\/www.notibras.com\/site\/wp-content\/uploads\/2026\/04\/edit_fcpzzb_abr_241020196141.webp","width":1170,"height":700},{"@type":"BreadcrumbList","@id":"https:\/\/www.notibras.com\/site\/celso-de-mello-ve-grave-equivoco-institucional-no-veto-a-messias\/#breadcrumb","itemListElement":[{"@type":"ListItem","position":1,"name":"In\u00edcio","item":"https:\/\/www.notibras.com\/site\/"},{"@type":"ListItem","position":2,"name":"Celso de Mello v\u00ea &#8216;grave equ\u00edvoco institucional&#8217; no veto a Messias"}]},{"@type":"WebSite","@id":"https:\/\/www.notibras.com\/site\/#website","url":"https:\/\/www.notibras.com\/site\/","name":"Notibras","description":"Not\u00edcias de Bras\u00edlia, do Brasil e do Mundo","publisher":{"@id":"https:\/\/www.notibras.com\/site\/#organization"},"potentialAction":[{"@type":"SearchAction","target":{"@type":"EntryPoint","urlTemplate":"https:\/\/www.notibras.com\/site\/?s={search_term_string}"},"query-input":{"@type":"PropertyValueSpecification","valueRequired":true,"valueName":"search_term_string"}}],"inLanguage":"pt-BR"},{"@type":"Organization","@id":"https:\/\/www.notibras.com\/site\/#organization","name":"Grupo Notibras de Comunica\u00e7\u00e3o","url":"https:\/\/www.notibras.com\/site\/","logo":{"@type":"ImageObject","inLanguage":"pt-BR","@id":"https:\/\/www.notibras.com\/site\/#\/schema\/logo\/image\/","url":"https:\/\/www.notibras.com\/site\/wp-content\/uploads\/2023\/01\/notibras23.png","contentUrl":"https:\/\/www.notibras.com\/site\/wp-content\/uploads\/2023\/01\/notibras23.png","width":350,"height":87,"caption":"Grupo Notibras de Comunica\u00e7\u00e3o"},"image":{"@id":"https:\/\/www.notibras.com\/site\/#\/schema\/logo\/image\/"},"sameAs":["https:\/\/www.facebook.com\/notibras\/","https:\/\/x.com\/Notibras","https:\/\/www.instagram.com\/notibras\/"]},{"@type":"Person","@id":"https:\/\/www.notibras.com\/site\/#\/schema\/person\/36ab0979449956132d3e5b517ea76ac8","name":"Reda\u00e7\u00e3o","image":{"@type":"ImageObject","inLanguage":"pt-BR","@id":"https:\/\/secure.gravatar.com\/avatar\/e0a867bdedb85fd243eadf09663511f96fc81e0720a4a42581f334ad4303aa6b?s=96&d=mm&r=g","url":"https:\/\/secure.gravatar.com\/avatar\/e0a867bdedb85fd243eadf09663511f96fc81e0720a4a42581f334ad4303aa6b?s=96&d=mm&r=g","contentUrl":"https:\/\/secure.gravatar.com\/avatar\/e0a867bdedb85fd243eadf09663511f96fc81e0720a4a42581f334ad4303aa6b?s=96&d=mm&r=g","caption":"Reda\u00e7\u00e3o"}}]}},"amp_enabled":true,"_links":{"self":[{"href":"https:\/\/www.notibras.com\/site\/wp-json\/wp\/v2\/posts\/393091","targetHints":{"allow":["GET"]}}],"collection":[{"href":"https:\/\/www.notibras.com\/site\/wp-json\/wp\/v2\/posts"}],"about":[{"href":"https:\/\/www.notibras.com\/site\/wp-json\/wp\/v2\/types\/post"}],"author":[{"embeddable":true,"href":"https:\/\/www.notibras.com\/site\/wp-json\/wp\/v2\/users\/2"}],"replies":[{"embeddable":true,"href":"https:\/\/www.notibras.com\/site\/wp-json\/wp\/v2\/comments?post=393091"}],"version-history":[{"count":1,"href":"https:\/\/www.notibras.com\/site\/wp-json\/wp\/v2\/posts\/393091\/revisions"}],"predecessor-version":[{"id":393093,"href":"https:\/\/www.notibras.com\/site\/wp-json\/wp\/v2\/posts\/393091\/revisions\/393093"}],"wp:featuredmedia":[{"embeddable":true,"href":"https:\/\/www.notibras.com\/site\/wp-json\/wp\/v2\/media\/393092"}],"wp:attachment":[{"href":"https:\/\/www.notibras.com\/site\/wp-json\/wp\/v2\/media?parent=393091"}],"wp:term":[{"taxonomy":"category","embeddable":true,"href":"https:\/\/www.notibras.com\/site\/wp-json\/wp\/v2\/categories?post=393091"},{"taxonomy":"post_tag","embeddable":true,"href":"https:\/\/www.notibras.com\/site\/wp-json\/wp\/v2\/tags?post=393091"}],"curies":[{"name":"wp","href":"https:\/\/api.w.org\/{rel}","templated":true}]}}