{"id":393094,"date":"2026-04-30T00:00:51","date_gmt":"2026-04-30T03:00:51","guid":{"rendered":"https:\/\/www.notibras.com\/site\/?p=393094"},"modified":"2026-04-30T08:27:21","modified_gmt":"2026-04-30T11:27:21","slug":"fachin-diz-que-respeita-decisao-do-senado-contra-messias","status":"publish","type":"post","link":"https:\/\/www.notibras.com\/site\/fachin-diz-que-respeita-decisao-do-senado-contra-messias\/","title":{"rendered":"Fachin diz que respeita decis\u00e3o do Senado contra Messias"},"content":{"rendered":"<p>O presidente do Supremo Tribunal Federal (STF), ministro Edson Fachin, disse nesta quarta-feira (29) que respeita a decis\u00e3o do Senado que rejeitou a indica\u00e7\u00e3o do advogado-geral da Uni\u00e3o, Jorge Messias, para ocupar uma vaga na Suprema Corte.<\/p>\n<p>Em nota \u00e0 imprensa, Fachin disse que o Supremo reitera o respeito constitucional \u00e0 prerrogativa do Senado de aprovar ou n\u00e3o uma indica\u00e7\u00e3o para o tribunal.<\/p>\n<p>\u201cReitera, igualmente, o respeito \u00e0 hist\u00f3ria pessoal e institucional de todos os agentes p\u00fablicos envolvidos no processo, reconhecendo que a vida republicana se fortalece quando diverg\u00eancias s\u00e3o tratadas com eleva\u00e7\u00e3o, urbanidade e responsabilidade p\u00fablica\u201d, afirmou.<\/p>\n<p>O presidente do Supremo tamb\u00e9m defendeu \u201cresponsabilidade institucional\u201d para que a Corte possa preencher a vaga do ministro aposentado Lu\u00eds Roberto Barroso. Atualmente, a Corte est\u00e1 com dez integrantes e j\u00e1 registra empates em vota\u00e7\u00f5es.<\/p>\n<p>\u201cA Corte aguarda, com a serenidade e o senso de responsabilidade institucional, as provid\u00eancias constitucionais cab\u00edveis para o oportuno preenchimento da vaga em aberto\u201d, completou.<\/p>\n<p>No in\u00edcio da noite, o plen\u00e1rio do Senado rejeitou a indica\u00e7\u00e3o feita pelo presidente Luiz In\u00e1cio Lula da Silva para que Messias assuma a vaga deixada por Barroso.<\/p>\n","protected":false},"excerpt":{"rendered":"<p>O presidente do Supremo Tribunal Federal (STF), ministro Edson Fachin, disse nesta quarta-feira (29) que respeita a decis\u00e3o do Senado que rejeitou a indica\u00e7\u00e3o do advogado-geral da Uni\u00e3o, Jorge Messias, para ocupar uma vaga na Suprema Corte. Em nota \u00e0 imprensa, Fachin disse que o Supremo reitera o respeito constitucional \u00e0 prerrogativa do Senado de [&hellip;]<\/p>\n","protected":false},"author":2,"featured_media":393095,"comment_status":"closed","ping_status":"closed","sticky":false,"template":"","format":"standard","meta":{"_acf_changed":false,"footnotes":""},"categories":[16],"tags":[],"class_list":["post-393094","post","type-post","status-publish","format-standard","has-post-thumbnail","hentry","category-brasil"],"acf":[],"yoast_head":"<!-- This site is optimized with the Yoast SEO plugin v27.2 - https:\/\/yoast.com\/product\/yoast-seo-wordpress\/ -->\n<title>Fachin diz que respeita decis\u00e3o do Senado contra Messias - Notibras<\/title>\n<meta name=\"robots\" content=\"index, follow, max-snippet:-1, max-image-preview:large, max-video-preview:-1\" \/>\n<link rel=\"canonical\" href=\"https:\/\/www.notibras.com\/site\/fachin-diz-que-respeita-decisao-do-senado-contra-messias\/\" \/>\n<meta property=\"og:locale\" content=\"pt_BR\" \/>\n<meta property=\"og:type\" content=\"article\" \/>\n<meta property=\"og:title\" content=\"Fachin diz que respeita decis\u00e3o do Senado contra Messias - Notibras\" \/>\n<meta property=\"og:description\" content=\"O presidente do Supremo Tribunal Federal (STF), ministro Edson Fachin, disse nesta quarta-feira (29) que respeita a decis\u00e3o do Senado que rejeitou a indica\u00e7\u00e3o do advogado-geral da Uni\u00e3o, Jorge Messias, para ocupar uma vaga na Suprema Corte. Em nota \u00e0 imprensa, Fachin disse que o Supremo reitera o respeito constitucional \u00e0 prerrogativa do Senado de [&hellip;]\" \/>\n<meta property=\"og:url\" content=\"https:\/\/www.notibras.com\/site\/fachin-diz-que-respeita-decisao-do-senado-contra-messias\/\" \/>\n<meta property=\"og:site_name\" content=\"Notibras\" \/>\n<meta property=\"article:publisher\" content=\"https:\/\/www.facebook.com\/notibras\/\" \/>\n<meta property=\"article:published_time\" content=\"2026-04-30T03:00:51+00:00\" \/>\n<meta property=\"article:modified_time\" content=\"2026-04-30T11:27:21+00:00\" \/>\n<meta property=\"og:image\" content=\"https:\/\/www.notibras.com\/site\/wp-content\/uploads\/2026\/04\/img_4439.jpg.webp\" \/>\n\t<meta property=\"og:image:width\" content=\"1170\" \/>\n\t<meta property=\"og:image:height\" content=\"700\" \/>\n\t<meta property=\"og:image:type\" content=\"image\/webp\" \/>\n<meta name=\"author\" content=\"Reda\u00e7\u00e3o\" \/>\n<meta name=\"twitter:card\" content=\"summary_large_image\" \/>\n<meta name=\"twitter:creator\" content=\"@Notibras\" \/>\n<meta name=\"twitter:site\" content=\"@Notibras\" \/>\n<meta name=\"twitter:label1\" content=\"Escrito por\" \/>\n\t<meta name=\"twitter:data1\" content=\"Reda\u00e7\u00e3o\" \/>\n\t<meta name=\"twitter:label2\" content=\"Est. tempo de leitura\" \/>\n\t<meta name=\"twitter:data2\" content=\"2 minutos\" \/>\n<script type=\"application\/ld+json\" class=\"yoast-schema-graph\">{\"@context\":\"https:\/\/schema.org\",\"@graph\":[{\"@type\":\"Article\",\"@id\":\"https:\/\/www.notibras.com\/site\/fachin-diz-que-respeita-decisao-do-senado-contra-messias\/#article\",\"isPartOf\":{\"@id\":\"https:\/\/www.notibras.com\/site\/fachin-diz-que-respeita-decisao-do-senado-contra-messias\/\"},\"author\":{\"name\":\"Reda\u00e7\u00e3o\",\"@id\":\"https:\/\/www.notibras.com\/site\/#\/schema\/person\/36ab0979449956132d3e5b517ea76ac8\"},\"headline\":\"Fachin diz que respeita decis\u00e3o do Senado contra Messias\",\"datePublished\":\"2026-04-30T03:00:51+00:00\",\"dateModified\":\"2026-04-30T11:27:21+00:00\",\"mainEntityOfPage\":{\"@id\":\"https:\/\/www.notibras.com\/site\/fachin-diz-que-respeita-decisao-do-senado-contra-messias\/\"},\"wordCount\":212,\"publisher\":{\"@id\":\"https:\/\/www.notibras.com\/site\/#organization\"},\"image\":{\"@id\":\"https:\/\/www.notibras.com\/site\/fachin-diz-que-respeita-decisao-do-senado-contra-messias\/#primaryimage\"},\"thumbnailUrl\":\"https:\/\/www.notibras.com\/site\/wp-content\/uploads\/2026\/04\/img_4439.jpg.webp\",\"articleSection\":[\"Brasil\"],\"inLanguage\":\"pt-BR\"},{\"@type\":\"WebPage\",\"@id\":\"https:\/\/www.notibras.com\/site\/fachin-diz-que-respeita-decisao-do-senado-contra-messias\/\",\"url\":\"https:\/\/www.notibras.com\/site\/fachin-diz-que-respeita-decisao-do-senado-contra-messias\/\",\"name\":\"Fachin diz que respeita decis\u00e3o do Senado contra Messias - Notibras\",\"isPartOf\":{\"@id\":\"https:\/\/www.notibras.com\/site\/#website\"},\"primaryImageOfPage\":{\"@id\":\"https:\/\/www.notibras.com\/site\/fachin-diz-que-respeita-decisao-do-senado-contra-messias\/#primaryimage\"},\"image\":{\"@id\":\"https:\/\/www.notibras.com\/site\/fachin-diz-que-respeita-decisao-do-senado-contra-messias\/#primaryimage\"},\"thumbnailUrl\":\"https:\/\/www.notibras.com\/site\/wp-content\/uploads\/2026\/04\/img_4439.jpg.webp\",\"datePublished\":\"2026-04-30T03:00:51+00:00\",\"dateModified\":\"2026-04-30T11:27:21+00:00\",\"breadcrumb\":{\"@id\":\"https:\/\/www.notibras.com\/site\/fachin-diz-que-respeita-decisao-do-senado-contra-messias\/#breadcrumb\"},\"inLanguage\":\"pt-BR\",\"potentialAction\":[{\"@type\":\"ReadAction\",\"target\":[\"https:\/\/www.notibras.com\/site\/fachin-diz-que-respeita-decisao-do-senado-contra-messias\/\"]}]},{\"@type\":\"ImageObject\",\"inLanguage\":\"pt-BR\",\"@id\":\"https:\/\/www.notibras.com\/site\/fachin-diz-que-respeita-decisao-do-senado-contra-messias\/#primaryimage\",\"url\":\"https:\/\/www.notibras.com\/site\/wp-content\/uploads\/2026\/04\/img_4439.jpg.webp\",\"contentUrl\":\"https:\/\/www.notibras.com\/site\/wp-content\/uploads\/2026\/04\/img_4439.jpg.webp\",\"width\":1170,\"height\":700},{\"@type\":\"BreadcrumbList\",\"@id\":\"https:\/\/www.notibras.com\/site\/fachin-diz-que-respeita-decisao-do-senado-contra-messias\/#breadcrumb\",\"itemListElement\":[{\"@type\":\"ListItem\",\"position\":1,\"name\":\"In\u00edcio\",\"item\":\"https:\/\/www.notibras.com\/site\/\"},{\"@type\":\"ListItem\",\"position\":2,\"name\":\"Fachin diz que respeita decis\u00e3o do Senado contra Messias\"}]},{\"@type\":\"WebSite\",\"@id\":\"https:\/\/www.notibras.com\/site\/#website\",\"url\":\"https:\/\/www.notibras.com\/site\/\",\"name\":\"Notibras\",\"description\":\"Not\u00edcias de Bras\u00edlia, do Brasil e do Mundo\",\"publisher\":{\"@id\":\"https:\/\/www.notibras.com\/site\/#organization\"},\"potentialAction\":[{\"@type\":\"SearchAction\",\"target\":{\"@type\":\"EntryPoint\",\"urlTemplate\":\"https:\/\/www.notibras.com\/site\/?s={search_term_string}\"},\"query-input\":{\"@type\":\"PropertyValueSpecification\",\"valueRequired\":true,\"valueName\":\"search_term_string\"}}],\"inLanguage\":\"pt-BR\"},{\"@type\":\"Organization\",\"@id\":\"https:\/\/www.notibras.com\/site\/#organization\",\"name\":\"Grupo Notibras de Comunica\u00e7\u00e3o\",\"url\":\"https:\/\/www.notibras.com\/site\/\",\"logo\":{\"@type\":\"ImageObject\",\"inLanguage\":\"pt-BR\",\"@id\":\"https:\/\/www.notibras.com\/site\/#\/schema\/logo\/image\/\",\"url\":\"https:\/\/www.notibras.com\/site\/wp-content\/uploads\/2023\/01\/notibras23.png\",\"contentUrl\":\"https:\/\/www.notibras.com\/site\/wp-content\/uploads\/2023\/01\/notibras23.png\",\"width\":350,\"height\":87,\"caption\":\"Grupo Notibras de Comunica\u00e7\u00e3o\"},\"image\":{\"@id\":\"https:\/\/www.notibras.com\/site\/#\/schema\/logo\/image\/\"},\"sameAs\":[\"https:\/\/www.facebook.com\/notibras\/\",\"https:\/\/x.com\/Notibras\",\"https:\/\/www.instagram.com\/notibras\/\"]},{\"@type\":\"Person\",\"@id\":\"https:\/\/www.notibras.com\/site\/#\/schema\/person\/36ab0979449956132d3e5b517ea76ac8\",\"name\":\"Reda\u00e7\u00e3o\",\"image\":{\"@type\":\"ImageObject\",\"inLanguage\":\"pt-BR\",\"@id\":\"https:\/\/secure.gravatar.com\/avatar\/e0a867bdedb85fd243eadf09663511f96fc81e0720a4a42581f334ad4303aa6b?s=96&d=mm&r=g\",\"url\":\"https:\/\/secure.gravatar.com\/avatar\/e0a867bdedb85fd243eadf09663511f96fc81e0720a4a42581f334ad4303aa6b?s=96&d=mm&r=g\",\"contentUrl\":\"https:\/\/secure.gravatar.com\/avatar\/e0a867bdedb85fd243eadf09663511f96fc81e0720a4a42581f334ad4303aa6b?s=96&d=mm&r=g\",\"caption\":\"Reda\u00e7\u00e3o\"}}]}<\/script>\n<!-- \/ Yoast SEO plugin. -->","yoast_head_json":{"title":"Fachin diz que respeita decis\u00e3o do Senado contra Messias - Notibras","robots":{"index":"index","follow":"follow","max-snippet":"max-snippet:-1","max-image-preview":"max-image-preview:large","max-video-preview":"max-video-preview:-1"},"canonical":"https:\/\/www.notibras.com\/site\/fachin-diz-que-respeita-decisao-do-senado-contra-messias\/","og_locale":"pt_BR","og_type":"article","og_title":"Fachin diz que respeita decis\u00e3o do Senado contra Messias - Notibras","og_description":"O presidente do Supremo Tribunal Federal (STF), ministro Edson Fachin, disse nesta quarta-feira (29) que respeita a decis\u00e3o do Senado que rejeitou a indica\u00e7\u00e3o do advogado-geral da Uni\u00e3o, Jorge Messias, para ocupar uma vaga na Suprema Corte. Em nota \u00e0 imprensa, Fachin disse que o Supremo reitera o respeito constitucional \u00e0 prerrogativa do Senado de [&hellip;]","og_url":"https:\/\/www.notibras.com\/site\/fachin-diz-que-respeita-decisao-do-senado-contra-messias\/","og_site_name":"Notibras","article_publisher":"https:\/\/www.facebook.com\/notibras\/","article_published_time":"2026-04-30T03:00:51+00:00","article_modified_time":"2026-04-30T11:27:21+00:00","og_image":[{"width":1170,"height":700,"url":"https:\/\/www.notibras.com\/site\/wp-content\/uploads\/2026\/04\/img_4439.jpg.webp","type":"image\/webp"}],"author":"Reda\u00e7\u00e3o","twitter_card":"summary_large_image","twitter_creator":"@Notibras","twitter_site":"@Notibras","twitter_misc":{"Escrito por":"Reda\u00e7\u00e3o","Est. tempo de leitura":"2 minutos"},"schema":{"@context":"https:\/\/schema.org","@graph":[{"@type":"Article","@id":"https:\/\/www.notibras.com\/site\/fachin-diz-que-respeita-decisao-do-senado-contra-messias\/#article","isPartOf":{"@id":"https:\/\/www.notibras.com\/site\/fachin-diz-que-respeita-decisao-do-senado-contra-messias\/"},"author":{"name":"Reda\u00e7\u00e3o","@id":"https:\/\/www.notibras.com\/site\/#\/schema\/person\/36ab0979449956132d3e5b517ea76ac8"},"headline":"Fachin diz que respeita decis\u00e3o do Senado contra Messias","datePublished":"2026-04-30T03:00:51+00:00","dateModified":"2026-04-30T11:27:21+00:00","mainEntityOfPage":{"@id":"https:\/\/www.notibras.com\/site\/fachin-diz-que-respeita-decisao-do-senado-contra-messias\/"},"wordCount":212,"publisher":{"@id":"https:\/\/www.notibras.com\/site\/#organization"},"image":{"@id":"https:\/\/www.notibras.com\/site\/fachin-diz-que-respeita-decisao-do-senado-contra-messias\/#primaryimage"},"thumbnailUrl":"https:\/\/www.notibras.com\/site\/wp-content\/uploads\/2026\/04\/img_4439.jpg.webp","articleSection":["Brasil"],"inLanguage":"pt-BR"},{"@type":"WebPage","@id":"https:\/\/www.notibras.com\/site\/fachin-diz-que-respeita-decisao-do-senado-contra-messias\/","url":"https:\/\/www.notibras.com\/site\/fachin-diz-que-respeita-decisao-do-senado-contra-messias\/","name":"Fachin diz que respeita decis\u00e3o do Senado contra Messias - Notibras","isPartOf":{"@id":"https:\/\/www.notibras.com\/site\/#website"},"primaryImageOfPage":{"@id":"https:\/\/www.notibras.com\/site\/fachin-diz-que-respeita-decisao-do-senado-contra-messias\/#primaryimage"},"image":{"@id":"https:\/\/www.notibras.com\/site\/fachin-diz-que-respeita-decisao-do-senado-contra-messias\/#primaryimage"},"thumbnailUrl":"https:\/\/www.notibras.com\/site\/wp-content\/uploads\/2026\/04\/img_4439.jpg.webp","datePublished":"2026-04-30T03:00:51+00:00","dateModified":"2026-04-30T11:27:21+00:00","breadcrumb":{"@id":"https:\/\/www.notibras.com\/site\/fachin-diz-que-respeita-decisao-do-senado-contra-messias\/#breadcrumb"},"inLanguage":"pt-BR","potentialAction":[{"@type":"ReadAction","target":["https:\/\/www.notibras.com\/site\/fachin-diz-que-respeita-decisao-do-senado-contra-messias\/"]}]},{"@type":"ImageObject","inLanguage":"pt-BR","@id":"https:\/\/www.notibras.com\/site\/fachin-diz-que-respeita-decisao-do-senado-contra-messias\/#primaryimage","url":"https:\/\/www.notibras.com\/site\/wp-content\/uploads\/2026\/04\/img_4439.jpg.webp","contentUrl":"https:\/\/www.notibras.com\/site\/wp-content\/uploads\/2026\/04\/img_4439.jpg.webp","width":1170,"height":700},{"@type":"BreadcrumbList","@id":"https:\/\/www.notibras.com\/site\/fachin-diz-que-respeita-decisao-do-senado-contra-messias\/#breadcrumb","itemListElement":[{"@type":"ListItem","position":1,"name":"In\u00edcio","item":"https:\/\/www.notibras.com\/site\/"},{"@type":"ListItem","position":2,"name":"Fachin diz que respeita decis\u00e3o do Senado contra Messias"}]},{"@type":"WebSite","@id":"https:\/\/www.notibras.com\/site\/#website","url":"https:\/\/www.notibras.com\/site\/","name":"Notibras","description":"Not\u00edcias de Bras\u00edlia, do Brasil e do Mundo","publisher":{"@id":"https:\/\/www.notibras.com\/site\/#organization"},"potentialAction":[{"@type":"SearchAction","target":{"@type":"EntryPoint","urlTemplate":"https:\/\/www.notibras.com\/site\/?s={search_term_string}"},"query-input":{"@type":"PropertyValueSpecification","valueRequired":true,"valueName":"search_term_string"}}],"inLanguage":"pt-BR"},{"@type":"Organization","@id":"https:\/\/www.notibras.com\/site\/#organization","name":"Grupo Notibras de Comunica\u00e7\u00e3o","url":"https:\/\/www.notibras.com\/site\/","logo":{"@type":"ImageObject","inLanguage":"pt-BR","@id":"https:\/\/www.notibras.com\/site\/#\/schema\/logo\/image\/","url":"https:\/\/www.notibras.com\/site\/wp-content\/uploads\/2023\/01\/notibras23.png","contentUrl":"https:\/\/www.notibras.com\/site\/wp-content\/uploads\/2023\/01\/notibras23.png","width":350,"height":87,"caption":"Grupo Notibras de Comunica\u00e7\u00e3o"},"image":{"@id":"https:\/\/www.notibras.com\/site\/#\/schema\/logo\/image\/"},"sameAs":["https:\/\/www.facebook.com\/notibras\/","https:\/\/x.com\/Notibras","https:\/\/www.instagram.com\/notibras\/"]},{"@type":"Person","@id":"https:\/\/www.notibras.com\/site\/#\/schema\/person\/36ab0979449956132d3e5b517ea76ac8","name":"Reda\u00e7\u00e3o","image":{"@type":"ImageObject","inLanguage":"pt-BR","@id":"https:\/\/secure.gravatar.com\/avatar\/e0a867bdedb85fd243eadf09663511f96fc81e0720a4a42581f334ad4303aa6b?s=96&d=mm&r=g","url":"https:\/\/secure.gravatar.com\/avatar\/e0a867bdedb85fd243eadf09663511f96fc81e0720a4a42581f334ad4303aa6b?s=96&d=mm&r=g","contentUrl":"https:\/\/secure.gravatar.com\/avatar\/e0a867bdedb85fd243eadf09663511f96fc81e0720a4a42581f334ad4303aa6b?s=96&d=mm&r=g","caption":"Reda\u00e7\u00e3o"}}]}},"amp_enabled":true,"_links":{"self":[{"href":"https:\/\/www.notibras.com\/site\/wp-json\/wp\/v2\/posts\/393094","targetHints":{"allow":["GET"]}}],"collection":[{"href":"https:\/\/www.notibras.com\/site\/wp-json\/wp\/v2\/posts"}],"about":[{"href":"https:\/\/www.notibras.com\/site\/wp-json\/wp\/v2\/types\/post"}],"author":[{"embeddable":true,"href":"https:\/\/www.notibras.com\/site\/wp-json\/wp\/v2\/users\/2"}],"replies":[{"embeddable":true,"href":"https:\/\/www.notibras.com\/site\/wp-json\/wp\/v2\/comments?post=393094"}],"version-history":[{"count":1,"href":"https:\/\/www.notibras.com\/site\/wp-json\/wp\/v2\/posts\/393094\/revisions"}],"predecessor-version":[{"id":393096,"href":"https:\/\/www.notibras.com\/site\/wp-json\/wp\/v2\/posts\/393094\/revisions\/393096"}],"wp:featuredmedia":[{"embeddable":true,"href":"https:\/\/www.notibras.com\/site\/wp-json\/wp\/v2\/media\/393095"}],"wp:attachment":[{"href":"https:\/\/www.notibras.com\/site\/wp-json\/wp\/v2\/media?parent=393094"}],"wp:term":[{"taxonomy":"category","embeddable":true,"href":"https:\/\/www.notibras.com\/site\/wp-json\/wp\/v2\/categories?post=393094"},{"taxonomy":"post_tag","embeddable":true,"href":"https:\/\/www.notibras.com\/site\/wp-json\/wp\/v2\/tags?post=393094"}],"curies":[{"name":"wp","href":"https:\/\/api.w.org\/{rel}","templated":true}]}}