{"id":393100,"date":"2026-04-30T00:37:32","date_gmt":"2026-04-30T03:37:32","guid":{"rendered":"https:\/\/www.notibras.com\/site\/?p=393100"},"modified":"2026-04-30T08:39:28","modified_gmt":"2026-04-30T11:39:28","slug":"festival-internacional-e-tela-para-novos-talentos","status":"publish","type":"post","link":"https:\/\/www.notibras.com\/site\/festival-internacional-e-tela-para-novos-talentos\/","title":{"rendered":"Festival internacional \u00e9 tela para novos talentos"},"content":{"rendered":"<p>Quando subiu ao palco do Cine Bras\u00edlia para ser homenageada no Bras\u00edlia International Film Festival (BIFF) na noite dessa quarta (29), diferentes filmes passaram pela cabe\u00e7a da cineasta Cibele Amaral.<\/p>\n<p>A nona edi\u00e7\u00e3o da mostra segue at\u00e9 dia 3 de maio. O acesso \u00e9 gratuito para assistir aos 18 filmes escolhidos entre os mais de 800 inscritos. Veja aqui a programa\u00e7\u00e3o completa.<\/p>\n<p>H\u00e1 23 anos, ela teve o curta-metragem Momento tr\u00e1gico (de 17 minutos) exibido naquela mesma tela da cidade.<\/p>\n<p>Era o come\u00e7o de carreira dela. Vieram 30 pr\u00eamios s\u00f3 para este trabalho. Ela voltou ao cinema de tantas lembran\u00e7as para dizer que as mostras fizeram diferen\u00e7a em seu caminho.<\/p>\n<p>Na primeira noite do festival, Cibele Amaral e uma sala lotada voltaram a assistir ao Momento tr\u00e1gico.<\/p>\n<p>\u201c\u00c9 preciso resili\u00eancia para ser cineasta.\u201d<\/p>\n<p>A principal proposta da mostra \u00e9 divulgar novos talentos e servir de tela para que hist\u00f3rias de cineastas possam surgir.<\/p>\n<p><strong>Encantamento<\/strong><br \/>\nDiretora geral do festival, Anna Karina de Carvalho explica que os festivais precisam causar encantamento a fim de absorver novos p\u00fablicos. \u201cPara que os mais jovens saiam do celular e experimentem a grandeza do cinema\u201d, completou.<\/p>\n<p>Tamb\u00e9m integrante da equipe de coordena\u00e7\u00e3o do evento, a diretora executiva Natasha Prado explica que os trabalhos escolhidos devem ser at\u00e9 o terceiro filme do cineasta, justamente para abrir espa\u00e7os.<\/p>\n<p>Ela cita, inclusive, que o diretor noruegu\u00eas Joachim Trier exibiu, em Bras\u00edlia, na edi\u00e7\u00e3o de 2012, sua primeira obra, \u201cOslo, 31 de agosto\u201d. Trier ganhou o Oscar de melhor filme internacional em 2026 com \u201cValor Sentimental\u201d. \u201cA gente tem muito orgulho disso\u201d, afirmou.<\/p>\n<p><strong>Democratizar acesso<\/strong><br \/>\nPara democratizar o acesso, as diretoras defenderam a necessidade de a programa\u00e7\u00e3o ser gratuita, e os espa\u00e7os garantidos para crian\u00e7as.<\/p>\n<p>Nesta quinta (30), por exemplo, a programa\u00e7\u00e3o tem para esse p\u00fablico o longa-metragem s\u00e9rvio \u201cO Segundo Di\u00e1rio de Paulina P\u201d, dirigido por Neven Hitrec.<\/p>\n<p>Para o p\u00fablico adulto, est\u00e3o previstas as exibi\u00e7\u00f5es na mostra competitiva do brasileiro \u201cRevoada\u201d, de Ducca Rios, e o canadense \u201cO Roubo\u201d, de Aisha Jamal.<\/p>\n","protected":false},"excerpt":{"rendered":"<p>Quando subiu ao palco do Cine Bras\u00edlia para ser homenageada no Bras\u00edlia International Film Festival (BIFF) na noite dessa quarta (29), diferentes filmes passaram pela cabe\u00e7a da cineasta Cibele Amaral. A nona edi\u00e7\u00e3o da mostra segue at\u00e9 dia 3 de maio. O acesso \u00e9 gratuito para assistir aos 18 filmes escolhidos entre os mais de [&hellip;]<\/p>\n","protected":false},"author":2,"featured_media":393101,"comment_status":"closed","ping_status":"closed","sticky":false,"template":"","format":"standard","meta":{"_acf_changed":false,"footnotes":""},"categories":[155],"tags":[],"class_list":["post-393100","post","type-post","status-publish","format-standard","has-post-thumbnail","hentry","category-leitura-vip"],"acf":[],"yoast_head":"<!-- This site is optimized with the Yoast SEO plugin v27.2 - https:\/\/yoast.com\/product\/yoast-seo-wordpress\/ -->\n<title>Festival internacional \u00e9 tela para novos talentos - Notibras<\/title>\n<meta name=\"robots\" content=\"index, follow, max-snippet:-1, max-image-preview:large, max-video-preview:-1\" \/>\n<link rel=\"canonical\" href=\"https:\/\/www.notibras.com\/site\/festival-internacional-e-tela-para-novos-talentos\/\" \/>\n<meta property=\"og:locale\" content=\"pt_BR\" \/>\n<meta property=\"og:type\" content=\"article\" \/>\n<meta property=\"og:title\" content=\"Festival internacional \u00e9 tela para novos talentos - Notibras\" \/>\n<meta property=\"og:description\" content=\"Quando subiu ao palco do Cine Bras\u00edlia para ser homenageada no Bras\u00edlia International Film Festival (BIFF) na noite dessa quarta (29), diferentes filmes passaram pela cabe\u00e7a da cineasta Cibele Amaral. A nona edi\u00e7\u00e3o da mostra segue at\u00e9 dia 3 de maio. O acesso \u00e9 gratuito para assistir aos 18 filmes escolhidos entre os mais de [&hellip;]\" \/>\n<meta property=\"og:url\" content=\"https:\/\/www.notibras.com\/site\/festival-internacional-e-tela-para-novos-talentos\/\" \/>\n<meta property=\"og:site_name\" content=\"Notibras\" \/>\n<meta property=\"article:publisher\" content=\"https:\/\/www.facebook.com\/notibras\/\" \/>\n<meta property=\"article:published_time\" content=\"2026-04-30T03:37:32+00:00\" \/>\n<meta property=\"article:modified_time\" content=\"2026-04-30T11:39:28+00:00\" \/>\n<meta property=\"og:image\" content=\"https:\/\/www.notibras.com\/site\/wp-content\/uploads\/2026\/04\/0d7a2523.jpg.webp\" \/>\n\t<meta property=\"og:image:width\" content=\"1170\" \/>\n\t<meta property=\"og:image:height\" content=\"700\" \/>\n\t<meta property=\"og:image:type\" content=\"image\/webp\" \/>\n<meta name=\"author\" content=\"Reda\u00e7\u00e3o\" \/>\n<meta name=\"twitter:card\" content=\"summary_large_image\" \/>\n<meta name=\"twitter:creator\" content=\"@Notibras\" \/>\n<meta name=\"twitter:site\" content=\"@Notibras\" \/>\n<meta name=\"twitter:label1\" content=\"Escrito por\" \/>\n\t<meta name=\"twitter:data1\" content=\"Reda\u00e7\u00e3o\" \/>\n\t<meta name=\"twitter:label2\" content=\"Est. tempo de leitura\" \/>\n\t<meta name=\"twitter:data2\" content=\"3 minutos\" \/>\n<script type=\"application\/ld+json\" class=\"yoast-schema-graph\">{\"@context\":\"https:\/\/schema.org\",\"@graph\":[{\"@type\":\"Article\",\"@id\":\"https:\/\/www.notibras.com\/site\/festival-internacional-e-tela-para-novos-talentos\/#article\",\"isPartOf\":{\"@id\":\"https:\/\/www.notibras.com\/site\/festival-internacional-e-tela-para-novos-talentos\/\"},\"author\":{\"name\":\"Reda\u00e7\u00e3o\",\"@id\":\"https:\/\/www.notibras.com\/site\/#\/schema\/person\/36ab0979449956132d3e5b517ea76ac8\"},\"headline\":\"Festival internacional \u00e9 tela para novos talentos\",\"datePublished\":\"2026-04-30T03:37:32+00:00\",\"dateModified\":\"2026-04-30T11:39:28+00:00\",\"mainEntityOfPage\":{\"@id\":\"https:\/\/www.notibras.com\/site\/festival-internacional-e-tela-para-novos-talentos\/\"},\"wordCount\":356,\"publisher\":{\"@id\":\"https:\/\/www.notibras.com\/site\/#organization\"},\"image\":{\"@id\":\"https:\/\/www.notibras.com\/site\/festival-internacional-e-tela-para-novos-talentos\/#primaryimage\"},\"thumbnailUrl\":\"https:\/\/www.notibras.com\/site\/wp-content\/uploads\/2026\/04\/0d7a2523.jpg.webp\",\"articleSection\":[\"Leitura Vip\"],\"inLanguage\":\"pt-BR\"},{\"@type\":\"WebPage\",\"@id\":\"https:\/\/www.notibras.com\/site\/festival-internacional-e-tela-para-novos-talentos\/\",\"url\":\"https:\/\/www.notibras.com\/site\/festival-internacional-e-tela-para-novos-talentos\/\",\"name\":\"Festival internacional \u00e9 tela para novos talentos - Notibras\",\"isPartOf\":{\"@id\":\"https:\/\/www.notibras.com\/site\/#website\"},\"primaryImageOfPage\":{\"@id\":\"https:\/\/www.notibras.com\/site\/festival-internacional-e-tela-para-novos-talentos\/#primaryimage\"},\"image\":{\"@id\":\"https:\/\/www.notibras.com\/site\/festival-internacional-e-tela-para-novos-talentos\/#primaryimage\"},\"thumbnailUrl\":\"https:\/\/www.notibras.com\/site\/wp-content\/uploads\/2026\/04\/0d7a2523.jpg.webp\",\"datePublished\":\"2026-04-30T03:37:32+00:00\",\"dateModified\":\"2026-04-30T11:39:28+00:00\",\"breadcrumb\":{\"@id\":\"https:\/\/www.notibras.com\/site\/festival-internacional-e-tela-para-novos-talentos\/#breadcrumb\"},\"inLanguage\":\"pt-BR\",\"potentialAction\":[{\"@type\":\"ReadAction\",\"target\":[\"https:\/\/www.notibras.com\/site\/festival-internacional-e-tela-para-novos-talentos\/\"]}]},{\"@type\":\"ImageObject\",\"inLanguage\":\"pt-BR\",\"@id\":\"https:\/\/www.notibras.com\/site\/festival-internacional-e-tela-para-novos-talentos\/#primaryimage\",\"url\":\"https:\/\/www.notibras.com\/site\/wp-content\/uploads\/2026\/04\/0d7a2523.jpg.webp\",\"contentUrl\":\"https:\/\/www.notibras.com\/site\/wp-content\/uploads\/2026\/04\/0d7a2523.jpg.webp\",\"width\":1170,\"height\":700},{\"@type\":\"BreadcrumbList\",\"@id\":\"https:\/\/www.notibras.com\/site\/festival-internacional-e-tela-para-novos-talentos\/#breadcrumb\",\"itemListElement\":[{\"@type\":\"ListItem\",\"position\":1,\"name\":\"In\u00edcio\",\"item\":\"https:\/\/www.notibras.com\/site\/\"},{\"@type\":\"ListItem\",\"position\":2,\"name\":\"Festival internacional \u00e9 tela para novos talentos\"}]},{\"@type\":\"WebSite\",\"@id\":\"https:\/\/www.notibras.com\/site\/#website\",\"url\":\"https:\/\/www.notibras.com\/site\/\",\"name\":\"Notibras\",\"description\":\"Not\u00edcias de Bras\u00edlia, do Brasil e do Mundo\",\"publisher\":{\"@id\":\"https:\/\/www.notibras.com\/site\/#organization\"},\"potentialAction\":[{\"@type\":\"SearchAction\",\"target\":{\"@type\":\"EntryPoint\",\"urlTemplate\":\"https:\/\/www.notibras.com\/site\/?s={search_term_string}\"},\"query-input\":{\"@type\":\"PropertyValueSpecification\",\"valueRequired\":true,\"valueName\":\"search_term_string\"}}],\"inLanguage\":\"pt-BR\"},{\"@type\":\"Organization\",\"@id\":\"https:\/\/www.notibras.com\/site\/#organization\",\"name\":\"Grupo Notibras de Comunica\u00e7\u00e3o\",\"url\":\"https:\/\/www.notibras.com\/site\/\",\"logo\":{\"@type\":\"ImageObject\",\"inLanguage\":\"pt-BR\",\"@id\":\"https:\/\/www.notibras.com\/site\/#\/schema\/logo\/image\/\",\"url\":\"https:\/\/www.notibras.com\/site\/wp-content\/uploads\/2023\/01\/notibras23.png\",\"contentUrl\":\"https:\/\/www.notibras.com\/site\/wp-content\/uploads\/2023\/01\/notibras23.png\",\"width\":350,\"height\":87,\"caption\":\"Grupo Notibras de Comunica\u00e7\u00e3o\"},\"image\":{\"@id\":\"https:\/\/www.notibras.com\/site\/#\/schema\/logo\/image\/\"},\"sameAs\":[\"https:\/\/www.facebook.com\/notibras\/\",\"https:\/\/x.com\/Notibras\",\"https:\/\/www.instagram.com\/notibras\/\"]},{\"@type\":\"Person\",\"@id\":\"https:\/\/www.notibras.com\/site\/#\/schema\/person\/36ab0979449956132d3e5b517ea76ac8\",\"name\":\"Reda\u00e7\u00e3o\",\"image\":{\"@type\":\"ImageObject\",\"inLanguage\":\"pt-BR\",\"@id\":\"https:\/\/secure.gravatar.com\/avatar\/e0a867bdedb85fd243eadf09663511f96fc81e0720a4a42581f334ad4303aa6b?s=96&d=mm&r=g\",\"url\":\"https:\/\/secure.gravatar.com\/avatar\/e0a867bdedb85fd243eadf09663511f96fc81e0720a4a42581f334ad4303aa6b?s=96&d=mm&r=g\",\"contentUrl\":\"https:\/\/secure.gravatar.com\/avatar\/e0a867bdedb85fd243eadf09663511f96fc81e0720a4a42581f334ad4303aa6b?s=96&d=mm&r=g\",\"caption\":\"Reda\u00e7\u00e3o\"}}]}<\/script>\n<!-- \/ Yoast SEO plugin. -->","yoast_head_json":{"title":"Festival internacional \u00e9 tela para novos talentos - Notibras","robots":{"index":"index","follow":"follow","max-snippet":"max-snippet:-1","max-image-preview":"max-image-preview:large","max-video-preview":"max-video-preview:-1"},"canonical":"https:\/\/www.notibras.com\/site\/festival-internacional-e-tela-para-novos-talentos\/","og_locale":"pt_BR","og_type":"article","og_title":"Festival internacional \u00e9 tela para novos talentos - Notibras","og_description":"Quando subiu ao palco do Cine Bras\u00edlia para ser homenageada no Bras\u00edlia International Film Festival (BIFF) na noite dessa quarta (29), diferentes filmes passaram pela cabe\u00e7a da cineasta Cibele Amaral. A nona edi\u00e7\u00e3o da mostra segue at\u00e9 dia 3 de maio. O acesso \u00e9 gratuito para assistir aos 18 filmes escolhidos entre os mais de [&hellip;]","og_url":"https:\/\/www.notibras.com\/site\/festival-internacional-e-tela-para-novos-talentos\/","og_site_name":"Notibras","article_publisher":"https:\/\/www.facebook.com\/notibras\/","article_published_time":"2026-04-30T03:37:32+00:00","article_modified_time":"2026-04-30T11:39:28+00:00","og_image":[{"width":1170,"height":700,"url":"https:\/\/www.notibras.com\/site\/wp-content\/uploads\/2026\/04\/0d7a2523.jpg.webp","type":"image\/webp"}],"author":"Reda\u00e7\u00e3o","twitter_card":"summary_large_image","twitter_creator":"@Notibras","twitter_site":"@Notibras","twitter_misc":{"Escrito por":"Reda\u00e7\u00e3o","Est. tempo de leitura":"3 minutos"},"schema":{"@context":"https:\/\/schema.org","@graph":[{"@type":"Article","@id":"https:\/\/www.notibras.com\/site\/festival-internacional-e-tela-para-novos-talentos\/#article","isPartOf":{"@id":"https:\/\/www.notibras.com\/site\/festival-internacional-e-tela-para-novos-talentos\/"},"author":{"name":"Reda\u00e7\u00e3o","@id":"https:\/\/www.notibras.com\/site\/#\/schema\/person\/36ab0979449956132d3e5b517ea76ac8"},"headline":"Festival internacional \u00e9 tela para novos talentos","datePublished":"2026-04-30T03:37:32+00:00","dateModified":"2026-04-30T11:39:28+00:00","mainEntityOfPage":{"@id":"https:\/\/www.notibras.com\/site\/festival-internacional-e-tela-para-novos-talentos\/"},"wordCount":356,"publisher":{"@id":"https:\/\/www.notibras.com\/site\/#organization"},"image":{"@id":"https:\/\/www.notibras.com\/site\/festival-internacional-e-tela-para-novos-talentos\/#primaryimage"},"thumbnailUrl":"https:\/\/www.notibras.com\/site\/wp-content\/uploads\/2026\/04\/0d7a2523.jpg.webp","articleSection":["Leitura Vip"],"inLanguage":"pt-BR"},{"@type":"WebPage","@id":"https:\/\/www.notibras.com\/site\/festival-internacional-e-tela-para-novos-talentos\/","url":"https:\/\/www.notibras.com\/site\/festival-internacional-e-tela-para-novos-talentos\/","name":"Festival internacional \u00e9 tela para novos talentos - Notibras","isPartOf":{"@id":"https:\/\/www.notibras.com\/site\/#website"},"primaryImageOfPage":{"@id":"https:\/\/www.notibras.com\/site\/festival-internacional-e-tela-para-novos-talentos\/#primaryimage"},"image":{"@id":"https:\/\/www.notibras.com\/site\/festival-internacional-e-tela-para-novos-talentos\/#primaryimage"},"thumbnailUrl":"https:\/\/www.notibras.com\/site\/wp-content\/uploads\/2026\/04\/0d7a2523.jpg.webp","datePublished":"2026-04-30T03:37:32+00:00","dateModified":"2026-04-30T11:39:28+00:00","breadcrumb":{"@id":"https:\/\/www.notibras.com\/site\/festival-internacional-e-tela-para-novos-talentos\/#breadcrumb"},"inLanguage":"pt-BR","potentialAction":[{"@type":"ReadAction","target":["https:\/\/www.notibras.com\/site\/festival-internacional-e-tela-para-novos-talentos\/"]}]},{"@type":"ImageObject","inLanguage":"pt-BR","@id":"https:\/\/www.notibras.com\/site\/festival-internacional-e-tela-para-novos-talentos\/#primaryimage","url":"https:\/\/www.notibras.com\/site\/wp-content\/uploads\/2026\/04\/0d7a2523.jpg.webp","contentUrl":"https:\/\/www.notibras.com\/site\/wp-content\/uploads\/2026\/04\/0d7a2523.jpg.webp","width":1170,"height":700},{"@type":"BreadcrumbList","@id":"https:\/\/www.notibras.com\/site\/festival-internacional-e-tela-para-novos-talentos\/#breadcrumb","itemListElement":[{"@type":"ListItem","position":1,"name":"In\u00edcio","item":"https:\/\/www.notibras.com\/site\/"},{"@type":"ListItem","position":2,"name":"Festival internacional \u00e9 tela para novos talentos"}]},{"@type":"WebSite","@id":"https:\/\/www.notibras.com\/site\/#website","url":"https:\/\/www.notibras.com\/site\/","name":"Notibras","description":"Not\u00edcias de Bras\u00edlia, do Brasil e do Mundo","publisher":{"@id":"https:\/\/www.notibras.com\/site\/#organization"},"potentialAction":[{"@type":"SearchAction","target":{"@type":"EntryPoint","urlTemplate":"https:\/\/www.notibras.com\/site\/?s={search_term_string}"},"query-input":{"@type":"PropertyValueSpecification","valueRequired":true,"valueName":"search_term_string"}}],"inLanguage":"pt-BR"},{"@type":"Organization","@id":"https:\/\/www.notibras.com\/site\/#organization","name":"Grupo Notibras de Comunica\u00e7\u00e3o","url":"https:\/\/www.notibras.com\/site\/","logo":{"@type":"ImageObject","inLanguage":"pt-BR","@id":"https:\/\/www.notibras.com\/site\/#\/schema\/logo\/image\/","url":"https:\/\/www.notibras.com\/site\/wp-content\/uploads\/2023\/01\/notibras23.png","contentUrl":"https:\/\/www.notibras.com\/site\/wp-content\/uploads\/2023\/01\/notibras23.png","width":350,"height":87,"caption":"Grupo Notibras de Comunica\u00e7\u00e3o"},"image":{"@id":"https:\/\/www.notibras.com\/site\/#\/schema\/logo\/image\/"},"sameAs":["https:\/\/www.facebook.com\/notibras\/","https:\/\/x.com\/Notibras","https:\/\/www.instagram.com\/notibras\/"]},{"@type":"Person","@id":"https:\/\/www.notibras.com\/site\/#\/schema\/person\/36ab0979449956132d3e5b517ea76ac8","name":"Reda\u00e7\u00e3o","image":{"@type":"ImageObject","inLanguage":"pt-BR","@id":"https:\/\/secure.gravatar.com\/avatar\/e0a867bdedb85fd243eadf09663511f96fc81e0720a4a42581f334ad4303aa6b?s=96&d=mm&r=g","url":"https:\/\/secure.gravatar.com\/avatar\/e0a867bdedb85fd243eadf09663511f96fc81e0720a4a42581f334ad4303aa6b?s=96&d=mm&r=g","contentUrl":"https:\/\/secure.gravatar.com\/avatar\/e0a867bdedb85fd243eadf09663511f96fc81e0720a4a42581f334ad4303aa6b?s=96&d=mm&r=g","caption":"Reda\u00e7\u00e3o"}}]}},"amp_enabled":true,"_links":{"self":[{"href":"https:\/\/www.notibras.com\/site\/wp-json\/wp\/v2\/posts\/393100","targetHints":{"allow":["GET"]}}],"collection":[{"href":"https:\/\/www.notibras.com\/site\/wp-json\/wp\/v2\/posts"}],"about":[{"href":"https:\/\/www.notibras.com\/site\/wp-json\/wp\/v2\/types\/post"}],"author":[{"embeddable":true,"href":"https:\/\/www.notibras.com\/site\/wp-json\/wp\/v2\/users\/2"}],"replies":[{"embeddable":true,"href":"https:\/\/www.notibras.com\/site\/wp-json\/wp\/v2\/comments?post=393100"}],"version-history":[{"count":1,"href":"https:\/\/www.notibras.com\/site\/wp-json\/wp\/v2\/posts\/393100\/revisions"}],"predecessor-version":[{"id":393102,"href":"https:\/\/www.notibras.com\/site\/wp-json\/wp\/v2\/posts\/393100\/revisions\/393102"}],"wp:featuredmedia":[{"embeddable":true,"href":"https:\/\/www.notibras.com\/site\/wp-json\/wp\/v2\/media\/393101"}],"wp:attachment":[{"href":"https:\/\/www.notibras.com\/site\/wp-json\/wp\/v2\/media?parent=393100"}],"wp:term":[{"taxonomy":"category","embeddable":true,"href":"https:\/\/www.notibras.com\/site\/wp-json\/wp\/v2\/categories?post=393100"},{"taxonomy":"post_tag","embeddable":true,"href":"https:\/\/www.notibras.com\/site\/wp-json\/wp\/v2\/tags?post=393100"}],"curies":[{"name":"wp","href":"https:\/\/api.w.org\/{rel}","templated":true}]}}