{"id":393106,"date":"2026-04-30T00:02:49","date_gmt":"2026-04-30T03:02:49","guid":{"rendered":"https:\/\/www.notibras.com\/site\/?p=393106"},"modified":"2026-04-30T08:51:17","modified_gmt":"2026-04-30T11:51:17","slug":"terraco-shopping-celebra-o-dia-das-maes-com-experiencias-de-bem-estar","status":"publish","type":"post","link":"https:\/\/www.notibras.com\/site\/terraco-shopping-celebra-o-dia-das-maes-com-experiencias-de-bem-estar\/","title":{"rendered":"Terra\u00e7o Shopping celebra o Dia das M\u00e3es com experi\u00eancias de bem-estar"},"content":{"rendered":"<p>Neste Dia das M\u00e3es, o Terra\u00e7o Shopping convida o p\u00fablico a viver a data de um jeito ainda mais especial. A campanha deste ano combina o prazer de presentear com momentos de pausa, conex\u00e3o e bem-estar, criando experi\u00eancias pensadas para quem cuida todos os dias.<\/p>\n<p>Desde a quarta, 29, o shopping est\u00e1 com sua promo\u00e7\u00e3o \u201cCompre e Ganhe\u201d. A cada R$ 400 em compras, os clientes podem trocar suas notas fiscais por uma Tote Bag exclusiva da MOB, um brinde pr\u00e1tico, vers\u00e1til e cheio de estilo, ideal para acompanhar a rotina de diferentes perfis de m\u00e3es. A participa\u00e7\u00e3o \u00e9 simples: basta cadastrar as notas pelo aplicativo do Terra\u00e7o Shopping e retirar o presente no Balc\u00e3o de Trocas, no Piso L1. A campanha segue at\u00e9 15 de maio ou enquanto durarem os estoques.<\/p>\n<p>Para tornar a experi\u00eancia ainda mais completa, o Terra\u00e7o tamb\u00e9m aposta em uma programa\u00e7\u00e3o especial de bem-estar. Em parceria com a academia Julio Adnet, o shopping realiza o \u201cTerra\u00e7o em Movimento | Especial Dia das M\u00e3es\u201d, uma agenda de atividades gratuitas ao ar livre que convida o p\u00fablico a come\u00e7ar o dia com leveza, energia e boas conex\u00f5es.<\/p>\n<p>A programa\u00e7\u00e3o acontece em dois s\u00e1bados: no dia 2 de maio, com aula de Pilates Solo, e no dia 9 de maio, com uma aula de Divas Dance, pensada especialmente para o p\u00fablico de m\u00e3es silver. As atividades acontecem pela manh\u00e3, das 9h30 \u00e0s 10h30, em um ambiente acolhedor e ao ar livre, com propostas inclusivas e adapt\u00e1veis para diferentes perfis.<\/p>\n<p>Com vagas limitadas a 50 participantes por encontro, as inscri\u00e7\u00f5es devem ser realizadas antecipadamente pelo aplicativo do shopping.<\/p>\n<p>Mais do que uma campanha, a proposta \u00e9 transformar o Terra\u00e7o Shopping em um espa\u00e7o de encontro, cuidado e celebra\u00e7\u00e3o, \u00e0 altura de uma das datas mais importantes do ano.<\/p>\n<p><strong>SERVI\u00c7O<\/strong><br \/>\nPromo\u00e7\u00e3o Dia das M\u00e3es \u2013 Terra\u00e7o Shopping<\/p>\n<p>Per\u00edodo: At\u00e9 15\/05<\/p>\n<p>Mec\u00e2nica: A cada R$ 400 em compras, o cliente ganha 1 Tote Bag MOB exclusiva<\/p>\n<p>Participa\u00e7\u00e3o: cadastro de notas fiscais pelo aplicativo do Terra\u00e7o Shopping<\/p>\n<p>Retirada do brinde: Balc\u00e3o de Trocas \u2013 Piso L1<\/p>\n<p>Limite: 1 brinde por CPF, enquanto durarem os estoques<\/p>\n<p>Terra\u00e7o em Movimento | Especial Dia das M\u00e3es em parceria com a academia Julio Adnet<\/p>\n<p>Data: 02\/05 \u2013 Pilates Solo<\/p>\n<p>Data: 09\/05 \u2013 Divas Dance<\/p>\n<p>Hor\u00e1rio: 9h30 \u00e0s 10h30<\/p>\n<p>Local: Pra\u00e7a Central (ao ar livre)<\/p>\n<p>Inscri\u00e7\u00e3o: gratuita pelo aplicativo do Terra\u00e7o Shopping<\/p>\n<p>Capacidade: at\u00e9 50 participantes por aula, por ordem de inscri\u00e7\u00e3o<\/p>\n","protected":false},"excerpt":{"rendered":"<p>Neste Dia das M\u00e3es, o Terra\u00e7o Shopping convida o p\u00fablico a viver a data de um jeito ainda mais especial. A campanha deste ano combina o prazer de presentear com momentos de pausa, conex\u00e3o e bem-estar, criando experi\u00eancias pensadas para quem cuida todos os dias. Desde a quarta, 29, o shopping est\u00e1 com sua promo\u00e7\u00e3o [&hellip;]<\/p>\n","protected":false},"author":2,"featured_media":393107,"comment_status":"closed","ping_status":"closed","sticky":false,"template":"","format":"standard","meta":{"_acf_changed":false,"footnotes":""},"categories":[155],"tags":[],"class_list":["post-393106","post","type-post","status-publish","format-standard","has-post-thumbnail","hentry","category-leitura-vip"],"acf":[],"yoast_head":"<!-- This site is optimized with the Yoast SEO plugin v27.2 - https:\/\/yoast.com\/product\/yoast-seo-wordpress\/ -->\n<title>Terra\u00e7o Shopping celebra o Dia das M\u00e3es com experi\u00eancias de bem-estar - Notibras<\/title>\n<meta name=\"robots\" content=\"index, follow, max-snippet:-1, max-image-preview:large, max-video-preview:-1\" \/>\n<link rel=\"canonical\" href=\"https:\/\/www.notibras.com\/site\/terraco-shopping-celebra-o-dia-das-maes-com-experiencias-de-bem-estar\/\" \/>\n<meta property=\"og:locale\" content=\"pt_BR\" \/>\n<meta property=\"og:type\" content=\"article\" \/>\n<meta property=\"og:title\" content=\"Terra\u00e7o Shopping celebra o Dia das M\u00e3es com experi\u00eancias de bem-estar - Notibras\" \/>\n<meta property=\"og:description\" content=\"Neste Dia das M\u00e3es, o Terra\u00e7o Shopping convida o p\u00fablico a viver a data de um jeito ainda mais especial. A campanha deste ano combina o prazer de presentear com momentos de pausa, conex\u00e3o e bem-estar, criando experi\u00eancias pensadas para quem cuida todos os dias. Desde a quarta, 29, o shopping est\u00e1 com sua promo\u00e7\u00e3o [&hellip;]\" \/>\n<meta property=\"og:url\" content=\"https:\/\/www.notibras.com\/site\/terraco-shopping-celebra-o-dia-das-maes-com-experiencias-de-bem-estar\/\" \/>\n<meta property=\"og:site_name\" content=\"Notibras\" \/>\n<meta property=\"article:publisher\" content=\"https:\/\/www.facebook.com\/notibras\/\" \/>\n<meta property=\"article:published_time\" content=\"2026-04-30T03:02:49+00:00\" \/>\n<meta property=\"article:modified_time\" content=\"2026-04-30T11:51:17+00:00\" \/>\n<meta property=\"og:image\" content=\"https:\/\/www.notibras.com\/site\/wp-content\/uploads\/2026\/04\/unnamed-61.jpg\" \/>\n\t<meta property=\"og:image:width\" content=\"1080\" \/>\n\t<meta property=\"og:image:height\" content=\"1350\" \/>\n\t<meta property=\"og:image:type\" content=\"image\/jpeg\" \/>\n<meta name=\"author\" content=\"Reda\u00e7\u00e3o\" \/>\n<meta name=\"twitter:card\" content=\"summary_large_image\" \/>\n<meta name=\"twitter:creator\" content=\"@Notibras\" \/>\n<meta name=\"twitter:site\" content=\"@Notibras\" \/>\n<meta name=\"twitter:label1\" content=\"Escrito por\" \/>\n\t<meta name=\"twitter:data1\" content=\"Reda\u00e7\u00e3o\" \/>\n\t<meta name=\"twitter:label2\" content=\"Est. tempo de leitura\" \/>\n\t<meta name=\"twitter:data2\" content=\"3 minutos\" \/>\n<script type=\"application\/ld+json\" class=\"yoast-schema-graph\">{\"@context\":\"https:\/\/schema.org\",\"@graph\":[{\"@type\":\"Article\",\"@id\":\"https:\/\/www.notibras.com\/site\/terraco-shopping-celebra-o-dia-das-maes-com-experiencias-de-bem-estar\/#article\",\"isPartOf\":{\"@id\":\"https:\/\/www.notibras.com\/site\/terraco-shopping-celebra-o-dia-das-maes-com-experiencias-de-bem-estar\/\"},\"author\":{\"name\":\"Reda\u00e7\u00e3o\",\"@id\":\"https:\/\/www.notibras.com\/site\/#\/schema\/person\/36ab0979449956132d3e5b517ea76ac8\"},\"headline\":\"Terra\u00e7o Shopping celebra o Dia das M\u00e3es com experi\u00eancias de bem-estar\",\"datePublished\":\"2026-04-30T03:02:49+00:00\",\"dateModified\":\"2026-04-30T11:51:17+00:00\",\"mainEntityOfPage\":{\"@id\":\"https:\/\/www.notibras.com\/site\/terraco-shopping-celebra-o-dia-das-maes-com-experiencias-de-bem-estar\/\"},\"wordCount\":443,\"publisher\":{\"@id\":\"https:\/\/www.notibras.com\/site\/#organization\"},\"image\":{\"@id\":\"https:\/\/www.notibras.com\/site\/terraco-shopping-celebra-o-dia-das-maes-com-experiencias-de-bem-estar\/#primaryimage\"},\"thumbnailUrl\":\"https:\/\/www.notibras.com\/site\/wp-content\/uploads\/2026\/04\/unnamed-61.jpg\",\"articleSection\":[\"Leitura Vip\"],\"inLanguage\":\"pt-BR\"},{\"@type\":\"WebPage\",\"@id\":\"https:\/\/www.notibras.com\/site\/terraco-shopping-celebra-o-dia-das-maes-com-experiencias-de-bem-estar\/\",\"url\":\"https:\/\/www.notibras.com\/site\/terraco-shopping-celebra-o-dia-das-maes-com-experiencias-de-bem-estar\/\",\"name\":\"Terra\u00e7o Shopping celebra o Dia das M\u00e3es com experi\u00eancias de bem-estar - Notibras\",\"isPartOf\":{\"@id\":\"https:\/\/www.notibras.com\/site\/#website\"},\"primaryImageOfPage\":{\"@id\":\"https:\/\/www.notibras.com\/site\/terraco-shopping-celebra-o-dia-das-maes-com-experiencias-de-bem-estar\/#primaryimage\"},\"image\":{\"@id\":\"https:\/\/www.notibras.com\/site\/terraco-shopping-celebra-o-dia-das-maes-com-experiencias-de-bem-estar\/#primaryimage\"},\"thumbnailUrl\":\"https:\/\/www.notibras.com\/site\/wp-content\/uploads\/2026\/04\/unnamed-61.jpg\",\"datePublished\":\"2026-04-30T03:02:49+00:00\",\"dateModified\":\"2026-04-30T11:51:17+00:00\",\"breadcrumb\":{\"@id\":\"https:\/\/www.notibras.com\/site\/terraco-shopping-celebra-o-dia-das-maes-com-experiencias-de-bem-estar\/#breadcrumb\"},\"inLanguage\":\"pt-BR\",\"potentialAction\":[{\"@type\":\"ReadAction\",\"target\":[\"https:\/\/www.notibras.com\/site\/terraco-shopping-celebra-o-dia-das-maes-com-experiencias-de-bem-estar\/\"]}]},{\"@type\":\"ImageObject\",\"inLanguage\":\"pt-BR\",\"@id\":\"https:\/\/www.notibras.com\/site\/terraco-shopping-celebra-o-dia-das-maes-com-experiencias-de-bem-estar\/#primaryimage\",\"url\":\"https:\/\/www.notibras.com\/site\/wp-content\/uploads\/2026\/04\/unnamed-61.jpg\",\"contentUrl\":\"https:\/\/www.notibras.com\/site\/wp-content\/uploads\/2026\/04\/unnamed-61.jpg\",\"width\":1080,\"height\":1350},{\"@type\":\"BreadcrumbList\",\"@id\":\"https:\/\/www.notibras.com\/site\/terraco-shopping-celebra-o-dia-das-maes-com-experiencias-de-bem-estar\/#breadcrumb\",\"itemListElement\":[{\"@type\":\"ListItem\",\"position\":1,\"name\":\"In\u00edcio\",\"item\":\"https:\/\/www.notibras.com\/site\/\"},{\"@type\":\"ListItem\",\"position\":2,\"name\":\"Terra\u00e7o Shopping celebra o Dia das M\u00e3es com experi\u00eancias de bem-estar\"}]},{\"@type\":\"WebSite\",\"@id\":\"https:\/\/www.notibras.com\/site\/#website\",\"url\":\"https:\/\/www.notibras.com\/site\/\",\"name\":\"Notibras\",\"description\":\"Not\u00edcias de Bras\u00edlia, do Brasil e do Mundo\",\"publisher\":{\"@id\":\"https:\/\/www.notibras.com\/site\/#organization\"},\"potentialAction\":[{\"@type\":\"SearchAction\",\"target\":{\"@type\":\"EntryPoint\",\"urlTemplate\":\"https:\/\/www.notibras.com\/site\/?s={search_term_string}\"},\"query-input\":{\"@type\":\"PropertyValueSpecification\",\"valueRequired\":true,\"valueName\":\"search_term_string\"}}],\"inLanguage\":\"pt-BR\"},{\"@type\":\"Organization\",\"@id\":\"https:\/\/www.notibras.com\/site\/#organization\",\"name\":\"Grupo Notibras de Comunica\u00e7\u00e3o\",\"url\":\"https:\/\/www.notibras.com\/site\/\",\"logo\":{\"@type\":\"ImageObject\",\"inLanguage\":\"pt-BR\",\"@id\":\"https:\/\/www.notibras.com\/site\/#\/schema\/logo\/image\/\",\"url\":\"https:\/\/www.notibras.com\/site\/wp-content\/uploads\/2023\/01\/notibras23.png\",\"contentUrl\":\"https:\/\/www.notibras.com\/site\/wp-content\/uploads\/2023\/01\/notibras23.png\",\"width\":350,\"height\":87,\"caption\":\"Grupo Notibras de Comunica\u00e7\u00e3o\"},\"image\":{\"@id\":\"https:\/\/www.notibras.com\/site\/#\/schema\/logo\/image\/\"},\"sameAs\":[\"https:\/\/www.facebook.com\/notibras\/\",\"https:\/\/x.com\/Notibras\",\"https:\/\/www.instagram.com\/notibras\/\"]},{\"@type\":\"Person\",\"@id\":\"https:\/\/www.notibras.com\/site\/#\/schema\/person\/36ab0979449956132d3e5b517ea76ac8\",\"name\":\"Reda\u00e7\u00e3o\",\"image\":{\"@type\":\"ImageObject\",\"inLanguage\":\"pt-BR\",\"@id\":\"https:\/\/secure.gravatar.com\/avatar\/e0a867bdedb85fd243eadf09663511f96fc81e0720a4a42581f334ad4303aa6b?s=96&d=mm&r=g\",\"url\":\"https:\/\/secure.gravatar.com\/avatar\/e0a867bdedb85fd243eadf09663511f96fc81e0720a4a42581f334ad4303aa6b?s=96&d=mm&r=g\",\"contentUrl\":\"https:\/\/secure.gravatar.com\/avatar\/e0a867bdedb85fd243eadf09663511f96fc81e0720a4a42581f334ad4303aa6b?s=96&d=mm&r=g\",\"caption\":\"Reda\u00e7\u00e3o\"}}]}<\/script>\n<!-- \/ Yoast SEO plugin. -->","yoast_head_json":{"title":"Terra\u00e7o Shopping celebra o Dia das M\u00e3es com experi\u00eancias de bem-estar - Notibras","robots":{"index":"index","follow":"follow","max-snippet":"max-snippet:-1","max-image-preview":"max-image-preview:large","max-video-preview":"max-video-preview:-1"},"canonical":"https:\/\/www.notibras.com\/site\/terraco-shopping-celebra-o-dia-das-maes-com-experiencias-de-bem-estar\/","og_locale":"pt_BR","og_type":"article","og_title":"Terra\u00e7o Shopping celebra o Dia das M\u00e3es com experi\u00eancias de bem-estar - Notibras","og_description":"Neste Dia das M\u00e3es, o Terra\u00e7o Shopping convida o p\u00fablico a viver a data de um jeito ainda mais especial. A campanha deste ano combina o prazer de presentear com momentos de pausa, conex\u00e3o e bem-estar, criando experi\u00eancias pensadas para quem cuida todos os dias. Desde a quarta, 29, o shopping est\u00e1 com sua promo\u00e7\u00e3o [&hellip;]","og_url":"https:\/\/www.notibras.com\/site\/terraco-shopping-celebra-o-dia-das-maes-com-experiencias-de-bem-estar\/","og_site_name":"Notibras","article_publisher":"https:\/\/www.facebook.com\/notibras\/","article_published_time":"2026-04-30T03:02:49+00:00","article_modified_time":"2026-04-30T11:51:17+00:00","og_image":[{"width":1080,"height":1350,"url":"https:\/\/www.notibras.com\/site\/wp-content\/uploads\/2026\/04\/unnamed-61.jpg","type":"image\/jpeg"}],"author":"Reda\u00e7\u00e3o","twitter_card":"summary_large_image","twitter_creator":"@Notibras","twitter_site":"@Notibras","twitter_misc":{"Escrito por":"Reda\u00e7\u00e3o","Est. tempo de leitura":"3 minutos"},"schema":{"@context":"https:\/\/schema.org","@graph":[{"@type":"Article","@id":"https:\/\/www.notibras.com\/site\/terraco-shopping-celebra-o-dia-das-maes-com-experiencias-de-bem-estar\/#article","isPartOf":{"@id":"https:\/\/www.notibras.com\/site\/terraco-shopping-celebra-o-dia-das-maes-com-experiencias-de-bem-estar\/"},"author":{"name":"Reda\u00e7\u00e3o","@id":"https:\/\/www.notibras.com\/site\/#\/schema\/person\/36ab0979449956132d3e5b517ea76ac8"},"headline":"Terra\u00e7o Shopping celebra o Dia das M\u00e3es com experi\u00eancias de bem-estar","datePublished":"2026-04-30T03:02:49+00:00","dateModified":"2026-04-30T11:51:17+00:00","mainEntityOfPage":{"@id":"https:\/\/www.notibras.com\/site\/terraco-shopping-celebra-o-dia-das-maes-com-experiencias-de-bem-estar\/"},"wordCount":443,"publisher":{"@id":"https:\/\/www.notibras.com\/site\/#organization"},"image":{"@id":"https:\/\/www.notibras.com\/site\/terraco-shopping-celebra-o-dia-das-maes-com-experiencias-de-bem-estar\/#primaryimage"},"thumbnailUrl":"https:\/\/www.notibras.com\/site\/wp-content\/uploads\/2026\/04\/unnamed-61.jpg","articleSection":["Leitura Vip"],"inLanguage":"pt-BR"},{"@type":"WebPage","@id":"https:\/\/www.notibras.com\/site\/terraco-shopping-celebra-o-dia-das-maes-com-experiencias-de-bem-estar\/","url":"https:\/\/www.notibras.com\/site\/terraco-shopping-celebra-o-dia-das-maes-com-experiencias-de-bem-estar\/","name":"Terra\u00e7o Shopping celebra o Dia das M\u00e3es com experi\u00eancias de bem-estar - Notibras","isPartOf":{"@id":"https:\/\/www.notibras.com\/site\/#website"},"primaryImageOfPage":{"@id":"https:\/\/www.notibras.com\/site\/terraco-shopping-celebra-o-dia-das-maes-com-experiencias-de-bem-estar\/#primaryimage"},"image":{"@id":"https:\/\/www.notibras.com\/site\/terraco-shopping-celebra-o-dia-das-maes-com-experiencias-de-bem-estar\/#primaryimage"},"thumbnailUrl":"https:\/\/www.notibras.com\/site\/wp-content\/uploads\/2026\/04\/unnamed-61.jpg","datePublished":"2026-04-30T03:02:49+00:00","dateModified":"2026-04-30T11:51:17+00:00","breadcrumb":{"@id":"https:\/\/www.notibras.com\/site\/terraco-shopping-celebra-o-dia-das-maes-com-experiencias-de-bem-estar\/#breadcrumb"},"inLanguage":"pt-BR","potentialAction":[{"@type":"ReadAction","target":["https:\/\/www.notibras.com\/site\/terraco-shopping-celebra-o-dia-das-maes-com-experiencias-de-bem-estar\/"]}]},{"@type":"ImageObject","inLanguage":"pt-BR","@id":"https:\/\/www.notibras.com\/site\/terraco-shopping-celebra-o-dia-das-maes-com-experiencias-de-bem-estar\/#primaryimage","url":"https:\/\/www.notibras.com\/site\/wp-content\/uploads\/2026\/04\/unnamed-61.jpg","contentUrl":"https:\/\/www.notibras.com\/site\/wp-content\/uploads\/2026\/04\/unnamed-61.jpg","width":1080,"height":1350},{"@type":"BreadcrumbList","@id":"https:\/\/www.notibras.com\/site\/terraco-shopping-celebra-o-dia-das-maes-com-experiencias-de-bem-estar\/#breadcrumb","itemListElement":[{"@type":"ListItem","position":1,"name":"In\u00edcio","item":"https:\/\/www.notibras.com\/site\/"},{"@type":"ListItem","position":2,"name":"Terra\u00e7o Shopping celebra o Dia das M\u00e3es com experi\u00eancias de bem-estar"}]},{"@type":"WebSite","@id":"https:\/\/www.notibras.com\/site\/#website","url":"https:\/\/www.notibras.com\/site\/","name":"Notibras","description":"Not\u00edcias de Bras\u00edlia, do Brasil e do Mundo","publisher":{"@id":"https:\/\/www.notibras.com\/site\/#organization"},"potentialAction":[{"@type":"SearchAction","target":{"@type":"EntryPoint","urlTemplate":"https:\/\/www.notibras.com\/site\/?s={search_term_string}"},"query-input":{"@type":"PropertyValueSpecification","valueRequired":true,"valueName":"search_term_string"}}],"inLanguage":"pt-BR"},{"@type":"Organization","@id":"https:\/\/www.notibras.com\/site\/#organization","name":"Grupo Notibras de Comunica\u00e7\u00e3o","url":"https:\/\/www.notibras.com\/site\/","logo":{"@type":"ImageObject","inLanguage":"pt-BR","@id":"https:\/\/www.notibras.com\/site\/#\/schema\/logo\/image\/","url":"https:\/\/www.notibras.com\/site\/wp-content\/uploads\/2023\/01\/notibras23.png","contentUrl":"https:\/\/www.notibras.com\/site\/wp-content\/uploads\/2023\/01\/notibras23.png","width":350,"height":87,"caption":"Grupo Notibras de Comunica\u00e7\u00e3o"},"image":{"@id":"https:\/\/www.notibras.com\/site\/#\/schema\/logo\/image\/"},"sameAs":["https:\/\/www.facebook.com\/notibras\/","https:\/\/x.com\/Notibras","https:\/\/www.instagram.com\/notibras\/"]},{"@type":"Person","@id":"https:\/\/www.notibras.com\/site\/#\/schema\/person\/36ab0979449956132d3e5b517ea76ac8","name":"Reda\u00e7\u00e3o","image":{"@type":"ImageObject","inLanguage":"pt-BR","@id":"https:\/\/secure.gravatar.com\/avatar\/e0a867bdedb85fd243eadf09663511f96fc81e0720a4a42581f334ad4303aa6b?s=96&d=mm&r=g","url":"https:\/\/secure.gravatar.com\/avatar\/e0a867bdedb85fd243eadf09663511f96fc81e0720a4a42581f334ad4303aa6b?s=96&d=mm&r=g","contentUrl":"https:\/\/secure.gravatar.com\/avatar\/e0a867bdedb85fd243eadf09663511f96fc81e0720a4a42581f334ad4303aa6b?s=96&d=mm&r=g","caption":"Reda\u00e7\u00e3o"}}]}},"amp_enabled":true,"_links":{"self":[{"href":"https:\/\/www.notibras.com\/site\/wp-json\/wp\/v2\/posts\/393106","targetHints":{"allow":["GET"]}}],"collection":[{"href":"https:\/\/www.notibras.com\/site\/wp-json\/wp\/v2\/posts"}],"about":[{"href":"https:\/\/www.notibras.com\/site\/wp-json\/wp\/v2\/types\/post"}],"author":[{"embeddable":true,"href":"https:\/\/www.notibras.com\/site\/wp-json\/wp\/v2\/users\/2"}],"replies":[{"embeddable":true,"href":"https:\/\/www.notibras.com\/site\/wp-json\/wp\/v2\/comments?post=393106"}],"version-history":[{"count":1,"href":"https:\/\/www.notibras.com\/site\/wp-json\/wp\/v2\/posts\/393106\/revisions"}],"predecessor-version":[{"id":393108,"href":"https:\/\/www.notibras.com\/site\/wp-json\/wp\/v2\/posts\/393106\/revisions\/393108"}],"wp:featuredmedia":[{"embeddable":true,"href":"https:\/\/www.notibras.com\/site\/wp-json\/wp\/v2\/media\/393107"}],"wp:attachment":[{"href":"https:\/\/www.notibras.com\/site\/wp-json\/wp\/v2\/media?parent=393106"}],"wp:term":[{"taxonomy":"category","embeddable":true,"href":"https:\/\/www.notibras.com\/site\/wp-json\/wp\/v2\/categories?post=393106"},{"taxonomy":"post_tag","embeddable":true,"href":"https:\/\/www.notibras.com\/site\/wp-json\/wp\/v2\/tags?post=393106"}],"curies":[{"name":"wp","href":"https:\/\/api.w.org\/{rel}","templated":true}]}}