{"id":393110,"date":"2026-04-30T08:59:23","date_gmt":"2026-04-30T11:59:23","guid":{"rendered":"https:\/\/www.notibras.com\/site\/?p=393110"},"modified":"2026-04-30T09:00:51","modified_gmt":"2026-04-30T12:00:51","slug":"bioeconomia-acelera-desenvolvimento-nordestino-e-valoriza-a-natureza","status":"publish","type":"post","link":"https:\/\/www.notibras.com\/site\/bioeconomia-acelera-desenvolvimento-nordestino-e-valoriza-a-natureza\/","title":{"rendered":"Bioeconomia acelera futuro nordestino e valoriza a natureza"},"content":{"rendered":"<p>No cora\u00e7\u00e3o do Nordeste brasileiro, onde por muito tempo predominou a narrativa da escassez, uma nova l\u00f3gica de desenvolvimento come\u00e7a a ganhar for\u00e7a: a bioeconomia. Mais do que um conceito t\u00e9cnico, ela representa uma mudan\u00e7a de olhar \u2014 enxergar nos recursos naturais, na biodiversidade e nos saberes tradicionais n\u00e3o apenas subsist\u00eancia, mas oportunidades reais de crescimento sustent\u00e1vel.<\/p>\n<p>A bioeconomia se baseia no uso respons\u00e1vel dos ativos naturais \u2014 como a fauna, a flora e os conhecimentos locais \u2014 para gerar renda, inova\u00e7\u00e3o e inclus\u00e3o social. No Nordeste, isso se traduz em iniciativas que v\u00e3o desde o aproveitamento de frutos nativos da Caatinga at\u00e9 o uso de plantas medicinais, cosm\u00e9ticos naturais e cadeias produtivas sustent\u00e1veis.<\/p>\n<p>Na Caatinga, bioma exclusivamente brasileiro, esp\u00e9cies como o umbu, o licuri e a moringa v\u00eam sendo redescobertas como fontes de valor econ\u00f4mico. Cooperativas e pequenos produtores transformam esses recursos em polpas, \u00f3leos, farinhas e produtos artesanais que ganham mercado dentro e fora do pa\u00eds. O que antes era visto como vegeta\u00e7\u00e3o resistente \u00e0 seca agora se revela um verdadeiro laborat\u00f3rio de solu\u00e7\u00f5es naturais.<\/p>\n<p>Al\u00e9m disso, comunidades tradicionais \u2014 como agricultores familiares, povos ind\u00edgenas e quilombolas \u2014 desempenham papel central nesse modelo.<\/p>\n<p>Seus conhecimentos sobre o manejo da terra, ciclos naturais e usos das plantas s\u00e3o fundamentais para garantir que a explora\u00e7\u00e3o dos recursos ocorra de forma equilibrada e regenerativa.<br \/>\nOutro ponto de destaque \u00e9 o avan\u00e7o da ci\u00eancia e da tecnologia na regi\u00e3o.<\/p>\n<p>Universidades e centros de pesquisa nordestinos t\u00eam investido no estudo da biodiversidade local, criando solu\u00e7\u00f5es inovadoras que conectam tradi\u00e7\u00e3o e modernidade. Startups surgem com propostas que v\u00e3o desde alimentos funcionais at\u00e9 biotecnologia aplicada \u00e0 sa\u00fade e \u00e0 ind\u00fastria.<\/p>\n<p>No entanto, os desafios ainda s\u00e3o significativos. Falta de investimento, dificuldades de acesso a cr\u00e9dito e infraestrutura limitada ainda travam o pleno potencial da bioeconomia na regi\u00e3o. Pol\u00edticas p\u00fablicas mais consistentes e incentivos \u00e0 inova\u00e7\u00e3o s\u00e3o essenciais para ampliar o alcance dessas iniciativas.<\/p>\n<p>Apesar disso, o Nordeste mostra que \u00e9 poss\u00edvel construir um novo modelo de desenvolvimento \u2014 um modelo que respeita o meio ambiente, valoriza a cultura local e promove inclus\u00e3o social. A bioeconomia, nesse contexto, n\u00e3o \u00e9 apenas uma alternativa: \u00e9 um caminho estrat\u00e9gico para um futuro mais equilibrado e pr\u00f3spero.<\/p>\n<p>Assim, o sert\u00e3o deixa de ser visto como espa\u00e7o de car\u00eancia e passa a ser reconhecido como territ\u00f3rio de pot\u00eancia \u2014 onde a riqueza brota da terra, do conhecimento e da capacidade de reinventar o pr\u00f3prio destino.<\/p>\n","protected":false},"excerpt":{"rendered":"<p>No cora\u00e7\u00e3o do Nordeste brasileiro, onde por muito tempo predominou a narrativa da escassez, uma nova l\u00f3gica de desenvolvimento come\u00e7a a ganhar for\u00e7a: a bioeconomia. Mais do que um conceito t\u00e9cnico, ela representa uma mudan\u00e7a de olhar \u2014 enxergar nos recursos naturais, na biodiversidade e nos saberes tradicionais n\u00e3o apenas subsist\u00eancia, mas oportunidades reais de [&hellip;]<\/p>\n","protected":false},"author":2,"featured_media":393111,"comment_status":"closed","ping_status":"closed","sticky":false,"template":"","format":"standard","meta":{"_acf_changed":false,"footnotes":""},"categories":[165],"tags":[],"class_list":["post-393110","post","type-post","status-publish","format-standard","has-post-thumbnail","hentry","category-nordeste"],"acf":[],"yoast_head":"<!-- This site is optimized with the Yoast SEO plugin v27.2 - https:\/\/yoast.com\/product\/yoast-seo-wordpress\/ -->\n<title>Bioeconomia acelera futuro nordestino e valoriza a natureza - Notibras<\/title>\n<meta name=\"robots\" content=\"index, follow, max-snippet:-1, max-image-preview:large, max-video-preview:-1\" \/>\n<link rel=\"canonical\" href=\"https:\/\/www.notibras.com\/site\/bioeconomia-acelera-desenvolvimento-nordestino-e-valoriza-a-natureza\/\" \/>\n<meta property=\"og:locale\" content=\"pt_BR\" \/>\n<meta property=\"og:type\" content=\"article\" \/>\n<meta property=\"og:title\" content=\"Bioeconomia acelera futuro nordestino e valoriza a natureza - Notibras\" \/>\n<meta property=\"og:description\" content=\"No cora\u00e7\u00e3o do Nordeste brasileiro, onde por muito tempo predominou a narrativa da escassez, uma nova l\u00f3gica de desenvolvimento come\u00e7a a ganhar for\u00e7a: a bioeconomia. Mais do que um conceito t\u00e9cnico, ela representa uma mudan\u00e7a de olhar \u2014 enxergar nos recursos naturais, na biodiversidade e nos saberes tradicionais n\u00e3o apenas subsist\u00eancia, mas oportunidades reais de [&hellip;]\" \/>\n<meta property=\"og:url\" content=\"https:\/\/www.notibras.com\/site\/bioeconomia-acelera-desenvolvimento-nordestino-e-valoriza-a-natureza\/\" \/>\n<meta property=\"og:site_name\" content=\"Notibras\" \/>\n<meta property=\"article:publisher\" content=\"https:\/\/www.facebook.com\/notibras\/\" \/>\n<meta property=\"article:published_time\" content=\"2026-04-30T11:59:23+00:00\" \/>\n<meta property=\"article:modified_time\" content=\"2026-04-30T12:00:51+00:00\" \/>\n<meta property=\"og:image\" content=\"https:\/\/www.notibras.com\/site\/wp-content\/uploads\/2026\/04\/5144d444-02c6-45a0-8bc4-7194a85662b9.jpg\" \/>\n\t<meta property=\"og:image:width\" content=\"984\" \/>\n\t<meta property=\"og:image:height\" content=\"701\" \/>\n\t<meta property=\"og:image:type\" content=\"image\/jpeg\" \/>\n<meta name=\"author\" content=\"Reda\u00e7\u00e3o\" \/>\n<meta name=\"twitter:card\" content=\"summary_large_image\" \/>\n<meta name=\"twitter:creator\" content=\"@Notibras\" \/>\n<meta name=\"twitter:site\" content=\"@Notibras\" \/>\n<meta name=\"twitter:label1\" content=\"Escrito por\" \/>\n\t<meta name=\"twitter:data1\" content=\"Reda\u00e7\u00e3o\" \/>\n\t<meta name=\"twitter:label2\" content=\"Est. tempo de leitura\" \/>\n\t<meta name=\"twitter:data2\" content=\"3 minutos\" \/>\n<script type=\"application\/ld+json\" class=\"yoast-schema-graph\">{\"@context\":\"https:\/\/schema.org\",\"@graph\":[{\"@type\":\"Article\",\"@id\":\"https:\/\/www.notibras.com\/site\/bioeconomia-acelera-desenvolvimento-nordestino-e-valoriza-a-natureza\/#article\",\"isPartOf\":{\"@id\":\"https:\/\/www.notibras.com\/site\/bioeconomia-acelera-desenvolvimento-nordestino-e-valoriza-a-natureza\/\"},\"author\":{\"name\":\"Reda\u00e7\u00e3o\",\"@id\":\"https:\/\/www.notibras.com\/site\/#\/schema\/person\/36ab0979449956132d3e5b517ea76ac8\"},\"headline\":\"Bioeconomia acelera futuro nordestino e valoriza a natureza\",\"datePublished\":\"2026-04-30T11:59:23+00:00\",\"dateModified\":\"2026-04-30T12:00:51+00:00\",\"mainEntityOfPage\":{\"@id\":\"https:\/\/www.notibras.com\/site\/bioeconomia-acelera-desenvolvimento-nordestino-e-valoriza-a-natureza\/\"},\"wordCount\":451,\"publisher\":{\"@id\":\"https:\/\/www.notibras.com\/site\/#organization\"},\"image\":{\"@id\":\"https:\/\/www.notibras.com\/site\/bioeconomia-acelera-desenvolvimento-nordestino-e-valoriza-a-natureza\/#primaryimage\"},\"thumbnailUrl\":\"https:\/\/www.notibras.com\/site\/wp-content\/uploads\/2026\/04\/5144d444-02c6-45a0-8bc4-7194a85662b9.jpg\",\"articleSection\":[\"Nordeste\"],\"inLanguage\":\"pt-BR\"},{\"@type\":\"WebPage\",\"@id\":\"https:\/\/www.notibras.com\/site\/bioeconomia-acelera-desenvolvimento-nordestino-e-valoriza-a-natureza\/\",\"url\":\"https:\/\/www.notibras.com\/site\/bioeconomia-acelera-desenvolvimento-nordestino-e-valoriza-a-natureza\/\",\"name\":\"Bioeconomia acelera futuro nordestino e valoriza a natureza - Notibras\",\"isPartOf\":{\"@id\":\"https:\/\/www.notibras.com\/site\/#website\"},\"primaryImageOfPage\":{\"@id\":\"https:\/\/www.notibras.com\/site\/bioeconomia-acelera-desenvolvimento-nordestino-e-valoriza-a-natureza\/#primaryimage\"},\"image\":{\"@id\":\"https:\/\/www.notibras.com\/site\/bioeconomia-acelera-desenvolvimento-nordestino-e-valoriza-a-natureza\/#primaryimage\"},\"thumbnailUrl\":\"https:\/\/www.notibras.com\/site\/wp-content\/uploads\/2026\/04\/5144d444-02c6-45a0-8bc4-7194a85662b9.jpg\",\"datePublished\":\"2026-04-30T11:59:23+00:00\",\"dateModified\":\"2026-04-30T12:00:51+00:00\",\"breadcrumb\":{\"@id\":\"https:\/\/www.notibras.com\/site\/bioeconomia-acelera-desenvolvimento-nordestino-e-valoriza-a-natureza\/#breadcrumb\"},\"inLanguage\":\"pt-BR\",\"potentialAction\":[{\"@type\":\"ReadAction\",\"target\":[\"https:\/\/www.notibras.com\/site\/bioeconomia-acelera-desenvolvimento-nordestino-e-valoriza-a-natureza\/\"]}]},{\"@type\":\"ImageObject\",\"inLanguage\":\"pt-BR\",\"@id\":\"https:\/\/www.notibras.com\/site\/bioeconomia-acelera-desenvolvimento-nordestino-e-valoriza-a-natureza\/#primaryimage\",\"url\":\"https:\/\/www.notibras.com\/site\/wp-content\/uploads\/2026\/04\/5144d444-02c6-45a0-8bc4-7194a85662b9.jpg\",\"contentUrl\":\"https:\/\/www.notibras.com\/site\/wp-content\/uploads\/2026\/04\/5144d444-02c6-45a0-8bc4-7194a85662b9.jpg\",\"width\":984,\"height\":701},{\"@type\":\"BreadcrumbList\",\"@id\":\"https:\/\/www.notibras.com\/site\/bioeconomia-acelera-desenvolvimento-nordestino-e-valoriza-a-natureza\/#breadcrumb\",\"itemListElement\":[{\"@type\":\"ListItem\",\"position\":1,\"name\":\"In\u00edcio\",\"item\":\"https:\/\/www.notibras.com\/site\/\"},{\"@type\":\"ListItem\",\"position\":2,\"name\":\"Bioeconomia acelera futuro nordestino e valoriza a natureza\"}]},{\"@type\":\"WebSite\",\"@id\":\"https:\/\/www.notibras.com\/site\/#website\",\"url\":\"https:\/\/www.notibras.com\/site\/\",\"name\":\"Notibras\",\"description\":\"Not\u00edcias de Bras\u00edlia, do Brasil e do Mundo\",\"publisher\":{\"@id\":\"https:\/\/www.notibras.com\/site\/#organization\"},\"potentialAction\":[{\"@type\":\"SearchAction\",\"target\":{\"@type\":\"EntryPoint\",\"urlTemplate\":\"https:\/\/www.notibras.com\/site\/?s={search_term_string}\"},\"query-input\":{\"@type\":\"PropertyValueSpecification\",\"valueRequired\":true,\"valueName\":\"search_term_string\"}}],\"inLanguage\":\"pt-BR\"},{\"@type\":\"Organization\",\"@id\":\"https:\/\/www.notibras.com\/site\/#organization\",\"name\":\"Grupo Notibras de Comunica\u00e7\u00e3o\",\"url\":\"https:\/\/www.notibras.com\/site\/\",\"logo\":{\"@type\":\"ImageObject\",\"inLanguage\":\"pt-BR\",\"@id\":\"https:\/\/www.notibras.com\/site\/#\/schema\/logo\/image\/\",\"url\":\"https:\/\/www.notibras.com\/site\/wp-content\/uploads\/2023\/01\/notibras23.png\",\"contentUrl\":\"https:\/\/www.notibras.com\/site\/wp-content\/uploads\/2023\/01\/notibras23.png\",\"width\":350,\"height\":87,\"caption\":\"Grupo Notibras de Comunica\u00e7\u00e3o\"},\"image\":{\"@id\":\"https:\/\/www.notibras.com\/site\/#\/schema\/logo\/image\/\"},\"sameAs\":[\"https:\/\/www.facebook.com\/notibras\/\",\"https:\/\/x.com\/Notibras\",\"https:\/\/www.instagram.com\/notibras\/\"]},{\"@type\":\"Person\",\"@id\":\"https:\/\/www.notibras.com\/site\/#\/schema\/person\/36ab0979449956132d3e5b517ea76ac8\",\"name\":\"Reda\u00e7\u00e3o\",\"image\":{\"@type\":\"ImageObject\",\"inLanguage\":\"pt-BR\",\"@id\":\"https:\/\/secure.gravatar.com\/avatar\/e0a867bdedb85fd243eadf09663511f96fc81e0720a4a42581f334ad4303aa6b?s=96&d=mm&r=g\",\"url\":\"https:\/\/secure.gravatar.com\/avatar\/e0a867bdedb85fd243eadf09663511f96fc81e0720a4a42581f334ad4303aa6b?s=96&d=mm&r=g\",\"contentUrl\":\"https:\/\/secure.gravatar.com\/avatar\/e0a867bdedb85fd243eadf09663511f96fc81e0720a4a42581f334ad4303aa6b?s=96&d=mm&r=g\",\"caption\":\"Reda\u00e7\u00e3o\"}}]}<\/script>\n<!-- \/ Yoast SEO plugin. -->","yoast_head_json":{"title":"Bioeconomia acelera futuro nordestino e valoriza a natureza - Notibras","robots":{"index":"index","follow":"follow","max-snippet":"max-snippet:-1","max-image-preview":"max-image-preview:large","max-video-preview":"max-video-preview:-1"},"canonical":"https:\/\/www.notibras.com\/site\/bioeconomia-acelera-desenvolvimento-nordestino-e-valoriza-a-natureza\/","og_locale":"pt_BR","og_type":"article","og_title":"Bioeconomia acelera futuro nordestino e valoriza a natureza - Notibras","og_description":"No cora\u00e7\u00e3o do Nordeste brasileiro, onde por muito tempo predominou a narrativa da escassez, uma nova l\u00f3gica de desenvolvimento come\u00e7a a ganhar for\u00e7a: a bioeconomia. Mais do que um conceito t\u00e9cnico, ela representa uma mudan\u00e7a de olhar \u2014 enxergar nos recursos naturais, na biodiversidade e nos saberes tradicionais n\u00e3o apenas subsist\u00eancia, mas oportunidades reais de [&hellip;]","og_url":"https:\/\/www.notibras.com\/site\/bioeconomia-acelera-desenvolvimento-nordestino-e-valoriza-a-natureza\/","og_site_name":"Notibras","article_publisher":"https:\/\/www.facebook.com\/notibras\/","article_published_time":"2026-04-30T11:59:23+00:00","article_modified_time":"2026-04-30T12:00:51+00:00","og_image":[{"width":984,"height":701,"url":"https:\/\/www.notibras.com\/site\/wp-content\/uploads\/2026\/04\/5144d444-02c6-45a0-8bc4-7194a85662b9.jpg","type":"image\/jpeg"}],"author":"Reda\u00e7\u00e3o","twitter_card":"summary_large_image","twitter_creator":"@Notibras","twitter_site":"@Notibras","twitter_misc":{"Escrito por":"Reda\u00e7\u00e3o","Est. tempo de leitura":"3 minutos"},"schema":{"@context":"https:\/\/schema.org","@graph":[{"@type":"Article","@id":"https:\/\/www.notibras.com\/site\/bioeconomia-acelera-desenvolvimento-nordestino-e-valoriza-a-natureza\/#article","isPartOf":{"@id":"https:\/\/www.notibras.com\/site\/bioeconomia-acelera-desenvolvimento-nordestino-e-valoriza-a-natureza\/"},"author":{"name":"Reda\u00e7\u00e3o","@id":"https:\/\/www.notibras.com\/site\/#\/schema\/person\/36ab0979449956132d3e5b517ea76ac8"},"headline":"Bioeconomia acelera futuro nordestino e valoriza a natureza","datePublished":"2026-04-30T11:59:23+00:00","dateModified":"2026-04-30T12:00:51+00:00","mainEntityOfPage":{"@id":"https:\/\/www.notibras.com\/site\/bioeconomia-acelera-desenvolvimento-nordestino-e-valoriza-a-natureza\/"},"wordCount":451,"publisher":{"@id":"https:\/\/www.notibras.com\/site\/#organization"},"image":{"@id":"https:\/\/www.notibras.com\/site\/bioeconomia-acelera-desenvolvimento-nordestino-e-valoriza-a-natureza\/#primaryimage"},"thumbnailUrl":"https:\/\/www.notibras.com\/site\/wp-content\/uploads\/2026\/04\/5144d444-02c6-45a0-8bc4-7194a85662b9.jpg","articleSection":["Nordeste"],"inLanguage":"pt-BR"},{"@type":"WebPage","@id":"https:\/\/www.notibras.com\/site\/bioeconomia-acelera-desenvolvimento-nordestino-e-valoriza-a-natureza\/","url":"https:\/\/www.notibras.com\/site\/bioeconomia-acelera-desenvolvimento-nordestino-e-valoriza-a-natureza\/","name":"Bioeconomia acelera futuro nordestino e valoriza a natureza - Notibras","isPartOf":{"@id":"https:\/\/www.notibras.com\/site\/#website"},"primaryImageOfPage":{"@id":"https:\/\/www.notibras.com\/site\/bioeconomia-acelera-desenvolvimento-nordestino-e-valoriza-a-natureza\/#primaryimage"},"image":{"@id":"https:\/\/www.notibras.com\/site\/bioeconomia-acelera-desenvolvimento-nordestino-e-valoriza-a-natureza\/#primaryimage"},"thumbnailUrl":"https:\/\/www.notibras.com\/site\/wp-content\/uploads\/2026\/04\/5144d444-02c6-45a0-8bc4-7194a85662b9.jpg","datePublished":"2026-04-30T11:59:23+00:00","dateModified":"2026-04-30T12:00:51+00:00","breadcrumb":{"@id":"https:\/\/www.notibras.com\/site\/bioeconomia-acelera-desenvolvimento-nordestino-e-valoriza-a-natureza\/#breadcrumb"},"inLanguage":"pt-BR","potentialAction":[{"@type":"ReadAction","target":["https:\/\/www.notibras.com\/site\/bioeconomia-acelera-desenvolvimento-nordestino-e-valoriza-a-natureza\/"]}]},{"@type":"ImageObject","inLanguage":"pt-BR","@id":"https:\/\/www.notibras.com\/site\/bioeconomia-acelera-desenvolvimento-nordestino-e-valoriza-a-natureza\/#primaryimage","url":"https:\/\/www.notibras.com\/site\/wp-content\/uploads\/2026\/04\/5144d444-02c6-45a0-8bc4-7194a85662b9.jpg","contentUrl":"https:\/\/www.notibras.com\/site\/wp-content\/uploads\/2026\/04\/5144d444-02c6-45a0-8bc4-7194a85662b9.jpg","width":984,"height":701},{"@type":"BreadcrumbList","@id":"https:\/\/www.notibras.com\/site\/bioeconomia-acelera-desenvolvimento-nordestino-e-valoriza-a-natureza\/#breadcrumb","itemListElement":[{"@type":"ListItem","position":1,"name":"In\u00edcio","item":"https:\/\/www.notibras.com\/site\/"},{"@type":"ListItem","position":2,"name":"Bioeconomia acelera futuro nordestino e valoriza a natureza"}]},{"@type":"WebSite","@id":"https:\/\/www.notibras.com\/site\/#website","url":"https:\/\/www.notibras.com\/site\/","name":"Notibras","description":"Not\u00edcias de Bras\u00edlia, do Brasil e do Mundo","publisher":{"@id":"https:\/\/www.notibras.com\/site\/#organization"},"potentialAction":[{"@type":"SearchAction","target":{"@type":"EntryPoint","urlTemplate":"https:\/\/www.notibras.com\/site\/?s={search_term_string}"},"query-input":{"@type":"PropertyValueSpecification","valueRequired":true,"valueName":"search_term_string"}}],"inLanguage":"pt-BR"},{"@type":"Organization","@id":"https:\/\/www.notibras.com\/site\/#organization","name":"Grupo Notibras de Comunica\u00e7\u00e3o","url":"https:\/\/www.notibras.com\/site\/","logo":{"@type":"ImageObject","inLanguage":"pt-BR","@id":"https:\/\/www.notibras.com\/site\/#\/schema\/logo\/image\/","url":"https:\/\/www.notibras.com\/site\/wp-content\/uploads\/2023\/01\/notibras23.png","contentUrl":"https:\/\/www.notibras.com\/site\/wp-content\/uploads\/2023\/01\/notibras23.png","width":350,"height":87,"caption":"Grupo Notibras de Comunica\u00e7\u00e3o"},"image":{"@id":"https:\/\/www.notibras.com\/site\/#\/schema\/logo\/image\/"},"sameAs":["https:\/\/www.facebook.com\/notibras\/","https:\/\/x.com\/Notibras","https:\/\/www.instagram.com\/notibras\/"]},{"@type":"Person","@id":"https:\/\/www.notibras.com\/site\/#\/schema\/person\/36ab0979449956132d3e5b517ea76ac8","name":"Reda\u00e7\u00e3o","image":{"@type":"ImageObject","inLanguage":"pt-BR","@id":"https:\/\/secure.gravatar.com\/avatar\/e0a867bdedb85fd243eadf09663511f96fc81e0720a4a42581f334ad4303aa6b?s=96&d=mm&r=g","url":"https:\/\/secure.gravatar.com\/avatar\/e0a867bdedb85fd243eadf09663511f96fc81e0720a4a42581f334ad4303aa6b?s=96&d=mm&r=g","contentUrl":"https:\/\/secure.gravatar.com\/avatar\/e0a867bdedb85fd243eadf09663511f96fc81e0720a4a42581f334ad4303aa6b?s=96&d=mm&r=g","caption":"Reda\u00e7\u00e3o"}}]}},"amp_enabled":true,"_links":{"self":[{"href":"https:\/\/www.notibras.com\/site\/wp-json\/wp\/v2\/posts\/393110","targetHints":{"allow":["GET"]}}],"collection":[{"href":"https:\/\/www.notibras.com\/site\/wp-json\/wp\/v2\/posts"}],"about":[{"href":"https:\/\/www.notibras.com\/site\/wp-json\/wp\/v2\/types\/post"}],"author":[{"embeddable":true,"href":"https:\/\/www.notibras.com\/site\/wp-json\/wp\/v2\/users\/2"}],"replies":[{"embeddable":true,"href":"https:\/\/www.notibras.com\/site\/wp-json\/wp\/v2\/comments?post=393110"}],"version-history":[{"count":3,"href":"https:\/\/www.notibras.com\/site\/wp-json\/wp\/v2\/posts\/393110\/revisions"}],"predecessor-version":[{"id":393114,"href":"https:\/\/www.notibras.com\/site\/wp-json\/wp\/v2\/posts\/393110\/revisions\/393114"}],"wp:featuredmedia":[{"embeddable":true,"href":"https:\/\/www.notibras.com\/site\/wp-json\/wp\/v2\/media\/393111"}],"wp:attachment":[{"href":"https:\/\/www.notibras.com\/site\/wp-json\/wp\/v2\/media?parent=393110"}],"wp:term":[{"taxonomy":"category","embeddable":true,"href":"https:\/\/www.notibras.com\/site\/wp-json\/wp\/v2\/categories?post=393110"},{"taxonomy":"post_tag","embeddable":true,"href":"https:\/\/www.notibras.com\/site\/wp-json\/wp\/v2\/tags?post=393110"}],"curies":[{"name":"wp","href":"https:\/\/api.w.org\/{rel}","templated":true}]}}