{"id":393115,"date":"2026-04-30T08:02:53","date_gmt":"2026-04-30T11:02:53","guid":{"rendered":"https:\/\/www.notibras.com\/site\/?p=393115"},"modified":"2026-04-30T09:06:40","modified_gmt":"2026-04-30T12:06:40","slug":"entre-a-celebracao-e-a-urgencia-de-valorizar-quem-sustenta-a-regiao","status":"publish","type":"post","link":"https:\/\/www.notibras.com\/site\/entre-a-celebracao-e-a-urgencia-de-valorizar-quem-sustenta-a-regiao\/","title":{"rendered":"Entre a celebra\u00e7\u00e3o e a urg\u00eancia de valorizar quem sustenta a regi\u00e3o"},"content":{"rendered":"<p>O Dia do Trabalhador chega ao Nordeste como mais do que uma data comemorativa: \u00e9 um convite \u00e0 reflex\u00e3o sobre o valor de quem move a economia todos os dias. Em estados como Cear\u00e1, a for\u00e7a de trabalho est\u00e1 presente em cada detalhe da vida cotidiana \u2014 do com\u00e9rcio popular \u00e0s lavouras, dos servi\u00e7os urbanos \u00e0s atividades informais que garantem renda a milhares de fam\u00edlias.<\/p>\n<p>Apesar dessa import\u00e2ncia, a valoriza\u00e7\u00e3o do trabalhador ainda est\u00e1 longe de ser uma realidade plena. Grande parte da popula\u00e7\u00e3o economicamente ativa enfrenta baixos sal\u00e1rios, instabilidade e aus\u00eancia de direitos b\u00e1sicos. A informalidade, especialmente nas periferias urbanas e no interior, segue como uma das principais marcas do mercado de trabalho nordestino, revelando um cen\u00e1rio de desigualdade persistente.<\/p>\n<p>Especialistas apontam que o problema n\u00e3o est\u00e1 apenas na falta de emprego, mas na qualidade das oportunidades oferecidas. Trabalhar muito, no Nordeste, nem sempre significa viver com dignidade. Essa contradi\u00e7\u00e3o refor\u00e7a a necessidade de pol\u00edticas p\u00fablicas que incentivem a formaliza\u00e7\u00e3o, ampliem o acesso \u00e0 educa\u00e7\u00e3o e garantam prote\u00e7\u00e3o social.<\/p>\n<p>A origem hist\u00f3rica do Dia do Trabalhador est\u00e1 diretamente ligada \u00e0 luta por direitos e melhores condi\u00e7\u00f5es de trabalho. No entanto, no contexto atual da regi\u00e3o, essa luta continua presente \u2014 muitas vezes silenciosa \u2014 no dia a dia de milh\u00f5es de nordestinos que seguem batalhando por reconhecimento.<\/p>\n<p>Mais do que celebrar, o 1\u00ba de maio deveria ser um momento de compromisso coletivo. Valorizar o trabalhador nordestino \u00e9 reconhecer sua import\u00e2ncia, garantir seus direitos e criar caminhos para um futuro mais justo. Afinal, s\u00e3o essas m\u00e3os que constroem, diariamente, o desenvolvimento da regi\u00e3o \u2014 e que ainda esperam ser plenamente reconhecidas.<\/p>\n","protected":false},"excerpt":{"rendered":"<p>O Dia do Trabalhador chega ao Nordeste como mais do que uma data comemorativa: \u00e9 um convite \u00e0 reflex\u00e3o sobre o valor de quem move a economia todos os dias. Em estados como Cear\u00e1, a for\u00e7a de trabalho est\u00e1 presente em cada detalhe da vida cotidiana \u2014 do com\u00e9rcio popular \u00e0s lavouras, dos servi\u00e7os urbanos [&hellip;]<\/p>\n","protected":false},"author":2,"featured_media":393116,"comment_status":"closed","ping_status":"closed","sticky":false,"template":"","format":"standard","meta":{"_acf_changed":false,"footnotes":""},"categories":[165],"tags":[],"class_list":["post-393115","post","type-post","status-publish","format-standard","has-post-thumbnail","hentry","category-nordeste"],"acf":[],"yoast_head":"<!-- This site is optimized with the Yoast SEO plugin v27.2 - https:\/\/yoast.com\/product\/yoast-seo-wordpress\/ -->\n<title>Entre a celebra\u00e7\u00e3o e a urg\u00eancia de valorizar quem sustenta a regi\u00e3o - Notibras<\/title>\n<meta name=\"robots\" content=\"index, follow, max-snippet:-1, max-image-preview:large, max-video-preview:-1\" \/>\n<link rel=\"canonical\" href=\"https:\/\/www.notibras.com\/site\/entre-a-celebracao-e-a-urgencia-de-valorizar-quem-sustenta-a-regiao\/\" \/>\n<meta property=\"og:locale\" content=\"pt_BR\" \/>\n<meta property=\"og:type\" content=\"article\" \/>\n<meta property=\"og:title\" content=\"Entre a celebra\u00e7\u00e3o e a urg\u00eancia de valorizar quem sustenta a regi\u00e3o - Notibras\" \/>\n<meta property=\"og:description\" content=\"O Dia do Trabalhador chega ao Nordeste como mais do que uma data comemorativa: \u00e9 um convite \u00e0 reflex\u00e3o sobre o valor de quem move a economia todos os dias. Em estados como Cear\u00e1, a for\u00e7a de trabalho est\u00e1 presente em cada detalhe da vida cotidiana \u2014 do com\u00e9rcio popular \u00e0s lavouras, dos servi\u00e7os urbanos [&hellip;]\" \/>\n<meta property=\"og:url\" content=\"https:\/\/www.notibras.com\/site\/entre-a-celebracao-e-a-urgencia-de-valorizar-quem-sustenta-a-regiao\/\" \/>\n<meta property=\"og:site_name\" content=\"Notibras\" \/>\n<meta property=\"article:publisher\" content=\"https:\/\/www.facebook.com\/notibras\/\" \/>\n<meta property=\"article:published_time\" content=\"2026-04-30T11:02:53+00:00\" \/>\n<meta property=\"article:modified_time\" content=\"2026-04-30T12:06:40+00:00\" \/>\n<meta property=\"og:image\" content=\"https:\/\/www.notibras.com\/site\/wp-content\/uploads\/2026\/04\/a64fe972-2a16-47be-8e1c-552506a30d51.jpg\" \/>\n\t<meta property=\"og:image:width\" content=\"1536\" \/>\n\t<meta property=\"og:image:height\" content=\"1024\" \/>\n\t<meta property=\"og:image:type\" content=\"image\/jpeg\" \/>\n<meta name=\"author\" content=\"Reda\u00e7\u00e3o\" \/>\n<meta name=\"twitter:card\" content=\"summary_large_image\" \/>\n<meta name=\"twitter:creator\" content=\"@Notibras\" \/>\n<meta name=\"twitter:site\" content=\"@Notibras\" \/>\n<meta name=\"twitter:label1\" content=\"Escrito por\" \/>\n\t<meta name=\"twitter:data1\" content=\"Reda\u00e7\u00e3o\" \/>\n\t<meta name=\"twitter:label2\" content=\"Est. tempo de leitura\" \/>\n\t<meta name=\"twitter:data2\" content=\"2 minutos\" \/>\n<script type=\"application\/ld+json\" class=\"yoast-schema-graph\">{\"@context\":\"https:\/\/schema.org\",\"@graph\":[{\"@type\":\"Article\",\"@id\":\"https:\/\/www.notibras.com\/site\/entre-a-celebracao-e-a-urgencia-de-valorizar-quem-sustenta-a-regiao\/#article\",\"isPartOf\":{\"@id\":\"https:\/\/www.notibras.com\/site\/entre-a-celebracao-e-a-urgencia-de-valorizar-quem-sustenta-a-regiao\/\"},\"author\":{\"name\":\"Reda\u00e7\u00e3o\",\"@id\":\"https:\/\/www.notibras.com\/site\/#\/schema\/person\/36ab0979449956132d3e5b517ea76ac8\"},\"headline\":\"Entre a celebra\u00e7\u00e3o e a urg\u00eancia de valorizar quem sustenta a regi\u00e3o\",\"datePublished\":\"2026-04-30T11:02:53+00:00\",\"dateModified\":\"2026-04-30T12:06:40+00:00\",\"mainEntityOfPage\":{\"@id\":\"https:\/\/www.notibras.com\/site\/entre-a-celebracao-e-a-urgencia-de-valorizar-quem-sustenta-a-regiao\/\"},\"wordCount\":304,\"publisher\":{\"@id\":\"https:\/\/www.notibras.com\/site\/#organization\"},\"image\":{\"@id\":\"https:\/\/www.notibras.com\/site\/entre-a-celebracao-e-a-urgencia-de-valorizar-quem-sustenta-a-regiao\/#primaryimage\"},\"thumbnailUrl\":\"https:\/\/www.notibras.com\/site\/wp-content\/uploads\/2026\/04\/a64fe972-2a16-47be-8e1c-552506a30d51.jpg\",\"articleSection\":[\"Nordeste\"],\"inLanguage\":\"pt-BR\"},{\"@type\":\"WebPage\",\"@id\":\"https:\/\/www.notibras.com\/site\/entre-a-celebracao-e-a-urgencia-de-valorizar-quem-sustenta-a-regiao\/\",\"url\":\"https:\/\/www.notibras.com\/site\/entre-a-celebracao-e-a-urgencia-de-valorizar-quem-sustenta-a-regiao\/\",\"name\":\"Entre a celebra\u00e7\u00e3o e a urg\u00eancia de valorizar quem sustenta a regi\u00e3o - Notibras\",\"isPartOf\":{\"@id\":\"https:\/\/www.notibras.com\/site\/#website\"},\"primaryImageOfPage\":{\"@id\":\"https:\/\/www.notibras.com\/site\/entre-a-celebracao-e-a-urgencia-de-valorizar-quem-sustenta-a-regiao\/#primaryimage\"},\"image\":{\"@id\":\"https:\/\/www.notibras.com\/site\/entre-a-celebracao-e-a-urgencia-de-valorizar-quem-sustenta-a-regiao\/#primaryimage\"},\"thumbnailUrl\":\"https:\/\/www.notibras.com\/site\/wp-content\/uploads\/2026\/04\/a64fe972-2a16-47be-8e1c-552506a30d51.jpg\",\"datePublished\":\"2026-04-30T11:02:53+00:00\",\"dateModified\":\"2026-04-30T12:06:40+00:00\",\"breadcrumb\":{\"@id\":\"https:\/\/www.notibras.com\/site\/entre-a-celebracao-e-a-urgencia-de-valorizar-quem-sustenta-a-regiao\/#breadcrumb\"},\"inLanguage\":\"pt-BR\",\"potentialAction\":[{\"@type\":\"ReadAction\",\"target\":[\"https:\/\/www.notibras.com\/site\/entre-a-celebracao-e-a-urgencia-de-valorizar-quem-sustenta-a-regiao\/\"]}]},{\"@type\":\"ImageObject\",\"inLanguage\":\"pt-BR\",\"@id\":\"https:\/\/www.notibras.com\/site\/entre-a-celebracao-e-a-urgencia-de-valorizar-quem-sustenta-a-regiao\/#primaryimage\",\"url\":\"https:\/\/www.notibras.com\/site\/wp-content\/uploads\/2026\/04\/a64fe972-2a16-47be-8e1c-552506a30d51.jpg\",\"contentUrl\":\"https:\/\/www.notibras.com\/site\/wp-content\/uploads\/2026\/04\/a64fe972-2a16-47be-8e1c-552506a30d51.jpg\",\"width\":1536,\"height\":1024},{\"@type\":\"BreadcrumbList\",\"@id\":\"https:\/\/www.notibras.com\/site\/entre-a-celebracao-e-a-urgencia-de-valorizar-quem-sustenta-a-regiao\/#breadcrumb\",\"itemListElement\":[{\"@type\":\"ListItem\",\"position\":1,\"name\":\"In\u00edcio\",\"item\":\"https:\/\/www.notibras.com\/site\/\"},{\"@type\":\"ListItem\",\"position\":2,\"name\":\"Entre a celebra\u00e7\u00e3o e a urg\u00eancia de valorizar quem sustenta a regi\u00e3o\"}]},{\"@type\":\"WebSite\",\"@id\":\"https:\/\/www.notibras.com\/site\/#website\",\"url\":\"https:\/\/www.notibras.com\/site\/\",\"name\":\"Notibras\",\"description\":\"Not\u00edcias de Bras\u00edlia, do Brasil e do Mundo\",\"publisher\":{\"@id\":\"https:\/\/www.notibras.com\/site\/#organization\"},\"potentialAction\":[{\"@type\":\"SearchAction\",\"target\":{\"@type\":\"EntryPoint\",\"urlTemplate\":\"https:\/\/www.notibras.com\/site\/?s={search_term_string}\"},\"query-input\":{\"@type\":\"PropertyValueSpecification\",\"valueRequired\":true,\"valueName\":\"search_term_string\"}}],\"inLanguage\":\"pt-BR\"},{\"@type\":\"Organization\",\"@id\":\"https:\/\/www.notibras.com\/site\/#organization\",\"name\":\"Grupo Notibras de Comunica\u00e7\u00e3o\",\"url\":\"https:\/\/www.notibras.com\/site\/\",\"logo\":{\"@type\":\"ImageObject\",\"inLanguage\":\"pt-BR\",\"@id\":\"https:\/\/www.notibras.com\/site\/#\/schema\/logo\/image\/\",\"url\":\"https:\/\/www.notibras.com\/site\/wp-content\/uploads\/2023\/01\/notibras23.png\",\"contentUrl\":\"https:\/\/www.notibras.com\/site\/wp-content\/uploads\/2023\/01\/notibras23.png\",\"width\":350,\"height\":87,\"caption\":\"Grupo Notibras de Comunica\u00e7\u00e3o\"},\"image\":{\"@id\":\"https:\/\/www.notibras.com\/site\/#\/schema\/logo\/image\/\"},\"sameAs\":[\"https:\/\/www.facebook.com\/notibras\/\",\"https:\/\/x.com\/Notibras\",\"https:\/\/www.instagram.com\/notibras\/\"]},{\"@type\":\"Person\",\"@id\":\"https:\/\/www.notibras.com\/site\/#\/schema\/person\/36ab0979449956132d3e5b517ea76ac8\",\"name\":\"Reda\u00e7\u00e3o\",\"image\":{\"@type\":\"ImageObject\",\"inLanguage\":\"pt-BR\",\"@id\":\"https:\/\/secure.gravatar.com\/avatar\/e0a867bdedb85fd243eadf09663511f96fc81e0720a4a42581f334ad4303aa6b?s=96&d=mm&r=g\",\"url\":\"https:\/\/secure.gravatar.com\/avatar\/e0a867bdedb85fd243eadf09663511f96fc81e0720a4a42581f334ad4303aa6b?s=96&d=mm&r=g\",\"contentUrl\":\"https:\/\/secure.gravatar.com\/avatar\/e0a867bdedb85fd243eadf09663511f96fc81e0720a4a42581f334ad4303aa6b?s=96&d=mm&r=g\",\"caption\":\"Reda\u00e7\u00e3o\"}}]}<\/script>\n<!-- \/ Yoast SEO plugin. -->","yoast_head_json":{"title":"Entre a celebra\u00e7\u00e3o e a urg\u00eancia de valorizar quem sustenta a regi\u00e3o - Notibras","robots":{"index":"index","follow":"follow","max-snippet":"max-snippet:-1","max-image-preview":"max-image-preview:large","max-video-preview":"max-video-preview:-1"},"canonical":"https:\/\/www.notibras.com\/site\/entre-a-celebracao-e-a-urgencia-de-valorizar-quem-sustenta-a-regiao\/","og_locale":"pt_BR","og_type":"article","og_title":"Entre a celebra\u00e7\u00e3o e a urg\u00eancia de valorizar quem sustenta a regi\u00e3o - Notibras","og_description":"O Dia do Trabalhador chega ao Nordeste como mais do que uma data comemorativa: \u00e9 um convite \u00e0 reflex\u00e3o sobre o valor de quem move a economia todos os dias. Em estados como Cear\u00e1, a for\u00e7a de trabalho est\u00e1 presente em cada detalhe da vida cotidiana \u2014 do com\u00e9rcio popular \u00e0s lavouras, dos servi\u00e7os urbanos [&hellip;]","og_url":"https:\/\/www.notibras.com\/site\/entre-a-celebracao-e-a-urgencia-de-valorizar-quem-sustenta-a-regiao\/","og_site_name":"Notibras","article_publisher":"https:\/\/www.facebook.com\/notibras\/","article_published_time":"2026-04-30T11:02:53+00:00","article_modified_time":"2026-04-30T12:06:40+00:00","og_image":[{"width":1536,"height":1024,"url":"https:\/\/www.notibras.com\/site\/wp-content\/uploads\/2026\/04\/a64fe972-2a16-47be-8e1c-552506a30d51.jpg","type":"image\/jpeg"}],"author":"Reda\u00e7\u00e3o","twitter_card":"summary_large_image","twitter_creator":"@Notibras","twitter_site":"@Notibras","twitter_misc":{"Escrito por":"Reda\u00e7\u00e3o","Est. tempo de leitura":"2 minutos"},"schema":{"@context":"https:\/\/schema.org","@graph":[{"@type":"Article","@id":"https:\/\/www.notibras.com\/site\/entre-a-celebracao-e-a-urgencia-de-valorizar-quem-sustenta-a-regiao\/#article","isPartOf":{"@id":"https:\/\/www.notibras.com\/site\/entre-a-celebracao-e-a-urgencia-de-valorizar-quem-sustenta-a-regiao\/"},"author":{"name":"Reda\u00e7\u00e3o","@id":"https:\/\/www.notibras.com\/site\/#\/schema\/person\/36ab0979449956132d3e5b517ea76ac8"},"headline":"Entre a celebra\u00e7\u00e3o e a urg\u00eancia de valorizar quem sustenta a regi\u00e3o","datePublished":"2026-04-30T11:02:53+00:00","dateModified":"2026-04-30T12:06:40+00:00","mainEntityOfPage":{"@id":"https:\/\/www.notibras.com\/site\/entre-a-celebracao-e-a-urgencia-de-valorizar-quem-sustenta-a-regiao\/"},"wordCount":304,"publisher":{"@id":"https:\/\/www.notibras.com\/site\/#organization"},"image":{"@id":"https:\/\/www.notibras.com\/site\/entre-a-celebracao-e-a-urgencia-de-valorizar-quem-sustenta-a-regiao\/#primaryimage"},"thumbnailUrl":"https:\/\/www.notibras.com\/site\/wp-content\/uploads\/2026\/04\/a64fe972-2a16-47be-8e1c-552506a30d51.jpg","articleSection":["Nordeste"],"inLanguage":"pt-BR"},{"@type":"WebPage","@id":"https:\/\/www.notibras.com\/site\/entre-a-celebracao-e-a-urgencia-de-valorizar-quem-sustenta-a-regiao\/","url":"https:\/\/www.notibras.com\/site\/entre-a-celebracao-e-a-urgencia-de-valorizar-quem-sustenta-a-regiao\/","name":"Entre a celebra\u00e7\u00e3o e a urg\u00eancia de valorizar quem sustenta a regi\u00e3o - Notibras","isPartOf":{"@id":"https:\/\/www.notibras.com\/site\/#website"},"primaryImageOfPage":{"@id":"https:\/\/www.notibras.com\/site\/entre-a-celebracao-e-a-urgencia-de-valorizar-quem-sustenta-a-regiao\/#primaryimage"},"image":{"@id":"https:\/\/www.notibras.com\/site\/entre-a-celebracao-e-a-urgencia-de-valorizar-quem-sustenta-a-regiao\/#primaryimage"},"thumbnailUrl":"https:\/\/www.notibras.com\/site\/wp-content\/uploads\/2026\/04\/a64fe972-2a16-47be-8e1c-552506a30d51.jpg","datePublished":"2026-04-30T11:02:53+00:00","dateModified":"2026-04-30T12:06:40+00:00","breadcrumb":{"@id":"https:\/\/www.notibras.com\/site\/entre-a-celebracao-e-a-urgencia-de-valorizar-quem-sustenta-a-regiao\/#breadcrumb"},"inLanguage":"pt-BR","potentialAction":[{"@type":"ReadAction","target":["https:\/\/www.notibras.com\/site\/entre-a-celebracao-e-a-urgencia-de-valorizar-quem-sustenta-a-regiao\/"]}]},{"@type":"ImageObject","inLanguage":"pt-BR","@id":"https:\/\/www.notibras.com\/site\/entre-a-celebracao-e-a-urgencia-de-valorizar-quem-sustenta-a-regiao\/#primaryimage","url":"https:\/\/www.notibras.com\/site\/wp-content\/uploads\/2026\/04\/a64fe972-2a16-47be-8e1c-552506a30d51.jpg","contentUrl":"https:\/\/www.notibras.com\/site\/wp-content\/uploads\/2026\/04\/a64fe972-2a16-47be-8e1c-552506a30d51.jpg","width":1536,"height":1024},{"@type":"BreadcrumbList","@id":"https:\/\/www.notibras.com\/site\/entre-a-celebracao-e-a-urgencia-de-valorizar-quem-sustenta-a-regiao\/#breadcrumb","itemListElement":[{"@type":"ListItem","position":1,"name":"In\u00edcio","item":"https:\/\/www.notibras.com\/site\/"},{"@type":"ListItem","position":2,"name":"Entre a celebra\u00e7\u00e3o e a urg\u00eancia de valorizar quem sustenta a regi\u00e3o"}]},{"@type":"WebSite","@id":"https:\/\/www.notibras.com\/site\/#website","url":"https:\/\/www.notibras.com\/site\/","name":"Notibras","description":"Not\u00edcias de Bras\u00edlia, do Brasil e do Mundo","publisher":{"@id":"https:\/\/www.notibras.com\/site\/#organization"},"potentialAction":[{"@type":"SearchAction","target":{"@type":"EntryPoint","urlTemplate":"https:\/\/www.notibras.com\/site\/?s={search_term_string}"},"query-input":{"@type":"PropertyValueSpecification","valueRequired":true,"valueName":"search_term_string"}}],"inLanguage":"pt-BR"},{"@type":"Organization","@id":"https:\/\/www.notibras.com\/site\/#organization","name":"Grupo Notibras de Comunica\u00e7\u00e3o","url":"https:\/\/www.notibras.com\/site\/","logo":{"@type":"ImageObject","inLanguage":"pt-BR","@id":"https:\/\/www.notibras.com\/site\/#\/schema\/logo\/image\/","url":"https:\/\/www.notibras.com\/site\/wp-content\/uploads\/2023\/01\/notibras23.png","contentUrl":"https:\/\/www.notibras.com\/site\/wp-content\/uploads\/2023\/01\/notibras23.png","width":350,"height":87,"caption":"Grupo Notibras de Comunica\u00e7\u00e3o"},"image":{"@id":"https:\/\/www.notibras.com\/site\/#\/schema\/logo\/image\/"},"sameAs":["https:\/\/www.facebook.com\/notibras\/","https:\/\/x.com\/Notibras","https:\/\/www.instagram.com\/notibras\/"]},{"@type":"Person","@id":"https:\/\/www.notibras.com\/site\/#\/schema\/person\/36ab0979449956132d3e5b517ea76ac8","name":"Reda\u00e7\u00e3o","image":{"@type":"ImageObject","inLanguage":"pt-BR","@id":"https:\/\/secure.gravatar.com\/avatar\/e0a867bdedb85fd243eadf09663511f96fc81e0720a4a42581f334ad4303aa6b?s=96&d=mm&r=g","url":"https:\/\/secure.gravatar.com\/avatar\/e0a867bdedb85fd243eadf09663511f96fc81e0720a4a42581f334ad4303aa6b?s=96&d=mm&r=g","contentUrl":"https:\/\/secure.gravatar.com\/avatar\/e0a867bdedb85fd243eadf09663511f96fc81e0720a4a42581f334ad4303aa6b?s=96&d=mm&r=g","caption":"Reda\u00e7\u00e3o"}}]}},"amp_enabled":true,"_links":{"self":[{"href":"https:\/\/www.notibras.com\/site\/wp-json\/wp\/v2\/posts\/393115","targetHints":{"allow":["GET"]}}],"collection":[{"href":"https:\/\/www.notibras.com\/site\/wp-json\/wp\/v2\/posts"}],"about":[{"href":"https:\/\/www.notibras.com\/site\/wp-json\/wp\/v2\/types\/post"}],"author":[{"embeddable":true,"href":"https:\/\/www.notibras.com\/site\/wp-json\/wp\/v2\/users\/2"}],"replies":[{"embeddable":true,"href":"https:\/\/www.notibras.com\/site\/wp-json\/wp\/v2\/comments?post=393115"}],"version-history":[{"count":1,"href":"https:\/\/www.notibras.com\/site\/wp-json\/wp\/v2\/posts\/393115\/revisions"}],"predecessor-version":[{"id":393117,"href":"https:\/\/www.notibras.com\/site\/wp-json\/wp\/v2\/posts\/393115\/revisions\/393117"}],"wp:featuredmedia":[{"embeddable":true,"href":"https:\/\/www.notibras.com\/site\/wp-json\/wp\/v2\/media\/393116"}],"wp:attachment":[{"href":"https:\/\/www.notibras.com\/site\/wp-json\/wp\/v2\/media?parent=393115"}],"wp:term":[{"taxonomy":"category","embeddable":true,"href":"https:\/\/www.notibras.com\/site\/wp-json\/wp\/v2\/categories?post=393115"},{"taxonomy":"post_tag","embeddable":true,"href":"https:\/\/www.notibras.com\/site\/wp-json\/wp\/v2\/tags?post=393115"}],"curies":[{"name":"wp","href":"https:\/\/api.w.org\/{rel}","templated":true}]}}