{"id":393124,"date":"2026-04-30T12:19:49","date_gmt":"2026-04-30T15:19:49","guid":{"rendered":"https:\/\/www.notibras.com\/site\/?p=393124"},"modified":"2026-04-30T12:19:49","modified_gmt":"2026-04-30T15:19:49","slug":"falta-de-organizacao-e-de-planejamento-deixam-sonhos-mais-distantes","status":"publish","type":"post","link":"https:\/\/www.notibras.com\/site\/falta-de-organizacao-e-de-planejamento-deixam-sonhos-mais-distantes\/","title":{"rendered":"Falta de organiza\u00e7\u00e3o e de planejamento deixam sonhos mais distantes"},"content":{"rendered":"<p>Muitas pessoas carregam sonhos importantes por anos. Comprar uma casa, mudar de profiss\u00e3o, viajar, ter mais tranquilidade financeira. O problema raramente \u00e9 a falta de vontade. O que normalmente falta \u00e9 transformar o sonho abstrato em um plano concreto. Quando um sonho n\u00e3o \u00e9 organizado e planejado, ele permanece apenas como desejo distante. Quando ganha estrutura, come\u00e7a a se tornar um objetivo poss\u00edvel.<\/p>\n<p>Existe um comportamento muito comum na vida adulta. A pessoa sonha, se empolga por um tempo, tenta come\u00e7ar algo, se perde no meio do caminho e depois sente culpa por n\u00e3o ter avan\u00e7ado.<\/p>\n<p>Esse ciclo acontece porque o sonho continua sendo tratado como ideia e n\u00e3o como projeto. Um sonho abstrato n\u00e3o orienta decis\u00f5es. Ele n\u00e3o define prioridades, n\u00e3o estabelece prazos e n\u00e3o cria compromissos reais com o dinheiro.<\/p>\n<p>\u00c9 como querer chegar a uma cidade sem escolher a estrada. A inten\u00e7\u00e3o existe, mas o caminho nunca come\u00e7a de verdade.<\/p>\n<p>No campo financeiro isso aparece de forma muito clara. Muitas pessoas querem construir patrim\u00f4nio, ter reserva ou realizar projetos importantes, mas n\u00e3o sabem exatamente quanto precisam, quanto podem guardar ou quais escolhas precisam fazer no presente para sustentar o futuro.<\/p>\n<p>Pesquisas sobre educa\u00e7\u00e3o financeira indicam que planejamento e controle do dinheiro s\u00e3o fatores decisivos para transformar objetivos em a\u00e7\u00f5es pr\u00e1ticas no dia a dia.<br \/>\nSem essa estrutura m\u00ednima, o sonho permanece emocional, mas n\u00e3o se transforma em comportamento.<\/p>\n<p><strong>Antes da planilha<\/strong><br \/>\nExiste uma cren\u00e7a comum de que planejar significa apenas preencher planilhas ou usar aplicativos de controle financeiro. Na pr\u00e1tica, o planejamento come\u00e7a antes disso.<\/p>\n<p>Planejar significa reconhecer tr\u00eas pontos simples:<\/p>\n<p>a) Onde voc\u00ea est\u00e1 hoje<br \/>\nb) Para onde quer ir<br \/>\nc) Qual caminho precisa construir para chegar l\u00e1<\/p>\n<p>Esse processo exige clareza, n\u00e3o perfei\u00e7\u00e3o. O planejamento financeiro pessoal funciona exatamente dessa forma. Primeiro se entende a situa\u00e7\u00e3o atual, depois se define o objetivo e ent\u00e3o se constroem estrat\u00e9gias e ajustes ao longo do caminho. Quando essa l\u00f3gica n\u00e3o existe, decis\u00f5es financeiras passam a ser tomadas apenas pelo impulso do momento.<\/p>\n<p>Esse \u00e9 um dos fatores que ajuda a explicar por que muitas fam\u00edlias tem renda, mas ainda enfrentam dificuldade para construir estabilidade financeira. Dados recentes indicam que o endividamento das fam\u00edlias brasileiras permanece elevado, mesmo em per\u00edodos de melhora da renda, mostrando que o problema muitas vezes n\u00e3o \u00e9 apenas quanto se ganha, mas como o dinheiro \u00e9 administrado.<\/p>\n<p>Planejamento n\u00e3o \u00e9 rigidez. \u00c9 dire\u00e7\u00e3o. Quando um sonho come\u00e7a a ser organizado, tr\u00eas mudan\u00e7as importantes acontecem.<\/p>\n<p>1. Ele deixa de ser emocional e passa a ser concreto.<br \/>\n2. Voc\u00ea come\u00e7a a enxergar valores, prazos e decis\u00f5es necess\u00e1rias.<br \/>\n3. E o mais importante, o sonho passa a influenciar suas escolhas financeiras.<\/p>\n<p>Quem quer construir uma reserva come\u00e7a a observar os gastos com mais aten\u00e7\u00e3o; quem quer fazer uma viagem come\u00e7a a separar pequenas quantias com consist\u00eancia; e quem quer comprar um im\u00f3vel come\u00e7a a pensar em estrat\u00e9gia e n\u00e3o apenas em desejo. Organizar o sonho n\u00e3o garante que tudo acontecer\u00e1 exatamente como planejado. Mas cria algo fundamental para qualquer conquista financeira.<\/p>\n<p>Existe uma sequ\u00eancia silenciosa que aparece em praticamente todas as hist\u00f3rias de organiza\u00e7\u00e3o financeira. S\u00e3o viv\u00eancias que moldam cren\u00e7as sobre dinheiro, cren\u00e7as que influenciam comportamentos; comportamentos que definem decis\u00f5es; e, decis\u00f5es que constroem resultados ao longo do tempo. Por isso, planejar n\u00e3o \u00e9 apenas um exerc\u00edcio financeiro. \u00c9 tamb\u00e9m um exerc\u00edcio de maturidade.<\/p>\n<p>Quando o sonho ganha organiza\u00e7\u00e3o e planejamento, ele deixa de depender apenas da motiva\u00e7\u00e3o do momento e passa a caminhar junto com suas escolhas di\u00e1rias. E \u00e9 nesse ponto que muitos projetos come\u00e7am, finalmente, a sair do papel.<\/p>\n<p>&#8230;&#8230;&#8230;&#8230;&#8230;..<\/p>\n<p>Gabriela Oliveira \u00e9 Educadora Financeira<\/p>\n<p><a href=\"http:\/\/fonteemfoco.com.br\/planejar-sonhos-financas\">fonteemfoco.com.br\/planejar-sonhos-financas<\/a><\/p>\n","protected":false},"excerpt":{"rendered":"<p>Muitas pessoas carregam sonhos importantes por anos. Comprar uma casa, mudar de profiss\u00e3o, viajar, ter mais tranquilidade financeira. O problema raramente \u00e9 a falta de vontade. O que normalmente falta \u00e9 transformar o sonho abstrato em um plano concreto. Quando um sonho n\u00e3o \u00e9 organizado e planejado, ele permanece apenas como desejo distante. Quando ganha [&hellip;]<\/p>\n","protected":false},"author":2,"featured_media":393125,"comment_status":"closed","ping_status":"closed","sticky":false,"template":"","format":"standard","meta":{"_acf_changed":false,"footnotes":""},"categories":[155],"tags":[],"class_list":["post-393124","post","type-post","status-publish","format-standard","has-post-thumbnail","hentry","category-leitura-vip"],"acf":[],"yoast_head":"<!-- This site is optimized with the Yoast SEO plugin v27.2 - https:\/\/yoast.com\/product\/yoast-seo-wordpress\/ -->\n<title>Falta de organiza\u00e7\u00e3o e de planejamento deixam sonhos mais distantes - Notibras<\/title>\n<meta name=\"robots\" content=\"index, follow, max-snippet:-1, max-image-preview:large, max-video-preview:-1\" \/>\n<link rel=\"canonical\" href=\"https:\/\/www.notibras.com\/site\/falta-de-organizacao-e-de-planejamento-deixam-sonhos-mais-distantes\/\" \/>\n<meta property=\"og:locale\" content=\"pt_BR\" \/>\n<meta property=\"og:type\" content=\"article\" \/>\n<meta property=\"og:title\" content=\"Falta de organiza\u00e7\u00e3o e de planejamento deixam sonhos mais distantes - Notibras\" \/>\n<meta property=\"og:description\" content=\"Muitas pessoas carregam sonhos importantes por anos. Comprar uma casa, mudar de profiss\u00e3o, viajar, ter mais tranquilidade financeira. O problema raramente \u00e9 a falta de vontade. O que normalmente falta \u00e9 transformar o sonho abstrato em um plano concreto. Quando um sonho n\u00e3o \u00e9 organizado e planejado, ele permanece apenas como desejo distante. Quando ganha [&hellip;]\" \/>\n<meta property=\"og:url\" content=\"https:\/\/www.notibras.com\/site\/falta-de-organizacao-e-de-planejamento-deixam-sonhos-mais-distantes\/\" \/>\n<meta property=\"og:site_name\" content=\"Notibras\" \/>\n<meta property=\"article:publisher\" content=\"https:\/\/www.facebook.com\/notibras\/\" \/>\n<meta property=\"article:published_time\" content=\"2026-04-30T15:19:49+00:00\" \/>\n<meta property=\"og:image\" content=\"https:\/\/www.notibras.com\/site\/wp-content\/uploads\/2026\/04\/Anotacoes-Freepik-696x677-1.webp\" \/>\n\t<meta property=\"og:image:width\" content=\"696\" \/>\n\t<meta property=\"og:image:height\" content=\"677\" \/>\n\t<meta property=\"og:image:type\" content=\"image\/webp\" \/>\n<meta name=\"author\" content=\"Reda\u00e7\u00e3o\" \/>\n<meta name=\"twitter:card\" content=\"summary_large_image\" \/>\n<meta name=\"twitter:creator\" content=\"@Notibras\" \/>\n<meta name=\"twitter:site\" content=\"@Notibras\" \/>\n<meta name=\"twitter:label1\" content=\"Escrito por\" \/>\n\t<meta name=\"twitter:data1\" content=\"Reda\u00e7\u00e3o\" \/>\n\t<meta name=\"twitter:label2\" content=\"Est. tempo de leitura\" \/>\n\t<meta name=\"twitter:data2\" content=\"4 minutos\" \/>\n<script type=\"application\/ld+json\" class=\"yoast-schema-graph\">{\"@context\":\"https:\/\/schema.org\",\"@graph\":[{\"@type\":\"Article\",\"@id\":\"https:\/\/www.notibras.com\/site\/falta-de-organizacao-e-de-planejamento-deixam-sonhos-mais-distantes\/#article\",\"isPartOf\":{\"@id\":\"https:\/\/www.notibras.com\/site\/falta-de-organizacao-e-de-planejamento-deixam-sonhos-mais-distantes\/\"},\"author\":{\"name\":\"Reda\u00e7\u00e3o\",\"@id\":\"https:\/\/www.notibras.com\/site\/#\/schema\/person\/36ab0979449956132d3e5b517ea76ac8\"},\"headline\":\"Falta de organiza\u00e7\u00e3o e de planejamento deixam sonhos mais distantes\",\"datePublished\":\"2026-04-30T15:19:49+00:00\",\"mainEntityOfPage\":{\"@id\":\"https:\/\/www.notibras.com\/site\/falta-de-organizacao-e-de-planejamento-deixam-sonhos-mais-distantes\/\"},\"wordCount\":672,\"publisher\":{\"@id\":\"https:\/\/www.notibras.com\/site\/#organization\"},\"image\":{\"@id\":\"https:\/\/www.notibras.com\/site\/falta-de-organizacao-e-de-planejamento-deixam-sonhos-mais-distantes\/#primaryimage\"},\"thumbnailUrl\":\"https:\/\/www.notibras.com\/site\/wp-content\/uploads\/2026\/04\/Anotacoes-Freepik-696x677-1.webp\",\"articleSection\":[\"Leitura Vip\"],\"inLanguage\":\"pt-BR\"},{\"@type\":\"WebPage\",\"@id\":\"https:\/\/www.notibras.com\/site\/falta-de-organizacao-e-de-planejamento-deixam-sonhos-mais-distantes\/\",\"url\":\"https:\/\/www.notibras.com\/site\/falta-de-organizacao-e-de-planejamento-deixam-sonhos-mais-distantes\/\",\"name\":\"Falta de organiza\u00e7\u00e3o e de planejamento deixam sonhos mais distantes - Notibras\",\"isPartOf\":{\"@id\":\"https:\/\/www.notibras.com\/site\/#website\"},\"primaryImageOfPage\":{\"@id\":\"https:\/\/www.notibras.com\/site\/falta-de-organizacao-e-de-planejamento-deixam-sonhos-mais-distantes\/#primaryimage\"},\"image\":{\"@id\":\"https:\/\/www.notibras.com\/site\/falta-de-organizacao-e-de-planejamento-deixam-sonhos-mais-distantes\/#primaryimage\"},\"thumbnailUrl\":\"https:\/\/www.notibras.com\/site\/wp-content\/uploads\/2026\/04\/Anotacoes-Freepik-696x677-1.webp\",\"datePublished\":\"2026-04-30T15:19:49+00:00\",\"breadcrumb\":{\"@id\":\"https:\/\/www.notibras.com\/site\/falta-de-organizacao-e-de-planejamento-deixam-sonhos-mais-distantes\/#breadcrumb\"},\"inLanguage\":\"pt-BR\",\"potentialAction\":[{\"@type\":\"ReadAction\",\"target\":[\"https:\/\/www.notibras.com\/site\/falta-de-organizacao-e-de-planejamento-deixam-sonhos-mais-distantes\/\"]}]},{\"@type\":\"ImageObject\",\"inLanguage\":\"pt-BR\",\"@id\":\"https:\/\/www.notibras.com\/site\/falta-de-organizacao-e-de-planejamento-deixam-sonhos-mais-distantes\/#primaryimage\",\"url\":\"https:\/\/www.notibras.com\/site\/wp-content\/uploads\/2026\/04\/Anotacoes-Freepik-696x677-1.webp\",\"contentUrl\":\"https:\/\/www.notibras.com\/site\/wp-content\/uploads\/2026\/04\/Anotacoes-Freepik-696x677-1.webp\",\"width\":696,\"height\":677},{\"@type\":\"BreadcrumbList\",\"@id\":\"https:\/\/www.notibras.com\/site\/falta-de-organizacao-e-de-planejamento-deixam-sonhos-mais-distantes\/#breadcrumb\",\"itemListElement\":[{\"@type\":\"ListItem\",\"position\":1,\"name\":\"In\u00edcio\",\"item\":\"https:\/\/www.notibras.com\/site\/\"},{\"@type\":\"ListItem\",\"position\":2,\"name\":\"Falta de organiza\u00e7\u00e3o e de planejamento deixam sonhos mais distantes\"}]},{\"@type\":\"WebSite\",\"@id\":\"https:\/\/www.notibras.com\/site\/#website\",\"url\":\"https:\/\/www.notibras.com\/site\/\",\"name\":\"Notibras\",\"description\":\"Not\u00edcias de Bras\u00edlia, do Brasil e do Mundo\",\"publisher\":{\"@id\":\"https:\/\/www.notibras.com\/site\/#organization\"},\"potentialAction\":[{\"@type\":\"SearchAction\",\"target\":{\"@type\":\"EntryPoint\",\"urlTemplate\":\"https:\/\/www.notibras.com\/site\/?s={search_term_string}\"},\"query-input\":{\"@type\":\"PropertyValueSpecification\",\"valueRequired\":true,\"valueName\":\"search_term_string\"}}],\"inLanguage\":\"pt-BR\"},{\"@type\":\"Organization\",\"@id\":\"https:\/\/www.notibras.com\/site\/#organization\",\"name\":\"Grupo Notibras de Comunica\u00e7\u00e3o\",\"url\":\"https:\/\/www.notibras.com\/site\/\",\"logo\":{\"@type\":\"ImageObject\",\"inLanguage\":\"pt-BR\",\"@id\":\"https:\/\/www.notibras.com\/site\/#\/schema\/logo\/image\/\",\"url\":\"https:\/\/www.notibras.com\/site\/wp-content\/uploads\/2023\/01\/notibras23.png\",\"contentUrl\":\"https:\/\/www.notibras.com\/site\/wp-content\/uploads\/2023\/01\/notibras23.png\",\"width\":350,\"height\":87,\"caption\":\"Grupo Notibras de Comunica\u00e7\u00e3o\"},\"image\":{\"@id\":\"https:\/\/www.notibras.com\/site\/#\/schema\/logo\/image\/\"},\"sameAs\":[\"https:\/\/www.facebook.com\/notibras\/\",\"https:\/\/x.com\/Notibras\",\"https:\/\/www.instagram.com\/notibras\/\"]},{\"@type\":\"Person\",\"@id\":\"https:\/\/www.notibras.com\/site\/#\/schema\/person\/36ab0979449956132d3e5b517ea76ac8\",\"name\":\"Reda\u00e7\u00e3o\",\"image\":{\"@type\":\"ImageObject\",\"inLanguage\":\"pt-BR\",\"@id\":\"https:\/\/secure.gravatar.com\/avatar\/e0a867bdedb85fd243eadf09663511f96fc81e0720a4a42581f334ad4303aa6b?s=96&d=mm&r=g\",\"url\":\"https:\/\/secure.gravatar.com\/avatar\/e0a867bdedb85fd243eadf09663511f96fc81e0720a4a42581f334ad4303aa6b?s=96&d=mm&r=g\",\"contentUrl\":\"https:\/\/secure.gravatar.com\/avatar\/e0a867bdedb85fd243eadf09663511f96fc81e0720a4a42581f334ad4303aa6b?s=96&d=mm&r=g\",\"caption\":\"Reda\u00e7\u00e3o\"}}]}<\/script>\n<!-- \/ Yoast SEO plugin. -->","yoast_head_json":{"title":"Falta de organiza\u00e7\u00e3o e de planejamento deixam sonhos mais distantes - Notibras","robots":{"index":"index","follow":"follow","max-snippet":"max-snippet:-1","max-image-preview":"max-image-preview:large","max-video-preview":"max-video-preview:-1"},"canonical":"https:\/\/www.notibras.com\/site\/falta-de-organizacao-e-de-planejamento-deixam-sonhos-mais-distantes\/","og_locale":"pt_BR","og_type":"article","og_title":"Falta de organiza\u00e7\u00e3o e de planejamento deixam sonhos mais distantes - Notibras","og_description":"Muitas pessoas carregam sonhos importantes por anos. Comprar uma casa, mudar de profiss\u00e3o, viajar, ter mais tranquilidade financeira. O problema raramente \u00e9 a falta de vontade. O que normalmente falta \u00e9 transformar o sonho abstrato em um plano concreto. Quando um sonho n\u00e3o \u00e9 organizado e planejado, ele permanece apenas como desejo distante. Quando ganha [&hellip;]","og_url":"https:\/\/www.notibras.com\/site\/falta-de-organizacao-e-de-planejamento-deixam-sonhos-mais-distantes\/","og_site_name":"Notibras","article_publisher":"https:\/\/www.facebook.com\/notibras\/","article_published_time":"2026-04-30T15:19:49+00:00","og_image":[{"width":696,"height":677,"url":"https:\/\/www.notibras.com\/site\/wp-content\/uploads\/2026\/04\/Anotacoes-Freepik-696x677-1.webp","type":"image\/webp"}],"author":"Reda\u00e7\u00e3o","twitter_card":"summary_large_image","twitter_creator":"@Notibras","twitter_site":"@Notibras","twitter_misc":{"Escrito por":"Reda\u00e7\u00e3o","Est. tempo de leitura":"4 minutos"},"schema":{"@context":"https:\/\/schema.org","@graph":[{"@type":"Article","@id":"https:\/\/www.notibras.com\/site\/falta-de-organizacao-e-de-planejamento-deixam-sonhos-mais-distantes\/#article","isPartOf":{"@id":"https:\/\/www.notibras.com\/site\/falta-de-organizacao-e-de-planejamento-deixam-sonhos-mais-distantes\/"},"author":{"name":"Reda\u00e7\u00e3o","@id":"https:\/\/www.notibras.com\/site\/#\/schema\/person\/36ab0979449956132d3e5b517ea76ac8"},"headline":"Falta de organiza\u00e7\u00e3o e de planejamento deixam sonhos mais distantes","datePublished":"2026-04-30T15:19:49+00:00","mainEntityOfPage":{"@id":"https:\/\/www.notibras.com\/site\/falta-de-organizacao-e-de-planejamento-deixam-sonhos-mais-distantes\/"},"wordCount":672,"publisher":{"@id":"https:\/\/www.notibras.com\/site\/#organization"},"image":{"@id":"https:\/\/www.notibras.com\/site\/falta-de-organizacao-e-de-planejamento-deixam-sonhos-mais-distantes\/#primaryimage"},"thumbnailUrl":"https:\/\/www.notibras.com\/site\/wp-content\/uploads\/2026\/04\/Anotacoes-Freepik-696x677-1.webp","articleSection":["Leitura Vip"],"inLanguage":"pt-BR"},{"@type":"WebPage","@id":"https:\/\/www.notibras.com\/site\/falta-de-organizacao-e-de-planejamento-deixam-sonhos-mais-distantes\/","url":"https:\/\/www.notibras.com\/site\/falta-de-organizacao-e-de-planejamento-deixam-sonhos-mais-distantes\/","name":"Falta de organiza\u00e7\u00e3o e de planejamento deixam sonhos mais distantes - Notibras","isPartOf":{"@id":"https:\/\/www.notibras.com\/site\/#website"},"primaryImageOfPage":{"@id":"https:\/\/www.notibras.com\/site\/falta-de-organizacao-e-de-planejamento-deixam-sonhos-mais-distantes\/#primaryimage"},"image":{"@id":"https:\/\/www.notibras.com\/site\/falta-de-organizacao-e-de-planejamento-deixam-sonhos-mais-distantes\/#primaryimage"},"thumbnailUrl":"https:\/\/www.notibras.com\/site\/wp-content\/uploads\/2026\/04\/Anotacoes-Freepik-696x677-1.webp","datePublished":"2026-04-30T15:19:49+00:00","breadcrumb":{"@id":"https:\/\/www.notibras.com\/site\/falta-de-organizacao-e-de-planejamento-deixam-sonhos-mais-distantes\/#breadcrumb"},"inLanguage":"pt-BR","potentialAction":[{"@type":"ReadAction","target":["https:\/\/www.notibras.com\/site\/falta-de-organizacao-e-de-planejamento-deixam-sonhos-mais-distantes\/"]}]},{"@type":"ImageObject","inLanguage":"pt-BR","@id":"https:\/\/www.notibras.com\/site\/falta-de-organizacao-e-de-planejamento-deixam-sonhos-mais-distantes\/#primaryimage","url":"https:\/\/www.notibras.com\/site\/wp-content\/uploads\/2026\/04\/Anotacoes-Freepik-696x677-1.webp","contentUrl":"https:\/\/www.notibras.com\/site\/wp-content\/uploads\/2026\/04\/Anotacoes-Freepik-696x677-1.webp","width":696,"height":677},{"@type":"BreadcrumbList","@id":"https:\/\/www.notibras.com\/site\/falta-de-organizacao-e-de-planejamento-deixam-sonhos-mais-distantes\/#breadcrumb","itemListElement":[{"@type":"ListItem","position":1,"name":"In\u00edcio","item":"https:\/\/www.notibras.com\/site\/"},{"@type":"ListItem","position":2,"name":"Falta de organiza\u00e7\u00e3o e de planejamento deixam sonhos mais distantes"}]},{"@type":"WebSite","@id":"https:\/\/www.notibras.com\/site\/#website","url":"https:\/\/www.notibras.com\/site\/","name":"Notibras","description":"Not\u00edcias de Bras\u00edlia, do Brasil e do Mundo","publisher":{"@id":"https:\/\/www.notibras.com\/site\/#organization"},"potentialAction":[{"@type":"SearchAction","target":{"@type":"EntryPoint","urlTemplate":"https:\/\/www.notibras.com\/site\/?s={search_term_string}"},"query-input":{"@type":"PropertyValueSpecification","valueRequired":true,"valueName":"search_term_string"}}],"inLanguage":"pt-BR"},{"@type":"Organization","@id":"https:\/\/www.notibras.com\/site\/#organization","name":"Grupo Notibras de Comunica\u00e7\u00e3o","url":"https:\/\/www.notibras.com\/site\/","logo":{"@type":"ImageObject","inLanguage":"pt-BR","@id":"https:\/\/www.notibras.com\/site\/#\/schema\/logo\/image\/","url":"https:\/\/www.notibras.com\/site\/wp-content\/uploads\/2023\/01\/notibras23.png","contentUrl":"https:\/\/www.notibras.com\/site\/wp-content\/uploads\/2023\/01\/notibras23.png","width":350,"height":87,"caption":"Grupo Notibras de Comunica\u00e7\u00e3o"},"image":{"@id":"https:\/\/www.notibras.com\/site\/#\/schema\/logo\/image\/"},"sameAs":["https:\/\/www.facebook.com\/notibras\/","https:\/\/x.com\/Notibras","https:\/\/www.instagram.com\/notibras\/"]},{"@type":"Person","@id":"https:\/\/www.notibras.com\/site\/#\/schema\/person\/36ab0979449956132d3e5b517ea76ac8","name":"Reda\u00e7\u00e3o","image":{"@type":"ImageObject","inLanguage":"pt-BR","@id":"https:\/\/secure.gravatar.com\/avatar\/e0a867bdedb85fd243eadf09663511f96fc81e0720a4a42581f334ad4303aa6b?s=96&d=mm&r=g","url":"https:\/\/secure.gravatar.com\/avatar\/e0a867bdedb85fd243eadf09663511f96fc81e0720a4a42581f334ad4303aa6b?s=96&d=mm&r=g","contentUrl":"https:\/\/secure.gravatar.com\/avatar\/e0a867bdedb85fd243eadf09663511f96fc81e0720a4a42581f334ad4303aa6b?s=96&d=mm&r=g","caption":"Reda\u00e7\u00e3o"}}]}},"amp_enabled":true,"_links":{"self":[{"href":"https:\/\/www.notibras.com\/site\/wp-json\/wp\/v2\/posts\/393124","targetHints":{"allow":["GET"]}}],"collection":[{"href":"https:\/\/www.notibras.com\/site\/wp-json\/wp\/v2\/posts"}],"about":[{"href":"https:\/\/www.notibras.com\/site\/wp-json\/wp\/v2\/types\/post"}],"author":[{"embeddable":true,"href":"https:\/\/www.notibras.com\/site\/wp-json\/wp\/v2\/users\/2"}],"replies":[{"embeddable":true,"href":"https:\/\/www.notibras.com\/site\/wp-json\/wp\/v2\/comments?post=393124"}],"version-history":[{"count":1,"href":"https:\/\/www.notibras.com\/site\/wp-json\/wp\/v2\/posts\/393124\/revisions"}],"predecessor-version":[{"id":393126,"href":"https:\/\/www.notibras.com\/site\/wp-json\/wp\/v2\/posts\/393124\/revisions\/393126"}],"wp:featuredmedia":[{"embeddable":true,"href":"https:\/\/www.notibras.com\/site\/wp-json\/wp\/v2\/media\/393125"}],"wp:attachment":[{"href":"https:\/\/www.notibras.com\/site\/wp-json\/wp\/v2\/media?parent=393124"}],"wp:term":[{"taxonomy":"category","embeddable":true,"href":"https:\/\/www.notibras.com\/site\/wp-json\/wp\/v2\/categories?post=393124"},{"taxonomy":"post_tag","embeddable":true,"href":"https:\/\/www.notibras.com\/site\/wp-json\/wp\/v2\/tags?post=393124"}],"curies":[{"name":"wp","href":"https:\/\/api.w.org\/{rel}","templated":true}]}}