{"id":393131,"date":"2026-04-30T15:33:37","date_gmt":"2026-04-30T18:33:37","guid":{"rendered":"https:\/\/www.notibras.com\/site\/?p=393131"},"modified":"2026-04-30T17:40:48","modified_gmt":"2026-04-30T20:40:48","slug":"lula-sofre-derrotas-seguidas-no-congresso","status":"publish","type":"post","link":"https:\/\/www.notibras.com\/site\/lula-sofre-derrotas-seguidas-no-congresso\/","title":{"rendered":"Lula sofre derrotas seguidas no Congresso"},"content":{"rendered":"<p>Menos de 24 horas ap\u00f3s amargar a rejei\u00e7\u00e3o de Jorge Messias para uma cadeira no Supremo Tribunal Federal, o presidente Luiz In\u00e1cio Lula da Silva voltou a ser derrotado, desta vez no Congresso Nacional (Senado e C\u00e2mara dos Deputados) com a derrubada nesta quinta, 30, do veto \u00e0 Lei da Dosimetria (318 a 144 na C\u00e2mara e 49 a 24 no Senado).<\/p>\n<p data-start=\"0\" data-end=\"470\">Partidos que ocupam minist\u00e9rios no governo <span class=\"hover:entity-accent entity-underline inline cursor-pointer align-baseline\"><span class=\"whitespace-normal\">Luiz In\u00e1cio Lula da Silva<\/span><\/span>, como o PSD, contribu\u00edram para a derrubada do veto presidencial na C\u00e2mara dos Deputados. A rejei\u00e7\u00e3o tamb\u00e9m contou com votos de parlamentares do PDT e do PSB, legendas que integram a base governista. No Senado, tanto o PSD, presidido por <span class=\"hover:entity-accent entity-underline inline cursor-pointer align-baseline\"><span class=\"whitespace-normal\">Gilberto Kassab<\/span><\/span>, quanto o MDB optaram por liberar suas bancadas, permitindo voto conforme a orienta\u00e7\u00e3o individual de cada senador.<\/p>\n<p data-start=\"472\" data-end=\"816\">O veto havia sido integralmente imposto por Lula em 8 de janeiro deste ano, durante cerim\u00f4nia no Pal\u00e1cio do Planalto em mem\u00f3ria dos tr\u00eas anos dos atos antidemocr\u00e1ticos. O texto aprovado pelo Congresso, no entanto, pode resultar na redu\u00e7\u00e3o do tempo de cumprimento de pena em regime fechado do ex-presidente <span class=\"hover:entity-accent entity-underline inline cursor-pointer align-baseline\"><span class=\"whitespace-normal\">Jair Bolsonaro<\/span><\/span>.<\/p>\n<p data-start=\"818\" data-end=\"1310\">A derrubada do veto, por outro lado, levantou preocupa\u00e7\u00f5es sobre a poss\u00edvel revoga\u00e7\u00e3o de dispositivos mais rigorosos da Lei Antifac\u00e7\u00e3o, sancionada em fevereiro, especialmente no que se refere \u00e0 progress\u00e3o de regime para crimes graves, incluindo os hediondos. Para evitar esse efeito, o presidente do Congresso Nacional, <span class=\"hover:entity-accent entity-underline inline cursor-pointer align-baseline\"><span class=\"whitespace-normal\">Davi Alcolumbre<\/span><\/span>, declarou prejudicados trechos do artigo 112 da Lei de Execu\u00e7\u00f5es Penais (LEP).<\/p>\n<p data-start=\"1312\" data-end=\"1801\">Segundo Alcolumbre, a medida buscou preservar o equil\u00edbrio entre diferentes legisla\u00e7\u00f5es em vigor. \u201cA fim de n\u00e3o frustrar a delibera\u00e7\u00e3o do Congresso Nacional no PL Antifac\u00e7\u00e3o e, ao mesmo tempo, n\u00e3o prejudicar os prop\u00f3sitos do PL da Dosimetria, analisamos ponto a ponto as altera\u00e7\u00f5es propostas por essa mat\u00e9ria\u201d, afirmou. Ele acrescentou que a derrubada integral do veto poderia anular regras recentes sobre progress\u00e3o de regime, inclusive aquelas aplic\u00e1veis a l\u00edderes de fac\u00e7\u00f5es criminosas.<\/p>\n<p data-start=\"1803\" data-end=\"2053\">A base governista criticou o que classificou como uma inova\u00e7\u00e3o regimental e tentou barrar a iniciativa, sem sucesso. A decis\u00e3o de Alcolumbre esvaziou o argumento de que a mudan\u00e7a poderia beneficiar condenados por crimes hediondos com redu\u00e7\u00e3o de pena.<\/p>\n<p data-start=\"2055\" data-end=\"2412\">No mesmo contexto pol\u00edtico, a oposi\u00e7\u00e3o celebrou a rejei\u00e7\u00e3o do nome do advogado-geral da Uni\u00e3o, <span class=\"hover:entity-accent entity-underline inline cursor-pointer align-baseline\"><span class=\"whitespace-normal\">Jorge Messias<\/span><\/span>, para uma vaga no Supremo Tribunal Federal (STF). O senador <span class=\"hover:entity-accent entity-underline inline cursor-pointer align-baseline\"><span class=\"whitespace-normal\">S\u00e9rgio Moro<\/span><\/span> (PL-PR) afirmou que a decis\u00e3o representou \u201cuma vit\u00f3ria da sociedade\u201d e criticou o padr\u00e3o das indica\u00e7\u00f5es feitas pelo Executivo.<\/p>\n<p data-start=\"2414\" data-end=\"2717\">Nos bastidores, l\u00edderes partid\u00e1rios afirmam que as duas derrotas enfrentadas pelo governo j\u00e1 eram consideradas previs\u00edveis. A indica\u00e7\u00e3o de Messias enfrentava resist\u00eancia desde o in\u00edcio, especialmente por parte de Alcolumbre, que defendia o nome do senador <span class=\"hover:entity-accent entity-underline inline cursor-pointer align-baseline\"><span class=\"whitespace-normal\">Rodrigo Pacheco<\/span><\/span> (PSB-MG).<\/p>\n<p data-start=\"2719\" data-end=\"2968\">J\u00e1 a quest\u00e3o da dosimetria teria sido parte de um acordo pol\u00edtico mais amplo, que envolveu a n\u00e3o instala\u00e7\u00e3o da Comiss\u00e3o Parlamentar de Inqu\u00e9rito (CPI) do caso Banco Master. Avalia\u00e7\u00f5es internas indicam que o governo j\u00e1 contava com a rejei\u00e7\u00e3o do veto.<\/p>\n<p data-start=\"2970\" data-end=\"3128\">Apesar disso, interlocutores do Congresso apontam para um cen\u00e1rio de tens\u00e3o entre os Poderes e um desgaste significativo na articula\u00e7\u00e3o pol\u00edtica do Executivo.<\/p>\n<p data-start=\"3130\" data-end=\"3485\">No campo jur\u00eddico, a mudan\u00e7a pode impactar diretamente a pena de Bolsonaro, condenado a 27 anos e tr\u00eas meses por tentativa de golpe. Com a nova configura\u00e7\u00e3o, a pena poderia ser reduzida para cerca de 20 anos, com diminui\u00e7\u00e3o do tempo em regime fechado para pouco mais de dois anos. Atualmente, o ex-presidente cumpre pris\u00e3o domiciliar por motivos de sa\u00fade.<\/p>\n<p data-start=\"3487\" data-end=\"3715\" data-is-last-node=\"\" data-is-only-node=\"\">A proposta aprovada pelo Congresso surgiu como alternativa \u00e0 anistia ampla defendida por aliados de Bolsonaro para os condenados pelos atos de 8 de janeiro \u2014 medida que, contudo, n\u00e3o encontrou respaldo entre partidos do Centr\u00e3o.<\/p>\n<p data-start=\"3487\" data-end=\"3715\" data-is-last-node=\"\" data-is-only-node=\"\">&#8230;&#8230;.<\/p>\n<p data-start=\"3487\" data-end=\"3715\" data-is-last-node=\"\" data-is-only-node=\"\"><strong>Marta Nobre \u00e9 Editora Executiva de Notibras<\/strong><\/p>\n<p data-start=\"3487\" data-end=\"3715\" data-is-last-node=\"\" data-is-only-node=\"\">&#8230;&#8230;..<\/p>\n<p data-start=\"3487\" data-end=\"3715\" data-is-last-node=\"\" data-is-only-node=\"\"><em>Mat\u00e9ria alterada \u00e0s 15h49 para acr\u00e9scimo de informa\u00e7\u00f5es.<\/em><\/p>\n","protected":false},"excerpt":{"rendered":"<p>Menos de 24 horas ap\u00f3s amargar a rejei\u00e7\u00e3o de Jorge Messias para uma cadeira no Supremo Tribunal Federal, o presidente Luiz In\u00e1cio Lula da Silva voltou a ser derrotado, desta vez no Congresso Nacional (Senado e C\u00e2mara dos Deputados) com a derrubada nesta quinta, 30, do veto \u00e0 Lei da Dosimetria (318 a 144 na [&hellip;]<\/p>\n","protected":false},"author":2,"featured_media":393132,"comment_status":"closed","ping_status":"closed","sticky":false,"template":"","format":"standard","meta":{"_acf_changed":false,"footnotes":""},"categories":[16],"tags":[95],"class_list":["post-393131","post","type-post","status-publish","format-standard","has-post-thumbnail","hentry","category-brasil","tag-capa"],"acf":[],"yoast_head":"<!-- This site is optimized with the Yoast SEO plugin v27.2 - https:\/\/yoast.com\/product\/yoast-seo-wordpress\/ -->\n<title>Lula sofre derrotas seguidas no Congresso - Notibras<\/title>\n<meta name=\"robots\" content=\"index, follow, max-snippet:-1, max-image-preview:large, max-video-preview:-1\" \/>\n<link rel=\"canonical\" href=\"https:\/\/www.notibras.com\/site\/lula-sofre-derrotas-seguidas-no-congresso\/\" \/>\n<meta property=\"og:locale\" content=\"pt_BR\" \/>\n<meta property=\"og:type\" content=\"article\" \/>\n<meta property=\"og:title\" content=\"Lula sofre derrotas seguidas no Congresso - Notibras\" \/>\n<meta property=\"og:description\" content=\"Menos de 24 horas ap\u00f3s amargar a rejei\u00e7\u00e3o de Jorge Messias para uma cadeira no Supremo Tribunal Federal, o presidente Luiz In\u00e1cio Lula da Silva voltou a ser derrotado, desta vez no Congresso Nacional (Senado e C\u00e2mara dos Deputados) com a derrubada nesta quinta, 30, do veto \u00e0 Lei da Dosimetria (318 a 144 na [&hellip;]\" \/>\n<meta property=\"og:url\" content=\"https:\/\/www.notibras.com\/site\/lula-sofre-derrotas-seguidas-no-congresso\/\" \/>\n<meta property=\"og:site_name\" content=\"Notibras\" \/>\n<meta property=\"article:publisher\" content=\"https:\/\/www.facebook.com\/notibras\/\" \/>\n<meta property=\"article:published_time\" content=\"2026-04-30T18:33:37+00:00\" \/>\n<meta property=\"article:modified_time\" content=\"2026-04-30T20:40:48+00:00\" \/>\n<meta property=\"og:image\" content=\"https:\/\/www.notibras.com\/site\/wp-content\/uploads\/2026\/04\/0d9a4892.webp\" \/>\n\t<meta property=\"og:image:width\" content=\"1170\" \/>\n\t<meta property=\"og:image:height\" content=\"700\" \/>\n\t<meta property=\"og:image:type\" content=\"image\/webp\" \/>\n<meta name=\"author\" content=\"Reda\u00e7\u00e3o\" \/>\n<meta name=\"twitter:card\" content=\"summary_large_image\" \/>\n<meta name=\"twitter:creator\" content=\"@Notibras\" \/>\n<meta name=\"twitter:site\" content=\"@Notibras\" \/>\n<meta name=\"twitter:label1\" content=\"Escrito por\" \/>\n\t<meta name=\"twitter:data1\" content=\"Reda\u00e7\u00e3o\" \/>\n\t<meta name=\"twitter:label2\" content=\"Est. tempo de leitura\" \/>\n\t<meta name=\"twitter:data2\" content=\"4 minutos\" \/>\n<script type=\"application\/ld+json\" class=\"yoast-schema-graph\">{\"@context\":\"https:\/\/schema.org\",\"@graph\":[{\"@type\":\"Article\",\"@id\":\"https:\/\/www.notibras.com\/site\/lula-sofre-derrotas-seguidas-no-congresso\/#article\",\"isPartOf\":{\"@id\":\"https:\/\/www.notibras.com\/site\/lula-sofre-derrotas-seguidas-no-congresso\/\"},\"author\":{\"name\":\"Reda\u00e7\u00e3o\",\"@id\":\"https:\/\/www.notibras.com\/site\/#\/schema\/person\/36ab0979449956132d3e5b517ea76ac8\"},\"headline\":\"Lula sofre derrotas seguidas no Congresso\",\"datePublished\":\"2026-04-30T18:33:37+00:00\",\"dateModified\":\"2026-04-30T20:40:48+00:00\",\"mainEntityOfPage\":{\"@id\":\"https:\/\/www.notibras.com\/site\/lula-sofre-derrotas-seguidas-no-congresso\/\"},\"wordCount\":690,\"publisher\":{\"@id\":\"https:\/\/www.notibras.com\/site\/#organization\"},\"image\":{\"@id\":\"https:\/\/www.notibras.com\/site\/lula-sofre-derrotas-seguidas-no-congresso\/#primaryimage\"},\"thumbnailUrl\":\"https:\/\/www.notibras.com\/site\/wp-content\/uploads\/2026\/04\/0d9a4892.webp\",\"keywords\":[\"capa\"],\"articleSection\":[\"Brasil\"],\"inLanguage\":\"pt-BR\"},{\"@type\":\"WebPage\",\"@id\":\"https:\/\/www.notibras.com\/site\/lula-sofre-derrotas-seguidas-no-congresso\/\",\"url\":\"https:\/\/www.notibras.com\/site\/lula-sofre-derrotas-seguidas-no-congresso\/\",\"name\":\"Lula sofre derrotas seguidas no Congresso - Notibras\",\"isPartOf\":{\"@id\":\"https:\/\/www.notibras.com\/site\/#website\"},\"primaryImageOfPage\":{\"@id\":\"https:\/\/www.notibras.com\/site\/lula-sofre-derrotas-seguidas-no-congresso\/#primaryimage\"},\"image\":{\"@id\":\"https:\/\/www.notibras.com\/site\/lula-sofre-derrotas-seguidas-no-congresso\/#primaryimage\"},\"thumbnailUrl\":\"https:\/\/www.notibras.com\/site\/wp-content\/uploads\/2026\/04\/0d9a4892.webp\",\"datePublished\":\"2026-04-30T18:33:37+00:00\",\"dateModified\":\"2026-04-30T20:40:48+00:00\",\"breadcrumb\":{\"@id\":\"https:\/\/www.notibras.com\/site\/lula-sofre-derrotas-seguidas-no-congresso\/#breadcrumb\"},\"inLanguage\":\"pt-BR\",\"potentialAction\":[{\"@type\":\"ReadAction\",\"target\":[\"https:\/\/www.notibras.com\/site\/lula-sofre-derrotas-seguidas-no-congresso\/\"]}]},{\"@type\":\"ImageObject\",\"inLanguage\":\"pt-BR\",\"@id\":\"https:\/\/www.notibras.com\/site\/lula-sofre-derrotas-seguidas-no-congresso\/#primaryimage\",\"url\":\"https:\/\/www.notibras.com\/site\/wp-content\/uploads\/2026\/04\/0d9a4892.webp\",\"contentUrl\":\"https:\/\/www.notibras.com\/site\/wp-content\/uploads\/2026\/04\/0d9a4892.webp\",\"width\":1170,\"height\":700},{\"@type\":\"BreadcrumbList\",\"@id\":\"https:\/\/www.notibras.com\/site\/lula-sofre-derrotas-seguidas-no-congresso\/#breadcrumb\",\"itemListElement\":[{\"@type\":\"ListItem\",\"position\":1,\"name\":\"In\u00edcio\",\"item\":\"https:\/\/www.notibras.com\/site\/\"},{\"@type\":\"ListItem\",\"position\":2,\"name\":\"Lula sofre derrotas seguidas no Congresso\"}]},{\"@type\":\"WebSite\",\"@id\":\"https:\/\/www.notibras.com\/site\/#website\",\"url\":\"https:\/\/www.notibras.com\/site\/\",\"name\":\"Notibras\",\"description\":\"Not\u00edcias de Bras\u00edlia, do Brasil e do Mundo\",\"publisher\":{\"@id\":\"https:\/\/www.notibras.com\/site\/#organization\"},\"potentialAction\":[{\"@type\":\"SearchAction\",\"target\":{\"@type\":\"EntryPoint\",\"urlTemplate\":\"https:\/\/www.notibras.com\/site\/?s={search_term_string}\"},\"query-input\":{\"@type\":\"PropertyValueSpecification\",\"valueRequired\":true,\"valueName\":\"search_term_string\"}}],\"inLanguage\":\"pt-BR\"},{\"@type\":\"Organization\",\"@id\":\"https:\/\/www.notibras.com\/site\/#organization\",\"name\":\"Grupo Notibras de Comunica\u00e7\u00e3o\",\"url\":\"https:\/\/www.notibras.com\/site\/\",\"logo\":{\"@type\":\"ImageObject\",\"inLanguage\":\"pt-BR\",\"@id\":\"https:\/\/www.notibras.com\/site\/#\/schema\/logo\/image\/\",\"url\":\"https:\/\/www.notibras.com\/site\/wp-content\/uploads\/2023\/01\/notibras23.png\",\"contentUrl\":\"https:\/\/www.notibras.com\/site\/wp-content\/uploads\/2023\/01\/notibras23.png\",\"width\":350,\"height\":87,\"caption\":\"Grupo Notibras de Comunica\u00e7\u00e3o\"},\"image\":{\"@id\":\"https:\/\/www.notibras.com\/site\/#\/schema\/logo\/image\/\"},\"sameAs\":[\"https:\/\/www.facebook.com\/notibras\/\",\"https:\/\/x.com\/Notibras\",\"https:\/\/www.instagram.com\/notibras\/\"]},{\"@type\":\"Person\",\"@id\":\"https:\/\/www.notibras.com\/site\/#\/schema\/person\/36ab0979449956132d3e5b517ea76ac8\",\"name\":\"Reda\u00e7\u00e3o\",\"image\":{\"@type\":\"ImageObject\",\"inLanguage\":\"pt-BR\",\"@id\":\"https:\/\/secure.gravatar.com\/avatar\/e0a867bdedb85fd243eadf09663511f96fc81e0720a4a42581f334ad4303aa6b?s=96&d=mm&r=g\",\"url\":\"https:\/\/secure.gravatar.com\/avatar\/e0a867bdedb85fd243eadf09663511f96fc81e0720a4a42581f334ad4303aa6b?s=96&d=mm&r=g\",\"contentUrl\":\"https:\/\/secure.gravatar.com\/avatar\/e0a867bdedb85fd243eadf09663511f96fc81e0720a4a42581f334ad4303aa6b?s=96&d=mm&r=g\",\"caption\":\"Reda\u00e7\u00e3o\"}}]}<\/script>\n<!-- \/ Yoast SEO plugin. -->","yoast_head_json":{"title":"Lula sofre derrotas seguidas no Congresso - Notibras","robots":{"index":"index","follow":"follow","max-snippet":"max-snippet:-1","max-image-preview":"max-image-preview:large","max-video-preview":"max-video-preview:-1"},"canonical":"https:\/\/www.notibras.com\/site\/lula-sofre-derrotas-seguidas-no-congresso\/","og_locale":"pt_BR","og_type":"article","og_title":"Lula sofre derrotas seguidas no Congresso - Notibras","og_description":"Menos de 24 horas ap\u00f3s amargar a rejei\u00e7\u00e3o de Jorge Messias para uma cadeira no Supremo Tribunal Federal, o presidente Luiz In\u00e1cio Lula da Silva voltou a ser derrotado, desta vez no Congresso Nacional (Senado e C\u00e2mara dos Deputados) com a derrubada nesta quinta, 30, do veto \u00e0 Lei da Dosimetria (318 a 144 na [&hellip;]","og_url":"https:\/\/www.notibras.com\/site\/lula-sofre-derrotas-seguidas-no-congresso\/","og_site_name":"Notibras","article_publisher":"https:\/\/www.facebook.com\/notibras\/","article_published_time":"2026-04-30T18:33:37+00:00","article_modified_time":"2026-04-30T20:40:48+00:00","og_image":[{"width":1170,"height":700,"url":"https:\/\/www.notibras.com\/site\/wp-content\/uploads\/2026\/04\/0d9a4892.webp","type":"image\/webp"}],"author":"Reda\u00e7\u00e3o","twitter_card":"summary_large_image","twitter_creator":"@Notibras","twitter_site":"@Notibras","twitter_misc":{"Escrito por":"Reda\u00e7\u00e3o","Est. tempo de leitura":"4 minutos"},"schema":{"@context":"https:\/\/schema.org","@graph":[{"@type":"Article","@id":"https:\/\/www.notibras.com\/site\/lula-sofre-derrotas-seguidas-no-congresso\/#article","isPartOf":{"@id":"https:\/\/www.notibras.com\/site\/lula-sofre-derrotas-seguidas-no-congresso\/"},"author":{"name":"Reda\u00e7\u00e3o","@id":"https:\/\/www.notibras.com\/site\/#\/schema\/person\/36ab0979449956132d3e5b517ea76ac8"},"headline":"Lula sofre derrotas seguidas no Congresso","datePublished":"2026-04-30T18:33:37+00:00","dateModified":"2026-04-30T20:40:48+00:00","mainEntityOfPage":{"@id":"https:\/\/www.notibras.com\/site\/lula-sofre-derrotas-seguidas-no-congresso\/"},"wordCount":690,"publisher":{"@id":"https:\/\/www.notibras.com\/site\/#organization"},"image":{"@id":"https:\/\/www.notibras.com\/site\/lula-sofre-derrotas-seguidas-no-congresso\/#primaryimage"},"thumbnailUrl":"https:\/\/www.notibras.com\/site\/wp-content\/uploads\/2026\/04\/0d9a4892.webp","keywords":["capa"],"articleSection":["Brasil"],"inLanguage":"pt-BR"},{"@type":"WebPage","@id":"https:\/\/www.notibras.com\/site\/lula-sofre-derrotas-seguidas-no-congresso\/","url":"https:\/\/www.notibras.com\/site\/lula-sofre-derrotas-seguidas-no-congresso\/","name":"Lula sofre derrotas seguidas no Congresso - Notibras","isPartOf":{"@id":"https:\/\/www.notibras.com\/site\/#website"},"primaryImageOfPage":{"@id":"https:\/\/www.notibras.com\/site\/lula-sofre-derrotas-seguidas-no-congresso\/#primaryimage"},"image":{"@id":"https:\/\/www.notibras.com\/site\/lula-sofre-derrotas-seguidas-no-congresso\/#primaryimage"},"thumbnailUrl":"https:\/\/www.notibras.com\/site\/wp-content\/uploads\/2026\/04\/0d9a4892.webp","datePublished":"2026-04-30T18:33:37+00:00","dateModified":"2026-04-30T20:40:48+00:00","breadcrumb":{"@id":"https:\/\/www.notibras.com\/site\/lula-sofre-derrotas-seguidas-no-congresso\/#breadcrumb"},"inLanguage":"pt-BR","potentialAction":[{"@type":"ReadAction","target":["https:\/\/www.notibras.com\/site\/lula-sofre-derrotas-seguidas-no-congresso\/"]}]},{"@type":"ImageObject","inLanguage":"pt-BR","@id":"https:\/\/www.notibras.com\/site\/lula-sofre-derrotas-seguidas-no-congresso\/#primaryimage","url":"https:\/\/www.notibras.com\/site\/wp-content\/uploads\/2026\/04\/0d9a4892.webp","contentUrl":"https:\/\/www.notibras.com\/site\/wp-content\/uploads\/2026\/04\/0d9a4892.webp","width":1170,"height":700},{"@type":"BreadcrumbList","@id":"https:\/\/www.notibras.com\/site\/lula-sofre-derrotas-seguidas-no-congresso\/#breadcrumb","itemListElement":[{"@type":"ListItem","position":1,"name":"In\u00edcio","item":"https:\/\/www.notibras.com\/site\/"},{"@type":"ListItem","position":2,"name":"Lula sofre derrotas seguidas no Congresso"}]},{"@type":"WebSite","@id":"https:\/\/www.notibras.com\/site\/#website","url":"https:\/\/www.notibras.com\/site\/","name":"Notibras","description":"Not\u00edcias de Bras\u00edlia, do Brasil e do Mundo","publisher":{"@id":"https:\/\/www.notibras.com\/site\/#organization"},"potentialAction":[{"@type":"SearchAction","target":{"@type":"EntryPoint","urlTemplate":"https:\/\/www.notibras.com\/site\/?s={search_term_string}"},"query-input":{"@type":"PropertyValueSpecification","valueRequired":true,"valueName":"search_term_string"}}],"inLanguage":"pt-BR"},{"@type":"Organization","@id":"https:\/\/www.notibras.com\/site\/#organization","name":"Grupo Notibras de Comunica\u00e7\u00e3o","url":"https:\/\/www.notibras.com\/site\/","logo":{"@type":"ImageObject","inLanguage":"pt-BR","@id":"https:\/\/www.notibras.com\/site\/#\/schema\/logo\/image\/","url":"https:\/\/www.notibras.com\/site\/wp-content\/uploads\/2023\/01\/notibras23.png","contentUrl":"https:\/\/www.notibras.com\/site\/wp-content\/uploads\/2023\/01\/notibras23.png","width":350,"height":87,"caption":"Grupo Notibras de Comunica\u00e7\u00e3o"},"image":{"@id":"https:\/\/www.notibras.com\/site\/#\/schema\/logo\/image\/"},"sameAs":["https:\/\/www.facebook.com\/notibras\/","https:\/\/x.com\/Notibras","https:\/\/www.instagram.com\/notibras\/"]},{"@type":"Person","@id":"https:\/\/www.notibras.com\/site\/#\/schema\/person\/36ab0979449956132d3e5b517ea76ac8","name":"Reda\u00e7\u00e3o","image":{"@type":"ImageObject","inLanguage":"pt-BR","@id":"https:\/\/secure.gravatar.com\/avatar\/e0a867bdedb85fd243eadf09663511f96fc81e0720a4a42581f334ad4303aa6b?s=96&d=mm&r=g","url":"https:\/\/secure.gravatar.com\/avatar\/e0a867bdedb85fd243eadf09663511f96fc81e0720a4a42581f334ad4303aa6b?s=96&d=mm&r=g","contentUrl":"https:\/\/secure.gravatar.com\/avatar\/e0a867bdedb85fd243eadf09663511f96fc81e0720a4a42581f334ad4303aa6b?s=96&d=mm&r=g","caption":"Reda\u00e7\u00e3o"}}]}},"amp_enabled":true,"_links":{"self":[{"href":"https:\/\/www.notibras.com\/site\/wp-json\/wp\/v2\/posts\/393131","targetHints":{"allow":["GET"]}}],"collection":[{"href":"https:\/\/www.notibras.com\/site\/wp-json\/wp\/v2\/posts"}],"about":[{"href":"https:\/\/www.notibras.com\/site\/wp-json\/wp\/v2\/types\/post"}],"author":[{"embeddable":true,"href":"https:\/\/www.notibras.com\/site\/wp-json\/wp\/v2\/users\/2"}],"replies":[{"embeddable":true,"href":"https:\/\/www.notibras.com\/site\/wp-json\/wp\/v2\/comments?post=393131"}],"version-history":[{"count":6,"href":"https:\/\/www.notibras.com\/site\/wp-json\/wp\/v2\/posts\/393131\/revisions"}],"predecessor-version":[{"id":393138,"href":"https:\/\/www.notibras.com\/site\/wp-json\/wp\/v2\/posts\/393131\/revisions\/393138"}],"wp:featuredmedia":[{"embeddable":true,"href":"https:\/\/www.notibras.com\/site\/wp-json\/wp\/v2\/media\/393132"}],"wp:attachment":[{"href":"https:\/\/www.notibras.com\/site\/wp-json\/wp\/v2\/media?parent=393131"}],"wp:term":[{"taxonomy":"category","embeddable":true,"href":"https:\/\/www.notibras.com\/site\/wp-json\/wp\/v2\/categories?post=393131"},{"taxonomy":"post_tag","embeddable":true,"href":"https:\/\/www.notibras.com\/site\/wp-json\/wp\/v2\/tags?post=393131"}],"curies":[{"name":"wp","href":"https:\/\/api.w.org\/{rel}","templated":true}]}}