{"id":393141,"date":"2026-05-01T01:15:45","date_gmt":"2026-05-01T04:15:45","guid":{"rendered":"https:\/\/www.notibras.com\/site\/?p=393141"},"modified":"2026-04-30T18:51:11","modified_gmt":"2026-04-30T21:51:11","slug":"ex-diretor-da-papuda-vira-reu-apos-mp-rever-arquivamento","status":"publish","type":"post","link":"https:\/\/www.notibras.com\/site\/ex-diretor-da-papuda-vira-reu-apos-mp-rever-arquivamento\/","title":{"rendered":"Ex-diretor da Papuda vira r\u00e9u ap\u00f3s MP rever arquivamento"},"content":{"rendered":"<p>O Tribunal de Justi\u00e7a do Distrito Federal aceitou den\u00fancia contra o ex-diretor da Penitenci\u00e1ria do Distrito Federal I (Papuda), Mayk Steve Richter Nobre, que agora figura como r\u00e9u em processo por ass\u00e9dio sexual e constrangimento ilegal. A decis\u00e3o ocorre ap\u00f3s uma reviravolta no Minist\u00e9rio P\u00fablico do Distrito Federal (MPDFT), que chegou a pedir o arquivamento do caso em janeiro de 2026.<\/p>\n<p>Inicialmente, a promotoria respons\u00e1vel pelo caso entendeu que n\u00e3o havia provas de coa\u00e7\u00e3o, justificando que existia uma &#8220;rela\u00e7\u00e3o cordial&#8221; e &#8220;informalidade rec\u00edproca&#8221; entre o ent\u00e3o diretor e a policial penal subordinada. No entanto, ap\u00f3s recurso da v\u00edtima, a C\u00e2mara de Coordena\u00e7\u00e3o e Revis\u00e3o do MP reverteu o entendimento, apontando que a cordialidade em ambiente hier\u00e1rquico n\u00e3o anula o ass\u00e9dio e criticando o que chamou de &#8220;machismo estrutural&#8221; na an\u00e1lise inicial.<\/p>\n<p><strong>Relatos de investidas e intimida\u00e7\u00e3o<\/strong><\/p>\n<p>De acordo com os autos do processo, que tramita em sigilo, as condutas teriam ocorrido entre junho e dezembro de 2025. A den\u00fancia detalha que Nobre teria se valido de sua posi\u00e7\u00e3o de superioridade para massagear os ombros da v\u00edtima sem consentimento e, posteriormente, solicitar fotos \u00edntimas via mensagens.<\/p>\n<p>Em trechos das conversas anexadas, o acusado teria pedido fotos da servidora ap\u00f3s o banho para &#8220;ajudar numa coisinha aqui&#8221;. Mesmo diante de negativas expl\u00edcitas \u2014 com frases como &#8220;Para com isso&#8221; e &#8220;Pelo amor de Deus, homem&#8221; \u2014, as investidas teriam continuado. Em depoimento \u00e0 pol\u00edcia, o ex-diretor chegou a admitir o teor das conversas e o pedido das imagens.<\/p>\n<p style=\"text-align: center;\"><img loading=\"lazy\" decoding=\"async\" class=\"alignnone wp-image-393142\" src=\"https:\/\/www.notibras.com\/site\/wp-content\/uploads\/2026\/04\/1e20c213-0604-403b-bb00-b22405e3688c-300x169.jpg\" alt=\"\" width=\"694\" height=\"391\" srcset=\"https:\/\/www.notibras.com\/site\/wp-content\/uploads\/2026\/04\/1e20c213-0604-403b-bb00-b22405e3688c-300x169.jpg 300w, https:\/\/www.notibras.com\/site\/wp-content\/uploads\/2026\/04\/1e20c213-0604-403b-bb00-b22405e3688c-768x432.jpg 768w, https:\/\/www.notibras.com\/site\/wp-content\/uploads\/2026\/04\/1e20c213-0604-403b-bb00-b22405e3688c.jpg 1024w\" sizes=\"auto, (max-width: 694px) 100vw, 694px\" \/><\/p>\n<p><strong>Ass\u00e9dio moral e persegui\u00e7\u00e3o<\/strong><\/p>\n<p>A acusa\u00e7\u00e3o aponta que, ap\u00f3s as sucessivas rejei\u00e7\u00f5es da servidora, o comportamento de Mayk Nobre evoluiu para o ass\u00e9dio moral. O ex-diretor \u00e9 acusado de:<\/p>\n<p>\u2022 Promover humilha\u00e7\u00f5es p\u00fablicas e gritos no ambiente de trabalho;<br \/>\n\u2022 Criar obst\u00e1culos administrativos para dificultar plant\u00f5es e folgas da v\u00edtima;<br \/>\n\u2022 Gerar um ambiente de persegui\u00e7\u00e3o que afetou a sa\u00fade emocional da policial.<\/p>\n<p>A situa\u00e7\u00e3o teria provocado, inclusive, boatos no pres\u00eddio de que a servidora seria &#8220;amante&#8221; do diretor, prejudicando sua reputa\u00e7\u00e3o profissional entre os colegas.<\/p>\n<p><strong>Cr\u00edticas ao arquivamento inicial<\/strong><\/p>\n<p>A C\u00e2mara de Revis\u00e3o do MP foi enf\u00e1tica ao discordar do primeiro promotor do caso. O colegiado afirmou que o entendimento anterior foi &#8220;visivelmente equivocado&#8221; ao sugerir que v\u00ednculos sociais gerariam d\u00favida sobre o crime.<\/p>\n<p>&#8220;O mais deprimente \u00e9 que o machismo estrutural reina em todos os setores da sociedade, inclusive no Judici\u00e1rio e no Minist\u00e9rio P\u00fablico&#8221;, destacou o documento da inst\u00e2ncia revisora.<\/p>\n<p>Com a nova interpreta\u00e7\u00e3o, o MP solicitou, al\u00e9m da condena\u00e7\u00e3o criminal, uma indeniza\u00e7\u00e3o m\u00ednima de R$ 50 mil por danos morais \u00e0 v\u00edtima.<\/p>\n<p><strong>Posicionamentos<\/strong><\/p>\n<p>A Secretaria de Administra\u00e7\u00e3o Penitenci\u00e1ria (Seape) informou que afastou o servidor preventivamente assim que tomou conhecimento da ocorr\u00eancia, em dezembro do ano passado, e instaurou um procedimento administrativo sigiloso para apurar os fatos.<\/p>\n<p>A defesa de Mayk Steve Richter Nobre nega as acusa\u00e7\u00f5es. Em nota, os advogados afirmaram que as informa\u00e7\u00f5es divulgadas n\u00e3o refletem a realidade e que, ao longo do processo, a inoc\u00eancia do ex-diretor ser\u00e1 reconhecida pela Justi\u00e7a.<\/p>\n","protected":false},"excerpt":{"rendered":"<p>O Tribunal de Justi\u00e7a do Distrito Federal aceitou den\u00fancia contra o ex-diretor da Penitenci\u00e1ria do Distrito Federal I (Papuda), Mayk Steve Richter Nobre, que agora figura como r\u00e9u em processo por ass\u00e9dio sexual e constrangimento ilegal. A decis\u00e3o ocorre ap\u00f3s uma reviravolta no Minist\u00e9rio P\u00fablico do Distrito Federal (MPDFT), que chegou a pedir o arquivamento [&hellip;]<\/p>\n","protected":false},"author":21,"featured_media":392974,"comment_status":"closed","ping_status":"closed","sticky":false,"template":"","format":"standard","meta":{"_acf_changed":false,"footnotes":""},"categories":[161],"tags":[],"class_list":["post-393141","post","type-post","status-publish","format-standard","has-post-thumbnail","hentry","category-quadradinho-em-foco"],"acf":[],"yoast_head":"<!-- This site is optimized with the Yoast SEO plugin v27.2 - https:\/\/yoast.com\/product\/yoast-seo-wordpress\/ -->\n<title>Ex-diretor da Papuda vira r\u00e9u ap\u00f3s MP rever arquivamento - Notibras<\/title>\n<meta name=\"robots\" content=\"index, follow, max-snippet:-1, max-image-preview:large, max-video-preview:-1\" \/>\n<link rel=\"canonical\" href=\"https:\/\/www.notibras.com\/site\/ex-diretor-da-papuda-vira-reu-apos-mp-rever-arquivamento\/\" \/>\n<meta property=\"og:locale\" content=\"pt_BR\" \/>\n<meta property=\"og:type\" content=\"article\" \/>\n<meta property=\"og:title\" content=\"Ex-diretor da Papuda vira r\u00e9u ap\u00f3s MP rever arquivamento - Notibras\" \/>\n<meta property=\"og:description\" content=\"O Tribunal de Justi\u00e7a do Distrito Federal aceitou den\u00fancia contra o ex-diretor da Penitenci\u00e1ria do Distrito Federal I (Papuda), Mayk Steve Richter Nobre, que agora figura como r\u00e9u em processo por ass\u00e9dio sexual e constrangimento ilegal. A decis\u00e3o ocorre ap\u00f3s uma reviravolta no Minist\u00e9rio P\u00fablico do Distrito Federal (MPDFT), que chegou a pedir o arquivamento [&hellip;]\" \/>\n<meta property=\"og:url\" content=\"https:\/\/www.notibras.com\/site\/ex-diretor-da-papuda-vira-reu-apos-mp-rever-arquivamento\/\" \/>\n<meta property=\"og:site_name\" content=\"Notibras\" \/>\n<meta property=\"article:publisher\" content=\"https:\/\/www.facebook.com\/notibras\/\" \/>\n<meta property=\"article:published_time\" content=\"2026-05-01T04:15:45+00:00\" \/>\n<meta property=\"og:image\" content=\"https:\/\/www.notibras.com\/site\/wp-content\/uploads\/2026\/04\/WhatsApp-Image-2026-04-29-at-13.36.47.jpeg\" \/>\n\t<meta property=\"og:image:width\" content=\"578\" \/>\n\t<meta property=\"og:image:height\" content=\"516\" \/>\n\t<meta property=\"og:image:type\" content=\"image\/jpeg\" \/>\n<meta name=\"author\" content=\"Eduardo Mart\u00ednez\" \/>\n<meta name=\"twitter:card\" content=\"summary_large_image\" \/>\n<meta name=\"twitter:creator\" content=\"@Notibras\" \/>\n<meta name=\"twitter:site\" content=\"@Notibras\" \/>\n<meta name=\"twitter:label1\" content=\"Escrito por\" \/>\n\t<meta name=\"twitter:data1\" content=\"Eduardo Mart\u00ednez\" \/>\n\t<meta name=\"twitter:label2\" content=\"Est. tempo de leitura\" \/>\n\t<meta name=\"twitter:data2\" content=\"4 minutos\" \/>\n<script type=\"application\/ld+json\" class=\"yoast-schema-graph\">{\"@context\":\"https:\/\/schema.org\",\"@graph\":[{\"@type\":\"Article\",\"@id\":\"https:\/\/www.notibras.com\/site\/ex-diretor-da-papuda-vira-reu-apos-mp-rever-arquivamento\/#article\",\"isPartOf\":{\"@id\":\"https:\/\/www.notibras.com\/site\/ex-diretor-da-papuda-vira-reu-apos-mp-rever-arquivamento\/\"},\"author\":{\"name\":\"Eduardo Mart\u00ednez\",\"@id\":\"https:\/\/www.notibras.com\/site\/#\/schema\/person\/5b7fabf2aedc3ada2105f03b22b4d3dd\"},\"headline\":\"Ex-diretor da Papuda vira r\u00e9u ap\u00f3s MP rever arquivamento\",\"datePublished\":\"2026-05-01T04:15:45+00:00\",\"mainEntityOfPage\":{\"@id\":\"https:\/\/www.notibras.com\/site\/ex-diretor-da-papuda-vira-reu-apos-mp-rever-arquivamento\/\"},\"wordCount\":563,\"publisher\":{\"@id\":\"https:\/\/www.notibras.com\/site\/#organization\"},\"image\":{\"@id\":\"https:\/\/www.notibras.com\/site\/ex-diretor-da-papuda-vira-reu-apos-mp-rever-arquivamento\/#primaryimage\"},\"thumbnailUrl\":\"https:\/\/www.notibras.com\/site\/wp-content\/uploads\/2026\/04\/WhatsApp-Image-2026-04-29-at-13.36.47.jpeg\",\"articleSection\":[\"Quadradinho em Foco\"],\"inLanguage\":\"pt-BR\"},{\"@type\":\"WebPage\",\"@id\":\"https:\/\/www.notibras.com\/site\/ex-diretor-da-papuda-vira-reu-apos-mp-rever-arquivamento\/\",\"url\":\"https:\/\/www.notibras.com\/site\/ex-diretor-da-papuda-vira-reu-apos-mp-rever-arquivamento\/\",\"name\":\"Ex-diretor da Papuda vira r\u00e9u ap\u00f3s MP rever arquivamento - Notibras\",\"isPartOf\":{\"@id\":\"https:\/\/www.notibras.com\/site\/#website\"},\"primaryImageOfPage\":{\"@id\":\"https:\/\/www.notibras.com\/site\/ex-diretor-da-papuda-vira-reu-apos-mp-rever-arquivamento\/#primaryimage\"},\"image\":{\"@id\":\"https:\/\/www.notibras.com\/site\/ex-diretor-da-papuda-vira-reu-apos-mp-rever-arquivamento\/#primaryimage\"},\"thumbnailUrl\":\"https:\/\/www.notibras.com\/site\/wp-content\/uploads\/2026\/04\/WhatsApp-Image-2026-04-29-at-13.36.47.jpeg\",\"datePublished\":\"2026-05-01T04:15:45+00:00\",\"breadcrumb\":{\"@id\":\"https:\/\/www.notibras.com\/site\/ex-diretor-da-papuda-vira-reu-apos-mp-rever-arquivamento\/#breadcrumb\"},\"inLanguage\":\"pt-BR\",\"potentialAction\":[{\"@type\":\"ReadAction\",\"target\":[\"https:\/\/www.notibras.com\/site\/ex-diretor-da-papuda-vira-reu-apos-mp-rever-arquivamento\/\"]}]},{\"@type\":\"ImageObject\",\"inLanguage\":\"pt-BR\",\"@id\":\"https:\/\/www.notibras.com\/site\/ex-diretor-da-papuda-vira-reu-apos-mp-rever-arquivamento\/#primaryimage\",\"url\":\"https:\/\/www.notibras.com\/site\/wp-content\/uploads\/2026\/04\/WhatsApp-Image-2026-04-29-at-13.36.47.jpeg\",\"contentUrl\":\"https:\/\/www.notibras.com\/site\/wp-content\/uploads\/2026\/04\/WhatsApp-Image-2026-04-29-at-13.36.47.jpeg\",\"width\":578,\"height\":516},{\"@type\":\"BreadcrumbList\",\"@id\":\"https:\/\/www.notibras.com\/site\/ex-diretor-da-papuda-vira-reu-apos-mp-rever-arquivamento\/#breadcrumb\",\"itemListElement\":[{\"@type\":\"ListItem\",\"position\":1,\"name\":\"In\u00edcio\",\"item\":\"https:\/\/www.notibras.com\/site\/\"},{\"@type\":\"ListItem\",\"position\":2,\"name\":\"Ex-diretor da Papuda vira r\u00e9u ap\u00f3s MP rever arquivamento\"}]},{\"@type\":\"WebSite\",\"@id\":\"https:\/\/www.notibras.com\/site\/#website\",\"url\":\"https:\/\/www.notibras.com\/site\/\",\"name\":\"Notibras\",\"description\":\"Not\u00edcias de Bras\u00edlia, do Brasil e do Mundo\",\"publisher\":{\"@id\":\"https:\/\/www.notibras.com\/site\/#organization\"},\"potentialAction\":[{\"@type\":\"SearchAction\",\"target\":{\"@type\":\"EntryPoint\",\"urlTemplate\":\"https:\/\/www.notibras.com\/site\/?s={search_term_string}\"},\"query-input\":{\"@type\":\"PropertyValueSpecification\",\"valueRequired\":true,\"valueName\":\"search_term_string\"}}],\"inLanguage\":\"pt-BR\"},{\"@type\":\"Organization\",\"@id\":\"https:\/\/www.notibras.com\/site\/#organization\",\"name\":\"Grupo Notibras de Comunica\u00e7\u00e3o\",\"url\":\"https:\/\/www.notibras.com\/site\/\",\"logo\":{\"@type\":\"ImageObject\",\"inLanguage\":\"pt-BR\",\"@id\":\"https:\/\/www.notibras.com\/site\/#\/schema\/logo\/image\/\",\"url\":\"https:\/\/www.notibras.com\/site\/wp-content\/uploads\/2023\/01\/notibras23.png\",\"contentUrl\":\"https:\/\/www.notibras.com\/site\/wp-content\/uploads\/2023\/01\/notibras23.png\",\"width\":350,\"height\":87,\"caption\":\"Grupo Notibras de Comunica\u00e7\u00e3o\"},\"image\":{\"@id\":\"https:\/\/www.notibras.com\/site\/#\/schema\/logo\/image\/\"},\"sameAs\":[\"https:\/\/www.facebook.com\/notibras\/\",\"https:\/\/x.com\/Notibras\",\"https:\/\/www.instagram.com\/notibras\/\"]},{\"@type\":\"Person\",\"@id\":\"https:\/\/www.notibras.com\/site\/#\/schema\/person\/5b7fabf2aedc3ada2105f03b22b4d3dd\",\"name\":\"Eduardo Mart\u00ednez\",\"image\":{\"@type\":\"ImageObject\",\"inLanguage\":\"pt-BR\",\"@id\":\"https:\/\/secure.gravatar.com\/avatar\/7902f906289926289cbcda644b5197c796b893c6ffd7b9a536a42d290f7704a0?s=96&d=mm&r=g\",\"url\":\"https:\/\/secure.gravatar.com\/avatar\/7902f906289926289cbcda644b5197c796b893c6ffd7b9a536a42d290f7704a0?s=96&d=mm&r=g\",\"contentUrl\":\"https:\/\/secure.gravatar.com\/avatar\/7902f906289926289cbcda644b5197c796b893c6ffd7b9a536a42d290f7704a0?s=96&d=mm&r=g\",\"caption\":\"Eduardo Mart\u00ednez\"}}]}<\/script>\n<!-- \/ Yoast SEO plugin. -->","yoast_head_json":{"title":"Ex-diretor da Papuda vira r\u00e9u ap\u00f3s MP rever arquivamento - Notibras","robots":{"index":"index","follow":"follow","max-snippet":"max-snippet:-1","max-image-preview":"max-image-preview:large","max-video-preview":"max-video-preview:-1"},"canonical":"https:\/\/www.notibras.com\/site\/ex-diretor-da-papuda-vira-reu-apos-mp-rever-arquivamento\/","og_locale":"pt_BR","og_type":"article","og_title":"Ex-diretor da Papuda vira r\u00e9u ap\u00f3s MP rever arquivamento - Notibras","og_description":"O Tribunal de Justi\u00e7a do Distrito Federal aceitou den\u00fancia contra o ex-diretor da Penitenci\u00e1ria do Distrito Federal I (Papuda), Mayk Steve Richter Nobre, que agora figura como r\u00e9u em processo por ass\u00e9dio sexual e constrangimento ilegal. A decis\u00e3o ocorre ap\u00f3s uma reviravolta no Minist\u00e9rio P\u00fablico do Distrito Federal (MPDFT), que chegou a pedir o arquivamento [&hellip;]","og_url":"https:\/\/www.notibras.com\/site\/ex-diretor-da-papuda-vira-reu-apos-mp-rever-arquivamento\/","og_site_name":"Notibras","article_publisher":"https:\/\/www.facebook.com\/notibras\/","article_published_time":"2026-05-01T04:15:45+00:00","og_image":[{"width":578,"height":516,"url":"https:\/\/www.notibras.com\/site\/wp-content\/uploads\/2026\/04\/WhatsApp-Image-2026-04-29-at-13.36.47.jpeg","type":"image\/jpeg"}],"author":"Eduardo Mart\u00ednez","twitter_card":"summary_large_image","twitter_creator":"@Notibras","twitter_site":"@Notibras","twitter_misc":{"Escrito por":"Eduardo Mart\u00ednez","Est. tempo de leitura":"4 minutos"},"schema":{"@context":"https:\/\/schema.org","@graph":[{"@type":"Article","@id":"https:\/\/www.notibras.com\/site\/ex-diretor-da-papuda-vira-reu-apos-mp-rever-arquivamento\/#article","isPartOf":{"@id":"https:\/\/www.notibras.com\/site\/ex-diretor-da-papuda-vira-reu-apos-mp-rever-arquivamento\/"},"author":{"name":"Eduardo Mart\u00ednez","@id":"https:\/\/www.notibras.com\/site\/#\/schema\/person\/5b7fabf2aedc3ada2105f03b22b4d3dd"},"headline":"Ex-diretor da Papuda vira r\u00e9u ap\u00f3s MP rever arquivamento","datePublished":"2026-05-01T04:15:45+00:00","mainEntityOfPage":{"@id":"https:\/\/www.notibras.com\/site\/ex-diretor-da-papuda-vira-reu-apos-mp-rever-arquivamento\/"},"wordCount":563,"publisher":{"@id":"https:\/\/www.notibras.com\/site\/#organization"},"image":{"@id":"https:\/\/www.notibras.com\/site\/ex-diretor-da-papuda-vira-reu-apos-mp-rever-arquivamento\/#primaryimage"},"thumbnailUrl":"https:\/\/www.notibras.com\/site\/wp-content\/uploads\/2026\/04\/WhatsApp-Image-2026-04-29-at-13.36.47.jpeg","articleSection":["Quadradinho em Foco"],"inLanguage":"pt-BR"},{"@type":"WebPage","@id":"https:\/\/www.notibras.com\/site\/ex-diretor-da-papuda-vira-reu-apos-mp-rever-arquivamento\/","url":"https:\/\/www.notibras.com\/site\/ex-diretor-da-papuda-vira-reu-apos-mp-rever-arquivamento\/","name":"Ex-diretor da Papuda vira r\u00e9u ap\u00f3s MP rever arquivamento - Notibras","isPartOf":{"@id":"https:\/\/www.notibras.com\/site\/#website"},"primaryImageOfPage":{"@id":"https:\/\/www.notibras.com\/site\/ex-diretor-da-papuda-vira-reu-apos-mp-rever-arquivamento\/#primaryimage"},"image":{"@id":"https:\/\/www.notibras.com\/site\/ex-diretor-da-papuda-vira-reu-apos-mp-rever-arquivamento\/#primaryimage"},"thumbnailUrl":"https:\/\/www.notibras.com\/site\/wp-content\/uploads\/2026\/04\/WhatsApp-Image-2026-04-29-at-13.36.47.jpeg","datePublished":"2026-05-01T04:15:45+00:00","breadcrumb":{"@id":"https:\/\/www.notibras.com\/site\/ex-diretor-da-papuda-vira-reu-apos-mp-rever-arquivamento\/#breadcrumb"},"inLanguage":"pt-BR","potentialAction":[{"@type":"ReadAction","target":["https:\/\/www.notibras.com\/site\/ex-diretor-da-papuda-vira-reu-apos-mp-rever-arquivamento\/"]}]},{"@type":"ImageObject","inLanguage":"pt-BR","@id":"https:\/\/www.notibras.com\/site\/ex-diretor-da-papuda-vira-reu-apos-mp-rever-arquivamento\/#primaryimage","url":"https:\/\/www.notibras.com\/site\/wp-content\/uploads\/2026\/04\/WhatsApp-Image-2026-04-29-at-13.36.47.jpeg","contentUrl":"https:\/\/www.notibras.com\/site\/wp-content\/uploads\/2026\/04\/WhatsApp-Image-2026-04-29-at-13.36.47.jpeg","width":578,"height":516},{"@type":"BreadcrumbList","@id":"https:\/\/www.notibras.com\/site\/ex-diretor-da-papuda-vira-reu-apos-mp-rever-arquivamento\/#breadcrumb","itemListElement":[{"@type":"ListItem","position":1,"name":"In\u00edcio","item":"https:\/\/www.notibras.com\/site\/"},{"@type":"ListItem","position":2,"name":"Ex-diretor da Papuda vira r\u00e9u ap\u00f3s MP rever arquivamento"}]},{"@type":"WebSite","@id":"https:\/\/www.notibras.com\/site\/#website","url":"https:\/\/www.notibras.com\/site\/","name":"Notibras","description":"Not\u00edcias de Bras\u00edlia, do Brasil e do Mundo","publisher":{"@id":"https:\/\/www.notibras.com\/site\/#organization"},"potentialAction":[{"@type":"SearchAction","target":{"@type":"EntryPoint","urlTemplate":"https:\/\/www.notibras.com\/site\/?s={search_term_string}"},"query-input":{"@type":"PropertyValueSpecification","valueRequired":true,"valueName":"search_term_string"}}],"inLanguage":"pt-BR"},{"@type":"Organization","@id":"https:\/\/www.notibras.com\/site\/#organization","name":"Grupo Notibras de Comunica\u00e7\u00e3o","url":"https:\/\/www.notibras.com\/site\/","logo":{"@type":"ImageObject","inLanguage":"pt-BR","@id":"https:\/\/www.notibras.com\/site\/#\/schema\/logo\/image\/","url":"https:\/\/www.notibras.com\/site\/wp-content\/uploads\/2023\/01\/notibras23.png","contentUrl":"https:\/\/www.notibras.com\/site\/wp-content\/uploads\/2023\/01\/notibras23.png","width":350,"height":87,"caption":"Grupo Notibras de Comunica\u00e7\u00e3o"},"image":{"@id":"https:\/\/www.notibras.com\/site\/#\/schema\/logo\/image\/"},"sameAs":["https:\/\/www.facebook.com\/notibras\/","https:\/\/x.com\/Notibras","https:\/\/www.instagram.com\/notibras\/"]},{"@type":"Person","@id":"https:\/\/www.notibras.com\/site\/#\/schema\/person\/5b7fabf2aedc3ada2105f03b22b4d3dd","name":"Eduardo Mart\u00ednez","image":{"@type":"ImageObject","inLanguage":"pt-BR","@id":"https:\/\/secure.gravatar.com\/avatar\/7902f906289926289cbcda644b5197c796b893c6ffd7b9a536a42d290f7704a0?s=96&d=mm&r=g","url":"https:\/\/secure.gravatar.com\/avatar\/7902f906289926289cbcda644b5197c796b893c6ffd7b9a536a42d290f7704a0?s=96&d=mm&r=g","contentUrl":"https:\/\/secure.gravatar.com\/avatar\/7902f906289926289cbcda644b5197c796b893c6ffd7b9a536a42d290f7704a0?s=96&d=mm&r=g","caption":"Eduardo Mart\u00ednez"}}]}},"amp_enabled":true,"_links":{"self":[{"href":"https:\/\/www.notibras.com\/site\/wp-json\/wp\/v2\/posts\/393141","targetHints":{"allow":["GET"]}}],"collection":[{"href":"https:\/\/www.notibras.com\/site\/wp-json\/wp\/v2\/posts"}],"about":[{"href":"https:\/\/www.notibras.com\/site\/wp-json\/wp\/v2\/types\/post"}],"author":[{"embeddable":true,"href":"https:\/\/www.notibras.com\/site\/wp-json\/wp\/v2\/users\/21"}],"replies":[{"embeddable":true,"href":"https:\/\/www.notibras.com\/site\/wp-json\/wp\/v2\/comments?post=393141"}],"version-history":[{"count":2,"href":"https:\/\/www.notibras.com\/site\/wp-json\/wp\/v2\/posts\/393141\/revisions"}],"predecessor-version":[{"id":393144,"href":"https:\/\/www.notibras.com\/site\/wp-json\/wp\/v2\/posts\/393141\/revisions\/393144"}],"wp:featuredmedia":[{"embeddable":true,"href":"https:\/\/www.notibras.com\/site\/wp-json\/wp\/v2\/media\/392974"}],"wp:attachment":[{"href":"https:\/\/www.notibras.com\/site\/wp-json\/wp\/v2\/media?parent=393141"}],"wp:term":[{"taxonomy":"category","embeddable":true,"href":"https:\/\/www.notibras.com\/site\/wp-json\/wp\/v2\/categories?post=393141"},{"taxonomy":"post_tag","embeddable":true,"href":"https:\/\/www.notibras.com\/site\/wp-json\/wp\/v2\/tags?post=393141"}],"curies":[{"name":"wp","href":"https:\/\/api.w.org\/{rel}","templated":true}]}}