{"id":393145,"date":"2026-05-01T01:00:30","date_gmt":"2026-05-01T04:00:30","guid":{"rendered":"https:\/\/www.notibras.com\/site\/?p=393145"},"modified":"2026-04-30T19:50:53","modified_gmt":"2026-04-30T22:50:53","slug":"rodrigo-castanheira-completaria-17-anos-sob-clamor-por-justica","status":"publish","type":"post","link":"https:\/\/www.notibras.com\/site\/rodrigo-castanheira-completaria-17-anos-sob-clamor-por-justica\/","title":{"rendered":"Rodrigo Castanheira completaria 17 anos sob clamor por justi\u00e7a"},"content":{"rendered":"<p>O sil\u00eancio provocado pela aus\u00eancia de Rodrigo Castanheira tornou-se ainda mais ruidoso nesta quinta-feira, 30 de abril de 2026. Se a trajet\u00f3ria do adolescente n\u00e3o tivesse sido interrompida de forma violenta no in\u00edcio deste ano, ele estaria celebrando hoje o seu 17\u00ba anivers\u00e1rio ao lado de amigos e familiares no Distrito Federal.<\/p>\n<p>A data, que deveria ser de festa, foi marcada por homenagens carregadas de dor nas redes sociais. Rejane Fleury, m\u00e3e de Rodrigo, expressou o sentimento de vazio que consome a fam\u00edlia desde janeiro, afirmando que seu cora\u00e7\u00e3o est\u00e1 em peda\u00e7os e que a alma j\u00e1 n\u00e3o comporta tamanha dor pela falta do filho.<\/p>\n<p style=\"text-align: center;\"><img loading=\"lazy\" decoding=\"async\" class=\"alignnone wp-image-393147\" src=\"https:\/\/www.notibras.com\/site\/wp-content\/uploads\/2026\/04\/WhatsApp-Image-2026-04-30-at-19.47.51-300x245.jpeg\" alt=\"\" width=\"546\" height=\"446\" srcset=\"https:\/\/www.notibras.com\/site\/wp-content\/uploads\/2026\/04\/WhatsApp-Image-2026-04-30-at-19.47.51-300x245.jpeg 300w, https:\/\/www.notibras.com\/site\/wp-content\/uploads\/2026\/04\/WhatsApp-Image-2026-04-30-at-19.47.51-768x628.jpeg 768w, https:\/\/www.notibras.com\/site\/wp-content\/uploads\/2026\/04\/WhatsApp-Image-2026-04-30-at-19.47.51.jpeg 1024w\" sizes=\"auto, (max-width: 546px) 100vw, 546px\" \/><\/p>\n<p>Isabella, irm\u00e3 do jovem, tamb\u00e9m utilizou as plataformas digitais para lembrar o irm\u00e3o, a quem descreveu como sua &#8220;maior realiza\u00e7\u00e3o&#8221; e motiva\u00e7\u00e3o di\u00e1ria. Em seu desabafo, ela ressaltou que Rodrigo foi v\u00edtima de uma emboscada brutal motivada por ci\u00fames de um colega de classe, impedindo-o de chegar \u00e0 marca dos 17 anos.<\/p>\n<p>Enquanto a fam\u00edlia vive o luto, o processo judicial contra o agressor avan\u00e7a na capital federal. A Justi\u00e7a do Distrito Federal j\u00e1 agendou para o dia 25 de maio a primeira audi\u00eancia de instru\u00e7\u00e3o e julgamento do caso, momento em que provas ser\u00e3o analisadas e testemunhas ser\u00e3o ouvidas formalmente.<\/p>\n<p>O r\u00e9u no processo \u00e9 o ex-piloto Pedro Arthur Turra Basso, de 19 anos, que est\u00e1 detido no Complexo Penitenci\u00e1rio da Papuda desde o dia 2 de fevereiro. Ele foi denunciado pelo Minist\u00e9rio P\u00fablico por homic\u00eddio doloso qualificado por motivo f\u00fatil, ap\u00f3s as agress\u00f5es resultarem na morte do adolescente.<\/p>\n<p>O crime ocorreu na madrugada de 23 de janeiro, em Vicente Pires. De acordo com a den\u00fancia do Minist\u00e9rio P\u00fablico, o ex-piloto teria ido a uma festa de anivers\u00e1rio com a inten\u00e7\u00e3o deliberada de iniciar um confronto, motivado por uma rixa anterior com Rodrigo ou para tirar satisfa\u00e7\u00f5es em nome de um amigo.<\/p>\n<p>O estopim imediato para a viol\u00eancia f\u00edsica teria sido uma discuss\u00e3o em via p\u00fablica, durante a qual o acusado cuspiu no rosto de Rodrigo. Ap\u00f3s o gesto de desrespeito, Pedro Turra desceu de um autom\u00f3vel e desferiu m\u00faltiplos socos contra o rosto e a cabe\u00e7a do adolescente, que n\u00e3o teve chances de defesa.<\/p>\n<p>Rodrigo Castanheira foi socorrido e deu entrada no hospital com um quadro grav\u00edssimo de traumatismo cranioencef\u00e1lico. Ele permaneceu 16 dias em coma induzido, lutando pela vida em uma unidade de terapia intensiva, mas n\u00e3o resistiu \u00e0 gravidade das les\u00f5es e faleceu no dia 7 de fevereiro.<\/p>\n<p>Logo ap\u00f3s o epis\u00f3dio de viol\u00eancia, o agressor chegou a prestar depoimento alegando que n\u00e3o tinha a inten\u00e7\u00e3o de causar ferimentos graves na v\u00edtima. Ele foi inicialmente solto ap\u00f3s pagar uma fian\u00e7a superior a 24 mil reais, mas retornou \u00e0 pris\u00e3o poucos dias depois por suspeita de interfer\u00eancia nas investiga\u00e7\u00f5es.<\/p>\n<p>Durante mandados de busca e apreens\u00e3o realizados na resid\u00eancia do acusado, a Pol\u00edcia Civil localizou itens perigosos, incluindo facas e um soco ingl\u00eas. Esses elementos, somados ao comportamento pr\u00e9vio \u00e0 agress\u00e3o detalhado nas mensagens enviadas \u00e0 namorada, refor\u00e7aram a tese de premedita\u00e7\u00e3o da briga por parte do MP.<\/p>\n<p>Atualmente, Pedro Turra cumpre pris\u00e3o preventiva em uma cela individual na Papuda, medida adotada ap\u00f3s relatos de amea\u00e7as vindas de outros detentos e at\u00e9 de policiais. Diversos pedidos de habeas corpus apresentados pela defesa do ex-piloto foram negados pela Justi\u00e7a ao longo dos \u00faltimos meses.<\/p>\n<p>Com a confirma\u00e7\u00e3o do \u00f3bito do adolescente, o Minist\u00e9rio P\u00fablico reclassificou a investiga\u00e7\u00e3o, que antes tratava de les\u00e3o corporal grav\u00edssima, para o crime de homic\u00eddio com inten\u00e7\u00e3o de matar. A acusa\u00e7\u00e3o sustenta que o r\u00e9u agiu com dolo, assumindo o risco do resultado fatal ao desferir golpes em \u00e1reas vitais.<\/p>\n<p>Al\u00e9m da puni\u00e7\u00e3o criminal, o \u00f3rg\u00e3o ministerial pleiteia que o acusado seja condenado a pagar uma indeniza\u00e7\u00e3o de 400 mil reais \u00e0 fam\u00edlia de Rodrigo por danos morais. O valor busca reparar, dentro do poss\u00edvel, os danos psicol\u00f3gicos causados pela perda prematura e violenta do jovem.<\/p>\n<p>A audi\u00eancia marcada para o final de maio \u00e9 aguardada com expectativa pela comunidade local, que se mobilizou em torno do caso desde as primeiras not\u00edcias da agress\u00e3o. O rito processual \u00e9 visto como um passo fundamental para que a justi\u00e7a seja aplicada e para que a mem\u00f3ria de Rodrigo seja respeitada.<\/p>\n<p>A trag\u00e9dia que vitimou o adolescente serve como um alerta amargo sobre a letalidade da viol\u00eancia banal em ambientes de conv\u00edvio jovem. O motivo f\u00fatil apontado pelo MP \u2014 o cuspe ap\u00f3s uma discuss\u00e3o de rua \u2014 encerrou o futuro de um rapaz que tinha toda uma vida acad\u00eamica e pessoal pela frente.<\/p>\n<p>Neste 30 de abril, as velas que deveriam estar em um bolo de anivers\u00e1rio foram substitu\u00eddas por preces e pedidos de paz. O rosto de Rodrigo Castanheira estampa agora cartazes e perfis digitais, simbolizando a luta de uma fam\u00edlia que se recusa a deixar que o crime caia no esquecimento.<\/p>\n<p>A saudade manifestada pela m\u00e3e e pela irm\u00e3 de Rodrigo reflete a dor de centenas de brasilienses que acompanharam a agonia do jovem no hospital. Para eles, a justi\u00e7a n\u00e3o trar\u00e1 Rodrigo de volta, mas \u00e9 o \u00fanico caminho para atenuar o sentimento de impunidade que muitas vezes acompanha crimes dessa natureza.<\/p>\n<p>O anivers\u00e1rio de 17 anos de Rodrigo ficar\u00e1 marcado n\u00e3o pelos presentes recebidos, mas pela for\u00e7a de seu legado e pela uni\u00e3o de seus entes queridos em busca de resposta. Vicente Pires, o local do ocorrido, guarda hoje a lembran\u00e7a de um dia fat\u00eddico que mudou para sempre a trajet\u00f3ria de duas fam\u00edlias e chocou todo o Distrito Federal.<\/p>\n","protected":false},"excerpt":{"rendered":"<p>O sil\u00eancio provocado pela aus\u00eancia de Rodrigo Castanheira tornou-se ainda mais ruidoso nesta quinta-feira, 30 de abril de 2026. Se a trajet\u00f3ria do adolescente n\u00e3o tivesse sido interrompida de forma violenta no in\u00edcio deste ano, ele estaria celebrando hoje o seu 17\u00ba anivers\u00e1rio ao lado de amigos e familiares no Distrito Federal. A data, que [&hellip;]<\/p>\n","protected":false},"author":21,"featured_media":393146,"comment_status":"closed","ping_status":"closed","sticky":false,"template":"","format":"standard","meta":{"_acf_changed":false,"footnotes":""},"categories":[161],"tags":[],"class_list":["post-393145","post","type-post","status-publish","format-standard","has-post-thumbnail","hentry","category-quadradinho-em-foco"],"acf":[],"yoast_head":"<!-- This site is optimized with the Yoast SEO plugin v27.2 - https:\/\/yoast.com\/product\/yoast-seo-wordpress\/ -->\n<title>Rodrigo Castanheira completaria 17 anos sob clamor por justi\u00e7a - Notibras<\/title>\n<meta name=\"robots\" content=\"index, follow, max-snippet:-1, max-image-preview:large, max-video-preview:-1\" \/>\n<link rel=\"canonical\" href=\"https:\/\/www.notibras.com\/site\/rodrigo-castanheira-completaria-17-anos-sob-clamor-por-justica\/\" \/>\n<meta property=\"og:locale\" content=\"pt_BR\" \/>\n<meta property=\"og:type\" content=\"article\" \/>\n<meta property=\"og:title\" content=\"Rodrigo Castanheira completaria 17 anos sob clamor por justi\u00e7a - Notibras\" \/>\n<meta property=\"og:description\" content=\"O sil\u00eancio provocado pela aus\u00eancia de Rodrigo Castanheira tornou-se ainda mais ruidoso nesta quinta-feira, 30 de abril de 2026. Se a trajet\u00f3ria do adolescente n\u00e3o tivesse sido interrompida de forma violenta no in\u00edcio deste ano, ele estaria celebrando hoje o seu 17\u00ba anivers\u00e1rio ao lado de amigos e familiares no Distrito Federal. A data, que [&hellip;]\" \/>\n<meta property=\"og:url\" content=\"https:\/\/www.notibras.com\/site\/rodrigo-castanheira-completaria-17-anos-sob-clamor-por-justica\/\" \/>\n<meta property=\"og:site_name\" content=\"Notibras\" \/>\n<meta property=\"article:publisher\" content=\"https:\/\/www.facebook.com\/notibras\/\" \/>\n<meta property=\"article:published_time\" content=\"2026-05-01T04:00:30+00:00\" \/>\n<meta property=\"og:image\" content=\"https:\/\/www.notibras.com\/site\/wp-content\/uploads\/2026\/04\/WhatsApp-Image-2026-04-30-at-19.42.55.jpeg\" \/>\n\t<meta property=\"og:image:width\" content=\"450\" \/>\n\t<meta property=\"og:image:height\" content=\"575\" \/>\n\t<meta property=\"og:image:type\" content=\"image\/jpeg\" \/>\n<meta name=\"author\" content=\"Eduardo Mart\u00ednez\" \/>\n<meta name=\"twitter:card\" content=\"summary_large_image\" \/>\n<meta name=\"twitter:creator\" content=\"@Notibras\" \/>\n<meta name=\"twitter:site\" content=\"@Notibras\" \/>\n<meta name=\"twitter:label1\" content=\"Escrito por\" \/>\n\t<meta name=\"twitter:data1\" content=\"Eduardo Mart\u00ednez\" \/>\n\t<meta name=\"twitter:label2\" content=\"Est. tempo de leitura\" \/>\n\t<meta name=\"twitter:data2\" content=\"6 minutos\" \/>\n<script type=\"application\/ld+json\" class=\"yoast-schema-graph\">{\"@context\":\"https:\/\/schema.org\",\"@graph\":[{\"@type\":\"Article\",\"@id\":\"https:\/\/www.notibras.com\/site\/rodrigo-castanheira-completaria-17-anos-sob-clamor-por-justica\/#article\",\"isPartOf\":{\"@id\":\"https:\/\/www.notibras.com\/site\/rodrigo-castanheira-completaria-17-anos-sob-clamor-por-justica\/\"},\"author\":{\"name\":\"Eduardo Mart\u00ednez\",\"@id\":\"https:\/\/www.notibras.com\/site\/#\/schema\/person\/5b7fabf2aedc3ada2105f03b22b4d3dd\"},\"headline\":\"Rodrigo Castanheira completaria 17 anos sob clamor por justi\u00e7a\",\"datePublished\":\"2026-05-01T04:00:30+00:00\",\"mainEntityOfPage\":{\"@id\":\"https:\/\/www.notibras.com\/site\/rodrigo-castanheira-completaria-17-anos-sob-clamor-por-justica\/\"},\"wordCount\":1013,\"publisher\":{\"@id\":\"https:\/\/www.notibras.com\/site\/#organization\"},\"image\":{\"@id\":\"https:\/\/www.notibras.com\/site\/rodrigo-castanheira-completaria-17-anos-sob-clamor-por-justica\/#primaryimage\"},\"thumbnailUrl\":\"https:\/\/www.notibras.com\/site\/wp-content\/uploads\/2026\/04\/WhatsApp-Image-2026-04-30-at-19.42.55.jpeg\",\"articleSection\":[\"Quadradinho em Foco\"],\"inLanguage\":\"pt-BR\"},{\"@type\":\"WebPage\",\"@id\":\"https:\/\/www.notibras.com\/site\/rodrigo-castanheira-completaria-17-anos-sob-clamor-por-justica\/\",\"url\":\"https:\/\/www.notibras.com\/site\/rodrigo-castanheira-completaria-17-anos-sob-clamor-por-justica\/\",\"name\":\"Rodrigo Castanheira completaria 17 anos sob clamor por justi\u00e7a - Notibras\",\"isPartOf\":{\"@id\":\"https:\/\/www.notibras.com\/site\/#website\"},\"primaryImageOfPage\":{\"@id\":\"https:\/\/www.notibras.com\/site\/rodrigo-castanheira-completaria-17-anos-sob-clamor-por-justica\/#primaryimage\"},\"image\":{\"@id\":\"https:\/\/www.notibras.com\/site\/rodrigo-castanheira-completaria-17-anos-sob-clamor-por-justica\/#primaryimage\"},\"thumbnailUrl\":\"https:\/\/www.notibras.com\/site\/wp-content\/uploads\/2026\/04\/WhatsApp-Image-2026-04-30-at-19.42.55.jpeg\",\"datePublished\":\"2026-05-01T04:00:30+00:00\",\"breadcrumb\":{\"@id\":\"https:\/\/www.notibras.com\/site\/rodrigo-castanheira-completaria-17-anos-sob-clamor-por-justica\/#breadcrumb\"},\"inLanguage\":\"pt-BR\",\"potentialAction\":[{\"@type\":\"ReadAction\",\"target\":[\"https:\/\/www.notibras.com\/site\/rodrigo-castanheira-completaria-17-anos-sob-clamor-por-justica\/\"]}]},{\"@type\":\"ImageObject\",\"inLanguage\":\"pt-BR\",\"@id\":\"https:\/\/www.notibras.com\/site\/rodrigo-castanheira-completaria-17-anos-sob-clamor-por-justica\/#primaryimage\",\"url\":\"https:\/\/www.notibras.com\/site\/wp-content\/uploads\/2026\/04\/WhatsApp-Image-2026-04-30-at-19.42.55.jpeg\",\"contentUrl\":\"https:\/\/www.notibras.com\/site\/wp-content\/uploads\/2026\/04\/WhatsApp-Image-2026-04-30-at-19.42.55.jpeg\",\"width\":450,\"height\":575},{\"@type\":\"BreadcrumbList\",\"@id\":\"https:\/\/www.notibras.com\/site\/rodrigo-castanheira-completaria-17-anos-sob-clamor-por-justica\/#breadcrumb\",\"itemListElement\":[{\"@type\":\"ListItem\",\"position\":1,\"name\":\"In\u00edcio\",\"item\":\"https:\/\/www.notibras.com\/site\/\"},{\"@type\":\"ListItem\",\"position\":2,\"name\":\"Rodrigo Castanheira completaria 17 anos sob clamor por justi\u00e7a\"}]},{\"@type\":\"WebSite\",\"@id\":\"https:\/\/www.notibras.com\/site\/#website\",\"url\":\"https:\/\/www.notibras.com\/site\/\",\"name\":\"Notibras\",\"description\":\"Not\u00edcias de Bras\u00edlia, do Brasil e do Mundo\",\"publisher\":{\"@id\":\"https:\/\/www.notibras.com\/site\/#organization\"},\"potentialAction\":[{\"@type\":\"SearchAction\",\"target\":{\"@type\":\"EntryPoint\",\"urlTemplate\":\"https:\/\/www.notibras.com\/site\/?s={search_term_string}\"},\"query-input\":{\"@type\":\"PropertyValueSpecification\",\"valueRequired\":true,\"valueName\":\"search_term_string\"}}],\"inLanguage\":\"pt-BR\"},{\"@type\":\"Organization\",\"@id\":\"https:\/\/www.notibras.com\/site\/#organization\",\"name\":\"Grupo Notibras de Comunica\u00e7\u00e3o\",\"url\":\"https:\/\/www.notibras.com\/site\/\",\"logo\":{\"@type\":\"ImageObject\",\"inLanguage\":\"pt-BR\",\"@id\":\"https:\/\/www.notibras.com\/site\/#\/schema\/logo\/image\/\",\"url\":\"https:\/\/www.notibras.com\/site\/wp-content\/uploads\/2023\/01\/notibras23.png\",\"contentUrl\":\"https:\/\/www.notibras.com\/site\/wp-content\/uploads\/2023\/01\/notibras23.png\",\"width\":350,\"height\":87,\"caption\":\"Grupo Notibras de Comunica\u00e7\u00e3o\"},\"image\":{\"@id\":\"https:\/\/www.notibras.com\/site\/#\/schema\/logo\/image\/\"},\"sameAs\":[\"https:\/\/www.facebook.com\/notibras\/\",\"https:\/\/x.com\/Notibras\",\"https:\/\/www.instagram.com\/notibras\/\"]},{\"@type\":\"Person\",\"@id\":\"https:\/\/www.notibras.com\/site\/#\/schema\/person\/5b7fabf2aedc3ada2105f03b22b4d3dd\",\"name\":\"Eduardo Mart\u00ednez\",\"image\":{\"@type\":\"ImageObject\",\"inLanguage\":\"pt-BR\",\"@id\":\"https:\/\/secure.gravatar.com\/avatar\/7902f906289926289cbcda644b5197c796b893c6ffd7b9a536a42d290f7704a0?s=96&d=mm&r=g\",\"url\":\"https:\/\/secure.gravatar.com\/avatar\/7902f906289926289cbcda644b5197c796b893c6ffd7b9a536a42d290f7704a0?s=96&d=mm&r=g\",\"contentUrl\":\"https:\/\/secure.gravatar.com\/avatar\/7902f906289926289cbcda644b5197c796b893c6ffd7b9a536a42d290f7704a0?s=96&d=mm&r=g\",\"caption\":\"Eduardo Mart\u00ednez\"}}]}<\/script>\n<!-- \/ Yoast SEO plugin. -->","yoast_head_json":{"title":"Rodrigo Castanheira completaria 17 anos sob clamor por justi\u00e7a - Notibras","robots":{"index":"index","follow":"follow","max-snippet":"max-snippet:-1","max-image-preview":"max-image-preview:large","max-video-preview":"max-video-preview:-1"},"canonical":"https:\/\/www.notibras.com\/site\/rodrigo-castanheira-completaria-17-anos-sob-clamor-por-justica\/","og_locale":"pt_BR","og_type":"article","og_title":"Rodrigo Castanheira completaria 17 anos sob clamor por justi\u00e7a - Notibras","og_description":"O sil\u00eancio provocado pela aus\u00eancia de Rodrigo Castanheira tornou-se ainda mais ruidoso nesta quinta-feira, 30 de abril de 2026. Se a trajet\u00f3ria do adolescente n\u00e3o tivesse sido interrompida de forma violenta no in\u00edcio deste ano, ele estaria celebrando hoje o seu 17\u00ba anivers\u00e1rio ao lado de amigos e familiares no Distrito Federal. A data, que [&hellip;]","og_url":"https:\/\/www.notibras.com\/site\/rodrigo-castanheira-completaria-17-anos-sob-clamor-por-justica\/","og_site_name":"Notibras","article_publisher":"https:\/\/www.facebook.com\/notibras\/","article_published_time":"2026-05-01T04:00:30+00:00","og_image":[{"width":450,"height":575,"url":"https:\/\/www.notibras.com\/site\/wp-content\/uploads\/2026\/04\/WhatsApp-Image-2026-04-30-at-19.42.55.jpeg","type":"image\/jpeg"}],"author":"Eduardo Mart\u00ednez","twitter_card":"summary_large_image","twitter_creator":"@Notibras","twitter_site":"@Notibras","twitter_misc":{"Escrito por":"Eduardo Mart\u00ednez","Est. tempo de leitura":"6 minutos"},"schema":{"@context":"https:\/\/schema.org","@graph":[{"@type":"Article","@id":"https:\/\/www.notibras.com\/site\/rodrigo-castanheira-completaria-17-anos-sob-clamor-por-justica\/#article","isPartOf":{"@id":"https:\/\/www.notibras.com\/site\/rodrigo-castanheira-completaria-17-anos-sob-clamor-por-justica\/"},"author":{"name":"Eduardo Mart\u00ednez","@id":"https:\/\/www.notibras.com\/site\/#\/schema\/person\/5b7fabf2aedc3ada2105f03b22b4d3dd"},"headline":"Rodrigo Castanheira completaria 17 anos sob clamor por justi\u00e7a","datePublished":"2026-05-01T04:00:30+00:00","mainEntityOfPage":{"@id":"https:\/\/www.notibras.com\/site\/rodrigo-castanheira-completaria-17-anos-sob-clamor-por-justica\/"},"wordCount":1013,"publisher":{"@id":"https:\/\/www.notibras.com\/site\/#organization"},"image":{"@id":"https:\/\/www.notibras.com\/site\/rodrigo-castanheira-completaria-17-anos-sob-clamor-por-justica\/#primaryimage"},"thumbnailUrl":"https:\/\/www.notibras.com\/site\/wp-content\/uploads\/2026\/04\/WhatsApp-Image-2026-04-30-at-19.42.55.jpeg","articleSection":["Quadradinho em Foco"],"inLanguage":"pt-BR"},{"@type":"WebPage","@id":"https:\/\/www.notibras.com\/site\/rodrigo-castanheira-completaria-17-anos-sob-clamor-por-justica\/","url":"https:\/\/www.notibras.com\/site\/rodrigo-castanheira-completaria-17-anos-sob-clamor-por-justica\/","name":"Rodrigo Castanheira completaria 17 anos sob clamor por justi\u00e7a - Notibras","isPartOf":{"@id":"https:\/\/www.notibras.com\/site\/#website"},"primaryImageOfPage":{"@id":"https:\/\/www.notibras.com\/site\/rodrigo-castanheira-completaria-17-anos-sob-clamor-por-justica\/#primaryimage"},"image":{"@id":"https:\/\/www.notibras.com\/site\/rodrigo-castanheira-completaria-17-anos-sob-clamor-por-justica\/#primaryimage"},"thumbnailUrl":"https:\/\/www.notibras.com\/site\/wp-content\/uploads\/2026\/04\/WhatsApp-Image-2026-04-30-at-19.42.55.jpeg","datePublished":"2026-05-01T04:00:30+00:00","breadcrumb":{"@id":"https:\/\/www.notibras.com\/site\/rodrigo-castanheira-completaria-17-anos-sob-clamor-por-justica\/#breadcrumb"},"inLanguage":"pt-BR","potentialAction":[{"@type":"ReadAction","target":["https:\/\/www.notibras.com\/site\/rodrigo-castanheira-completaria-17-anos-sob-clamor-por-justica\/"]}]},{"@type":"ImageObject","inLanguage":"pt-BR","@id":"https:\/\/www.notibras.com\/site\/rodrigo-castanheira-completaria-17-anos-sob-clamor-por-justica\/#primaryimage","url":"https:\/\/www.notibras.com\/site\/wp-content\/uploads\/2026\/04\/WhatsApp-Image-2026-04-30-at-19.42.55.jpeg","contentUrl":"https:\/\/www.notibras.com\/site\/wp-content\/uploads\/2026\/04\/WhatsApp-Image-2026-04-30-at-19.42.55.jpeg","width":450,"height":575},{"@type":"BreadcrumbList","@id":"https:\/\/www.notibras.com\/site\/rodrigo-castanheira-completaria-17-anos-sob-clamor-por-justica\/#breadcrumb","itemListElement":[{"@type":"ListItem","position":1,"name":"In\u00edcio","item":"https:\/\/www.notibras.com\/site\/"},{"@type":"ListItem","position":2,"name":"Rodrigo Castanheira completaria 17 anos sob clamor por justi\u00e7a"}]},{"@type":"WebSite","@id":"https:\/\/www.notibras.com\/site\/#website","url":"https:\/\/www.notibras.com\/site\/","name":"Notibras","description":"Not\u00edcias de Bras\u00edlia, do Brasil e do Mundo","publisher":{"@id":"https:\/\/www.notibras.com\/site\/#organization"},"potentialAction":[{"@type":"SearchAction","target":{"@type":"EntryPoint","urlTemplate":"https:\/\/www.notibras.com\/site\/?s={search_term_string}"},"query-input":{"@type":"PropertyValueSpecification","valueRequired":true,"valueName":"search_term_string"}}],"inLanguage":"pt-BR"},{"@type":"Organization","@id":"https:\/\/www.notibras.com\/site\/#organization","name":"Grupo Notibras de Comunica\u00e7\u00e3o","url":"https:\/\/www.notibras.com\/site\/","logo":{"@type":"ImageObject","inLanguage":"pt-BR","@id":"https:\/\/www.notibras.com\/site\/#\/schema\/logo\/image\/","url":"https:\/\/www.notibras.com\/site\/wp-content\/uploads\/2023\/01\/notibras23.png","contentUrl":"https:\/\/www.notibras.com\/site\/wp-content\/uploads\/2023\/01\/notibras23.png","width":350,"height":87,"caption":"Grupo Notibras de Comunica\u00e7\u00e3o"},"image":{"@id":"https:\/\/www.notibras.com\/site\/#\/schema\/logo\/image\/"},"sameAs":["https:\/\/www.facebook.com\/notibras\/","https:\/\/x.com\/Notibras","https:\/\/www.instagram.com\/notibras\/"]},{"@type":"Person","@id":"https:\/\/www.notibras.com\/site\/#\/schema\/person\/5b7fabf2aedc3ada2105f03b22b4d3dd","name":"Eduardo Mart\u00ednez","image":{"@type":"ImageObject","inLanguage":"pt-BR","@id":"https:\/\/secure.gravatar.com\/avatar\/7902f906289926289cbcda644b5197c796b893c6ffd7b9a536a42d290f7704a0?s=96&d=mm&r=g","url":"https:\/\/secure.gravatar.com\/avatar\/7902f906289926289cbcda644b5197c796b893c6ffd7b9a536a42d290f7704a0?s=96&d=mm&r=g","contentUrl":"https:\/\/secure.gravatar.com\/avatar\/7902f906289926289cbcda644b5197c796b893c6ffd7b9a536a42d290f7704a0?s=96&d=mm&r=g","caption":"Eduardo Mart\u00ednez"}}]}},"amp_enabled":true,"_links":{"self":[{"href":"https:\/\/www.notibras.com\/site\/wp-json\/wp\/v2\/posts\/393145","targetHints":{"allow":["GET"]}}],"collection":[{"href":"https:\/\/www.notibras.com\/site\/wp-json\/wp\/v2\/posts"}],"about":[{"href":"https:\/\/www.notibras.com\/site\/wp-json\/wp\/v2\/types\/post"}],"author":[{"embeddable":true,"href":"https:\/\/www.notibras.com\/site\/wp-json\/wp\/v2\/users\/21"}],"replies":[{"embeddable":true,"href":"https:\/\/www.notibras.com\/site\/wp-json\/wp\/v2\/comments?post=393145"}],"version-history":[{"count":2,"href":"https:\/\/www.notibras.com\/site\/wp-json\/wp\/v2\/posts\/393145\/revisions"}],"predecessor-version":[{"id":393149,"href":"https:\/\/www.notibras.com\/site\/wp-json\/wp\/v2\/posts\/393145\/revisions\/393149"}],"wp:featuredmedia":[{"embeddable":true,"href":"https:\/\/www.notibras.com\/site\/wp-json\/wp\/v2\/media\/393146"}],"wp:attachment":[{"href":"https:\/\/www.notibras.com\/site\/wp-json\/wp\/v2\/media?parent=393145"}],"wp:term":[{"taxonomy":"category","embeddable":true,"href":"https:\/\/www.notibras.com\/site\/wp-json\/wp\/v2\/categories?post=393145"},{"taxonomy":"post_tag","embeddable":true,"href":"https:\/\/www.notibras.com\/site\/wp-json\/wp\/v2\/tags?post=393145"}],"curies":[{"name":"wp","href":"https:\/\/api.w.org\/{rel}","templated":true}]}}